{"id":74910,"date":"2024-07-12T11:32:08","date_gmt":"2024-07-12T16:32:08","guid":{"rendered":"https:\/\/luchonoticias.com\/?p=74910"},"modified":"2024-07-12T11:32:08","modified_gmt":"2024-07-12T16:32:08","slug":"garzon-y-pitalito-decretaran-dia-civico-por-seleccion-colombia","status":"publish","type":"post","link":"https:\/\/luchonoticias.com\/editor\/garzon-y-pitalito-decretaran-dia-civico-por-seleccion-colombia\/","title":{"rendered":"Garz\u00f3n y Pitalito decretar\u00e1n D\u00eda C\u00edvico por Selecci\u00f3n Colombia"},"content":{"rendered":"<p>La Selecci\u00f3n Colombia jugar\u00e1 este domingo la final de la Copa Am\u00e9rica ante Argentina y ya son varios los municipios y departamentos que alistan decreto de D\u00eda C\u00edvico este lunes en el eventual caso de que se gane el trofeo.<\/p>\n<p>En el caso del Huila, de momento la Gobernaci\u00f3n no ha adoptado esta medida pero si algunos municipios ya lo han dejado en firme de ganar el t\u00edtulo, tal es el caso de Garz\u00f3n y Pitalito que mediante decreto declarar\u00e1n D\u00eda C\u00edvico si Colombia se corona campe\u00f3n.<\/p>\n<p>Por los lados de Pitalito, la medida contempla ampliaci\u00f3n de horario hasta las 3:00 am para la zona rosa de la ciudad y 1:00 am para los otros establecimientos autorizados.<\/p>\n","protected":false},"excerpt":{"rendered":"<p>Mediante decretos los municipios de Garz\u00f3n y Pitalito han anunciado que habr\u00e1 D\u00eda C\u00edvico en caso de un titulo de Colombia en Copa Am\u00e9rica. <\/p>\n","protected":false},"author":2,"featured_media":74720,"comment_status":"closed","ping_status":"open","sticky":false,"template":"","format":"standard","meta":{"footnotes":""},"categories":[34],"tags":[],"class_list":["post-74910","post","type-post","status-publish","format-standard","has-post-thumbnail","hentry","category-deportes"],"yoast_head":"<!-- This site is optimized with the Yoast SEO plugin v26.6 - https:\/\/yoast.com\/wordpress\/plugins\/seo\/ -->\n<title>Garz\u00f3n y Pitalito decretar\u00e1n D\u00eda C\u00edvico por Selecci\u00f3n Colombia -<\/title>\n<meta name=\"description\" content=\"Mediante decretos los municipios de Garz\u00f3n y Pitalito han anunciado que habr\u00e1 D\u00eda C\u00edvico en caso de un titulo de Colombia en Copa Am\u00e9rica.\" \/>\n<meta name=\"robots\" content=\"index, follow, max-snippet:-1, max-image-preview:large, max-video-preview:-1\" \/>\n<link rel=\"canonical\" href=\"https:\/\/luchonoticias.com\/editor\/garzon-y-pitalito-decretaran-dia-civico-por-seleccion-colombia\/\" \/>\n<meta property=\"og:locale\" content=\"es_ES\" \/>\n<meta property=\"og:type\" content=\"article\" \/>\n<meta property=\"og:title\" content=\"Garz\u00f3n y Pitalito decretar\u00e1n D\u00eda C\u00edvico por Selecci\u00f3n Colombia -\" \/>\n<meta property=\"og:description\" content=\"Mediante decretos los municipios de Garz\u00f3n y Pitalito han anunciado que habr\u00e1 D\u00eda C\u00edvico en caso de un titulo de Colombia en Copa Am\u00e9rica.\" \/>\n<meta property=\"og:url\" content=\"https:\/\/luchonoticias.com\/editor\/garzon-y-pitalito-decretaran-dia-civico-por-seleccion-colombia\/\" \/>\n<meta property=\"article:publisher\" content=\"https:\/\/www.facebook.com\/luchonoticiasneiva\" \/>\n<meta property=\"article:published_time\" content=\"2024-07-12T16:32:08+00:00\" \/>\n<meta property=\"og:image\" content=\"https:\/\/luchonoticias.com\/editor\/wp-content\/uploads\/2024\/07\/colombia-clasificacion.jpg\" \/>\n\t<meta property=\"og:image:width\" content=\"700\" \/>\n\t<meta property=\"og:image:height\" content=\"400\" \/>\n\t<meta property=\"og:image:type\" content=\"image\/jpeg\" \/>\n<meta name=\"author\" content=\"Editor General\" \/>\n<meta name=\"twitter:card\" content=\"summary_large_image\" \/>\n<meta name=\"twitter:label1\" content=\"Escrito por\" \/>\n\t<meta name=\"twitter:data1\" content=\"Editor General\" \/>\n\t<meta name=\"twitter:label2\" content=\"Tiempo de lectura\" \/>\n\t<meta name=\"twitter:data2\" content=\"1 minuto\" \/>\n<script type=\"application\/ld+json\" class=\"yoast-schema-graph\">{\"@context\":\"https:\/\/schema.org\",\"@graph\":[{\"@type\":\"Article\",\"@id\":\"https:\/\/luchonoticias.com\/editor\/garzon-y-pitalito-decretaran-dia-civico-por-seleccion-colombia\/#article\",\"isPartOf\":{\"@id\":\"https:\/\/luchonoticias.com\/editor\/garzon-y-pitalito-decretaran-dia-civico-por-seleccion-colombia\/\"},\"author\":{\"name\":\"Editor General\",\"@id\":\"https:\/\/luchonoticias.com\/editor\/#\/schema\/person\/29217990ddf6f14e35912b2866d591fb\"},\"headline\":\"Garz\u00f3n y Pitalito decretar\u00e1n D\u00eda C\u00edvico por Selecci\u00f3n Colombia\",\"datePublished\":\"2024-07-12T16:32:08+00:00\",\"mainEntityOfPage\":{\"@id\":\"https:\/\/luchonoticias.com\/editor\/garzon-y-pitalito-decretaran-dia-civico-por-seleccion-colombia\/\"},\"wordCount\":141,\"publisher\":{\"@id\":\"https:\/\/luchonoticias.com\/editor\/#\/schema\/person\/7a7fd911f58561fd056dbac7b55af9cd\"},\"image\":{\"@id\":\"https:\/\/luchonoticias.com\/editor\/garzon-y-pitalito-decretaran-dia-civico-por-seleccion-colombia\/#primaryimage\"},\"thumbnailUrl\":\"https:\/\/luchonoticias.com\/editor\/wp-content\/uploads\/2024\/07\/colombia-clasificacion.jpg\",\"articleSection\":[\"Deportes\"],\"inLanguage\":\"es\"},{\"@type\":\"WebPage\",\"@id\":\"https:\/\/luchonoticias.com\/editor\/garzon-y-pitalito-decretaran-dia-civico-por-seleccion-colombia\/\",\"url\":\"https:\/\/luchonoticias.com\/editor\/garzon-y-pitalito-decretaran-dia-civico-por-seleccion-colombia\/\",\"name\":\"Garz\u00f3n y Pitalito decretar\u00e1n D\u00eda C\u00edvico por Selecci\u00f3n Colombia -\",\"isPartOf\":{\"@id\":\"https:\/\/luchonoticias.com\/editor\/#website\"},\"primaryImageOfPage\":{\"@id\":\"https:\/\/luchonoticias.com\/editor\/garzon-y-pitalito-decretaran-dia-civico-por-seleccion-colombia\/#primaryimage\"},\"image\":{\"@id\":\"https:\/\/luchonoticias.com\/editor\/garzon-y-pitalito-decretaran-dia-civico-por-seleccion-colombia\/#primaryimage\"},\"thumbnailUrl\":\"https:\/\/luchonoticias.com\/editor\/wp-content\/uploads\/2024\/07\/colombia-clasificacion.jpg\",\"datePublished\":\"2024-07-12T16:32:08+00:00\",\"description\":\"Mediante decretos los municipios de Garz\u00f3n y Pitalito han anunciado que habr\u00e1 D\u00eda C\u00edvico en caso de un titulo de Colombia en Copa Am\u00e9rica.\",\"breadcrumb\":{\"@id\":\"https:\/\/luchonoticias.com\/editor\/garzon-y-pitalito-decretaran-dia-civico-por-seleccion-colombia\/#breadcrumb\"},\"inLanguage\":\"es\",\"potentialAction\":[{\"@type\":\"ReadAction\",\"target\":[\"https:\/\/luchonoticias.com\/editor\/garzon-y-pitalito-decretaran-dia-civico-por-seleccion-colombia\/\"]}]},{\"@type\":\"ImageObject\",\"inLanguage\":\"es\",\"@id\":\"https:\/\/luchonoticias.com\/editor\/garzon-y-pitalito-decretaran-dia-civico-por-seleccion-colombia\/#primaryimage\",\"url\":\"https:\/\/luchonoticias.com\/editor\/wp-content\/uploads\/2024\/07\/colombia-clasificacion.jpg\",\"contentUrl\":\"https:\/\/luchonoticias.com\/editor\/wp-content\/uploads\/2024\/07\/colombia-clasificacion.jpg\",\"width\":700,\"height\":400},{\"@type\":\"BreadcrumbList\",\"@id\":\"https:\/\/luchonoticias.com\/editor\/garzon-y-pitalito-decretaran-dia-civico-por-seleccion-colombia\/#breadcrumb\",\"itemListElement\":[{\"@type\":\"ListItem\",\"position\":1,\"name\":\"Portada\",\"item\":\"https:\/\/luchonoticias.com\/editor\/\"},{\"@type\":\"ListItem\",\"position\":2,\"name\":\"Garz\u00f3n y Pitalito decretar\u00e1n D\u00eda C\u00edvico por Selecci\u00f3n Colombia\"}]},{\"@type\":\"WebSite\",\"@id\":\"https:\/\/luchonoticias.com\/editor\/#website\",\"url\":\"https:\/\/luchonoticias.com\/editor\/\",\"name\":\"\",\"description\":\"\",\"publisher\":{\"@id\":\"https:\/\/luchonoticias.com\/editor\/#\/schema\/person\/7a7fd911f58561fd056dbac7b55af9cd\"},\"potentialAction\":[{\"@type\":\"SearchAction\",\"target\":{\"@type\":\"EntryPoint\",\"urlTemplate\":\"https:\/\/luchonoticias.com\/editor\/?s={search_term_string}\"},\"query-input\":{\"@type\":\"PropertyValueSpecification\",\"valueRequired\":true,\"valueName\":\"search_term_string\"}}],\"inLanguage\":\"es\"},{\"@type\":[\"Person\",\"Organization\"],\"@id\":\"https:\/\/luchonoticias.com\/editor\/#\/schema\/person\/7a7fd911f58561fd056dbac7b55af9cd\",\"name\":\"admin\",\"image\":{\"@type\":\"ImageObject\",\"inLanguage\":\"es\",\"@id\":\"https:\/\/luchonoticias.com\/editor\/#\/schema\/person\/image\/\",\"url\":\"https:\/\/luchonoticias.com\/editor\/wp-content\/uploads\/2024\/02\/cropped-cropped-logolu.webp\",\"contentUrl\":\"https:\/\/luchonoticias.com\/editor\/wp-content\/uploads\/2024\/02\/cropped-cropped-logolu.webp\",\"width\":382,\"height\":170,\"caption\":\"admin\"},\"logo\":{\"@id\":\"https:\/\/luchonoticias.com\/editor\/#\/schema\/person\/image\/\"},\"sameAs\":[\"https:\/\/www.facebook.com\/luchonoticiasneiva\"]},{\"@type\":\"Person\",\"@id\":\"https:\/\/luchonoticias.com\/editor\/#\/schema\/person\/29217990ddf6f14e35912b2866d591fb\",\"name\":\"Editor General\",\"image\":{\"@type\":\"ImageObject\",\"inLanguage\":\"es\",\"@id\":\"https:\/\/luchonoticias.com\/editor\/#\/schema\/person\/image\/\",\"url\":\"https:\/\/luchonoticias.com\/editor\/wp-content\/uploads\/2024\/02\/cropped-cropped-logolu-150x150.webp\",\"contentUrl\":\"https:\/\/luchonoticias.com\/editor\/wp-content\/uploads\/2024\/02\/cropped-cropped-logolu-150x150.webp\",\"caption\":\"Editor General\"},\"sameAs\":[\"https:\/\/luchonoticias.com\/\"],\"url\":\"https:\/\/luchonoticias.com\/editor\/author\/editor-general\/\"}]}<\/script>\n<!-- \/ Yoast SEO plugin. -->","yoast_head_json":{"title":"Garz\u00f3n y Pitalito decretar\u00e1n D\u00eda C\u00edvico por Selecci\u00f3n Colombia -","description":"Mediante decretos los municipios de Garz\u00f3n y Pitalito han anunciado que habr\u00e1 D\u00eda C\u00edvico en caso de un titulo de Colombia en Copa Am\u00e9rica.","robots":{"index":"index","follow":"follow","max-snippet":"max-snippet:-1","max-image-preview":"max-image-preview:large","max-video-preview":"max-video-preview:-1"},"canonical":"https:\/\/luchonoticias.com\/editor\/garzon-y-pitalito-decretaran-dia-civico-por-seleccion-colombia\/","og_locale":"es_ES","og_type":"article","og_title":"Garz\u00f3n y Pitalito decretar\u00e1n D\u00eda C\u00edvico por Selecci\u00f3n Colombia -","og_description":"Mediante decretos los municipios de Garz\u00f3n y Pitalito han anunciado que habr\u00e1 D\u00eda C\u00edvico en caso de un titulo de Colombia en Copa Am\u00e9rica.","og_url":"https:\/\/luchonoticias.com\/editor\/garzon-y-pitalito-decretaran-dia-civico-por-seleccion-colombia\/","article_publisher":"https:\/\/www.facebook.com\/luchonoticiasneiva","article_published_time":"2024-07-12T16:32:08+00:00","og_image":[{"width":700,"height":400,"url":"https:\/\/luchonoticias.com\/editor\/wp-content\/uploads\/2024\/07\/colombia-clasificacion.jpg","type":"image\/jpeg"}],"author":"Editor General","twitter_card":"summary_large_image","twitter_misc":{"Escrito por":"Editor General","Tiempo de lectura":"1 minuto"},"schema":{"@context":"https:\/\/schema.org","@graph":[{"@type":"Article","@id":"https:\/\/luchonoticias.com\/editor\/garzon-y-pitalito-decretaran-dia-civico-por-seleccion-colombia\/#article","isPartOf":{"@id":"https:\/\/luchonoticias.com\/editor\/garzon-y-pitalito-decretaran-dia-civico-por-seleccion-colombia\/"},"author":{"name":"Editor General","@id":"https:\/\/luchonoticias.com\/editor\/#\/schema\/person\/29217990ddf6f14e35912b2866d591fb"},"headline":"Garz\u00f3n y Pitalito decretar\u00e1n D\u00eda C\u00edvico por Selecci\u00f3n Colombia","datePublished":"2024-07-12T16:32:08+00:00","mainEntityOfPage":{"@id":"https:\/\/luchonoticias.com\/editor\/garzon-y-pitalito-decretaran-dia-civico-por-seleccion-colombia\/"},"wordCount":141,"publisher":{"@id":"https:\/\/luchonoticias.com\/editor\/#\/schema\/person\/7a7fd911f58561fd056dbac7b55af9cd"},"image":{"@id":"https:\/\/luchonoticias.com\/editor\/garzon-y-pitalito-decretaran-dia-civico-por-seleccion-colombia\/#primaryimage"},"thumbnailUrl":"https:\/\/luchonoticias.com\/editor\/wp-content\/uploads\/2024\/07\/colombia-clasificacion.jpg","articleSection":["Deportes"],"inLanguage":"es"},{"@type":"WebPage","@id":"https:\/\/luchonoticias.com\/editor\/garzon-y-pitalito-decretaran-dia-civico-por-seleccion-colombia\/","url":"https:\/\/luchonoticias.com\/editor\/garzon-y-pitalito-decretaran-dia-civico-por-seleccion-colombia\/","name":"Garz\u00f3n y Pitalito decretar\u00e1n D\u00eda C\u00edvico por Selecci\u00f3n Colombia -","isPartOf":{"@id":"https:\/\/luchonoticias.com\/editor\/#website"},"primaryImageOfPage":{"@id":"https:\/\/luchonoticias.com\/editor\/garzon-y-pitalito-decretaran-dia-civico-por-seleccion-colombia\/#primaryimage"},"image":{"@id":"https:\/\/luchonoticias.com\/editor\/garzon-y-pitalito-decretaran-dia-civico-por-seleccion-colombia\/#primaryimage"},"thumbnailUrl":"https:\/\/luchonoticias.com\/editor\/wp-content\/uploads\/2024\/07\/colombia-clasificacion.jpg","datePublished":"2024-07-12T16:32:08+00:00","description":"Mediante decretos los municipios de Garz\u00f3n y Pitalito han anunciado que habr\u00e1 D\u00eda C\u00edvico en caso de un titulo de Colombia en Copa Am\u00e9rica.","breadcrumb":{"@id":"https:\/\/luchonoticias.com\/editor\/garzon-y-pitalito-decretaran-dia-civico-por-seleccion-colombia\/#breadcrumb"},"inLanguage":"es","potentialAction":[{"@type":"ReadAction","target":["https:\/\/luchonoticias.com\/editor\/garzon-y-pitalito-decretaran-dia-civico-por-seleccion-colombia\/"]}]},{"@type":"ImageObject","inLanguage":"es","@id":"https:\/\/luchonoticias.com\/editor\/garzon-y-pitalito-decretaran-dia-civico-por-seleccion-colombia\/#primaryimage","url":"https:\/\/luchonoticias.com\/editor\/wp-content\/uploads\/2024\/07\/colombia-clasificacion.jpg","contentUrl":"https:\/\/luchonoticias.com\/editor\/wp-content\/uploads\/2024\/07\/colombia-clasificacion.jpg","width":700,"height":400},{"@type":"BreadcrumbList","@id":"https:\/\/luchonoticias.com\/editor\/garzon-y-pitalito-decretaran-dia-civico-por-seleccion-colombia\/#breadcrumb","itemListElement":[{"@type":"ListItem","position":1,"name":"Portada","item":"https:\/\/luchonoticias.com\/editor\/"},{"@type":"ListItem","position":2,"name":"Garz\u00f3n y Pitalito decretar\u00e1n D\u00eda C\u00edvico por Selecci\u00f3n Colombia"}]},{"@type":"WebSite","@id":"https:\/\/luchonoticias.com\/editor\/#website","url":"https:\/\/luchonoticias.com\/editor\/","name":"","description":"","publisher":{"@id":"https:\/\/luchonoticias.com\/editor\/#\/schema\/person\/7a7fd911f58561fd056dbac7b55af9cd"},"potentialAction":[{"@type":"SearchAction","target":{"@type":"EntryPoint","urlTemplate":"https:\/\/luchonoticias.com\/editor\/?s={search_term_string}"},"query-input":{"@type":"PropertyValueSpecification","valueRequired":true,"valueName":"search_term_string"}}],"inLanguage":"es"},{"@type":["Person","Organization"],"@id":"https:\/\/luchonoticias.com\/editor\/#\/schema\/person\/7a7fd911f58561fd056dbac7b55af9cd","name":"admin","image":{"@type":"ImageObject","inLanguage":"es","@id":"https:\/\/luchonoticias.com\/editor\/#\/schema\/person\/image\/","url":"https:\/\/luchonoticias.com\/editor\/wp-content\/uploads\/2024\/02\/cropped-cropped-logolu.webp","contentUrl":"https:\/\/luchonoticias.com\/editor\/wp-content\/uploads\/2024\/02\/cropped-cropped-logolu.webp","width":382,"height":170,"caption":"admin"},"logo":{"@id":"https:\/\/luchonoticias.com\/editor\/#\/schema\/person\/image\/"},"sameAs":["https:\/\/www.facebook.com\/luchonoticiasneiva"]},{"@type":"Person","@id":"https:\/\/luchonoticias.com\/editor\/#\/schema\/person\/29217990ddf6f14e35912b2866d591fb","name":"Editor General","image":{"@type":"ImageObject","inLanguage":"es","@id":"https:\/\/luchonoticias.com\/editor\/#\/schema\/person\/image\/","url":"https:\/\/luchonoticias.com\/editor\/wp-content\/uploads\/2024\/02\/cropped-cropped-logolu-150x150.webp","contentUrl":"https:\/\/luchonoticias.com\/editor\/wp-content\/uploads\/2024\/02\/cropped-cropped-logolu-150x150.webp","caption":"Editor General"},"sameAs":["https:\/\/luchonoticias.com\/"],"url":"https:\/\/luchonoticias.com\/editor\/author\/editor-general\/"}]}},"_links":{"self":[{"href":"https:\/\/luchonoticias.com\/editor\/wp-json\/wp\/v2\/posts\/74910","targetHints":{"allow":["GET"]}}],"collection":[{"href":"https:\/\/luchonoticias.com\/editor\/wp-json\/wp\/v2\/posts"}],"about":[{"href":"https:\/\/luchonoticias.com\/editor\/wp-json\/wp\/v2\/types\/post"}],"author":[{"embeddable":true,"href":"https:\/\/luchonoticias.com\/editor\/wp-json\/wp\/v2\/users\/2"}],"replies":[{"embeddable":true,"href":"https:\/\/luchonoticias.com\/editor\/wp-json\/wp\/v2\/comments?post=74910"}],"version-history":[{"count":2,"href":"https:\/\/luchonoticias.com\/editor\/wp-json\/wp\/v2\/posts\/74910\/revisions"}],"predecessor-version":[{"id":74912,"href":"https:\/\/luchonoticias.com\/editor\/wp-json\/wp\/v2\/posts\/74910\/revisions\/74912"}],"wp:featuredmedia":[{"embeddable":true,"href":"https:\/\/luchonoticias.com\/editor\/wp-json\/wp\/v2\/media\/74720"}],"wp:attachment":[{"href":"https:\/\/luchonoticias.com\/editor\/wp-json\/wp\/v2\/media?parent=74910"}],"wp:term":[{"taxonomy":"category","embeddable":true,"href":"https:\/\/luchonoticias.com\/editor\/wp-json\/wp\/v2\/categories?post=74910"},{"taxonomy":"post_tag","embeddable":true,"href":"https:\/\/luchonoticias.com\/editor\/wp-json\/wp\/v2\/tags?post=74910"}],"curies":[{"name":"wp","href":"https:\/\/api.w.org\/{rel}","templated":true}]}}