{"id":74913,"date":"2024-07-12T11:57:16","date_gmt":"2024-07-12T16:57:16","guid":{"rendered":"https:\/\/luchonoticias.com\/?p=74913"},"modified":"2024-07-12T11:57:16","modified_gmt":"2024-07-12T16:57:16","slug":"huilenses-a-prevenirse-contra-la-fiebre-amarilla","status":"publish","type":"post","link":"https:\/\/luchonoticias.com\/editor\/huilenses-a-prevenirse-contra-la-fiebre-amarilla\/","title":{"rendered":"Huilenses a prevenirse contra la fiebre amarilla"},"content":{"rendered":"<p>La Secretar\u00eda de Salud Departamental declar\u00f3 como medida preventiva la alerta roja por Fiebre Amarilla, teniendo en cuenta los municipios que se encuentran en riesgo por ubicaci\u00f3n geogr\u00e1fica colindante con zonas selv\u00e1ticas, los municipios priorizados son Campoalegre, Rivera, Suaza, Acevedo, Guadalupe, Garz\u00f3n, Algeciras, y la zona rural y rural dispersa oriente de Neiva. Esta medida se intensifica como acci\u00f3n de respuesta por confirmaci\u00f3n de un caso de Fiebre Amarilla en el departamento del Huila.<\/p>\n<p>La Fiebre Amarilla es una enfermedad viral transmitida por mosquitos infectados y puede resultar grave. Los s\u00edntomas iniciales incluyen fiebre, dolores de cabeza, ictericia (coloraci\u00f3n amarilla de la piel), y hemorragias, con un potencial riesgo de evolucionar hacia complicaciones severas.<\/p>\n<p>La declaraci\u00f3n de la alerta roja se enmarca en el Reglamento Sanitario Internacional como una medida preventiva para proteger la salud p\u00fablica y garantizar una respuesta r\u00e1pida y efectiva ante la presencia de enfermedades transmisibles.<\/p>\n<p>La medida de prevenci\u00f3n m\u00e1s efectiva contra la Fiebre Amarilla es la vacunaci\u00f3n, biol\u00f3gico que hace parte del Plan Ampliado de Inmunizaci\u00f3n y que ya se encuentra disponible en las IPS vacunadoras de los municipios, y es dirigida a poblaci\u00f3n de 1 a 59 a\u00f1os de edad. Es de gran importancia que todos los residentes en los municipios priorizados busquen vacunarse.<\/p>\n<p>Adem\u00e1s, se insta a la poblaci\u00f3n a estar alerta ante los s\u00edntomas de la enfermedad y a buscar atenci\u00f3n m\u00e9dica si experimentan fiebre alta, dolores musculares intensos, dolor de cabeza persistente, v\u00f3mitos, sangrado por la nariz, enc\u00edas o est\u00f3mago, y coloraci\u00f3n amarillenta de la piel.<\/p>\n<p><strong>Eliminaci\u00f3n de criaderos de zancudos<\/strong><\/p>\n<p>Para controlar la propagaci\u00f3n de enfermedades como el Dengue y la Fiebre Amarilla, se han intensificado las medidas de erradicaci\u00f3n de zancudos, que son los vectores responsables de la transmisi\u00f3n. Estas acciones incluyen el lavado de tanques y albercas, limpieza o eliminaci\u00f3n de dep\u00f3sitos de agua en floreros, llantas, envases, tapas o cualquier elemento que sea propicio para la incubaci\u00f3n de larvas de zancudos.<\/p>\n","protected":false},"excerpt":{"rendered":"<p>La vacuna es altamente efectiva y brinda inmunidad duradera, ayuda a prevenir brotes de la enfermedad y reduce la posibilidad de transmisi\u00f3n comunitaria. Esta medida se intensifica como acci\u00f3n de respuesta ante declaratoria de alerta roja por confirmaci\u00f3n de un caso de Fiebre Amarilla en el departamento del Huila.<\/p>\n","protected":false},"author":2,"featured_media":74914,"comment_status":"closed","ping_status":"open","sticky":false,"template":"","format":"standard","meta":{"footnotes":""},"categories":[33],"tags":[],"class_list":["post-74913","post","type-post","status-publish","format-standard","has-post-thumbnail","hentry","category-huila"],"yoast_head":"<!-- This site is optimized with the Yoast SEO plugin v26.6 - https:\/\/yoast.com\/wordpress\/plugins\/seo\/ -->\n<title>Huilenses a prevenirse contra la fiebre amarilla -<\/title>\n<meta name=\"description\" content=\"La vacuna es altamente efectiva y brinda inmunidad duradera, ayuda a prevenir brotes de la enfermedad y reduce la posibilidad de transmisi\u00f3n comunitaria. Esta medida se intensifica como acci\u00f3n de respuesta ante declaratoria de alerta roja por confirmaci\u00f3n de un caso de Fiebre Amarilla en el departamento del Huila.\" \/>\n<meta name=\"robots\" content=\"index, follow, max-snippet:-1, max-image-preview:large, max-video-preview:-1\" \/>\n<link rel=\"canonical\" href=\"https:\/\/luchonoticias.com\/editor\/huilenses-a-prevenirse-contra-la-fiebre-amarilla\/\" \/>\n<meta property=\"og:locale\" content=\"es_ES\" \/>\n<meta property=\"og:type\" content=\"article\" \/>\n<meta property=\"og:title\" content=\"Huilenses a prevenirse contra la fiebre amarilla -\" \/>\n<meta property=\"og:description\" content=\"La vacuna es altamente efectiva y brinda inmunidad duradera, ayuda a prevenir brotes de la enfermedad y reduce la posibilidad de transmisi\u00f3n comunitaria. Esta medida se intensifica como acci\u00f3n de respuesta ante declaratoria de alerta roja por confirmaci\u00f3n de un caso de Fiebre Amarilla en el departamento del Huila.\" \/>\n<meta property=\"og:url\" content=\"https:\/\/luchonoticias.com\/editor\/huilenses-a-prevenirse-contra-la-fiebre-amarilla\/\" \/>\n<meta property=\"article:publisher\" content=\"https:\/\/www.facebook.com\/luchonoticiasneiva\" \/>\n<meta property=\"article:published_time\" content=\"2024-07-12T16:57:16+00:00\" \/>\n<meta property=\"og:image\" content=\"https:\/\/luchonoticias.com\/editor\/wp-content\/uploads\/2024\/07\/vacunacion-3.jpg\" \/>\n\t<meta property=\"og:image:width\" content=\"700\" \/>\n\t<meta property=\"og:image:height\" content=\"400\" \/>\n\t<meta property=\"og:image:type\" content=\"image\/jpeg\" \/>\n<meta name=\"author\" content=\"Editor General\" \/>\n<meta name=\"twitter:card\" content=\"summary_large_image\" \/>\n<meta name=\"twitter:label1\" content=\"Escrito por\" \/>\n\t<meta name=\"twitter:data1\" content=\"Editor General\" \/>\n\t<meta name=\"twitter:label2\" content=\"Tiempo de lectura\" \/>\n\t<meta name=\"twitter:data2\" content=\"2 minutos\" \/>\n<script type=\"application\/ld+json\" class=\"yoast-schema-graph\">{\"@context\":\"https:\/\/schema.org\",\"@graph\":[{\"@type\":\"Article\",\"@id\":\"https:\/\/luchonoticias.com\/editor\/huilenses-a-prevenirse-contra-la-fiebre-amarilla\/#article\",\"isPartOf\":{\"@id\":\"https:\/\/luchonoticias.com\/editor\/huilenses-a-prevenirse-contra-la-fiebre-amarilla\/\"},\"author\":{\"name\":\"Editor General\",\"@id\":\"https:\/\/luchonoticias.com\/editor\/#\/schema\/person\/29217990ddf6f14e35912b2866d591fb\"},\"headline\":\"Huilenses a prevenirse contra la fiebre amarilla\",\"datePublished\":\"2024-07-12T16:57:16+00:00\",\"mainEntityOfPage\":{\"@id\":\"https:\/\/luchonoticias.com\/editor\/huilenses-a-prevenirse-contra-la-fiebre-amarilla\/\"},\"wordCount\":364,\"publisher\":{\"@id\":\"https:\/\/luchonoticias.com\/editor\/#\/schema\/person\/7a7fd911f58561fd056dbac7b55af9cd\"},\"image\":{\"@id\":\"https:\/\/luchonoticias.com\/editor\/huilenses-a-prevenirse-contra-la-fiebre-amarilla\/#primaryimage\"},\"thumbnailUrl\":\"https:\/\/luchonoticias.com\/editor\/wp-content\/uploads\/2024\/07\/vacunacion-3.jpg\",\"articleSection\":[\"Huila\"],\"inLanguage\":\"es\"},{\"@type\":\"WebPage\",\"@id\":\"https:\/\/luchonoticias.com\/editor\/huilenses-a-prevenirse-contra-la-fiebre-amarilla\/\",\"url\":\"https:\/\/luchonoticias.com\/editor\/huilenses-a-prevenirse-contra-la-fiebre-amarilla\/\",\"name\":\"Huilenses a prevenirse contra la fiebre amarilla -\",\"isPartOf\":{\"@id\":\"https:\/\/luchonoticias.com\/editor\/#website\"},\"primaryImageOfPage\":{\"@id\":\"https:\/\/luchonoticias.com\/editor\/huilenses-a-prevenirse-contra-la-fiebre-amarilla\/#primaryimage\"},\"image\":{\"@id\":\"https:\/\/luchonoticias.com\/editor\/huilenses-a-prevenirse-contra-la-fiebre-amarilla\/#primaryimage\"},\"thumbnailUrl\":\"https:\/\/luchonoticias.com\/editor\/wp-content\/uploads\/2024\/07\/vacunacion-3.jpg\",\"datePublished\":\"2024-07-12T16:57:16+00:00\",\"description\":\"La vacuna es altamente efectiva y brinda inmunidad duradera, ayuda a prevenir brotes de la enfermedad y reduce la posibilidad de transmisi\u00f3n comunitaria. Esta medida se intensifica como acci\u00f3n de respuesta ante declaratoria de alerta roja por confirmaci\u00f3n de un caso de Fiebre Amarilla en el departamento del Huila.\",\"breadcrumb\":{\"@id\":\"https:\/\/luchonoticias.com\/editor\/huilenses-a-prevenirse-contra-la-fiebre-amarilla\/#breadcrumb\"},\"inLanguage\":\"es\",\"potentialAction\":[{\"@type\":\"ReadAction\",\"target\":[\"https:\/\/luchonoticias.com\/editor\/huilenses-a-prevenirse-contra-la-fiebre-amarilla\/\"]}]},{\"@type\":\"ImageObject\",\"inLanguage\":\"es\",\"@id\":\"https:\/\/luchonoticias.com\/editor\/huilenses-a-prevenirse-contra-la-fiebre-amarilla\/#primaryimage\",\"url\":\"https:\/\/luchonoticias.com\/editor\/wp-content\/uploads\/2024\/07\/vacunacion-3.jpg\",\"contentUrl\":\"https:\/\/luchonoticias.com\/editor\/wp-content\/uploads\/2024\/07\/vacunacion-3.jpg\",\"width\":700,\"height\":400},{\"@type\":\"BreadcrumbList\",\"@id\":\"https:\/\/luchonoticias.com\/editor\/huilenses-a-prevenirse-contra-la-fiebre-amarilla\/#breadcrumb\",\"itemListElement\":[{\"@type\":\"ListItem\",\"position\":1,\"name\":\"Portada\",\"item\":\"https:\/\/luchonoticias.com\/editor\/\"},{\"@type\":\"ListItem\",\"position\":2,\"name\":\"Huilenses a prevenirse contra la fiebre amarilla\"}]},{\"@type\":\"WebSite\",\"@id\":\"https:\/\/luchonoticias.com\/editor\/#website\",\"url\":\"https:\/\/luchonoticias.com\/editor\/\",\"name\":\"\",\"description\":\"\",\"publisher\":{\"@id\":\"https:\/\/luchonoticias.com\/editor\/#\/schema\/person\/7a7fd911f58561fd056dbac7b55af9cd\"},\"potentialAction\":[{\"@type\":\"SearchAction\",\"target\":{\"@type\":\"EntryPoint\",\"urlTemplate\":\"https:\/\/luchonoticias.com\/editor\/?s={search_term_string}\"},\"query-input\":{\"@type\":\"PropertyValueSpecification\",\"valueRequired\":true,\"valueName\":\"search_term_string\"}}],\"inLanguage\":\"es\"},{\"@type\":[\"Person\",\"Organization\"],\"@id\":\"https:\/\/luchonoticias.com\/editor\/#\/schema\/person\/7a7fd911f58561fd056dbac7b55af9cd\",\"name\":\"admin\",\"image\":{\"@type\":\"ImageObject\",\"inLanguage\":\"es\",\"@id\":\"https:\/\/luchonoticias.com\/editor\/#\/schema\/person\/image\/\",\"url\":\"https:\/\/luchonoticias.com\/editor\/wp-content\/uploads\/2024\/02\/cropped-cropped-logolu.webp\",\"contentUrl\":\"https:\/\/luchonoticias.com\/editor\/wp-content\/uploads\/2024\/02\/cropped-cropped-logolu.webp\",\"width\":382,\"height\":170,\"caption\":\"admin\"},\"logo\":{\"@id\":\"https:\/\/luchonoticias.com\/editor\/#\/schema\/person\/image\/\"},\"sameAs\":[\"https:\/\/www.facebook.com\/luchonoticiasneiva\"]},{\"@type\":\"Person\",\"@id\":\"https:\/\/luchonoticias.com\/editor\/#\/schema\/person\/29217990ddf6f14e35912b2866d591fb\",\"name\":\"Editor General\",\"image\":{\"@type\":\"ImageObject\",\"inLanguage\":\"es\",\"@id\":\"https:\/\/luchonoticias.com\/editor\/#\/schema\/person\/image\/\",\"url\":\"https:\/\/luchonoticias.com\/editor\/wp-content\/uploads\/2024\/02\/cropped-cropped-logolu-150x150.webp\",\"contentUrl\":\"https:\/\/luchonoticias.com\/editor\/wp-content\/uploads\/2024\/02\/cropped-cropped-logolu-150x150.webp\",\"caption\":\"Editor General\"},\"sameAs\":[\"https:\/\/luchonoticias.com\/\"],\"url\":\"https:\/\/luchonoticias.com\/editor\/author\/editor-general\/\"}]}<\/script>\n<!-- \/ Yoast SEO plugin. -->","yoast_head_json":{"title":"Huilenses a prevenirse contra la fiebre amarilla -","description":"La vacuna es altamente efectiva y brinda inmunidad duradera, ayuda a prevenir brotes de la enfermedad y reduce la posibilidad de transmisi\u00f3n comunitaria. Esta medida se intensifica como acci\u00f3n de respuesta ante declaratoria de alerta roja por confirmaci\u00f3n de un caso de Fiebre Amarilla en el departamento del Huila.","robots":{"index":"index","follow":"follow","max-snippet":"max-snippet:-1","max-image-preview":"max-image-preview:large","max-video-preview":"max-video-preview:-1"},"canonical":"https:\/\/luchonoticias.com\/editor\/huilenses-a-prevenirse-contra-la-fiebre-amarilla\/","og_locale":"es_ES","og_type":"article","og_title":"Huilenses a prevenirse contra la fiebre amarilla -","og_description":"La vacuna es altamente efectiva y brinda inmunidad duradera, ayuda a prevenir brotes de la enfermedad y reduce la posibilidad de transmisi\u00f3n comunitaria. Esta medida se intensifica como acci\u00f3n de respuesta ante declaratoria de alerta roja por confirmaci\u00f3n de un caso de Fiebre Amarilla en el departamento del Huila.","og_url":"https:\/\/luchonoticias.com\/editor\/huilenses-a-prevenirse-contra-la-fiebre-amarilla\/","article_publisher":"https:\/\/www.facebook.com\/luchonoticiasneiva","article_published_time":"2024-07-12T16:57:16+00:00","og_image":[{"width":700,"height":400,"url":"https:\/\/luchonoticias.com\/editor\/wp-content\/uploads\/2024\/07\/vacunacion-3.jpg","type":"image\/jpeg"}],"author":"Editor General","twitter_card":"summary_large_image","twitter_misc":{"Escrito por":"Editor General","Tiempo de lectura":"2 minutos"},"schema":{"@context":"https:\/\/schema.org","@graph":[{"@type":"Article","@id":"https:\/\/luchonoticias.com\/editor\/huilenses-a-prevenirse-contra-la-fiebre-amarilla\/#article","isPartOf":{"@id":"https:\/\/luchonoticias.com\/editor\/huilenses-a-prevenirse-contra-la-fiebre-amarilla\/"},"author":{"name":"Editor General","@id":"https:\/\/luchonoticias.com\/editor\/#\/schema\/person\/29217990ddf6f14e35912b2866d591fb"},"headline":"Huilenses a prevenirse contra la fiebre amarilla","datePublished":"2024-07-12T16:57:16+00:00","mainEntityOfPage":{"@id":"https:\/\/luchonoticias.com\/editor\/huilenses-a-prevenirse-contra-la-fiebre-amarilla\/"},"wordCount":364,"publisher":{"@id":"https:\/\/luchonoticias.com\/editor\/#\/schema\/person\/7a7fd911f58561fd056dbac7b55af9cd"},"image":{"@id":"https:\/\/luchonoticias.com\/editor\/huilenses-a-prevenirse-contra-la-fiebre-amarilla\/#primaryimage"},"thumbnailUrl":"https:\/\/luchonoticias.com\/editor\/wp-content\/uploads\/2024\/07\/vacunacion-3.jpg","articleSection":["Huila"],"inLanguage":"es"},{"@type":"WebPage","@id":"https:\/\/luchonoticias.com\/editor\/huilenses-a-prevenirse-contra-la-fiebre-amarilla\/","url":"https:\/\/luchonoticias.com\/editor\/huilenses-a-prevenirse-contra-la-fiebre-amarilla\/","name":"Huilenses a prevenirse contra la fiebre amarilla -","isPartOf":{"@id":"https:\/\/luchonoticias.com\/editor\/#website"},"primaryImageOfPage":{"@id":"https:\/\/luchonoticias.com\/editor\/huilenses-a-prevenirse-contra-la-fiebre-amarilla\/#primaryimage"},"image":{"@id":"https:\/\/luchonoticias.com\/editor\/huilenses-a-prevenirse-contra-la-fiebre-amarilla\/#primaryimage"},"thumbnailUrl":"https:\/\/luchonoticias.com\/editor\/wp-content\/uploads\/2024\/07\/vacunacion-3.jpg","datePublished":"2024-07-12T16:57:16+00:00","description":"La vacuna es altamente efectiva y brinda inmunidad duradera, ayuda a prevenir brotes de la enfermedad y reduce la posibilidad de transmisi\u00f3n comunitaria. Esta medida se intensifica como acci\u00f3n de respuesta ante declaratoria de alerta roja por confirmaci\u00f3n de un caso de Fiebre Amarilla en el departamento del Huila.","breadcrumb":{"@id":"https:\/\/luchonoticias.com\/editor\/huilenses-a-prevenirse-contra-la-fiebre-amarilla\/#breadcrumb"},"inLanguage":"es","potentialAction":[{"@type":"ReadAction","target":["https:\/\/luchonoticias.com\/editor\/huilenses-a-prevenirse-contra-la-fiebre-amarilla\/"]}]},{"@type":"ImageObject","inLanguage":"es","@id":"https:\/\/luchonoticias.com\/editor\/huilenses-a-prevenirse-contra-la-fiebre-amarilla\/#primaryimage","url":"https:\/\/luchonoticias.com\/editor\/wp-content\/uploads\/2024\/07\/vacunacion-3.jpg","contentUrl":"https:\/\/luchonoticias.com\/editor\/wp-content\/uploads\/2024\/07\/vacunacion-3.jpg","width":700,"height":400},{"@type":"BreadcrumbList","@id":"https:\/\/luchonoticias.com\/editor\/huilenses-a-prevenirse-contra-la-fiebre-amarilla\/#breadcrumb","itemListElement":[{"@type":"ListItem","position":1,"name":"Portada","item":"https:\/\/luchonoticias.com\/editor\/"},{"@type":"ListItem","position":2,"name":"Huilenses a prevenirse contra la fiebre amarilla"}]},{"@type":"WebSite","@id":"https:\/\/luchonoticias.com\/editor\/#website","url":"https:\/\/luchonoticias.com\/editor\/","name":"","description":"","publisher":{"@id":"https:\/\/luchonoticias.com\/editor\/#\/schema\/person\/7a7fd911f58561fd056dbac7b55af9cd"},"potentialAction":[{"@type":"SearchAction","target":{"@type":"EntryPoint","urlTemplate":"https:\/\/luchonoticias.com\/editor\/?s={search_term_string}"},"query-input":{"@type":"PropertyValueSpecification","valueRequired":true,"valueName":"search_term_string"}}],"inLanguage":"es"},{"@type":["Person","Organization"],"@id":"https:\/\/luchonoticias.com\/editor\/#\/schema\/person\/7a7fd911f58561fd056dbac7b55af9cd","name":"admin","image":{"@type":"ImageObject","inLanguage":"es","@id":"https:\/\/luchonoticias.com\/editor\/#\/schema\/person\/image\/","url":"https:\/\/luchonoticias.com\/editor\/wp-content\/uploads\/2024\/02\/cropped-cropped-logolu.webp","contentUrl":"https:\/\/luchonoticias.com\/editor\/wp-content\/uploads\/2024\/02\/cropped-cropped-logolu.webp","width":382,"height":170,"caption":"admin"},"logo":{"@id":"https:\/\/luchonoticias.com\/editor\/#\/schema\/person\/image\/"},"sameAs":["https:\/\/www.facebook.com\/luchonoticiasneiva"]},{"@type":"Person","@id":"https:\/\/luchonoticias.com\/editor\/#\/schema\/person\/29217990ddf6f14e35912b2866d591fb","name":"Editor General","image":{"@type":"ImageObject","inLanguage":"es","@id":"https:\/\/luchonoticias.com\/editor\/#\/schema\/person\/image\/","url":"https:\/\/luchonoticias.com\/editor\/wp-content\/uploads\/2024\/02\/cropped-cropped-logolu-150x150.webp","contentUrl":"https:\/\/luchonoticias.com\/editor\/wp-content\/uploads\/2024\/02\/cropped-cropped-logolu-150x150.webp","caption":"Editor General"},"sameAs":["https:\/\/luchonoticias.com\/"],"url":"https:\/\/luchonoticias.com\/editor\/author\/editor-general\/"}]}},"_links":{"self":[{"href":"https:\/\/luchonoticias.com\/editor\/wp-json\/wp\/v2\/posts\/74913","targetHints":{"allow":["GET"]}}],"collection":[{"href":"https:\/\/luchonoticias.com\/editor\/wp-json\/wp\/v2\/posts"}],"about":[{"href":"https:\/\/luchonoticias.com\/editor\/wp-json\/wp\/v2\/types\/post"}],"author":[{"embeddable":true,"href":"https:\/\/luchonoticias.com\/editor\/wp-json\/wp\/v2\/users\/2"}],"replies":[{"embeddable":true,"href":"https:\/\/luchonoticias.com\/editor\/wp-json\/wp\/v2\/comments?post=74913"}],"version-history":[{"count":2,"href":"https:\/\/luchonoticias.com\/editor\/wp-json\/wp\/v2\/posts\/74913\/revisions"}],"predecessor-version":[{"id":74916,"href":"https:\/\/luchonoticias.com\/editor\/wp-json\/wp\/v2\/posts\/74913\/revisions\/74916"}],"wp:featuredmedia":[{"embeddable":true,"href":"https:\/\/luchonoticias.com\/editor\/wp-json\/wp\/v2\/media\/74914"}],"wp:attachment":[{"href":"https:\/\/luchonoticias.com\/editor\/wp-json\/wp\/v2\/media?parent=74913"}],"wp:term":[{"taxonomy":"category","embeddable":true,"href":"https:\/\/luchonoticias.com\/editor\/wp-json\/wp\/v2\/categories?post=74913"},{"taxonomy":"post_tag","embeddable":true,"href":"https:\/\/luchonoticias.com\/editor\/wp-json\/wp\/v2\/tags?post=74913"}],"curies":[{"name":"wp","href":"https:\/\/api.w.org\/{rel}","templated":true}]}}