{"id":74917,"date":"2024-07-12T13:59:18","date_gmt":"2024-07-12T18:59:18","guid":{"rendered":"https:\/\/luchonoticias.com\/?p=74917"},"modified":"2024-07-12T13:59:18","modified_gmt":"2024-07-12T18:59:18","slug":"a-la-carcel-personas-acusadas-de-la-desaparicion-de-una-mujer","status":"publish","type":"post","link":"https:\/\/luchonoticias.com\/editor\/a-la-carcel-personas-acusadas-de-la-desaparicion-de-una-mujer\/","title":{"rendered":"A la c\u00e1rcel personas acusadas de la desaparici\u00f3n de una mujer"},"content":{"rendered":"<p>La Fiscal\u00eda General de la Naci\u00f3n logr\u00f3 que un juez de control de garant\u00edas impusiera medida de aseguramiento en centro carcelario contra Fidel Borrero Solano y Rafael Antonio Puentes Ortega, quienes est\u00e1n siendo investigados por su aparente participaci\u00f3n en la desaparici\u00f3n forzada de una mujer de 43 a\u00f1os.<\/p>\n<p>Los hechos ocurrieron el pasado 1 de marzo en el sector La Caba\u00f1ita, vereda R\u00edo Fr\u00edo de Rivera (Huila) a donde lleg\u00f3 la v\u00edctima para vender una finca. Al lugar acudi\u00f3 tambi\u00e9n un hombre quien habr\u00eda forzado a la mujer a subir al veh\u00edculo por \u00e9l conducido. Desde entonces no se conoce el paradero de la comerciante.<\/p>\n<p>Interceptaciones telef\u00f3nicas, videos de c\u00e1maras de seguridad y entrevistas a testigos entre otras labores de polic\u00eda judicial fueron determinantes para establecer que, poco antes del hecho, el conductor habr\u00eda recibido una llamada de Borrero Solano, expareja sentimental de la v\u00edctima para definir c\u00f3mo se dar\u00eda la retenci\u00f3n. Adem\u00e1s, se estableci\u00f3 que en el lugar tambi\u00e9n estuvieron los procesados.<\/p>\n<p>Por estos hechos, la Fiscal\u00eda en trabajo articulado con el Gaula del Ej\u00e9rcito Nacional captur\u00f3 a los dos procesados el 13 de junio de 2024 en Neiva. Un fiscal especializado de la Seccional Huila imput\u00f3 a los dos hombres como probables responsables del delito de desaparici\u00f3n forzada, cargo que no fue aceptado.<\/p>\n<p>Un juez de control de garant\u00edas impuso a los investigados medida de aseguramiento en centro carcelario.<\/p>\n","protected":false},"excerpt":{"rendered":"<p>La Fiscal\u00eda General de la Naci\u00f3n logr\u00f3 que un juez de control de garant\u00edas impusiera medida de aseguramiento Fidel Borrero y Rafael Puentes, investigados por su aparente participaci\u00f3n en la desaparici\u00f3n forzada de una mujer de 43 a\u00f1os.<\/p>\n","protected":false},"author":2,"featured_media":74918,"comment_status":"closed","ping_status":"open","sticky":false,"template":"","format":"standard","meta":{"footnotes":""},"categories":[29],"tags":[],"class_list":["post-74917","post","type-post","status-publish","format-standard","has-post-thumbnail","hentry","category-judicial"],"yoast_head":"<!-- This site is optimized with the Yoast SEO plugin v26.6 - https:\/\/yoast.com\/wordpress\/plugins\/seo\/ -->\n<title>A la c\u00e1rcel personas acusadas de la desaparici\u00f3n de una mujer -<\/title>\n<meta name=\"description\" content=\"La Fiscal\u00eda General de la Naci\u00f3n logr\u00f3 que un juez de control de garant\u00edas impusiera medida de aseguramiento Fidel Borrero y Rafael Puentes, investigados por su aparente participaci\u00f3n en la desaparici\u00f3n forzada de una mujer de 43 a\u00f1os.\" \/>\n<meta name=\"robots\" content=\"index, follow, max-snippet:-1, max-image-preview:large, max-video-preview:-1\" \/>\n<link rel=\"canonical\" href=\"https:\/\/luchonoticias.com\/editor\/a-la-carcel-personas-acusadas-de-la-desaparicion-de-una-mujer\/\" \/>\n<meta property=\"og:locale\" content=\"es_ES\" \/>\n<meta property=\"og:type\" content=\"article\" \/>\n<meta property=\"og:title\" content=\"A la c\u00e1rcel personas acusadas de la desaparici\u00f3n de una mujer -\" \/>\n<meta property=\"og:description\" content=\"La Fiscal\u00eda General de la Naci\u00f3n logr\u00f3 que un juez de control de garant\u00edas impusiera medida de aseguramiento Fidel Borrero y Rafael Puentes, investigados por su aparente participaci\u00f3n en la desaparici\u00f3n forzada de una mujer de 43 a\u00f1os.\" \/>\n<meta property=\"og:url\" content=\"https:\/\/luchonoticias.com\/editor\/a-la-carcel-personas-acusadas-de-la-desaparicion-de-una-mujer\/\" \/>\n<meta property=\"article:publisher\" content=\"https:\/\/www.facebook.com\/luchonoticiasneiva\" \/>\n<meta property=\"article:published_time\" content=\"2024-07-12T18:59:18+00:00\" \/>\n<meta property=\"og:image\" content=\"https:\/\/luchonoticias.com\/editor\/wp-content\/uploads\/2024\/07\/detenidos-3.jpg\" \/>\n\t<meta property=\"og:image:width\" content=\"700\" \/>\n\t<meta property=\"og:image:height\" content=\"400\" \/>\n\t<meta property=\"og:image:type\" content=\"image\/jpeg\" \/>\n<meta name=\"author\" content=\"Editor General\" \/>\n<meta name=\"twitter:card\" content=\"summary_large_image\" \/>\n<meta name=\"twitter:label1\" content=\"Escrito por\" \/>\n\t<meta name=\"twitter:data1\" content=\"Editor General\" \/>\n\t<meta name=\"twitter:label2\" content=\"Tiempo de lectura\" \/>\n\t<meta name=\"twitter:data2\" content=\"2 minutos\" \/>\n<script type=\"application\/ld+json\" class=\"yoast-schema-graph\">{\"@context\":\"https:\/\/schema.org\",\"@graph\":[{\"@type\":\"Article\",\"@id\":\"https:\/\/luchonoticias.com\/editor\/a-la-carcel-personas-acusadas-de-la-desaparicion-de-una-mujer\/#article\",\"isPartOf\":{\"@id\":\"https:\/\/luchonoticias.com\/editor\/a-la-carcel-personas-acusadas-de-la-desaparicion-de-una-mujer\/\"},\"author\":{\"name\":\"Editor General\",\"@id\":\"https:\/\/luchonoticias.com\/editor\/#\/schema\/person\/29217990ddf6f14e35912b2866d591fb\"},\"headline\":\"A la c\u00e1rcel personas acusadas de la desaparici\u00f3n de una mujer\",\"datePublished\":\"2024-07-12T18:59:18+00:00\",\"mainEntityOfPage\":{\"@id\":\"https:\/\/luchonoticias.com\/editor\/a-la-carcel-personas-acusadas-de-la-desaparicion-de-una-mujer\/\"},\"wordCount\":268,\"publisher\":{\"@id\":\"https:\/\/luchonoticias.com\/editor\/#\/schema\/person\/7a7fd911f58561fd056dbac7b55af9cd\"},\"image\":{\"@id\":\"https:\/\/luchonoticias.com\/editor\/a-la-carcel-personas-acusadas-de-la-desaparicion-de-una-mujer\/#primaryimage\"},\"thumbnailUrl\":\"https:\/\/luchonoticias.com\/editor\/wp-content\/uploads\/2024\/07\/detenidos-3.jpg\",\"articleSection\":[\"Judicial\"],\"inLanguage\":\"es\"},{\"@type\":\"WebPage\",\"@id\":\"https:\/\/luchonoticias.com\/editor\/a-la-carcel-personas-acusadas-de-la-desaparicion-de-una-mujer\/\",\"url\":\"https:\/\/luchonoticias.com\/editor\/a-la-carcel-personas-acusadas-de-la-desaparicion-de-una-mujer\/\",\"name\":\"A la c\u00e1rcel personas acusadas de la desaparici\u00f3n de una mujer -\",\"isPartOf\":{\"@id\":\"https:\/\/luchonoticias.com\/editor\/#website\"},\"primaryImageOfPage\":{\"@id\":\"https:\/\/luchonoticias.com\/editor\/a-la-carcel-personas-acusadas-de-la-desaparicion-de-una-mujer\/#primaryimage\"},\"image\":{\"@id\":\"https:\/\/luchonoticias.com\/editor\/a-la-carcel-personas-acusadas-de-la-desaparicion-de-una-mujer\/#primaryimage\"},\"thumbnailUrl\":\"https:\/\/luchonoticias.com\/editor\/wp-content\/uploads\/2024\/07\/detenidos-3.jpg\",\"datePublished\":\"2024-07-12T18:59:18+00:00\",\"description\":\"La Fiscal\u00eda General de la Naci\u00f3n logr\u00f3 que un juez de control de garant\u00edas impusiera medida de aseguramiento Fidel Borrero y Rafael Puentes, investigados por su aparente participaci\u00f3n en la desaparici\u00f3n forzada de una mujer de 43 a\u00f1os.\",\"breadcrumb\":{\"@id\":\"https:\/\/luchonoticias.com\/editor\/a-la-carcel-personas-acusadas-de-la-desaparicion-de-una-mujer\/#breadcrumb\"},\"inLanguage\":\"es\",\"potentialAction\":[{\"@type\":\"ReadAction\",\"target\":[\"https:\/\/luchonoticias.com\/editor\/a-la-carcel-personas-acusadas-de-la-desaparicion-de-una-mujer\/\"]}]},{\"@type\":\"ImageObject\",\"inLanguage\":\"es\",\"@id\":\"https:\/\/luchonoticias.com\/editor\/a-la-carcel-personas-acusadas-de-la-desaparicion-de-una-mujer\/#primaryimage\",\"url\":\"https:\/\/luchonoticias.com\/editor\/wp-content\/uploads\/2024\/07\/detenidos-3.jpg\",\"contentUrl\":\"https:\/\/luchonoticias.com\/editor\/wp-content\/uploads\/2024\/07\/detenidos-3.jpg\",\"width\":700,\"height\":400},{\"@type\":\"BreadcrumbList\",\"@id\":\"https:\/\/luchonoticias.com\/editor\/a-la-carcel-personas-acusadas-de-la-desaparicion-de-una-mujer\/#breadcrumb\",\"itemListElement\":[{\"@type\":\"ListItem\",\"position\":1,\"name\":\"Portada\",\"item\":\"https:\/\/luchonoticias.com\/editor\/\"},{\"@type\":\"ListItem\",\"position\":2,\"name\":\"A la c\u00e1rcel personas acusadas de la desaparici\u00f3n de una mujer\"}]},{\"@type\":\"WebSite\",\"@id\":\"https:\/\/luchonoticias.com\/editor\/#website\",\"url\":\"https:\/\/luchonoticias.com\/editor\/\",\"name\":\"\",\"description\":\"\",\"publisher\":{\"@id\":\"https:\/\/luchonoticias.com\/editor\/#\/schema\/person\/7a7fd911f58561fd056dbac7b55af9cd\"},\"potentialAction\":[{\"@type\":\"SearchAction\",\"target\":{\"@type\":\"EntryPoint\",\"urlTemplate\":\"https:\/\/luchonoticias.com\/editor\/?s={search_term_string}\"},\"query-input\":{\"@type\":\"PropertyValueSpecification\",\"valueRequired\":true,\"valueName\":\"search_term_string\"}}],\"inLanguage\":\"es\"},{\"@type\":[\"Person\",\"Organization\"],\"@id\":\"https:\/\/luchonoticias.com\/editor\/#\/schema\/person\/7a7fd911f58561fd056dbac7b55af9cd\",\"name\":\"admin\",\"image\":{\"@type\":\"ImageObject\",\"inLanguage\":\"es\",\"@id\":\"https:\/\/luchonoticias.com\/editor\/#\/schema\/person\/image\/\",\"url\":\"https:\/\/luchonoticias.com\/editor\/wp-content\/uploads\/2024\/02\/cropped-cropped-logolu.webp\",\"contentUrl\":\"https:\/\/luchonoticias.com\/editor\/wp-content\/uploads\/2024\/02\/cropped-cropped-logolu.webp\",\"width\":382,\"height\":170,\"caption\":\"admin\"},\"logo\":{\"@id\":\"https:\/\/luchonoticias.com\/editor\/#\/schema\/person\/image\/\"},\"sameAs\":[\"https:\/\/www.facebook.com\/luchonoticiasneiva\"]},{\"@type\":\"Person\",\"@id\":\"https:\/\/luchonoticias.com\/editor\/#\/schema\/person\/29217990ddf6f14e35912b2866d591fb\",\"name\":\"Editor General\",\"image\":{\"@type\":\"ImageObject\",\"inLanguage\":\"es\",\"@id\":\"https:\/\/luchonoticias.com\/editor\/#\/schema\/person\/image\/\",\"url\":\"https:\/\/luchonoticias.com\/editor\/wp-content\/uploads\/2024\/02\/cropped-cropped-logolu-150x150.webp\",\"contentUrl\":\"https:\/\/luchonoticias.com\/editor\/wp-content\/uploads\/2024\/02\/cropped-cropped-logolu-150x150.webp\",\"caption\":\"Editor General\"},\"sameAs\":[\"https:\/\/luchonoticias.com\/\"],\"url\":\"https:\/\/luchonoticias.com\/editor\/author\/editor-general\/\"}]}<\/script>\n<!-- \/ Yoast SEO plugin. -->","yoast_head_json":{"title":"A la c\u00e1rcel personas acusadas de la desaparici\u00f3n de una mujer -","description":"La Fiscal\u00eda General de la Naci\u00f3n logr\u00f3 que un juez de control de garant\u00edas impusiera medida de aseguramiento Fidel Borrero y Rafael Puentes, investigados por su aparente participaci\u00f3n en la desaparici\u00f3n forzada de una mujer de 43 a\u00f1os.","robots":{"index":"index","follow":"follow","max-snippet":"max-snippet:-1","max-image-preview":"max-image-preview:large","max-video-preview":"max-video-preview:-1"},"canonical":"https:\/\/luchonoticias.com\/editor\/a-la-carcel-personas-acusadas-de-la-desaparicion-de-una-mujer\/","og_locale":"es_ES","og_type":"article","og_title":"A la c\u00e1rcel personas acusadas de la desaparici\u00f3n de una mujer -","og_description":"La Fiscal\u00eda General de la Naci\u00f3n logr\u00f3 que un juez de control de garant\u00edas impusiera medida de aseguramiento Fidel Borrero y Rafael Puentes, investigados por su aparente participaci\u00f3n en la desaparici\u00f3n forzada de una mujer de 43 a\u00f1os.","og_url":"https:\/\/luchonoticias.com\/editor\/a-la-carcel-personas-acusadas-de-la-desaparicion-de-una-mujer\/","article_publisher":"https:\/\/www.facebook.com\/luchonoticiasneiva","article_published_time":"2024-07-12T18:59:18+00:00","og_image":[{"width":700,"height":400,"url":"https:\/\/luchonoticias.com\/editor\/wp-content\/uploads\/2024\/07\/detenidos-3.jpg","type":"image\/jpeg"}],"author":"Editor General","twitter_card":"summary_large_image","twitter_misc":{"Escrito por":"Editor General","Tiempo de lectura":"2 minutos"},"schema":{"@context":"https:\/\/schema.org","@graph":[{"@type":"Article","@id":"https:\/\/luchonoticias.com\/editor\/a-la-carcel-personas-acusadas-de-la-desaparicion-de-una-mujer\/#article","isPartOf":{"@id":"https:\/\/luchonoticias.com\/editor\/a-la-carcel-personas-acusadas-de-la-desaparicion-de-una-mujer\/"},"author":{"name":"Editor General","@id":"https:\/\/luchonoticias.com\/editor\/#\/schema\/person\/29217990ddf6f14e35912b2866d591fb"},"headline":"A la c\u00e1rcel personas acusadas de la desaparici\u00f3n de una mujer","datePublished":"2024-07-12T18:59:18+00:00","mainEntityOfPage":{"@id":"https:\/\/luchonoticias.com\/editor\/a-la-carcel-personas-acusadas-de-la-desaparicion-de-una-mujer\/"},"wordCount":268,"publisher":{"@id":"https:\/\/luchonoticias.com\/editor\/#\/schema\/person\/7a7fd911f58561fd056dbac7b55af9cd"},"image":{"@id":"https:\/\/luchonoticias.com\/editor\/a-la-carcel-personas-acusadas-de-la-desaparicion-de-una-mujer\/#primaryimage"},"thumbnailUrl":"https:\/\/luchonoticias.com\/editor\/wp-content\/uploads\/2024\/07\/detenidos-3.jpg","articleSection":["Judicial"],"inLanguage":"es"},{"@type":"WebPage","@id":"https:\/\/luchonoticias.com\/editor\/a-la-carcel-personas-acusadas-de-la-desaparicion-de-una-mujer\/","url":"https:\/\/luchonoticias.com\/editor\/a-la-carcel-personas-acusadas-de-la-desaparicion-de-una-mujer\/","name":"A la c\u00e1rcel personas acusadas de la desaparici\u00f3n de una mujer -","isPartOf":{"@id":"https:\/\/luchonoticias.com\/editor\/#website"},"primaryImageOfPage":{"@id":"https:\/\/luchonoticias.com\/editor\/a-la-carcel-personas-acusadas-de-la-desaparicion-de-una-mujer\/#primaryimage"},"image":{"@id":"https:\/\/luchonoticias.com\/editor\/a-la-carcel-personas-acusadas-de-la-desaparicion-de-una-mujer\/#primaryimage"},"thumbnailUrl":"https:\/\/luchonoticias.com\/editor\/wp-content\/uploads\/2024\/07\/detenidos-3.jpg","datePublished":"2024-07-12T18:59:18+00:00","description":"La Fiscal\u00eda General de la Naci\u00f3n logr\u00f3 que un juez de control de garant\u00edas impusiera medida de aseguramiento Fidel Borrero y Rafael Puentes, investigados por su aparente participaci\u00f3n en la desaparici\u00f3n forzada de una mujer de 43 a\u00f1os.","breadcrumb":{"@id":"https:\/\/luchonoticias.com\/editor\/a-la-carcel-personas-acusadas-de-la-desaparicion-de-una-mujer\/#breadcrumb"},"inLanguage":"es","potentialAction":[{"@type":"ReadAction","target":["https:\/\/luchonoticias.com\/editor\/a-la-carcel-personas-acusadas-de-la-desaparicion-de-una-mujer\/"]}]},{"@type":"ImageObject","inLanguage":"es","@id":"https:\/\/luchonoticias.com\/editor\/a-la-carcel-personas-acusadas-de-la-desaparicion-de-una-mujer\/#primaryimage","url":"https:\/\/luchonoticias.com\/editor\/wp-content\/uploads\/2024\/07\/detenidos-3.jpg","contentUrl":"https:\/\/luchonoticias.com\/editor\/wp-content\/uploads\/2024\/07\/detenidos-3.jpg","width":700,"height":400},{"@type":"BreadcrumbList","@id":"https:\/\/luchonoticias.com\/editor\/a-la-carcel-personas-acusadas-de-la-desaparicion-de-una-mujer\/#breadcrumb","itemListElement":[{"@type":"ListItem","position":1,"name":"Portada","item":"https:\/\/luchonoticias.com\/editor\/"},{"@type":"ListItem","position":2,"name":"A la c\u00e1rcel personas acusadas de la desaparici\u00f3n de una mujer"}]},{"@type":"WebSite","@id":"https:\/\/luchonoticias.com\/editor\/#website","url":"https:\/\/luchonoticias.com\/editor\/","name":"","description":"","publisher":{"@id":"https:\/\/luchonoticias.com\/editor\/#\/schema\/person\/7a7fd911f58561fd056dbac7b55af9cd"},"potentialAction":[{"@type":"SearchAction","target":{"@type":"EntryPoint","urlTemplate":"https:\/\/luchonoticias.com\/editor\/?s={search_term_string}"},"query-input":{"@type":"PropertyValueSpecification","valueRequired":true,"valueName":"search_term_string"}}],"inLanguage":"es"},{"@type":["Person","Organization"],"@id":"https:\/\/luchonoticias.com\/editor\/#\/schema\/person\/7a7fd911f58561fd056dbac7b55af9cd","name":"admin","image":{"@type":"ImageObject","inLanguage":"es","@id":"https:\/\/luchonoticias.com\/editor\/#\/schema\/person\/image\/","url":"https:\/\/luchonoticias.com\/editor\/wp-content\/uploads\/2024\/02\/cropped-cropped-logolu.webp","contentUrl":"https:\/\/luchonoticias.com\/editor\/wp-content\/uploads\/2024\/02\/cropped-cropped-logolu.webp","width":382,"height":170,"caption":"admin"},"logo":{"@id":"https:\/\/luchonoticias.com\/editor\/#\/schema\/person\/image\/"},"sameAs":["https:\/\/www.facebook.com\/luchonoticiasneiva"]},{"@type":"Person","@id":"https:\/\/luchonoticias.com\/editor\/#\/schema\/person\/29217990ddf6f14e35912b2866d591fb","name":"Editor General","image":{"@type":"ImageObject","inLanguage":"es","@id":"https:\/\/luchonoticias.com\/editor\/#\/schema\/person\/image\/","url":"https:\/\/luchonoticias.com\/editor\/wp-content\/uploads\/2024\/02\/cropped-cropped-logolu-150x150.webp","contentUrl":"https:\/\/luchonoticias.com\/editor\/wp-content\/uploads\/2024\/02\/cropped-cropped-logolu-150x150.webp","caption":"Editor General"},"sameAs":["https:\/\/luchonoticias.com\/"],"url":"https:\/\/luchonoticias.com\/editor\/author\/editor-general\/"}]}},"_links":{"self":[{"href":"https:\/\/luchonoticias.com\/editor\/wp-json\/wp\/v2\/posts\/74917","targetHints":{"allow":["GET"]}}],"collection":[{"href":"https:\/\/luchonoticias.com\/editor\/wp-json\/wp\/v2\/posts"}],"about":[{"href":"https:\/\/luchonoticias.com\/editor\/wp-json\/wp\/v2\/types\/post"}],"author":[{"embeddable":true,"href":"https:\/\/luchonoticias.com\/editor\/wp-json\/wp\/v2\/users\/2"}],"replies":[{"embeddable":true,"href":"https:\/\/luchonoticias.com\/editor\/wp-json\/wp\/v2\/comments?post=74917"}],"version-history":[{"count":2,"href":"https:\/\/luchonoticias.com\/editor\/wp-json\/wp\/v2\/posts\/74917\/revisions"}],"predecessor-version":[{"id":74920,"href":"https:\/\/luchonoticias.com\/editor\/wp-json\/wp\/v2\/posts\/74917\/revisions\/74920"}],"wp:featuredmedia":[{"embeddable":true,"href":"https:\/\/luchonoticias.com\/editor\/wp-json\/wp\/v2\/media\/74918"}],"wp:attachment":[{"href":"https:\/\/luchonoticias.com\/editor\/wp-json\/wp\/v2\/media?parent=74917"}],"wp:term":[{"taxonomy":"category","embeddable":true,"href":"https:\/\/luchonoticias.com\/editor\/wp-json\/wp\/v2\/categories?post=74917"},{"taxonomy":"post_tag","embeddable":true,"href":"https:\/\/luchonoticias.com\/editor\/wp-json\/wp\/v2\/tags?post=74917"}],"curies":[{"name":"wp","href":"https:\/\/api.w.org\/{rel}","templated":true}]}}