{"id":74921,"date":"2024-07-12T15:49:22","date_gmt":"2024-07-12T20:49:22","guid":{"rendered":"https:\/\/luchonoticias.com\/?p=74921"},"modified":"2024-07-12T15:49:22","modified_gmt":"2024-07-12T20:49:22","slug":"nuevo-vicerrector-en-la-universidad-surcolombiana","status":"publish","type":"post","link":"https:\/\/luchonoticias.com\/editor\/nuevo-vicerrector-en-la-universidad-surcolombiana\/","title":{"rendered":"Nuevo Vicerrector en la Universidad Surcolombiana"},"content":{"rendered":"<p>La Rectora de la Universidad Surcolombiana, Nidia Guzm\u00e1n Dur\u00e1n, design\u00f3 nuevo Vicerrector de Investigaci\u00f3n y Proyecci\u00f3n Social.<\/p>\n<p>Se trata del docente El\u00edas Francisco Am\u00f3rtegui Cede\u00f1o quien a partir del 9 de julio de 2024, asumi\u00f3 esta dependencia, seg\u00fan Resoluci\u00f3n P2200.<\/p>\n<p>Am\u00f3rtegui Cede\u00f1o es docente de planta de tiempo completo y titular en la Facultad de Educaci\u00f3n de esta instituci\u00f3n desde 2012, donde tambi\u00e9n ha contribuido al programa de Licenciatura en Ciencias Naturales y Educaci\u00f3n Ambiental. Su experiencia incluye roles destacados como Asesor de la Vicerrector\u00eda de Investigaci\u00f3n y Proyecci\u00f3n Social desde 2019, y participaci\u00f3n activa en la Mesa de Investigaci\u00f3n de la Red de Universidades del Huila, as\u00ed como Vicecoordinador del Nodo Huila de la Red Colombiana de Semilleros de Investigaci\u00f3n.<\/p>\n<p>Formado con un t\u00edtulo de Licenciado en Biolog\u00eda y mag\u00edster en Educaci\u00f3n por la Universidad Pedag\u00f3gica Nacional, y un Ph.D. en Did\u00e1ctica de las Ciencias Experimentales de la Universidad de Valencia, el Dr. Am\u00f3rtegui Cede\u00f1o fue reconocido con el Premio Nacional en Educaci\u00f3n Francisca Radke y ha sido becario de la Fundaci\u00f3n Carolina.<\/p>\n<p>En su nueva funci\u00f3n, el Vicerrector de Investigaci\u00f3n y Proyecci\u00f3n Social se propone fortalecer la investigaci\u00f3n en las sedes regionales de la Universidad Surcolombiana. Este objetivo se enmarca dentro del compromiso de consolidar la cadena formativa en investigaci\u00f3n, desde programas como Ondas Huila y los semilleros, hasta el fortalecimiento de los centros y laboratorios de investigaci\u00f3n de la USCO.<\/p>\n<p>Adem\u00e1s, enfatiz\u00f3 en la importancia de incrementar los indicadores de producci\u00f3n intelectual, acad\u00e9mica y cient\u00edfica, tanto a nivel local en Neiva como en las sedes regionales de Garz\u00f3n, Pitalito y La Plata. Asimismo, se comprometi\u00f3 durante la posesi\u00f3n a potenciar la proyecci\u00f3n social de la universidad mediante consultor\u00edas especializadas, proyectos de Responsabilidad Social Universitaria y la participaci\u00f3n en convocatorias del Sistema General de Regal\u00edas.<\/p>\n<p>El vicerrector tambi\u00e9n liderar\u00e1 la implementaci\u00f3n del nuevo Plan de Desarrollo Institucional, que definir\u00e1 las estrategias para los pr\u00f3ximos 10 a\u00f1os en investigaci\u00f3n y proyecci\u00f3n social en la Universidad Surcolombiana.<\/p>\n","protected":false},"excerpt":{"rendered":"<p>Am\u00f3rtegui es docente de planta de tiempo completo y titular en la Facultad de Educaci\u00f3n de esta instituci\u00f3n desde 2012.<\/p>\n","protected":false},"author":2,"featured_media":74922,"comment_status":"closed","ping_status":"open","sticky":false,"template":"","format":"standard","meta":{"footnotes":""},"categories":[33],"tags":[],"class_list":["post-74921","post","type-post","status-publish","format-standard","has-post-thumbnail","hentry","category-huila"],"yoast_head":"<!-- This site is optimized with the Yoast SEO plugin v26.6 - https:\/\/yoast.com\/wordpress\/plugins\/seo\/ -->\n<title>Nuevo Vicerrector en la Universidad Surcolombiana -<\/title>\n<meta name=\"description\" content=\"Am\u00f3rtegui es docente de planta de tiempo completo y titular en la Facultad de Educaci\u00f3n de esta instituci\u00f3n desde 2012.\" \/>\n<meta name=\"robots\" content=\"index, follow, max-snippet:-1, max-image-preview:large, max-video-preview:-1\" \/>\n<link rel=\"canonical\" href=\"https:\/\/luchonoticias.com\/editor\/nuevo-vicerrector-en-la-universidad-surcolombiana\/\" \/>\n<meta property=\"og:locale\" content=\"es_ES\" \/>\n<meta property=\"og:type\" content=\"article\" \/>\n<meta property=\"og:title\" content=\"Nuevo Vicerrector en la Universidad Surcolombiana -\" \/>\n<meta property=\"og:description\" content=\"Am\u00f3rtegui es docente de planta de tiempo completo y titular en la Facultad de Educaci\u00f3n de esta instituci\u00f3n desde 2012.\" \/>\n<meta property=\"og:url\" content=\"https:\/\/luchonoticias.com\/editor\/nuevo-vicerrector-en-la-universidad-surcolombiana\/\" \/>\n<meta property=\"article:publisher\" content=\"https:\/\/www.facebook.com\/luchonoticiasneiva\" \/>\n<meta property=\"article:published_time\" content=\"2024-07-12T20:49:22+00:00\" \/>\n<meta property=\"og:image\" content=\"https:\/\/luchonoticias.com\/editor\/wp-content\/uploads\/2024\/07\/vicerrector.jpg\" \/>\n\t<meta property=\"og:image:width\" content=\"700\" \/>\n\t<meta property=\"og:image:height\" content=\"400\" \/>\n\t<meta property=\"og:image:type\" content=\"image\/jpeg\" \/>\n<meta name=\"author\" content=\"Editor General\" \/>\n<meta name=\"twitter:card\" content=\"summary_large_image\" \/>\n<meta name=\"twitter:label1\" content=\"Escrito por\" \/>\n\t<meta name=\"twitter:data1\" content=\"Editor General\" \/>\n\t<meta name=\"twitter:label2\" content=\"Tiempo de lectura\" \/>\n\t<meta name=\"twitter:data2\" content=\"2 minutos\" \/>\n<script type=\"application\/ld+json\" class=\"yoast-schema-graph\">{\"@context\":\"https:\/\/schema.org\",\"@graph\":[{\"@type\":\"Article\",\"@id\":\"https:\/\/luchonoticias.com\/editor\/nuevo-vicerrector-en-la-universidad-surcolombiana\/#article\",\"isPartOf\":{\"@id\":\"https:\/\/luchonoticias.com\/editor\/nuevo-vicerrector-en-la-universidad-surcolombiana\/\"},\"author\":{\"name\":\"Editor General\",\"@id\":\"https:\/\/luchonoticias.com\/editor\/#\/schema\/person\/29217990ddf6f14e35912b2866d591fb\"},\"headline\":\"Nuevo Vicerrector en la Universidad Surcolombiana\",\"datePublished\":\"2024-07-12T20:49:22+00:00\",\"mainEntityOfPage\":{\"@id\":\"https:\/\/luchonoticias.com\/editor\/nuevo-vicerrector-en-la-universidad-surcolombiana\/\"},\"wordCount\":382,\"publisher\":{\"@id\":\"https:\/\/luchonoticias.com\/editor\/#\/schema\/person\/7a7fd911f58561fd056dbac7b55af9cd\"},\"image\":{\"@id\":\"https:\/\/luchonoticias.com\/editor\/nuevo-vicerrector-en-la-universidad-surcolombiana\/#primaryimage\"},\"thumbnailUrl\":\"https:\/\/luchonoticias.com\/editor\/wp-content\/uploads\/2024\/07\/vicerrector.jpg\",\"articleSection\":[\"Huila\"],\"inLanguage\":\"es\"},{\"@type\":\"WebPage\",\"@id\":\"https:\/\/luchonoticias.com\/editor\/nuevo-vicerrector-en-la-universidad-surcolombiana\/\",\"url\":\"https:\/\/luchonoticias.com\/editor\/nuevo-vicerrector-en-la-universidad-surcolombiana\/\",\"name\":\"Nuevo Vicerrector en la Universidad Surcolombiana -\",\"isPartOf\":{\"@id\":\"https:\/\/luchonoticias.com\/editor\/#website\"},\"primaryImageOfPage\":{\"@id\":\"https:\/\/luchonoticias.com\/editor\/nuevo-vicerrector-en-la-universidad-surcolombiana\/#primaryimage\"},\"image\":{\"@id\":\"https:\/\/luchonoticias.com\/editor\/nuevo-vicerrector-en-la-universidad-surcolombiana\/#primaryimage\"},\"thumbnailUrl\":\"https:\/\/luchonoticias.com\/editor\/wp-content\/uploads\/2024\/07\/vicerrector.jpg\",\"datePublished\":\"2024-07-12T20:49:22+00:00\",\"description\":\"Am\u00f3rtegui es docente de planta de tiempo completo y titular en la Facultad de Educaci\u00f3n de esta instituci\u00f3n desde 2012.\",\"breadcrumb\":{\"@id\":\"https:\/\/luchonoticias.com\/editor\/nuevo-vicerrector-en-la-universidad-surcolombiana\/#breadcrumb\"},\"inLanguage\":\"es\",\"potentialAction\":[{\"@type\":\"ReadAction\",\"target\":[\"https:\/\/luchonoticias.com\/editor\/nuevo-vicerrector-en-la-universidad-surcolombiana\/\"]}]},{\"@type\":\"ImageObject\",\"inLanguage\":\"es\",\"@id\":\"https:\/\/luchonoticias.com\/editor\/nuevo-vicerrector-en-la-universidad-surcolombiana\/#primaryimage\",\"url\":\"https:\/\/luchonoticias.com\/editor\/wp-content\/uploads\/2024\/07\/vicerrector.jpg\",\"contentUrl\":\"https:\/\/luchonoticias.com\/editor\/wp-content\/uploads\/2024\/07\/vicerrector.jpg\",\"width\":700,\"height\":400},{\"@type\":\"BreadcrumbList\",\"@id\":\"https:\/\/luchonoticias.com\/editor\/nuevo-vicerrector-en-la-universidad-surcolombiana\/#breadcrumb\",\"itemListElement\":[{\"@type\":\"ListItem\",\"position\":1,\"name\":\"Portada\",\"item\":\"https:\/\/luchonoticias.com\/editor\/\"},{\"@type\":\"ListItem\",\"position\":2,\"name\":\"Nuevo Vicerrector en la Universidad Surcolombiana\"}]},{\"@type\":\"WebSite\",\"@id\":\"https:\/\/luchonoticias.com\/editor\/#website\",\"url\":\"https:\/\/luchonoticias.com\/editor\/\",\"name\":\"\",\"description\":\"\",\"publisher\":{\"@id\":\"https:\/\/luchonoticias.com\/editor\/#\/schema\/person\/7a7fd911f58561fd056dbac7b55af9cd\"},\"potentialAction\":[{\"@type\":\"SearchAction\",\"target\":{\"@type\":\"EntryPoint\",\"urlTemplate\":\"https:\/\/luchonoticias.com\/editor\/?s={search_term_string}\"},\"query-input\":{\"@type\":\"PropertyValueSpecification\",\"valueRequired\":true,\"valueName\":\"search_term_string\"}}],\"inLanguage\":\"es\"},{\"@type\":[\"Person\",\"Organization\"],\"@id\":\"https:\/\/luchonoticias.com\/editor\/#\/schema\/person\/7a7fd911f58561fd056dbac7b55af9cd\",\"name\":\"admin\",\"image\":{\"@type\":\"ImageObject\",\"inLanguage\":\"es\",\"@id\":\"https:\/\/luchonoticias.com\/editor\/#\/schema\/person\/image\/\",\"url\":\"https:\/\/luchonoticias.com\/editor\/wp-content\/uploads\/2024\/02\/cropped-cropped-logolu.webp\",\"contentUrl\":\"https:\/\/luchonoticias.com\/editor\/wp-content\/uploads\/2024\/02\/cropped-cropped-logolu.webp\",\"width\":382,\"height\":170,\"caption\":\"admin\"},\"logo\":{\"@id\":\"https:\/\/luchonoticias.com\/editor\/#\/schema\/person\/image\/\"},\"sameAs\":[\"https:\/\/www.facebook.com\/luchonoticiasneiva\"]},{\"@type\":\"Person\",\"@id\":\"https:\/\/luchonoticias.com\/editor\/#\/schema\/person\/29217990ddf6f14e35912b2866d591fb\",\"name\":\"Editor General\",\"image\":{\"@type\":\"ImageObject\",\"inLanguage\":\"es\",\"@id\":\"https:\/\/luchonoticias.com\/editor\/#\/schema\/person\/image\/\",\"url\":\"https:\/\/luchonoticias.com\/editor\/wp-content\/uploads\/2024\/02\/cropped-cropped-logolu-150x150.webp\",\"contentUrl\":\"https:\/\/luchonoticias.com\/editor\/wp-content\/uploads\/2024\/02\/cropped-cropped-logolu-150x150.webp\",\"caption\":\"Editor General\"},\"sameAs\":[\"https:\/\/luchonoticias.com\/\"],\"url\":\"https:\/\/luchonoticias.com\/editor\/author\/editor-general\/\"}]}<\/script>\n<!-- \/ Yoast SEO plugin. -->","yoast_head_json":{"title":"Nuevo Vicerrector en la Universidad Surcolombiana -","description":"Am\u00f3rtegui es docente de planta de tiempo completo y titular en la Facultad de Educaci\u00f3n de esta instituci\u00f3n desde 2012.","robots":{"index":"index","follow":"follow","max-snippet":"max-snippet:-1","max-image-preview":"max-image-preview:large","max-video-preview":"max-video-preview:-1"},"canonical":"https:\/\/luchonoticias.com\/editor\/nuevo-vicerrector-en-la-universidad-surcolombiana\/","og_locale":"es_ES","og_type":"article","og_title":"Nuevo Vicerrector en la Universidad Surcolombiana -","og_description":"Am\u00f3rtegui es docente de planta de tiempo completo y titular en la Facultad de Educaci\u00f3n de esta instituci\u00f3n desde 2012.","og_url":"https:\/\/luchonoticias.com\/editor\/nuevo-vicerrector-en-la-universidad-surcolombiana\/","article_publisher":"https:\/\/www.facebook.com\/luchonoticiasneiva","article_published_time":"2024-07-12T20:49:22+00:00","og_image":[{"width":700,"height":400,"url":"https:\/\/luchonoticias.com\/editor\/wp-content\/uploads\/2024\/07\/vicerrector.jpg","type":"image\/jpeg"}],"author":"Editor General","twitter_card":"summary_large_image","twitter_misc":{"Escrito por":"Editor General","Tiempo de lectura":"2 minutos"},"schema":{"@context":"https:\/\/schema.org","@graph":[{"@type":"Article","@id":"https:\/\/luchonoticias.com\/editor\/nuevo-vicerrector-en-la-universidad-surcolombiana\/#article","isPartOf":{"@id":"https:\/\/luchonoticias.com\/editor\/nuevo-vicerrector-en-la-universidad-surcolombiana\/"},"author":{"name":"Editor General","@id":"https:\/\/luchonoticias.com\/editor\/#\/schema\/person\/29217990ddf6f14e35912b2866d591fb"},"headline":"Nuevo Vicerrector en la Universidad Surcolombiana","datePublished":"2024-07-12T20:49:22+00:00","mainEntityOfPage":{"@id":"https:\/\/luchonoticias.com\/editor\/nuevo-vicerrector-en-la-universidad-surcolombiana\/"},"wordCount":382,"publisher":{"@id":"https:\/\/luchonoticias.com\/editor\/#\/schema\/person\/7a7fd911f58561fd056dbac7b55af9cd"},"image":{"@id":"https:\/\/luchonoticias.com\/editor\/nuevo-vicerrector-en-la-universidad-surcolombiana\/#primaryimage"},"thumbnailUrl":"https:\/\/luchonoticias.com\/editor\/wp-content\/uploads\/2024\/07\/vicerrector.jpg","articleSection":["Huila"],"inLanguage":"es"},{"@type":"WebPage","@id":"https:\/\/luchonoticias.com\/editor\/nuevo-vicerrector-en-la-universidad-surcolombiana\/","url":"https:\/\/luchonoticias.com\/editor\/nuevo-vicerrector-en-la-universidad-surcolombiana\/","name":"Nuevo Vicerrector en la Universidad Surcolombiana -","isPartOf":{"@id":"https:\/\/luchonoticias.com\/editor\/#website"},"primaryImageOfPage":{"@id":"https:\/\/luchonoticias.com\/editor\/nuevo-vicerrector-en-la-universidad-surcolombiana\/#primaryimage"},"image":{"@id":"https:\/\/luchonoticias.com\/editor\/nuevo-vicerrector-en-la-universidad-surcolombiana\/#primaryimage"},"thumbnailUrl":"https:\/\/luchonoticias.com\/editor\/wp-content\/uploads\/2024\/07\/vicerrector.jpg","datePublished":"2024-07-12T20:49:22+00:00","description":"Am\u00f3rtegui es docente de planta de tiempo completo y titular en la Facultad de Educaci\u00f3n de esta instituci\u00f3n desde 2012.","breadcrumb":{"@id":"https:\/\/luchonoticias.com\/editor\/nuevo-vicerrector-en-la-universidad-surcolombiana\/#breadcrumb"},"inLanguage":"es","potentialAction":[{"@type":"ReadAction","target":["https:\/\/luchonoticias.com\/editor\/nuevo-vicerrector-en-la-universidad-surcolombiana\/"]}]},{"@type":"ImageObject","inLanguage":"es","@id":"https:\/\/luchonoticias.com\/editor\/nuevo-vicerrector-en-la-universidad-surcolombiana\/#primaryimage","url":"https:\/\/luchonoticias.com\/editor\/wp-content\/uploads\/2024\/07\/vicerrector.jpg","contentUrl":"https:\/\/luchonoticias.com\/editor\/wp-content\/uploads\/2024\/07\/vicerrector.jpg","width":700,"height":400},{"@type":"BreadcrumbList","@id":"https:\/\/luchonoticias.com\/editor\/nuevo-vicerrector-en-la-universidad-surcolombiana\/#breadcrumb","itemListElement":[{"@type":"ListItem","position":1,"name":"Portada","item":"https:\/\/luchonoticias.com\/editor\/"},{"@type":"ListItem","position":2,"name":"Nuevo Vicerrector en la Universidad Surcolombiana"}]},{"@type":"WebSite","@id":"https:\/\/luchonoticias.com\/editor\/#website","url":"https:\/\/luchonoticias.com\/editor\/","name":"","description":"","publisher":{"@id":"https:\/\/luchonoticias.com\/editor\/#\/schema\/person\/7a7fd911f58561fd056dbac7b55af9cd"},"potentialAction":[{"@type":"SearchAction","target":{"@type":"EntryPoint","urlTemplate":"https:\/\/luchonoticias.com\/editor\/?s={search_term_string}"},"query-input":{"@type":"PropertyValueSpecification","valueRequired":true,"valueName":"search_term_string"}}],"inLanguage":"es"},{"@type":["Person","Organization"],"@id":"https:\/\/luchonoticias.com\/editor\/#\/schema\/person\/7a7fd911f58561fd056dbac7b55af9cd","name":"admin","image":{"@type":"ImageObject","inLanguage":"es","@id":"https:\/\/luchonoticias.com\/editor\/#\/schema\/person\/image\/","url":"https:\/\/luchonoticias.com\/editor\/wp-content\/uploads\/2024\/02\/cropped-cropped-logolu.webp","contentUrl":"https:\/\/luchonoticias.com\/editor\/wp-content\/uploads\/2024\/02\/cropped-cropped-logolu.webp","width":382,"height":170,"caption":"admin"},"logo":{"@id":"https:\/\/luchonoticias.com\/editor\/#\/schema\/person\/image\/"},"sameAs":["https:\/\/www.facebook.com\/luchonoticiasneiva"]},{"@type":"Person","@id":"https:\/\/luchonoticias.com\/editor\/#\/schema\/person\/29217990ddf6f14e35912b2866d591fb","name":"Editor General","image":{"@type":"ImageObject","inLanguage":"es","@id":"https:\/\/luchonoticias.com\/editor\/#\/schema\/person\/image\/","url":"https:\/\/luchonoticias.com\/editor\/wp-content\/uploads\/2024\/02\/cropped-cropped-logolu-150x150.webp","contentUrl":"https:\/\/luchonoticias.com\/editor\/wp-content\/uploads\/2024\/02\/cropped-cropped-logolu-150x150.webp","caption":"Editor General"},"sameAs":["https:\/\/luchonoticias.com\/"],"url":"https:\/\/luchonoticias.com\/editor\/author\/editor-general\/"}]}},"_links":{"self":[{"href":"https:\/\/luchonoticias.com\/editor\/wp-json\/wp\/v2\/posts\/74921","targetHints":{"allow":["GET"]}}],"collection":[{"href":"https:\/\/luchonoticias.com\/editor\/wp-json\/wp\/v2\/posts"}],"about":[{"href":"https:\/\/luchonoticias.com\/editor\/wp-json\/wp\/v2\/types\/post"}],"author":[{"embeddable":true,"href":"https:\/\/luchonoticias.com\/editor\/wp-json\/wp\/v2\/users\/2"}],"replies":[{"embeddable":true,"href":"https:\/\/luchonoticias.com\/editor\/wp-json\/wp\/v2\/comments?post=74921"}],"version-history":[{"count":1,"href":"https:\/\/luchonoticias.com\/editor\/wp-json\/wp\/v2\/posts\/74921\/revisions"}],"predecessor-version":[{"id":74923,"href":"https:\/\/luchonoticias.com\/editor\/wp-json\/wp\/v2\/posts\/74921\/revisions\/74923"}],"wp:featuredmedia":[{"embeddable":true,"href":"https:\/\/luchonoticias.com\/editor\/wp-json\/wp\/v2\/media\/74922"}],"wp:attachment":[{"href":"https:\/\/luchonoticias.com\/editor\/wp-json\/wp\/v2\/media?parent=74921"}],"wp:term":[{"taxonomy":"category","embeddable":true,"href":"https:\/\/luchonoticias.com\/editor\/wp-json\/wp\/v2\/categories?post=74921"},{"taxonomy":"post_tag","embeddable":true,"href":"https:\/\/luchonoticias.com\/editor\/wp-json\/wp\/v2\/tags?post=74921"}],"curies":[{"name":"wp","href":"https:\/\/api.w.org\/{rel}","templated":true}]}}