{"id":74924,"date":"2024-07-12T15:53:02","date_gmt":"2024-07-12T20:53:02","guid":{"rendered":"https:\/\/luchonoticias.com\/?p=74924"},"modified":"2024-07-12T15:53:02","modified_gmt":"2024-07-12T20:53:02","slug":"extincion-de-dominio-sobre-dos-viviendas","status":"publish","type":"post","link":"https:\/\/luchonoticias.com\/editor\/extincion-de-dominio-sobre-dos-viviendas\/","title":{"rendered":"Extinci\u00f3n de dominio sobre dos viviendas"},"content":{"rendered":"<p>La Polic\u00eda Metropolitana de Neiva en articulaci\u00f3n con la Fiscal\u00eda General de la Naci\u00f3n, logran la extinci\u00f3n del Derecho de Dominio de 2 viviendas.<\/p>\n<p>Este engranaje interinstitucional permiti\u00f3 adelantar investigaciones exhaustivas para recolectar elementos materiales probatorios que permitieran aplicar la Ley 1708 de 2014 de Extinci\u00f3n de Dominio, en dos viviendas ubicadas en la comuna 6 en el barrio Jos\u00e9 Antonio Gal\u00e1n y comuna 10 en el barrio La Amistad.<\/p>\n<p>Es as\u00ed, como estos inmuebles presuntamente hab\u00edan sido empleados para el almacenamiento y comercializaci\u00f3n de estupefacientes, siendo utilizados para actividades ilegales, los bienes objetos de las medidas cautelares quedan a disposici\u00f3n de la Sociedad de Activos Especiales SAE.<\/p>\n<p>Mediante la ocupaci\u00f3n y embargo de estos bienes, se evita que los inmuebles sean utilizados en actividades ilegales, impactando directamente el patrimonio y las finanzas criminales de los Grupos de delincuencia com\u00fan organizada, que se dedican a afectar la seguridad y salud de la sociedad.<\/p>\n","protected":false},"excerpt":{"rendered":"<p>En labores conjuntas, la Polic\u00eda Nacional y la Fiscal\u00eda General de la Naci\u00f3n, materializan medidas cautelares de suspensi\u00f3n, embargo y secuestro a dos bienes inmuebles.<\/p>\n","protected":false},"author":2,"featured_media":74925,"comment_status":"closed","ping_status":"open","sticky":false,"template":"","format":"standard","meta":{"footnotes":""},"categories":[29],"tags":[],"class_list":["post-74924","post","type-post","status-publish","format-standard","has-post-thumbnail","hentry","category-judicial"],"yoast_head":"<!-- This site is optimized with the Yoast SEO plugin v26.6 - https:\/\/yoast.com\/wordpress\/plugins\/seo\/ -->\n<title>Extinci\u00f3n de dominio sobre dos viviendas -<\/title>\n<meta name=\"description\" content=\"En labores conjuntas, la Polic\u00eda Nacional y la Fiscal\u00eda General de la Naci\u00f3n, materializan medidas cautelares de suspensi\u00f3n, embargo y secuestro a dos bienes inmuebles.\" \/>\n<meta name=\"robots\" content=\"index, follow, max-snippet:-1, max-image-preview:large, max-video-preview:-1\" \/>\n<link rel=\"canonical\" href=\"https:\/\/luchonoticias.com\/editor\/extincion-de-dominio-sobre-dos-viviendas\/\" \/>\n<meta property=\"og:locale\" content=\"es_ES\" \/>\n<meta property=\"og:type\" content=\"article\" \/>\n<meta property=\"og:title\" content=\"Extinci\u00f3n de dominio sobre dos viviendas -\" \/>\n<meta property=\"og:description\" content=\"En labores conjuntas, la Polic\u00eda Nacional y la Fiscal\u00eda General de la Naci\u00f3n, materializan medidas cautelares de suspensi\u00f3n, embargo y secuestro a dos bienes inmuebles.\" \/>\n<meta property=\"og:url\" content=\"https:\/\/luchonoticias.com\/editor\/extincion-de-dominio-sobre-dos-viviendas\/\" \/>\n<meta property=\"article:publisher\" content=\"https:\/\/www.facebook.com\/luchonoticiasneiva\" \/>\n<meta property=\"article:published_time\" content=\"2024-07-12T20:53:02+00:00\" \/>\n<meta property=\"og:image\" content=\"https:\/\/luchonoticias.com\/editor\/wp-content\/uploads\/2024\/07\/incautacion-casa.jpg\" \/>\n\t<meta property=\"og:image:width\" content=\"700\" \/>\n\t<meta property=\"og:image:height\" content=\"400\" \/>\n\t<meta property=\"og:image:type\" content=\"image\/jpeg\" \/>\n<meta name=\"author\" content=\"Editor General\" \/>\n<meta name=\"twitter:card\" content=\"summary_large_image\" \/>\n<meta name=\"twitter:label1\" content=\"Escrito por\" \/>\n\t<meta name=\"twitter:data1\" content=\"Editor General\" \/>\n\t<meta name=\"twitter:label2\" content=\"Tiempo de lectura\" \/>\n\t<meta name=\"twitter:data2\" content=\"1 minuto\" \/>\n<script type=\"application\/ld+json\" class=\"yoast-schema-graph\">{\"@context\":\"https:\/\/schema.org\",\"@graph\":[{\"@type\":\"Article\",\"@id\":\"https:\/\/luchonoticias.com\/editor\/extincion-de-dominio-sobre-dos-viviendas\/#article\",\"isPartOf\":{\"@id\":\"https:\/\/luchonoticias.com\/editor\/extincion-de-dominio-sobre-dos-viviendas\/\"},\"author\":{\"name\":\"Editor General\",\"@id\":\"https:\/\/luchonoticias.com\/editor\/#\/schema\/person\/29217990ddf6f14e35912b2866d591fb\"},\"headline\":\"Extinci\u00f3n de dominio sobre dos viviendas\",\"datePublished\":\"2024-07-12T20:53:02+00:00\",\"mainEntityOfPage\":{\"@id\":\"https:\/\/luchonoticias.com\/editor\/extincion-de-dominio-sobre-dos-viviendas\/\"},\"wordCount\":167,\"publisher\":{\"@id\":\"https:\/\/luchonoticias.com\/editor\/#\/schema\/person\/7a7fd911f58561fd056dbac7b55af9cd\"},\"image\":{\"@id\":\"https:\/\/luchonoticias.com\/editor\/extincion-de-dominio-sobre-dos-viviendas\/#primaryimage\"},\"thumbnailUrl\":\"https:\/\/luchonoticias.com\/editor\/wp-content\/uploads\/2024\/07\/incautacion-casa.jpg\",\"articleSection\":[\"Judicial\"],\"inLanguage\":\"es\"},{\"@type\":\"WebPage\",\"@id\":\"https:\/\/luchonoticias.com\/editor\/extincion-de-dominio-sobre-dos-viviendas\/\",\"url\":\"https:\/\/luchonoticias.com\/editor\/extincion-de-dominio-sobre-dos-viviendas\/\",\"name\":\"Extinci\u00f3n de dominio sobre dos viviendas -\",\"isPartOf\":{\"@id\":\"https:\/\/luchonoticias.com\/editor\/#website\"},\"primaryImageOfPage\":{\"@id\":\"https:\/\/luchonoticias.com\/editor\/extincion-de-dominio-sobre-dos-viviendas\/#primaryimage\"},\"image\":{\"@id\":\"https:\/\/luchonoticias.com\/editor\/extincion-de-dominio-sobre-dos-viviendas\/#primaryimage\"},\"thumbnailUrl\":\"https:\/\/luchonoticias.com\/editor\/wp-content\/uploads\/2024\/07\/incautacion-casa.jpg\",\"datePublished\":\"2024-07-12T20:53:02+00:00\",\"description\":\"En labores conjuntas, la Polic\u00eda Nacional y la Fiscal\u00eda General de la Naci\u00f3n, materializan medidas cautelares de suspensi\u00f3n, embargo y secuestro a dos bienes inmuebles.\",\"breadcrumb\":{\"@id\":\"https:\/\/luchonoticias.com\/editor\/extincion-de-dominio-sobre-dos-viviendas\/#breadcrumb\"},\"inLanguage\":\"es\",\"potentialAction\":[{\"@type\":\"ReadAction\",\"target\":[\"https:\/\/luchonoticias.com\/editor\/extincion-de-dominio-sobre-dos-viviendas\/\"]}]},{\"@type\":\"ImageObject\",\"inLanguage\":\"es\",\"@id\":\"https:\/\/luchonoticias.com\/editor\/extincion-de-dominio-sobre-dos-viviendas\/#primaryimage\",\"url\":\"https:\/\/luchonoticias.com\/editor\/wp-content\/uploads\/2024\/07\/incautacion-casa.jpg\",\"contentUrl\":\"https:\/\/luchonoticias.com\/editor\/wp-content\/uploads\/2024\/07\/incautacion-casa.jpg\",\"width\":700,\"height\":400},{\"@type\":\"BreadcrumbList\",\"@id\":\"https:\/\/luchonoticias.com\/editor\/extincion-de-dominio-sobre-dos-viviendas\/#breadcrumb\",\"itemListElement\":[{\"@type\":\"ListItem\",\"position\":1,\"name\":\"Portada\",\"item\":\"https:\/\/luchonoticias.com\/editor\/\"},{\"@type\":\"ListItem\",\"position\":2,\"name\":\"Extinci\u00f3n de dominio sobre dos viviendas\"}]},{\"@type\":\"WebSite\",\"@id\":\"https:\/\/luchonoticias.com\/editor\/#website\",\"url\":\"https:\/\/luchonoticias.com\/editor\/\",\"name\":\"\",\"description\":\"\",\"publisher\":{\"@id\":\"https:\/\/luchonoticias.com\/editor\/#\/schema\/person\/7a7fd911f58561fd056dbac7b55af9cd\"},\"potentialAction\":[{\"@type\":\"SearchAction\",\"target\":{\"@type\":\"EntryPoint\",\"urlTemplate\":\"https:\/\/luchonoticias.com\/editor\/?s={search_term_string}\"},\"query-input\":{\"@type\":\"PropertyValueSpecification\",\"valueRequired\":true,\"valueName\":\"search_term_string\"}}],\"inLanguage\":\"es\"},{\"@type\":[\"Person\",\"Organization\"],\"@id\":\"https:\/\/luchonoticias.com\/editor\/#\/schema\/person\/7a7fd911f58561fd056dbac7b55af9cd\",\"name\":\"admin\",\"image\":{\"@type\":\"ImageObject\",\"inLanguage\":\"es\",\"@id\":\"https:\/\/luchonoticias.com\/editor\/#\/schema\/person\/image\/\",\"url\":\"https:\/\/luchonoticias.com\/editor\/wp-content\/uploads\/2024\/02\/cropped-cropped-logolu.webp\",\"contentUrl\":\"https:\/\/luchonoticias.com\/editor\/wp-content\/uploads\/2024\/02\/cropped-cropped-logolu.webp\",\"width\":382,\"height\":170,\"caption\":\"admin\"},\"logo\":{\"@id\":\"https:\/\/luchonoticias.com\/editor\/#\/schema\/person\/image\/\"},\"sameAs\":[\"https:\/\/www.facebook.com\/luchonoticiasneiva\"]},{\"@type\":\"Person\",\"@id\":\"https:\/\/luchonoticias.com\/editor\/#\/schema\/person\/29217990ddf6f14e35912b2866d591fb\",\"name\":\"Editor General\",\"image\":{\"@type\":\"ImageObject\",\"inLanguage\":\"es\",\"@id\":\"https:\/\/luchonoticias.com\/editor\/#\/schema\/person\/image\/\",\"url\":\"https:\/\/luchonoticias.com\/editor\/wp-content\/uploads\/2024\/02\/cropped-cropped-logolu-150x150.webp\",\"contentUrl\":\"https:\/\/luchonoticias.com\/editor\/wp-content\/uploads\/2024\/02\/cropped-cropped-logolu-150x150.webp\",\"caption\":\"Editor General\"},\"sameAs\":[\"https:\/\/luchonoticias.com\/\"],\"url\":\"https:\/\/luchonoticias.com\/editor\/author\/editor-general\/\"}]}<\/script>\n<!-- \/ Yoast SEO plugin. -->","yoast_head_json":{"title":"Extinci\u00f3n de dominio sobre dos viviendas -","description":"En labores conjuntas, la Polic\u00eda Nacional y la Fiscal\u00eda General de la Naci\u00f3n, materializan medidas cautelares de suspensi\u00f3n, embargo y secuestro a dos bienes inmuebles.","robots":{"index":"index","follow":"follow","max-snippet":"max-snippet:-1","max-image-preview":"max-image-preview:large","max-video-preview":"max-video-preview:-1"},"canonical":"https:\/\/luchonoticias.com\/editor\/extincion-de-dominio-sobre-dos-viviendas\/","og_locale":"es_ES","og_type":"article","og_title":"Extinci\u00f3n de dominio sobre dos viviendas -","og_description":"En labores conjuntas, la Polic\u00eda Nacional y la Fiscal\u00eda General de la Naci\u00f3n, materializan medidas cautelares de suspensi\u00f3n, embargo y secuestro a dos bienes inmuebles.","og_url":"https:\/\/luchonoticias.com\/editor\/extincion-de-dominio-sobre-dos-viviendas\/","article_publisher":"https:\/\/www.facebook.com\/luchonoticiasneiva","article_published_time":"2024-07-12T20:53:02+00:00","og_image":[{"width":700,"height":400,"url":"https:\/\/luchonoticias.com\/editor\/wp-content\/uploads\/2024\/07\/incautacion-casa.jpg","type":"image\/jpeg"}],"author":"Editor General","twitter_card":"summary_large_image","twitter_misc":{"Escrito por":"Editor General","Tiempo de lectura":"1 minuto"},"schema":{"@context":"https:\/\/schema.org","@graph":[{"@type":"Article","@id":"https:\/\/luchonoticias.com\/editor\/extincion-de-dominio-sobre-dos-viviendas\/#article","isPartOf":{"@id":"https:\/\/luchonoticias.com\/editor\/extincion-de-dominio-sobre-dos-viviendas\/"},"author":{"name":"Editor General","@id":"https:\/\/luchonoticias.com\/editor\/#\/schema\/person\/29217990ddf6f14e35912b2866d591fb"},"headline":"Extinci\u00f3n de dominio sobre dos viviendas","datePublished":"2024-07-12T20:53:02+00:00","mainEntityOfPage":{"@id":"https:\/\/luchonoticias.com\/editor\/extincion-de-dominio-sobre-dos-viviendas\/"},"wordCount":167,"publisher":{"@id":"https:\/\/luchonoticias.com\/editor\/#\/schema\/person\/7a7fd911f58561fd056dbac7b55af9cd"},"image":{"@id":"https:\/\/luchonoticias.com\/editor\/extincion-de-dominio-sobre-dos-viviendas\/#primaryimage"},"thumbnailUrl":"https:\/\/luchonoticias.com\/editor\/wp-content\/uploads\/2024\/07\/incautacion-casa.jpg","articleSection":["Judicial"],"inLanguage":"es"},{"@type":"WebPage","@id":"https:\/\/luchonoticias.com\/editor\/extincion-de-dominio-sobre-dos-viviendas\/","url":"https:\/\/luchonoticias.com\/editor\/extincion-de-dominio-sobre-dos-viviendas\/","name":"Extinci\u00f3n de dominio sobre dos viviendas -","isPartOf":{"@id":"https:\/\/luchonoticias.com\/editor\/#website"},"primaryImageOfPage":{"@id":"https:\/\/luchonoticias.com\/editor\/extincion-de-dominio-sobre-dos-viviendas\/#primaryimage"},"image":{"@id":"https:\/\/luchonoticias.com\/editor\/extincion-de-dominio-sobre-dos-viviendas\/#primaryimage"},"thumbnailUrl":"https:\/\/luchonoticias.com\/editor\/wp-content\/uploads\/2024\/07\/incautacion-casa.jpg","datePublished":"2024-07-12T20:53:02+00:00","description":"En labores conjuntas, la Polic\u00eda Nacional y la Fiscal\u00eda General de la Naci\u00f3n, materializan medidas cautelares de suspensi\u00f3n, embargo y secuestro a dos bienes inmuebles.","breadcrumb":{"@id":"https:\/\/luchonoticias.com\/editor\/extincion-de-dominio-sobre-dos-viviendas\/#breadcrumb"},"inLanguage":"es","potentialAction":[{"@type":"ReadAction","target":["https:\/\/luchonoticias.com\/editor\/extincion-de-dominio-sobre-dos-viviendas\/"]}]},{"@type":"ImageObject","inLanguage":"es","@id":"https:\/\/luchonoticias.com\/editor\/extincion-de-dominio-sobre-dos-viviendas\/#primaryimage","url":"https:\/\/luchonoticias.com\/editor\/wp-content\/uploads\/2024\/07\/incautacion-casa.jpg","contentUrl":"https:\/\/luchonoticias.com\/editor\/wp-content\/uploads\/2024\/07\/incautacion-casa.jpg","width":700,"height":400},{"@type":"BreadcrumbList","@id":"https:\/\/luchonoticias.com\/editor\/extincion-de-dominio-sobre-dos-viviendas\/#breadcrumb","itemListElement":[{"@type":"ListItem","position":1,"name":"Portada","item":"https:\/\/luchonoticias.com\/editor\/"},{"@type":"ListItem","position":2,"name":"Extinci\u00f3n de dominio sobre dos viviendas"}]},{"@type":"WebSite","@id":"https:\/\/luchonoticias.com\/editor\/#website","url":"https:\/\/luchonoticias.com\/editor\/","name":"","description":"","publisher":{"@id":"https:\/\/luchonoticias.com\/editor\/#\/schema\/person\/7a7fd911f58561fd056dbac7b55af9cd"},"potentialAction":[{"@type":"SearchAction","target":{"@type":"EntryPoint","urlTemplate":"https:\/\/luchonoticias.com\/editor\/?s={search_term_string}"},"query-input":{"@type":"PropertyValueSpecification","valueRequired":true,"valueName":"search_term_string"}}],"inLanguage":"es"},{"@type":["Person","Organization"],"@id":"https:\/\/luchonoticias.com\/editor\/#\/schema\/person\/7a7fd911f58561fd056dbac7b55af9cd","name":"admin","image":{"@type":"ImageObject","inLanguage":"es","@id":"https:\/\/luchonoticias.com\/editor\/#\/schema\/person\/image\/","url":"https:\/\/luchonoticias.com\/editor\/wp-content\/uploads\/2024\/02\/cropped-cropped-logolu.webp","contentUrl":"https:\/\/luchonoticias.com\/editor\/wp-content\/uploads\/2024\/02\/cropped-cropped-logolu.webp","width":382,"height":170,"caption":"admin"},"logo":{"@id":"https:\/\/luchonoticias.com\/editor\/#\/schema\/person\/image\/"},"sameAs":["https:\/\/www.facebook.com\/luchonoticiasneiva"]},{"@type":"Person","@id":"https:\/\/luchonoticias.com\/editor\/#\/schema\/person\/29217990ddf6f14e35912b2866d591fb","name":"Editor General","image":{"@type":"ImageObject","inLanguage":"es","@id":"https:\/\/luchonoticias.com\/editor\/#\/schema\/person\/image\/","url":"https:\/\/luchonoticias.com\/editor\/wp-content\/uploads\/2024\/02\/cropped-cropped-logolu-150x150.webp","contentUrl":"https:\/\/luchonoticias.com\/editor\/wp-content\/uploads\/2024\/02\/cropped-cropped-logolu-150x150.webp","caption":"Editor General"},"sameAs":["https:\/\/luchonoticias.com\/"],"url":"https:\/\/luchonoticias.com\/editor\/author\/editor-general\/"}]}},"_links":{"self":[{"href":"https:\/\/luchonoticias.com\/editor\/wp-json\/wp\/v2\/posts\/74924","targetHints":{"allow":["GET"]}}],"collection":[{"href":"https:\/\/luchonoticias.com\/editor\/wp-json\/wp\/v2\/posts"}],"about":[{"href":"https:\/\/luchonoticias.com\/editor\/wp-json\/wp\/v2\/types\/post"}],"author":[{"embeddable":true,"href":"https:\/\/luchonoticias.com\/editor\/wp-json\/wp\/v2\/users\/2"}],"replies":[{"embeddable":true,"href":"https:\/\/luchonoticias.com\/editor\/wp-json\/wp\/v2\/comments?post=74924"}],"version-history":[{"count":1,"href":"https:\/\/luchonoticias.com\/editor\/wp-json\/wp\/v2\/posts\/74924\/revisions"}],"predecessor-version":[{"id":74926,"href":"https:\/\/luchonoticias.com\/editor\/wp-json\/wp\/v2\/posts\/74924\/revisions\/74926"}],"wp:featuredmedia":[{"embeddable":true,"href":"https:\/\/luchonoticias.com\/editor\/wp-json\/wp\/v2\/media\/74925"}],"wp:attachment":[{"href":"https:\/\/luchonoticias.com\/editor\/wp-json\/wp\/v2\/media?parent=74924"}],"wp:term":[{"taxonomy":"category","embeddable":true,"href":"https:\/\/luchonoticias.com\/editor\/wp-json\/wp\/v2\/categories?post=74924"},{"taxonomy":"post_tag","embeddable":true,"href":"https:\/\/luchonoticias.com\/editor\/wp-json\/wp\/v2\/tags?post=74924"}],"curies":[{"name":"wp","href":"https:\/\/api.w.org\/{rel}","templated":true}]}}