{"id":74927,"date":"2024-07-12T18:40:27","date_gmt":"2024-07-12T23:40:27","guid":{"rendered":"https:\/\/luchonoticias.com\/?p=74927"},"modified":"2024-07-12T18:40:27","modified_gmt":"2024-07-12T23:40:27","slug":"lanzamiento-de-escuela-de-mujeres-en-neiva","status":"publish","type":"post","link":"https:\/\/luchonoticias.com\/editor\/lanzamiento-de-escuela-de-mujeres-en-neiva\/","title":{"rendered":"Lanzamiento de Escuela de Mujeres en Neiva"},"content":{"rendered":"<p>En el auditorio de la ESAP se realiz\u00f3 el lanzamiento de la escuela de liderazgo dirigida a mujeres del Municipio, una iniciativa que busca fortalecer los liderazgos femeninos y dignificar el rol significativo de las mujeres en el \u00e1mbito social-comunitario y del servicio p\u00fablico, por tal motivo la Secretar\u00eda de la Mujer, Infancia y Adolescencia a trav\u00e9s del Programa de la Mujer y Equidad de G\u00e9nero, en alianza con la ESAP se gestion\u00f3 dicha estrategia de formaci\u00f3n acad\u00e9mica.<\/p>\n<p>\u201cGracias a la articulaci\u00f3n y el apoyo de la ESAP, hoy hacemos el lanzamiento de la Escuela de Empoderamiento y Participaci\u00f3n para las Mujeres, Potencia del Cambio, donde se busca empoderar a las mujeres en todos los temas de derechos humanos, en todos los temas de autocontrol emocional, lo que tiene que ver con g\u00e9nero para que ellas en su empoderamiento en liderazgo puedan incursionar en espacios pol\u00edticos, sociales, culturales, que adem\u00e1s de empoderarlas tambi\u00e9n les otorgue la capacidad de decir lo que piensan y de garantizar sus propios derechos\u201d, expres\u00f3 Clara Eugenia Pe\u00f1a, secretaria de la Mujer, Infancia y Adolescencia.<\/p>\n<p>La Escuela de Mujeres Potencia del Cambio cuenta con tres pilares: Participaci\u00f3n, Empoderamiento y Liderazgo. Ser\u00e1 desarrollada a partir de seminarios presenciales que ser\u00e1n certificados por la Escuela Superior de Administraci\u00f3n P\u00fablica, un espacio de formaci\u00f3n pensado para la mujer neivana.<\/p>\n<p>\u201cHemos hecho una gesti\u00f3n importante de alianza entre el Alcald\u00eda de Neiva y la Escuela Superior de Administraci\u00f3n P\u00fablica para fortalecer las habilidades de las mujeres en liderazgo, participaci\u00f3n, empoderamiento, y que puedan ser parte de estos ciclos de capacitaci\u00f3n y todas podamos ser juntas Mujeres Potencia del Cambio\u201d, afirm\u00f3 Lorena Alfonso Rodr\u00edguez, L\u00edder de la Escuela Mujeres Potencia del Cambio de la ESAP.<\/p>\n<p>Cabe reiterar que esta escuela de liderazgo busca promover que las mujeres del municipio conquisten espacios en la escena p\u00fablica, cultural, social entre otros. All\u00ed una de las asistentes al evento celebr\u00f3 dicha alianza que beneficia a las mujeres.<\/p>\n<p>\u201cMe pareci\u00f3 muy excelente, de verdad esa alianza de la ESAP con la Alcald\u00eda, y esperamos que todas estas mujeres que hab\u00edamos aqu\u00ed, mujeres empoderadas sigamos capacit\u00e1ndonos para as\u00ed todas esas capacitaciones que recibimos difundirlas en nuestras comunidades y en los diferentes sectores en donde estemos\u201d, manifest\u00f3 Blanca Myriam Su\u00e1rez Bustos, presidenta Club de Ama de Casa.<\/p>\n<p>Es importante destacar que es gratuita su inscripci\u00f3n, se debe cumplir con el 80% de asistencia a cada una de las capacitaciones seg\u00fan las horas programadas, firmar los registros de asistencia por cada jornada y registrarse en la plataforma SIRECEC 4.0, para ello se compartir\u00e1 un link para que puedan ser parte de la escuela.<\/p>\n","protected":false},"excerpt":{"rendered":"<p>La Secretar\u00eda de la Mujer, Infancia y Adolescencia en articulaci\u00f3n con la Escuela Superior de Administraci\u00f3n P\u00fablica (ESAP), realiz\u00f3 el lanzamiento de la escuela con el prop\u00f3sito de fortalecer el rol femenino en la sociedad.<\/p>\n","protected":false},"author":2,"featured_media":74928,"comment_status":"closed","ping_status":"open","sticky":false,"template":"","format":"standard","meta":{"footnotes":""},"categories":[31],"tags":[],"class_list":["post-74927","post","type-post","status-publish","format-standard","has-post-thumbnail","hentry","category-local"],"yoast_head":"<!-- This site is optimized with the Yoast SEO plugin v26.6 - https:\/\/yoast.com\/wordpress\/plugins\/seo\/ -->\n<title>Lanzamiento de Escuela de Mujeres en Neiva -<\/title>\n<meta name=\"description\" content=\"La Secretar\u00eda de la Mujer, Infancia y Adolescencia en articulaci\u00f3n con la Escuela Superior de Administraci\u00f3n P\u00fablica (ESAP), realiz\u00f3 el lanzamiento de la escuela con el prop\u00f3sito de fortalecer el rol femenino en la sociedad.\" \/>\n<meta name=\"robots\" content=\"index, follow, max-snippet:-1, max-image-preview:large, max-video-preview:-1\" \/>\n<link rel=\"canonical\" href=\"https:\/\/luchonoticias.com\/editor\/lanzamiento-de-escuela-de-mujeres-en-neiva\/\" \/>\n<meta property=\"og:locale\" content=\"es_ES\" \/>\n<meta property=\"og:type\" content=\"article\" \/>\n<meta property=\"og:title\" content=\"Lanzamiento de Escuela de Mujeres en Neiva -\" \/>\n<meta property=\"og:description\" content=\"La Secretar\u00eda de la Mujer, Infancia y Adolescencia en articulaci\u00f3n con la Escuela Superior de Administraci\u00f3n P\u00fablica (ESAP), realiz\u00f3 el lanzamiento de la escuela con el prop\u00f3sito de fortalecer el rol femenino en la sociedad.\" \/>\n<meta property=\"og:url\" content=\"https:\/\/luchonoticias.com\/editor\/lanzamiento-de-escuela-de-mujeres-en-neiva\/\" \/>\n<meta property=\"article:publisher\" content=\"https:\/\/www.facebook.com\/luchonoticiasneiva\" \/>\n<meta property=\"article:published_time\" content=\"2024-07-12T23:40:27+00:00\" \/>\n<meta property=\"og:image\" content=\"https:\/\/luchonoticias.com\/editor\/wp-content\/uploads\/2024\/07\/escuela-de-mujeres.jpg\" \/>\n\t<meta property=\"og:image:width\" content=\"700\" \/>\n\t<meta property=\"og:image:height\" content=\"400\" \/>\n\t<meta property=\"og:image:type\" content=\"image\/jpeg\" \/>\n<meta name=\"author\" content=\"Editor General\" \/>\n<meta name=\"twitter:card\" content=\"summary_large_image\" \/>\n<meta name=\"twitter:label1\" content=\"Escrito por\" \/>\n\t<meta name=\"twitter:data1\" content=\"Editor General\" \/>\n\t<meta name=\"twitter:label2\" content=\"Tiempo de lectura\" \/>\n\t<meta name=\"twitter:data2\" content=\"3 minutos\" \/>\n<script type=\"application\/ld+json\" class=\"yoast-schema-graph\">{\"@context\":\"https:\/\/schema.org\",\"@graph\":[{\"@type\":\"Article\",\"@id\":\"https:\/\/luchonoticias.com\/editor\/lanzamiento-de-escuela-de-mujeres-en-neiva\/#article\",\"isPartOf\":{\"@id\":\"https:\/\/luchonoticias.com\/editor\/lanzamiento-de-escuela-de-mujeres-en-neiva\/\"},\"author\":{\"name\":\"Editor General\",\"@id\":\"https:\/\/luchonoticias.com\/editor\/#\/schema\/person\/29217990ddf6f14e35912b2866d591fb\"},\"headline\":\"Lanzamiento de Escuela de Mujeres en Neiva\",\"datePublished\":\"2024-07-12T23:40:27+00:00\",\"mainEntityOfPage\":{\"@id\":\"https:\/\/luchonoticias.com\/editor\/lanzamiento-de-escuela-de-mujeres-en-neiva\/\"},\"wordCount\":473,\"publisher\":{\"@id\":\"https:\/\/luchonoticias.com\/editor\/#\/schema\/person\/7a7fd911f58561fd056dbac7b55af9cd\"},\"image\":{\"@id\":\"https:\/\/luchonoticias.com\/editor\/lanzamiento-de-escuela-de-mujeres-en-neiva\/#primaryimage\"},\"thumbnailUrl\":\"https:\/\/luchonoticias.com\/editor\/wp-content\/uploads\/2024\/07\/escuela-de-mujeres.jpg\",\"articleSection\":[\"Local\"],\"inLanguage\":\"es\"},{\"@type\":\"WebPage\",\"@id\":\"https:\/\/luchonoticias.com\/editor\/lanzamiento-de-escuela-de-mujeres-en-neiva\/\",\"url\":\"https:\/\/luchonoticias.com\/editor\/lanzamiento-de-escuela-de-mujeres-en-neiva\/\",\"name\":\"Lanzamiento de Escuela de Mujeres en Neiva -\",\"isPartOf\":{\"@id\":\"https:\/\/luchonoticias.com\/editor\/#website\"},\"primaryImageOfPage\":{\"@id\":\"https:\/\/luchonoticias.com\/editor\/lanzamiento-de-escuela-de-mujeres-en-neiva\/#primaryimage\"},\"image\":{\"@id\":\"https:\/\/luchonoticias.com\/editor\/lanzamiento-de-escuela-de-mujeres-en-neiva\/#primaryimage\"},\"thumbnailUrl\":\"https:\/\/luchonoticias.com\/editor\/wp-content\/uploads\/2024\/07\/escuela-de-mujeres.jpg\",\"datePublished\":\"2024-07-12T23:40:27+00:00\",\"description\":\"La Secretar\u00eda de la Mujer, Infancia y Adolescencia en articulaci\u00f3n con la Escuela Superior de Administraci\u00f3n P\u00fablica (ESAP), realiz\u00f3 el lanzamiento de la escuela con el prop\u00f3sito de fortalecer el rol femenino en la sociedad.\",\"breadcrumb\":{\"@id\":\"https:\/\/luchonoticias.com\/editor\/lanzamiento-de-escuela-de-mujeres-en-neiva\/#breadcrumb\"},\"inLanguage\":\"es\",\"potentialAction\":[{\"@type\":\"ReadAction\",\"target\":[\"https:\/\/luchonoticias.com\/editor\/lanzamiento-de-escuela-de-mujeres-en-neiva\/\"]}]},{\"@type\":\"ImageObject\",\"inLanguage\":\"es\",\"@id\":\"https:\/\/luchonoticias.com\/editor\/lanzamiento-de-escuela-de-mujeres-en-neiva\/#primaryimage\",\"url\":\"https:\/\/luchonoticias.com\/editor\/wp-content\/uploads\/2024\/07\/escuela-de-mujeres.jpg\",\"contentUrl\":\"https:\/\/luchonoticias.com\/editor\/wp-content\/uploads\/2024\/07\/escuela-de-mujeres.jpg\",\"width\":700,\"height\":400},{\"@type\":\"BreadcrumbList\",\"@id\":\"https:\/\/luchonoticias.com\/editor\/lanzamiento-de-escuela-de-mujeres-en-neiva\/#breadcrumb\",\"itemListElement\":[{\"@type\":\"ListItem\",\"position\":1,\"name\":\"Portada\",\"item\":\"https:\/\/luchonoticias.com\/editor\/\"},{\"@type\":\"ListItem\",\"position\":2,\"name\":\"Lanzamiento de Escuela de Mujeres en Neiva\"}]},{\"@type\":\"WebSite\",\"@id\":\"https:\/\/luchonoticias.com\/editor\/#website\",\"url\":\"https:\/\/luchonoticias.com\/editor\/\",\"name\":\"\",\"description\":\"\",\"publisher\":{\"@id\":\"https:\/\/luchonoticias.com\/editor\/#\/schema\/person\/7a7fd911f58561fd056dbac7b55af9cd\"},\"potentialAction\":[{\"@type\":\"SearchAction\",\"target\":{\"@type\":\"EntryPoint\",\"urlTemplate\":\"https:\/\/luchonoticias.com\/editor\/?s={search_term_string}\"},\"query-input\":{\"@type\":\"PropertyValueSpecification\",\"valueRequired\":true,\"valueName\":\"search_term_string\"}}],\"inLanguage\":\"es\"},{\"@type\":[\"Person\",\"Organization\"],\"@id\":\"https:\/\/luchonoticias.com\/editor\/#\/schema\/person\/7a7fd911f58561fd056dbac7b55af9cd\",\"name\":\"admin\",\"image\":{\"@type\":\"ImageObject\",\"inLanguage\":\"es\",\"@id\":\"https:\/\/luchonoticias.com\/editor\/#\/schema\/person\/image\/\",\"url\":\"https:\/\/luchonoticias.com\/editor\/wp-content\/uploads\/2024\/02\/cropped-cropped-logolu.webp\",\"contentUrl\":\"https:\/\/luchonoticias.com\/editor\/wp-content\/uploads\/2024\/02\/cropped-cropped-logolu.webp\",\"width\":382,\"height\":170,\"caption\":\"admin\"},\"logo\":{\"@id\":\"https:\/\/luchonoticias.com\/editor\/#\/schema\/person\/image\/\"},\"sameAs\":[\"https:\/\/www.facebook.com\/luchonoticiasneiva\"]},{\"@type\":\"Person\",\"@id\":\"https:\/\/luchonoticias.com\/editor\/#\/schema\/person\/29217990ddf6f14e35912b2866d591fb\",\"name\":\"Editor General\",\"image\":{\"@type\":\"ImageObject\",\"inLanguage\":\"es\",\"@id\":\"https:\/\/luchonoticias.com\/editor\/#\/schema\/person\/image\/\",\"url\":\"https:\/\/luchonoticias.com\/editor\/wp-content\/uploads\/2024\/02\/cropped-cropped-logolu-150x150.webp\",\"contentUrl\":\"https:\/\/luchonoticias.com\/editor\/wp-content\/uploads\/2024\/02\/cropped-cropped-logolu-150x150.webp\",\"caption\":\"Editor General\"},\"sameAs\":[\"https:\/\/luchonoticias.com\/\"],\"url\":\"https:\/\/luchonoticias.com\/editor\/author\/editor-general\/\"}]}<\/script>\n<!-- \/ Yoast SEO plugin. -->","yoast_head_json":{"title":"Lanzamiento de Escuela de Mujeres en Neiva -","description":"La Secretar\u00eda de la Mujer, Infancia y Adolescencia en articulaci\u00f3n con la Escuela Superior de Administraci\u00f3n P\u00fablica (ESAP), realiz\u00f3 el lanzamiento de la escuela con el prop\u00f3sito de fortalecer el rol femenino en la sociedad.","robots":{"index":"index","follow":"follow","max-snippet":"max-snippet:-1","max-image-preview":"max-image-preview:large","max-video-preview":"max-video-preview:-1"},"canonical":"https:\/\/luchonoticias.com\/editor\/lanzamiento-de-escuela-de-mujeres-en-neiva\/","og_locale":"es_ES","og_type":"article","og_title":"Lanzamiento de Escuela de Mujeres en Neiva -","og_description":"La Secretar\u00eda de la Mujer, Infancia y Adolescencia en articulaci\u00f3n con la Escuela Superior de Administraci\u00f3n P\u00fablica (ESAP), realiz\u00f3 el lanzamiento de la escuela con el prop\u00f3sito de fortalecer el rol femenino en la sociedad.","og_url":"https:\/\/luchonoticias.com\/editor\/lanzamiento-de-escuela-de-mujeres-en-neiva\/","article_publisher":"https:\/\/www.facebook.com\/luchonoticiasneiva","article_published_time":"2024-07-12T23:40:27+00:00","og_image":[{"width":700,"height":400,"url":"https:\/\/luchonoticias.com\/editor\/wp-content\/uploads\/2024\/07\/escuela-de-mujeres.jpg","type":"image\/jpeg"}],"author":"Editor General","twitter_card":"summary_large_image","twitter_misc":{"Escrito por":"Editor General","Tiempo de lectura":"3 minutos"},"schema":{"@context":"https:\/\/schema.org","@graph":[{"@type":"Article","@id":"https:\/\/luchonoticias.com\/editor\/lanzamiento-de-escuela-de-mujeres-en-neiva\/#article","isPartOf":{"@id":"https:\/\/luchonoticias.com\/editor\/lanzamiento-de-escuela-de-mujeres-en-neiva\/"},"author":{"name":"Editor General","@id":"https:\/\/luchonoticias.com\/editor\/#\/schema\/person\/29217990ddf6f14e35912b2866d591fb"},"headline":"Lanzamiento de Escuela de Mujeres en Neiva","datePublished":"2024-07-12T23:40:27+00:00","mainEntityOfPage":{"@id":"https:\/\/luchonoticias.com\/editor\/lanzamiento-de-escuela-de-mujeres-en-neiva\/"},"wordCount":473,"publisher":{"@id":"https:\/\/luchonoticias.com\/editor\/#\/schema\/person\/7a7fd911f58561fd056dbac7b55af9cd"},"image":{"@id":"https:\/\/luchonoticias.com\/editor\/lanzamiento-de-escuela-de-mujeres-en-neiva\/#primaryimage"},"thumbnailUrl":"https:\/\/luchonoticias.com\/editor\/wp-content\/uploads\/2024\/07\/escuela-de-mujeres.jpg","articleSection":["Local"],"inLanguage":"es"},{"@type":"WebPage","@id":"https:\/\/luchonoticias.com\/editor\/lanzamiento-de-escuela-de-mujeres-en-neiva\/","url":"https:\/\/luchonoticias.com\/editor\/lanzamiento-de-escuela-de-mujeres-en-neiva\/","name":"Lanzamiento de Escuela de Mujeres en Neiva -","isPartOf":{"@id":"https:\/\/luchonoticias.com\/editor\/#website"},"primaryImageOfPage":{"@id":"https:\/\/luchonoticias.com\/editor\/lanzamiento-de-escuela-de-mujeres-en-neiva\/#primaryimage"},"image":{"@id":"https:\/\/luchonoticias.com\/editor\/lanzamiento-de-escuela-de-mujeres-en-neiva\/#primaryimage"},"thumbnailUrl":"https:\/\/luchonoticias.com\/editor\/wp-content\/uploads\/2024\/07\/escuela-de-mujeres.jpg","datePublished":"2024-07-12T23:40:27+00:00","description":"La Secretar\u00eda de la Mujer, Infancia y Adolescencia en articulaci\u00f3n con la Escuela Superior de Administraci\u00f3n P\u00fablica (ESAP), realiz\u00f3 el lanzamiento de la escuela con el prop\u00f3sito de fortalecer el rol femenino en la sociedad.","breadcrumb":{"@id":"https:\/\/luchonoticias.com\/editor\/lanzamiento-de-escuela-de-mujeres-en-neiva\/#breadcrumb"},"inLanguage":"es","potentialAction":[{"@type":"ReadAction","target":["https:\/\/luchonoticias.com\/editor\/lanzamiento-de-escuela-de-mujeres-en-neiva\/"]}]},{"@type":"ImageObject","inLanguage":"es","@id":"https:\/\/luchonoticias.com\/editor\/lanzamiento-de-escuela-de-mujeres-en-neiva\/#primaryimage","url":"https:\/\/luchonoticias.com\/editor\/wp-content\/uploads\/2024\/07\/escuela-de-mujeres.jpg","contentUrl":"https:\/\/luchonoticias.com\/editor\/wp-content\/uploads\/2024\/07\/escuela-de-mujeres.jpg","width":700,"height":400},{"@type":"BreadcrumbList","@id":"https:\/\/luchonoticias.com\/editor\/lanzamiento-de-escuela-de-mujeres-en-neiva\/#breadcrumb","itemListElement":[{"@type":"ListItem","position":1,"name":"Portada","item":"https:\/\/luchonoticias.com\/editor\/"},{"@type":"ListItem","position":2,"name":"Lanzamiento de Escuela de Mujeres en Neiva"}]},{"@type":"WebSite","@id":"https:\/\/luchonoticias.com\/editor\/#website","url":"https:\/\/luchonoticias.com\/editor\/","name":"","description":"","publisher":{"@id":"https:\/\/luchonoticias.com\/editor\/#\/schema\/person\/7a7fd911f58561fd056dbac7b55af9cd"},"potentialAction":[{"@type":"SearchAction","target":{"@type":"EntryPoint","urlTemplate":"https:\/\/luchonoticias.com\/editor\/?s={search_term_string}"},"query-input":{"@type":"PropertyValueSpecification","valueRequired":true,"valueName":"search_term_string"}}],"inLanguage":"es"},{"@type":["Person","Organization"],"@id":"https:\/\/luchonoticias.com\/editor\/#\/schema\/person\/7a7fd911f58561fd056dbac7b55af9cd","name":"admin","image":{"@type":"ImageObject","inLanguage":"es","@id":"https:\/\/luchonoticias.com\/editor\/#\/schema\/person\/image\/","url":"https:\/\/luchonoticias.com\/editor\/wp-content\/uploads\/2024\/02\/cropped-cropped-logolu.webp","contentUrl":"https:\/\/luchonoticias.com\/editor\/wp-content\/uploads\/2024\/02\/cropped-cropped-logolu.webp","width":382,"height":170,"caption":"admin"},"logo":{"@id":"https:\/\/luchonoticias.com\/editor\/#\/schema\/person\/image\/"},"sameAs":["https:\/\/www.facebook.com\/luchonoticiasneiva"]},{"@type":"Person","@id":"https:\/\/luchonoticias.com\/editor\/#\/schema\/person\/29217990ddf6f14e35912b2866d591fb","name":"Editor General","image":{"@type":"ImageObject","inLanguage":"es","@id":"https:\/\/luchonoticias.com\/editor\/#\/schema\/person\/image\/","url":"https:\/\/luchonoticias.com\/editor\/wp-content\/uploads\/2024\/02\/cropped-cropped-logolu-150x150.webp","contentUrl":"https:\/\/luchonoticias.com\/editor\/wp-content\/uploads\/2024\/02\/cropped-cropped-logolu-150x150.webp","caption":"Editor General"},"sameAs":["https:\/\/luchonoticias.com\/"],"url":"https:\/\/luchonoticias.com\/editor\/author\/editor-general\/"}]}},"_links":{"self":[{"href":"https:\/\/luchonoticias.com\/editor\/wp-json\/wp\/v2\/posts\/74927","targetHints":{"allow":["GET"]}}],"collection":[{"href":"https:\/\/luchonoticias.com\/editor\/wp-json\/wp\/v2\/posts"}],"about":[{"href":"https:\/\/luchonoticias.com\/editor\/wp-json\/wp\/v2\/types\/post"}],"author":[{"embeddable":true,"href":"https:\/\/luchonoticias.com\/editor\/wp-json\/wp\/v2\/users\/2"}],"replies":[{"embeddable":true,"href":"https:\/\/luchonoticias.com\/editor\/wp-json\/wp\/v2\/comments?post=74927"}],"version-history":[{"count":1,"href":"https:\/\/luchonoticias.com\/editor\/wp-json\/wp\/v2\/posts\/74927\/revisions"}],"predecessor-version":[{"id":74929,"href":"https:\/\/luchonoticias.com\/editor\/wp-json\/wp\/v2\/posts\/74927\/revisions\/74929"}],"wp:featuredmedia":[{"embeddable":true,"href":"https:\/\/luchonoticias.com\/editor\/wp-json\/wp\/v2\/media\/74928"}],"wp:attachment":[{"href":"https:\/\/luchonoticias.com\/editor\/wp-json\/wp\/v2\/media?parent=74927"}],"wp:term":[{"taxonomy":"category","embeddable":true,"href":"https:\/\/luchonoticias.com\/editor\/wp-json\/wp\/v2\/categories?post=74927"},{"taxonomy":"post_tag","embeddable":true,"href":"https:\/\/luchonoticias.com\/editor\/wp-json\/wp\/v2\/tags?post=74927"}],"curies":[{"name":"wp","href":"https:\/\/api.w.org\/{rel}","templated":true}]}}