{"id":74934,"date":"2024-07-13T07:25:18","date_gmt":"2024-07-13T12:25:18","guid":{"rendered":"https:\/\/luchonoticias.com\/?p=74934"},"modified":"2024-07-13T07:25:18","modified_gmt":"2024-07-13T12:25:18","slug":"sector-de-lacteos-y-su-plan-de-accion","status":"publish","type":"post","link":"https:\/\/luchonoticias.com\/editor\/sector-de-lacteos-y-su-plan-de-accion\/","title":{"rendered":"Sector de l\u00e1cteos y su plan de acci\u00f3n"},"content":{"rendered":"<div>Desde la Mesa Nacional de Compras P\u00fablicas, el Ministerio de Agricultura y Desarrollo Rural lider\u00f3 cambios sustanciales para dinamizar el sector l\u00e1cteo y respaldar a los productores. Este paquete de medidas busca mitigar los impactos adversos promoviendo la compra e impulsando el consumo de leche de origen nacional.<\/div>\n<div><\/div>\n<div>La primera decisi\u00f3n es el ajuste a las minutas alimentarias por parte de las entidades estatales para priorizar la compra de leche y derivados de origen nacional como leche higienizada, quesos, yogur y kumis, entre otros. Adicionalmente, se contempla la entrega de leche cruda de origen nacional para consumo humano o preparaciones gastron\u00f3micas.<\/div>\n<div><\/div>\n<div>La viceministra de Asuntos Agropecuarios, Geidy Ortega, enfatiz\u00f3 que estas medidas reflejan el compromiso del Gobierno del Cambio por fortalecer la cadena l\u00e1ctea en todos sus eslabones. \u201cEn colaboraci\u00f3n con entidades como el ICBF, la Agencia Log\u00edstica de las Fuerzas Militares, la Unidad de Alimentos para Aprender y la Unidad de Servicios Penitenciarios y Carcelarios, se est\u00e1 impulsando la adquisici\u00f3n de leche higienizada, quesos, yogur y otros derivados l\u00e1cteos de origen nacional\u201d, expres\u00f3.<\/div>\n<div><\/div>\n<div>Como parte de la estrategia para el sector, MinAgricultura promovi\u00f3 el mecanismo de subasta p\u00fablica de leche en polvo, leche UHT, quesos madurados y frescos de origen nacional. Esta apuesta cuenta con recursos por $4.000 millones del Fondo de estabilizaci\u00f3n de Precios de Carne y Leche, y se realizan quincenalmente a trav\u00e9s de la Bolsa Mercantil de Colombia.<\/div>\n<div><\/div>\n<div>A la fecha se han comercializado 630 toneladas de leche en polvo y 53.568 litros de leche UHT. Para fortalecer esta operaci\u00f3n, el ministerio incluy\u00f3 por primera vez leche UHT, quesos madurados y frescos para que m\u00e1s productores y asociaciones tuvieran la oportunidad de participar en este proceso.<\/div>\n<div><\/div>\n<div>As\u00ed mismo, a trav\u00e9s del Fondo de Estabilizaci\u00f3n de Precios, la cartera promovi\u00f3 la asignaci\u00f3n de $7.200 millones con el fin de impulsar las exportaciones de leche en polvo. Este plan ha permitido que mil toneladas del producto lleguen a mercados internacionales.<\/div>\n","protected":false},"excerpt":{"rendered":"<p>En la Mesa de Compras P\u00fablicas se concert\u00f3 un ajuste en las fichas t\u00e9cnicas para que las entidades adquieran productos l\u00e1cteos de origen nacional.<\/p>\n","protected":false},"author":2,"featured_media":74935,"comment_status":"closed","ping_status":"open","sticky":false,"template":"","format":"standard","meta":{"footnotes":""},"categories":[28],"tags":[],"class_list":["post-74934","post","type-post","status-publish","format-standard","has-post-thumbnail","hentry","category-actualidad"],"yoast_head":"<!-- This site is optimized with the Yoast SEO plugin v26.6 - https:\/\/yoast.com\/wordpress\/plugins\/seo\/ -->\n<title>Sector de l\u00e1cteos y su plan de acci\u00f3n -<\/title>\n<meta name=\"description\" content=\"En la Mesa de Compras P\u00fablicas se concert\u00f3 un ajuste en las fichas t\u00e9cnicas para que las entidades adquieran productos l\u00e1cteos de origen nacional.\" \/>\n<meta name=\"robots\" content=\"index, follow, max-snippet:-1, max-image-preview:large, max-video-preview:-1\" \/>\n<link rel=\"canonical\" href=\"https:\/\/luchonoticias.com\/editor\/sector-de-lacteos-y-su-plan-de-accion\/\" \/>\n<meta property=\"og:locale\" content=\"es_ES\" \/>\n<meta property=\"og:type\" content=\"article\" \/>\n<meta property=\"og:title\" content=\"Sector de l\u00e1cteos y su plan de acci\u00f3n -\" \/>\n<meta property=\"og:description\" content=\"En la Mesa de Compras P\u00fablicas se concert\u00f3 un ajuste en las fichas t\u00e9cnicas para que las entidades adquieran productos l\u00e1cteos de origen nacional.\" \/>\n<meta property=\"og:url\" content=\"https:\/\/luchonoticias.com\/editor\/sector-de-lacteos-y-su-plan-de-accion\/\" \/>\n<meta property=\"article:publisher\" content=\"https:\/\/www.facebook.com\/luchonoticiasneiva\" \/>\n<meta property=\"article:published_time\" content=\"2024-07-13T12:25:18+00:00\" \/>\n<meta property=\"og:image\" content=\"https:\/\/luchonoticias.com\/editor\/wp-content\/uploads\/2024\/07\/lacteos.jpg\" \/>\n\t<meta property=\"og:image:width\" content=\"700\" \/>\n\t<meta property=\"og:image:height\" content=\"400\" \/>\n\t<meta property=\"og:image:type\" content=\"image\/jpeg\" \/>\n<meta name=\"author\" content=\"Editor General\" \/>\n<meta name=\"twitter:card\" content=\"summary_large_image\" \/>\n<meta name=\"twitter:label1\" content=\"Escrito por\" \/>\n\t<meta name=\"twitter:data1\" content=\"Editor General\" \/>\n\t<meta name=\"twitter:label2\" content=\"Tiempo de lectura\" \/>\n\t<meta name=\"twitter:data2\" content=\"2 minutos\" \/>\n<script type=\"application\/ld+json\" class=\"yoast-schema-graph\">{\"@context\":\"https:\/\/schema.org\",\"@graph\":[{\"@type\":\"Article\",\"@id\":\"https:\/\/luchonoticias.com\/editor\/sector-de-lacteos-y-su-plan-de-accion\/#article\",\"isPartOf\":{\"@id\":\"https:\/\/luchonoticias.com\/editor\/sector-de-lacteos-y-su-plan-de-accion\/\"},\"author\":{\"name\":\"Editor General\",\"@id\":\"https:\/\/luchonoticias.com\/editor\/#\/schema\/person\/29217990ddf6f14e35912b2866d591fb\"},\"headline\":\"Sector de l\u00e1cteos y su plan de acci\u00f3n\",\"datePublished\":\"2024-07-13T12:25:18+00:00\",\"mainEntityOfPage\":{\"@id\":\"https:\/\/luchonoticias.com\/editor\/sector-de-lacteos-y-su-plan-de-accion\/\"},\"wordCount\":345,\"publisher\":{\"@id\":\"https:\/\/luchonoticias.com\/editor\/#\/schema\/person\/7a7fd911f58561fd056dbac7b55af9cd\"},\"image\":{\"@id\":\"https:\/\/luchonoticias.com\/editor\/sector-de-lacteos-y-su-plan-de-accion\/#primaryimage\"},\"thumbnailUrl\":\"https:\/\/luchonoticias.com\/editor\/wp-content\/uploads\/2024\/07\/lacteos.jpg\",\"articleSection\":[\"Actualidad\"],\"inLanguage\":\"es\"},{\"@type\":\"WebPage\",\"@id\":\"https:\/\/luchonoticias.com\/editor\/sector-de-lacteos-y-su-plan-de-accion\/\",\"url\":\"https:\/\/luchonoticias.com\/editor\/sector-de-lacteos-y-su-plan-de-accion\/\",\"name\":\"Sector de l\u00e1cteos y su plan de acci\u00f3n -\",\"isPartOf\":{\"@id\":\"https:\/\/luchonoticias.com\/editor\/#website\"},\"primaryImageOfPage\":{\"@id\":\"https:\/\/luchonoticias.com\/editor\/sector-de-lacteos-y-su-plan-de-accion\/#primaryimage\"},\"image\":{\"@id\":\"https:\/\/luchonoticias.com\/editor\/sector-de-lacteos-y-su-plan-de-accion\/#primaryimage\"},\"thumbnailUrl\":\"https:\/\/luchonoticias.com\/editor\/wp-content\/uploads\/2024\/07\/lacteos.jpg\",\"datePublished\":\"2024-07-13T12:25:18+00:00\",\"description\":\"En la Mesa de Compras P\u00fablicas se concert\u00f3 un ajuste en las fichas t\u00e9cnicas para que las entidades adquieran productos l\u00e1cteos de origen nacional.\",\"breadcrumb\":{\"@id\":\"https:\/\/luchonoticias.com\/editor\/sector-de-lacteos-y-su-plan-de-accion\/#breadcrumb\"},\"inLanguage\":\"es\",\"potentialAction\":[{\"@type\":\"ReadAction\",\"target\":[\"https:\/\/luchonoticias.com\/editor\/sector-de-lacteos-y-su-plan-de-accion\/\"]}]},{\"@type\":\"ImageObject\",\"inLanguage\":\"es\",\"@id\":\"https:\/\/luchonoticias.com\/editor\/sector-de-lacteos-y-su-plan-de-accion\/#primaryimage\",\"url\":\"https:\/\/luchonoticias.com\/editor\/wp-content\/uploads\/2024\/07\/lacteos.jpg\",\"contentUrl\":\"https:\/\/luchonoticias.com\/editor\/wp-content\/uploads\/2024\/07\/lacteos.jpg\",\"width\":700,\"height\":400},{\"@type\":\"BreadcrumbList\",\"@id\":\"https:\/\/luchonoticias.com\/editor\/sector-de-lacteos-y-su-plan-de-accion\/#breadcrumb\",\"itemListElement\":[{\"@type\":\"ListItem\",\"position\":1,\"name\":\"Portada\",\"item\":\"https:\/\/luchonoticias.com\/editor\/\"},{\"@type\":\"ListItem\",\"position\":2,\"name\":\"Sector de l\u00e1cteos y su plan de acci\u00f3n\"}]},{\"@type\":\"WebSite\",\"@id\":\"https:\/\/luchonoticias.com\/editor\/#website\",\"url\":\"https:\/\/luchonoticias.com\/editor\/\",\"name\":\"\",\"description\":\"\",\"publisher\":{\"@id\":\"https:\/\/luchonoticias.com\/editor\/#\/schema\/person\/7a7fd911f58561fd056dbac7b55af9cd\"},\"potentialAction\":[{\"@type\":\"SearchAction\",\"target\":{\"@type\":\"EntryPoint\",\"urlTemplate\":\"https:\/\/luchonoticias.com\/editor\/?s={search_term_string}\"},\"query-input\":{\"@type\":\"PropertyValueSpecification\",\"valueRequired\":true,\"valueName\":\"search_term_string\"}}],\"inLanguage\":\"es\"},{\"@type\":[\"Person\",\"Organization\"],\"@id\":\"https:\/\/luchonoticias.com\/editor\/#\/schema\/person\/7a7fd911f58561fd056dbac7b55af9cd\",\"name\":\"admin\",\"image\":{\"@type\":\"ImageObject\",\"inLanguage\":\"es\",\"@id\":\"https:\/\/luchonoticias.com\/editor\/#\/schema\/person\/image\/\",\"url\":\"https:\/\/luchonoticias.com\/editor\/wp-content\/uploads\/2024\/02\/cropped-cropped-logolu.webp\",\"contentUrl\":\"https:\/\/luchonoticias.com\/editor\/wp-content\/uploads\/2024\/02\/cropped-cropped-logolu.webp\",\"width\":382,\"height\":170,\"caption\":\"admin\"},\"logo\":{\"@id\":\"https:\/\/luchonoticias.com\/editor\/#\/schema\/person\/image\/\"},\"sameAs\":[\"https:\/\/www.facebook.com\/luchonoticiasneiva\"]},{\"@type\":\"Person\",\"@id\":\"https:\/\/luchonoticias.com\/editor\/#\/schema\/person\/29217990ddf6f14e35912b2866d591fb\",\"name\":\"Editor General\",\"image\":{\"@type\":\"ImageObject\",\"inLanguage\":\"es\",\"@id\":\"https:\/\/luchonoticias.com\/editor\/#\/schema\/person\/image\/\",\"url\":\"https:\/\/luchonoticias.com\/editor\/wp-content\/uploads\/2024\/02\/cropped-cropped-logolu-150x150.webp\",\"contentUrl\":\"https:\/\/luchonoticias.com\/editor\/wp-content\/uploads\/2024\/02\/cropped-cropped-logolu-150x150.webp\",\"caption\":\"Editor General\"},\"sameAs\":[\"https:\/\/luchonoticias.com\/\"],\"url\":\"https:\/\/luchonoticias.com\/editor\/author\/editor-general\/\"}]}<\/script>\n<!-- \/ Yoast SEO plugin. -->","yoast_head_json":{"title":"Sector de l\u00e1cteos y su plan de acci\u00f3n -","description":"En la Mesa de Compras P\u00fablicas se concert\u00f3 un ajuste en las fichas t\u00e9cnicas para que las entidades adquieran productos l\u00e1cteos de origen nacional.","robots":{"index":"index","follow":"follow","max-snippet":"max-snippet:-1","max-image-preview":"max-image-preview:large","max-video-preview":"max-video-preview:-1"},"canonical":"https:\/\/luchonoticias.com\/editor\/sector-de-lacteos-y-su-plan-de-accion\/","og_locale":"es_ES","og_type":"article","og_title":"Sector de l\u00e1cteos y su plan de acci\u00f3n -","og_description":"En la Mesa de Compras P\u00fablicas se concert\u00f3 un ajuste en las fichas t\u00e9cnicas para que las entidades adquieran productos l\u00e1cteos de origen nacional.","og_url":"https:\/\/luchonoticias.com\/editor\/sector-de-lacteos-y-su-plan-de-accion\/","article_publisher":"https:\/\/www.facebook.com\/luchonoticiasneiva","article_published_time":"2024-07-13T12:25:18+00:00","og_image":[{"width":700,"height":400,"url":"https:\/\/luchonoticias.com\/editor\/wp-content\/uploads\/2024\/07\/lacteos.jpg","type":"image\/jpeg"}],"author":"Editor General","twitter_card":"summary_large_image","twitter_misc":{"Escrito por":"Editor General","Tiempo de lectura":"2 minutos"},"schema":{"@context":"https:\/\/schema.org","@graph":[{"@type":"Article","@id":"https:\/\/luchonoticias.com\/editor\/sector-de-lacteos-y-su-plan-de-accion\/#article","isPartOf":{"@id":"https:\/\/luchonoticias.com\/editor\/sector-de-lacteos-y-su-plan-de-accion\/"},"author":{"name":"Editor General","@id":"https:\/\/luchonoticias.com\/editor\/#\/schema\/person\/29217990ddf6f14e35912b2866d591fb"},"headline":"Sector de l\u00e1cteos y su plan de acci\u00f3n","datePublished":"2024-07-13T12:25:18+00:00","mainEntityOfPage":{"@id":"https:\/\/luchonoticias.com\/editor\/sector-de-lacteos-y-su-plan-de-accion\/"},"wordCount":345,"publisher":{"@id":"https:\/\/luchonoticias.com\/editor\/#\/schema\/person\/7a7fd911f58561fd056dbac7b55af9cd"},"image":{"@id":"https:\/\/luchonoticias.com\/editor\/sector-de-lacteos-y-su-plan-de-accion\/#primaryimage"},"thumbnailUrl":"https:\/\/luchonoticias.com\/editor\/wp-content\/uploads\/2024\/07\/lacteos.jpg","articleSection":["Actualidad"],"inLanguage":"es"},{"@type":"WebPage","@id":"https:\/\/luchonoticias.com\/editor\/sector-de-lacteos-y-su-plan-de-accion\/","url":"https:\/\/luchonoticias.com\/editor\/sector-de-lacteos-y-su-plan-de-accion\/","name":"Sector de l\u00e1cteos y su plan de acci\u00f3n -","isPartOf":{"@id":"https:\/\/luchonoticias.com\/editor\/#website"},"primaryImageOfPage":{"@id":"https:\/\/luchonoticias.com\/editor\/sector-de-lacteos-y-su-plan-de-accion\/#primaryimage"},"image":{"@id":"https:\/\/luchonoticias.com\/editor\/sector-de-lacteos-y-su-plan-de-accion\/#primaryimage"},"thumbnailUrl":"https:\/\/luchonoticias.com\/editor\/wp-content\/uploads\/2024\/07\/lacteos.jpg","datePublished":"2024-07-13T12:25:18+00:00","description":"En la Mesa de Compras P\u00fablicas se concert\u00f3 un ajuste en las fichas t\u00e9cnicas para que las entidades adquieran productos l\u00e1cteos de origen nacional.","breadcrumb":{"@id":"https:\/\/luchonoticias.com\/editor\/sector-de-lacteos-y-su-plan-de-accion\/#breadcrumb"},"inLanguage":"es","potentialAction":[{"@type":"ReadAction","target":["https:\/\/luchonoticias.com\/editor\/sector-de-lacteos-y-su-plan-de-accion\/"]}]},{"@type":"ImageObject","inLanguage":"es","@id":"https:\/\/luchonoticias.com\/editor\/sector-de-lacteos-y-su-plan-de-accion\/#primaryimage","url":"https:\/\/luchonoticias.com\/editor\/wp-content\/uploads\/2024\/07\/lacteos.jpg","contentUrl":"https:\/\/luchonoticias.com\/editor\/wp-content\/uploads\/2024\/07\/lacteos.jpg","width":700,"height":400},{"@type":"BreadcrumbList","@id":"https:\/\/luchonoticias.com\/editor\/sector-de-lacteos-y-su-plan-de-accion\/#breadcrumb","itemListElement":[{"@type":"ListItem","position":1,"name":"Portada","item":"https:\/\/luchonoticias.com\/editor\/"},{"@type":"ListItem","position":2,"name":"Sector de l\u00e1cteos y su plan de acci\u00f3n"}]},{"@type":"WebSite","@id":"https:\/\/luchonoticias.com\/editor\/#website","url":"https:\/\/luchonoticias.com\/editor\/","name":"","description":"","publisher":{"@id":"https:\/\/luchonoticias.com\/editor\/#\/schema\/person\/7a7fd911f58561fd056dbac7b55af9cd"},"potentialAction":[{"@type":"SearchAction","target":{"@type":"EntryPoint","urlTemplate":"https:\/\/luchonoticias.com\/editor\/?s={search_term_string}"},"query-input":{"@type":"PropertyValueSpecification","valueRequired":true,"valueName":"search_term_string"}}],"inLanguage":"es"},{"@type":["Person","Organization"],"@id":"https:\/\/luchonoticias.com\/editor\/#\/schema\/person\/7a7fd911f58561fd056dbac7b55af9cd","name":"admin","image":{"@type":"ImageObject","inLanguage":"es","@id":"https:\/\/luchonoticias.com\/editor\/#\/schema\/person\/image\/","url":"https:\/\/luchonoticias.com\/editor\/wp-content\/uploads\/2024\/02\/cropped-cropped-logolu.webp","contentUrl":"https:\/\/luchonoticias.com\/editor\/wp-content\/uploads\/2024\/02\/cropped-cropped-logolu.webp","width":382,"height":170,"caption":"admin"},"logo":{"@id":"https:\/\/luchonoticias.com\/editor\/#\/schema\/person\/image\/"},"sameAs":["https:\/\/www.facebook.com\/luchonoticiasneiva"]},{"@type":"Person","@id":"https:\/\/luchonoticias.com\/editor\/#\/schema\/person\/29217990ddf6f14e35912b2866d591fb","name":"Editor General","image":{"@type":"ImageObject","inLanguage":"es","@id":"https:\/\/luchonoticias.com\/editor\/#\/schema\/person\/image\/","url":"https:\/\/luchonoticias.com\/editor\/wp-content\/uploads\/2024\/02\/cropped-cropped-logolu-150x150.webp","contentUrl":"https:\/\/luchonoticias.com\/editor\/wp-content\/uploads\/2024\/02\/cropped-cropped-logolu-150x150.webp","caption":"Editor General"},"sameAs":["https:\/\/luchonoticias.com\/"],"url":"https:\/\/luchonoticias.com\/editor\/author\/editor-general\/"}]}},"_links":{"self":[{"href":"https:\/\/luchonoticias.com\/editor\/wp-json\/wp\/v2\/posts\/74934","targetHints":{"allow":["GET"]}}],"collection":[{"href":"https:\/\/luchonoticias.com\/editor\/wp-json\/wp\/v2\/posts"}],"about":[{"href":"https:\/\/luchonoticias.com\/editor\/wp-json\/wp\/v2\/types\/post"}],"author":[{"embeddable":true,"href":"https:\/\/luchonoticias.com\/editor\/wp-json\/wp\/v2\/users\/2"}],"replies":[{"embeddable":true,"href":"https:\/\/luchonoticias.com\/editor\/wp-json\/wp\/v2\/comments?post=74934"}],"version-history":[{"count":1,"href":"https:\/\/luchonoticias.com\/editor\/wp-json\/wp\/v2\/posts\/74934\/revisions"}],"predecessor-version":[{"id":74936,"href":"https:\/\/luchonoticias.com\/editor\/wp-json\/wp\/v2\/posts\/74934\/revisions\/74936"}],"wp:featuredmedia":[{"embeddable":true,"href":"https:\/\/luchonoticias.com\/editor\/wp-json\/wp\/v2\/media\/74935"}],"wp:attachment":[{"href":"https:\/\/luchonoticias.com\/editor\/wp-json\/wp\/v2\/media?parent=74934"}],"wp:term":[{"taxonomy":"category","embeddable":true,"href":"https:\/\/luchonoticias.com\/editor\/wp-json\/wp\/v2\/categories?post=74934"},{"taxonomy":"post_tag","embeddable":true,"href":"https:\/\/luchonoticias.com\/editor\/wp-json\/wp\/v2\/tags?post=74934"}],"curies":[{"name":"wp","href":"https:\/\/api.w.org\/{rel}","templated":true}]}}