{"id":74940,"date":"2024-07-13T09:13:57","date_gmt":"2024-07-13T14:13:57","guid":{"rendered":"https:\/\/luchonoticias.com\/?p=74940"},"modified":"2024-07-13T09:13:57","modified_gmt":"2024-07-13T14:13:57","slug":"hallado-material-explosivo-en-la-frontera-con-el-tolima","status":"publish","type":"post","link":"https:\/\/luchonoticias.com\/editor\/hallado-material-explosivo-en-la-frontera-con-el-tolima\/","title":{"rendered":"Hallado material explosivo en la frontera con el Tolima"},"content":{"rendered":"<p>Las tareas de estabilidad adelantadas por unidades del Gaula Militar de la Novena Brigada, en conjunto con el Batall\u00f3n de Alta Monta\u00f1a N.\u00b0 9 y en coordinaci\u00f3n con la Polic\u00eda Nacional, permitieron la ubicaci\u00f3n de un dep\u00f3sito ilegal con material de guerra y elementos intimidatorios.<\/p>\n<p>Labores de inteligencia condujeron a las tropas hasta Dolores, Tolima, zona lim\u00edtrofe con el Huila, donde lograron ubicar el dep\u00f3sito clandestino. All\u00ed hallaron un fusil AK 46 calibre 7.72 mil\u00edmetros, un fusil M4 calibre 5.56 mil\u00edmetros, 6 proveedores met\u00e1licos y 164 cartuchos de diferentes calibres, 50 panfletos citatorios alusivos a la Estructura EMC, 25 paz y salvos ilegales, y un cuaderno de contabilidad con informaci\u00f3n del dinero recaudado.<\/p>\n<p>De acuerdo con las investigaciones, este grupo armado ilegal utilizaba el armamento y los panfletos para intimidar a los gremios econ\u00f3micos de la regi\u00f3n y obligarlos a pagar cuotas extorsivas. Adem\u00e1s, realizaban visitas intimidatorias a las fincas de Huila y Tolima para presionar el pago de estas cuotas.<\/p>\n<p>La desarticulaci\u00f3n de este dep\u00f3sito ilegal y la incautaci\u00f3n del material de guerra representan una afectaci\u00f3n significativa a las estructuras criminales que delinquen en estos departamentos, y un alivio para la poblaci\u00f3n civil que se ve afectada por sus acciones extorsivas.<\/p>\n","protected":false},"excerpt":{"rendered":"<p>Los elementos pertenec\u00edan a la estructura Estado Mayor Central, Frente Jorge Su\u00e1rez Brice\u00f1o, Comisi\u00f3n Dar\u00edo Guti\u00e9rrez.<\/p>\n","protected":false},"author":2,"featured_media":74941,"comment_status":"closed","ping_status":"open","sticky":false,"template":"","format":"standard","meta":{"footnotes":""},"categories":[29],"tags":[],"class_list":["post-74940","post","type-post","status-publish","format-standard","has-post-thumbnail","hentry","category-judicial"],"yoast_head":"<!-- This site is optimized with the Yoast SEO plugin v26.6 - https:\/\/yoast.com\/wordpress\/plugins\/seo\/ -->\n<title>Hallado material explosivo en la frontera con el Tolima -<\/title>\n<meta name=\"description\" content=\"Los elementos pertenec\u00edan a la estructura Estado Mayor Central, Frente Jorge Su\u00e1rez Brice\u00f1o, Comisi\u00f3n Dar\u00edo Guti\u00e9rrez.\" \/>\n<meta name=\"robots\" content=\"index, follow, max-snippet:-1, max-image-preview:large, max-video-preview:-1\" \/>\n<link rel=\"canonical\" href=\"https:\/\/luchonoticias.com\/editor\/hallado-material-explosivo-en-la-frontera-con-el-tolima\/\" \/>\n<meta property=\"og:locale\" content=\"es_ES\" \/>\n<meta property=\"og:type\" content=\"article\" \/>\n<meta property=\"og:title\" content=\"Hallado material explosivo en la frontera con el Tolima -\" \/>\n<meta property=\"og:description\" content=\"Los elementos pertenec\u00edan a la estructura Estado Mayor Central, Frente Jorge Su\u00e1rez Brice\u00f1o, Comisi\u00f3n Dar\u00edo Guti\u00e9rrez.\" \/>\n<meta property=\"og:url\" content=\"https:\/\/luchonoticias.com\/editor\/hallado-material-explosivo-en-la-frontera-con-el-tolima\/\" \/>\n<meta property=\"article:publisher\" content=\"https:\/\/www.facebook.com\/luchonoticiasneiva\" \/>\n<meta property=\"article:published_time\" content=\"2024-07-13T14:13:57+00:00\" \/>\n<meta property=\"og:image\" content=\"https:\/\/luchonoticias.com\/editor\/wp-content\/uploads\/2024\/07\/material-militar.jpg\" \/>\n\t<meta property=\"og:image:width\" content=\"700\" \/>\n\t<meta property=\"og:image:height\" content=\"400\" \/>\n\t<meta property=\"og:image:type\" content=\"image\/jpeg\" \/>\n<meta name=\"author\" content=\"Editor General\" \/>\n<meta name=\"twitter:card\" content=\"summary_large_image\" \/>\n<meta name=\"twitter:label1\" content=\"Escrito por\" \/>\n\t<meta name=\"twitter:data1\" content=\"Editor General\" \/>\n\t<meta name=\"twitter:label2\" content=\"Tiempo de lectura\" \/>\n\t<meta name=\"twitter:data2\" content=\"2 minutos\" \/>\n<script type=\"application\/ld+json\" class=\"yoast-schema-graph\">{\"@context\":\"https:\/\/schema.org\",\"@graph\":[{\"@type\":\"Article\",\"@id\":\"https:\/\/luchonoticias.com\/editor\/hallado-material-explosivo-en-la-frontera-con-el-tolima\/#article\",\"isPartOf\":{\"@id\":\"https:\/\/luchonoticias.com\/editor\/hallado-material-explosivo-en-la-frontera-con-el-tolima\/\"},\"author\":{\"name\":\"Editor General\",\"@id\":\"https:\/\/luchonoticias.com\/editor\/#\/schema\/person\/29217990ddf6f14e35912b2866d591fb\"},\"headline\":\"Hallado material explosivo en la frontera con el Tolima\",\"datePublished\":\"2024-07-13T14:13:57+00:00\",\"mainEntityOfPage\":{\"@id\":\"https:\/\/luchonoticias.com\/editor\/hallado-material-explosivo-en-la-frontera-con-el-tolima\/\"},\"wordCount\":223,\"publisher\":{\"@id\":\"https:\/\/luchonoticias.com\/editor\/#\/schema\/person\/7a7fd911f58561fd056dbac7b55af9cd\"},\"image\":{\"@id\":\"https:\/\/luchonoticias.com\/editor\/hallado-material-explosivo-en-la-frontera-con-el-tolima\/#primaryimage\"},\"thumbnailUrl\":\"https:\/\/luchonoticias.com\/editor\/wp-content\/uploads\/2024\/07\/material-militar.jpg\",\"articleSection\":[\"Judicial\"],\"inLanguage\":\"es\"},{\"@type\":\"WebPage\",\"@id\":\"https:\/\/luchonoticias.com\/editor\/hallado-material-explosivo-en-la-frontera-con-el-tolima\/\",\"url\":\"https:\/\/luchonoticias.com\/editor\/hallado-material-explosivo-en-la-frontera-con-el-tolima\/\",\"name\":\"Hallado material explosivo en la frontera con el Tolima -\",\"isPartOf\":{\"@id\":\"https:\/\/luchonoticias.com\/editor\/#website\"},\"primaryImageOfPage\":{\"@id\":\"https:\/\/luchonoticias.com\/editor\/hallado-material-explosivo-en-la-frontera-con-el-tolima\/#primaryimage\"},\"image\":{\"@id\":\"https:\/\/luchonoticias.com\/editor\/hallado-material-explosivo-en-la-frontera-con-el-tolima\/#primaryimage\"},\"thumbnailUrl\":\"https:\/\/luchonoticias.com\/editor\/wp-content\/uploads\/2024\/07\/material-militar.jpg\",\"datePublished\":\"2024-07-13T14:13:57+00:00\",\"description\":\"Los elementos pertenec\u00edan a la estructura Estado Mayor Central, Frente Jorge Su\u00e1rez Brice\u00f1o, Comisi\u00f3n Dar\u00edo Guti\u00e9rrez.\",\"breadcrumb\":{\"@id\":\"https:\/\/luchonoticias.com\/editor\/hallado-material-explosivo-en-la-frontera-con-el-tolima\/#breadcrumb\"},\"inLanguage\":\"es\",\"potentialAction\":[{\"@type\":\"ReadAction\",\"target\":[\"https:\/\/luchonoticias.com\/editor\/hallado-material-explosivo-en-la-frontera-con-el-tolima\/\"]}]},{\"@type\":\"ImageObject\",\"inLanguage\":\"es\",\"@id\":\"https:\/\/luchonoticias.com\/editor\/hallado-material-explosivo-en-la-frontera-con-el-tolima\/#primaryimage\",\"url\":\"https:\/\/luchonoticias.com\/editor\/wp-content\/uploads\/2024\/07\/material-militar.jpg\",\"contentUrl\":\"https:\/\/luchonoticias.com\/editor\/wp-content\/uploads\/2024\/07\/material-militar.jpg\",\"width\":700,\"height\":400},{\"@type\":\"BreadcrumbList\",\"@id\":\"https:\/\/luchonoticias.com\/editor\/hallado-material-explosivo-en-la-frontera-con-el-tolima\/#breadcrumb\",\"itemListElement\":[{\"@type\":\"ListItem\",\"position\":1,\"name\":\"Portada\",\"item\":\"https:\/\/luchonoticias.com\/editor\/\"},{\"@type\":\"ListItem\",\"position\":2,\"name\":\"Hallado material explosivo en la frontera con el Tolima\"}]},{\"@type\":\"WebSite\",\"@id\":\"https:\/\/luchonoticias.com\/editor\/#website\",\"url\":\"https:\/\/luchonoticias.com\/editor\/\",\"name\":\"\",\"description\":\"\",\"publisher\":{\"@id\":\"https:\/\/luchonoticias.com\/editor\/#\/schema\/person\/7a7fd911f58561fd056dbac7b55af9cd\"},\"potentialAction\":[{\"@type\":\"SearchAction\",\"target\":{\"@type\":\"EntryPoint\",\"urlTemplate\":\"https:\/\/luchonoticias.com\/editor\/?s={search_term_string}\"},\"query-input\":{\"@type\":\"PropertyValueSpecification\",\"valueRequired\":true,\"valueName\":\"search_term_string\"}}],\"inLanguage\":\"es\"},{\"@type\":[\"Person\",\"Organization\"],\"@id\":\"https:\/\/luchonoticias.com\/editor\/#\/schema\/person\/7a7fd911f58561fd056dbac7b55af9cd\",\"name\":\"admin\",\"image\":{\"@type\":\"ImageObject\",\"inLanguage\":\"es\",\"@id\":\"https:\/\/luchonoticias.com\/editor\/#\/schema\/person\/image\/\",\"url\":\"https:\/\/luchonoticias.com\/editor\/wp-content\/uploads\/2024\/02\/cropped-cropped-logolu.webp\",\"contentUrl\":\"https:\/\/luchonoticias.com\/editor\/wp-content\/uploads\/2024\/02\/cropped-cropped-logolu.webp\",\"width\":382,\"height\":170,\"caption\":\"admin\"},\"logo\":{\"@id\":\"https:\/\/luchonoticias.com\/editor\/#\/schema\/person\/image\/\"},\"sameAs\":[\"https:\/\/www.facebook.com\/luchonoticiasneiva\"]},{\"@type\":\"Person\",\"@id\":\"https:\/\/luchonoticias.com\/editor\/#\/schema\/person\/29217990ddf6f14e35912b2866d591fb\",\"name\":\"Editor General\",\"image\":{\"@type\":\"ImageObject\",\"inLanguage\":\"es\",\"@id\":\"https:\/\/luchonoticias.com\/editor\/#\/schema\/person\/image\/\",\"url\":\"https:\/\/luchonoticias.com\/editor\/wp-content\/uploads\/2024\/02\/cropped-cropped-logolu-150x150.webp\",\"contentUrl\":\"https:\/\/luchonoticias.com\/editor\/wp-content\/uploads\/2024\/02\/cropped-cropped-logolu-150x150.webp\",\"caption\":\"Editor General\"},\"sameAs\":[\"https:\/\/luchonoticias.com\/\"],\"url\":\"https:\/\/luchonoticias.com\/editor\/author\/editor-general\/\"}]}<\/script>\n<!-- \/ Yoast SEO plugin. -->","yoast_head_json":{"title":"Hallado material explosivo en la frontera con el Tolima -","description":"Los elementos pertenec\u00edan a la estructura Estado Mayor Central, Frente Jorge Su\u00e1rez Brice\u00f1o, Comisi\u00f3n Dar\u00edo Guti\u00e9rrez.","robots":{"index":"index","follow":"follow","max-snippet":"max-snippet:-1","max-image-preview":"max-image-preview:large","max-video-preview":"max-video-preview:-1"},"canonical":"https:\/\/luchonoticias.com\/editor\/hallado-material-explosivo-en-la-frontera-con-el-tolima\/","og_locale":"es_ES","og_type":"article","og_title":"Hallado material explosivo en la frontera con el Tolima -","og_description":"Los elementos pertenec\u00edan a la estructura Estado Mayor Central, Frente Jorge Su\u00e1rez Brice\u00f1o, Comisi\u00f3n Dar\u00edo Guti\u00e9rrez.","og_url":"https:\/\/luchonoticias.com\/editor\/hallado-material-explosivo-en-la-frontera-con-el-tolima\/","article_publisher":"https:\/\/www.facebook.com\/luchonoticiasneiva","article_published_time":"2024-07-13T14:13:57+00:00","og_image":[{"width":700,"height":400,"url":"https:\/\/luchonoticias.com\/editor\/wp-content\/uploads\/2024\/07\/material-militar.jpg","type":"image\/jpeg"}],"author":"Editor General","twitter_card":"summary_large_image","twitter_misc":{"Escrito por":"Editor General","Tiempo de lectura":"2 minutos"},"schema":{"@context":"https:\/\/schema.org","@graph":[{"@type":"Article","@id":"https:\/\/luchonoticias.com\/editor\/hallado-material-explosivo-en-la-frontera-con-el-tolima\/#article","isPartOf":{"@id":"https:\/\/luchonoticias.com\/editor\/hallado-material-explosivo-en-la-frontera-con-el-tolima\/"},"author":{"name":"Editor General","@id":"https:\/\/luchonoticias.com\/editor\/#\/schema\/person\/29217990ddf6f14e35912b2866d591fb"},"headline":"Hallado material explosivo en la frontera con el Tolima","datePublished":"2024-07-13T14:13:57+00:00","mainEntityOfPage":{"@id":"https:\/\/luchonoticias.com\/editor\/hallado-material-explosivo-en-la-frontera-con-el-tolima\/"},"wordCount":223,"publisher":{"@id":"https:\/\/luchonoticias.com\/editor\/#\/schema\/person\/7a7fd911f58561fd056dbac7b55af9cd"},"image":{"@id":"https:\/\/luchonoticias.com\/editor\/hallado-material-explosivo-en-la-frontera-con-el-tolima\/#primaryimage"},"thumbnailUrl":"https:\/\/luchonoticias.com\/editor\/wp-content\/uploads\/2024\/07\/material-militar.jpg","articleSection":["Judicial"],"inLanguage":"es"},{"@type":"WebPage","@id":"https:\/\/luchonoticias.com\/editor\/hallado-material-explosivo-en-la-frontera-con-el-tolima\/","url":"https:\/\/luchonoticias.com\/editor\/hallado-material-explosivo-en-la-frontera-con-el-tolima\/","name":"Hallado material explosivo en la frontera con el Tolima -","isPartOf":{"@id":"https:\/\/luchonoticias.com\/editor\/#website"},"primaryImageOfPage":{"@id":"https:\/\/luchonoticias.com\/editor\/hallado-material-explosivo-en-la-frontera-con-el-tolima\/#primaryimage"},"image":{"@id":"https:\/\/luchonoticias.com\/editor\/hallado-material-explosivo-en-la-frontera-con-el-tolima\/#primaryimage"},"thumbnailUrl":"https:\/\/luchonoticias.com\/editor\/wp-content\/uploads\/2024\/07\/material-militar.jpg","datePublished":"2024-07-13T14:13:57+00:00","description":"Los elementos pertenec\u00edan a la estructura Estado Mayor Central, Frente Jorge Su\u00e1rez Brice\u00f1o, Comisi\u00f3n Dar\u00edo Guti\u00e9rrez.","breadcrumb":{"@id":"https:\/\/luchonoticias.com\/editor\/hallado-material-explosivo-en-la-frontera-con-el-tolima\/#breadcrumb"},"inLanguage":"es","potentialAction":[{"@type":"ReadAction","target":["https:\/\/luchonoticias.com\/editor\/hallado-material-explosivo-en-la-frontera-con-el-tolima\/"]}]},{"@type":"ImageObject","inLanguage":"es","@id":"https:\/\/luchonoticias.com\/editor\/hallado-material-explosivo-en-la-frontera-con-el-tolima\/#primaryimage","url":"https:\/\/luchonoticias.com\/editor\/wp-content\/uploads\/2024\/07\/material-militar.jpg","contentUrl":"https:\/\/luchonoticias.com\/editor\/wp-content\/uploads\/2024\/07\/material-militar.jpg","width":700,"height":400},{"@type":"BreadcrumbList","@id":"https:\/\/luchonoticias.com\/editor\/hallado-material-explosivo-en-la-frontera-con-el-tolima\/#breadcrumb","itemListElement":[{"@type":"ListItem","position":1,"name":"Portada","item":"https:\/\/luchonoticias.com\/editor\/"},{"@type":"ListItem","position":2,"name":"Hallado material explosivo en la frontera con el Tolima"}]},{"@type":"WebSite","@id":"https:\/\/luchonoticias.com\/editor\/#website","url":"https:\/\/luchonoticias.com\/editor\/","name":"","description":"","publisher":{"@id":"https:\/\/luchonoticias.com\/editor\/#\/schema\/person\/7a7fd911f58561fd056dbac7b55af9cd"},"potentialAction":[{"@type":"SearchAction","target":{"@type":"EntryPoint","urlTemplate":"https:\/\/luchonoticias.com\/editor\/?s={search_term_string}"},"query-input":{"@type":"PropertyValueSpecification","valueRequired":true,"valueName":"search_term_string"}}],"inLanguage":"es"},{"@type":["Person","Organization"],"@id":"https:\/\/luchonoticias.com\/editor\/#\/schema\/person\/7a7fd911f58561fd056dbac7b55af9cd","name":"admin","image":{"@type":"ImageObject","inLanguage":"es","@id":"https:\/\/luchonoticias.com\/editor\/#\/schema\/person\/image\/","url":"https:\/\/luchonoticias.com\/editor\/wp-content\/uploads\/2024\/02\/cropped-cropped-logolu.webp","contentUrl":"https:\/\/luchonoticias.com\/editor\/wp-content\/uploads\/2024\/02\/cropped-cropped-logolu.webp","width":382,"height":170,"caption":"admin"},"logo":{"@id":"https:\/\/luchonoticias.com\/editor\/#\/schema\/person\/image\/"},"sameAs":["https:\/\/www.facebook.com\/luchonoticiasneiva"]},{"@type":"Person","@id":"https:\/\/luchonoticias.com\/editor\/#\/schema\/person\/29217990ddf6f14e35912b2866d591fb","name":"Editor General","image":{"@type":"ImageObject","inLanguage":"es","@id":"https:\/\/luchonoticias.com\/editor\/#\/schema\/person\/image\/","url":"https:\/\/luchonoticias.com\/editor\/wp-content\/uploads\/2024\/02\/cropped-cropped-logolu-150x150.webp","contentUrl":"https:\/\/luchonoticias.com\/editor\/wp-content\/uploads\/2024\/02\/cropped-cropped-logolu-150x150.webp","caption":"Editor General"},"sameAs":["https:\/\/luchonoticias.com\/"],"url":"https:\/\/luchonoticias.com\/editor\/author\/editor-general\/"}]}},"_links":{"self":[{"href":"https:\/\/luchonoticias.com\/editor\/wp-json\/wp\/v2\/posts\/74940","targetHints":{"allow":["GET"]}}],"collection":[{"href":"https:\/\/luchonoticias.com\/editor\/wp-json\/wp\/v2\/posts"}],"about":[{"href":"https:\/\/luchonoticias.com\/editor\/wp-json\/wp\/v2\/types\/post"}],"author":[{"embeddable":true,"href":"https:\/\/luchonoticias.com\/editor\/wp-json\/wp\/v2\/users\/2"}],"replies":[{"embeddable":true,"href":"https:\/\/luchonoticias.com\/editor\/wp-json\/wp\/v2\/comments?post=74940"}],"version-history":[{"count":1,"href":"https:\/\/luchonoticias.com\/editor\/wp-json\/wp\/v2\/posts\/74940\/revisions"}],"predecessor-version":[{"id":74942,"href":"https:\/\/luchonoticias.com\/editor\/wp-json\/wp\/v2\/posts\/74940\/revisions\/74942"}],"wp:featuredmedia":[{"embeddable":true,"href":"https:\/\/luchonoticias.com\/editor\/wp-json\/wp\/v2\/media\/74941"}],"wp:attachment":[{"href":"https:\/\/luchonoticias.com\/editor\/wp-json\/wp\/v2\/media?parent=74940"}],"wp:term":[{"taxonomy":"category","embeddable":true,"href":"https:\/\/luchonoticias.com\/editor\/wp-json\/wp\/v2\/categories?post=74940"},{"taxonomy":"post_tag","embeddable":true,"href":"https:\/\/luchonoticias.com\/editor\/wp-json\/wp\/v2\/tags?post=74940"}],"curies":[{"name":"wp","href":"https:\/\/api.w.org\/{rel}","templated":true}]}}