{"id":74943,"date":"2024-07-13T09:21:47","date_gmt":"2024-07-13T14:21:47","guid":{"rendered":"https:\/\/luchonoticias.com\/?p=74943"},"modified":"2024-07-13T09:21:47","modified_gmt":"2024-07-13T14:21:47","slug":"vereda-de-neiva-tendra-importantes-cambios","status":"publish","type":"post","link":"https:\/\/luchonoticias.com\/editor\/vereda-de-neiva-tendra-importantes-cambios\/","title":{"rendered":"Vereda de Neiva tendr\u00e1 importantes cambios"},"content":{"rendered":"<p>Una reuni\u00f3n entre l\u00edderes de la vereda de San Antonio de Anaconia del corregimiento de Vegalarga y la Alcald\u00eda de Neiva, permiti\u00f3 establecer varios enfoques de trabajo para dar inicio a importantes proyectos en pro del bienestar de esta poblaci\u00f3n rural.<\/p>\n<p>En el encuentro participaron la Secretar\u00eda de Desarrollo Agropecuario y Ambiente, Secretar\u00eda de Infraestructura, Paz y Derechos Humanos, la Direcci\u00f3n de Participaci\u00f3n Ciudadana y un delegado del alcalde, junto a lideres, ediles y presidentes de la zona.<\/p>\n<p>All\u00ed se abordaron temas importantes como la restauraci\u00f3n de la malla vial, saneamiento b\u00e1sico, gasificaci\u00f3n, estrategias sociales para la paz, turismo, capacitaci\u00f3n agropecuaria, fortalecimiento comunal, entre otros temas necesarios que present\u00f3 la comunidad.<\/p>\n<p>Frente a estas necesidades, los secretarios encargados presentaron la oferta institucional y las iniciativas enmarcada en el Plan de Desarrollo, dirigidas para la zona rural del municipio de Neiva.<\/p>\n<p>Por su parte, el secretario de Desarrollo Agropecuario quien lider\u00f3 la reuni\u00f3n, dijo \u201chemos tra\u00eddo toda la oferta institucional a la poblaci\u00f3n del oriente. Desde nuestra secretar\u00eda plateamos nuestro apoyo frente a la asistencia t\u00e9cnica agropecuaria, comit\u00e9 de desarrollo rural, alcantarillado, capacitaciones del cuidado y protecci\u00f3n del medio ambiente, entre otros\u201d, mencion\u00f3 Andr\u00e9s Felipe Buitrago.<\/p>\n<p>Asimismo, el secretario de Infraestructura afirm\u00f3 que el encuentro permiti\u00f3 la construcci\u00f3n de un cronograma para dar inicio a la intervenci\u00f3n de la maquinaria amarilla con la que se realizar\u00e1 la restauraci\u00f3n de la malla vial, \u201cfue una jornada exitosa prontamente estar\u00e1 la maquinaria en esta zona y de esta manera continuaremos recuperando nuestra ciudad\u201d, expres\u00f3 Germ\u00e1n Dar\u00edo S\u00e1nchez.<\/p>\n<p>De todos estos temas abordados, inicialmente se concretar\u00e1 el mantenimiento de malla vial, que se precisa como lo m\u00e1s urgente, para beneficiar el tr\u00e1nsito por la zona, mientras se va dando desarrollo paulatinamente a los dem\u00e1s prop\u00f3sitos para mejorar la calidad de vida de esta poblaci\u00f3n.<\/p>\n","protected":false},"excerpt":{"rendered":"<p>Mejoramiento vial, saneamiento b\u00e1sico, gasificaci\u00f3n, fortalecimiento comunal, asesoramiento agropecuario, proyectos sociales para la paz, entre otras l\u00edneas, ser\u00e1n trabajadas por la Alcald\u00eda de Neiva para San Antonio de Anaconia. <\/p>\n","protected":false},"author":2,"featured_media":74944,"comment_status":"closed","ping_status":"open","sticky":false,"template":"","format":"standard","meta":{"footnotes":""},"categories":[31],"tags":[],"class_list":["post-74943","post","type-post","status-publish","format-standard","has-post-thumbnail","hentry","category-local"],"yoast_head":"<!-- This site is optimized with the Yoast SEO plugin v26.6 - https:\/\/yoast.com\/wordpress\/plugins\/seo\/ -->\n<title>Vereda de Neiva tendr\u00e1 importantes cambios -<\/title>\n<meta name=\"description\" content=\"Mejoramiento vial, saneamiento b\u00e1sico, gasificaci\u00f3n, fortalecimiento comunal, asesoramiento agropecuario, proyectos sociales para la paz, entre otras l\u00edneas, ser\u00e1n trabajadas por la Alcald\u00eda de Neiva para San Antonio de Anaconia.\" \/>\n<meta name=\"robots\" content=\"index, follow, max-snippet:-1, max-image-preview:large, max-video-preview:-1\" \/>\n<link rel=\"canonical\" href=\"https:\/\/luchonoticias.com\/editor\/vereda-de-neiva-tendra-importantes-cambios\/\" \/>\n<meta property=\"og:locale\" content=\"es_ES\" \/>\n<meta property=\"og:type\" content=\"article\" \/>\n<meta property=\"og:title\" content=\"Vereda de Neiva tendr\u00e1 importantes cambios -\" \/>\n<meta property=\"og:description\" content=\"Mejoramiento vial, saneamiento b\u00e1sico, gasificaci\u00f3n, fortalecimiento comunal, asesoramiento agropecuario, proyectos sociales para la paz, entre otras l\u00edneas, ser\u00e1n trabajadas por la Alcald\u00eda de Neiva para San Antonio de Anaconia.\" \/>\n<meta property=\"og:url\" content=\"https:\/\/luchonoticias.com\/editor\/vereda-de-neiva-tendra-importantes-cambios\/\" \/>\n<meta property=\"article:publisher\" content=\"https:\/\/www.facebook.com\/luchonoticiasneiva\" \/>\n<meta property=\"article:published_time\" content=\"2024-07-13T14:21:47+00:00\" \/>\n<meta property=\"og:image\" content=\"https:\/\/luchonoticias.com\/editor\/wp-content\/uploads\/2024\/07\/anaconia.jpg\" \/>\n\t<meta property=\"og:image:width\" content=\"700\" \/>\n\t<meta property=\"og:image:height\" content=\"400\" \/>\n\t<meta property=\"og:image:type\" content=\"image\/jpeg\" \/>\n<meta name=\"author\" content=\"Editor General\" \/>\n<meta name=\"twitter:card\" content=\"summary_large_image\" \/>\n<meta name=\"twitter:label1\" content=\"Escrito por\" \/>\n\t<meta name=\"twitter:data1\" content=\"Editor General\" \/>\n\t<meta name=\"twitter:label2\" content=\"Tiempo de lectura\" \/>\n\t<meta name=\"twitter:data2\" content=\"2 minutos\" \/>\n<script type=\"application\/ld+json\" class=\"yoast-schema-graph\">{\"@context\":\"https:\/\/schema.org\",\"@graph\":[{\"@type\":\"Article\",\"@id\":\"https:\/\/luchonoticias.com\/editor\/vereda-de-neiva-tendra-importantes-cambios\/#article\",\"isPartOf\":{\"@id\":\"https:\/\/luchonoticias.com\/editor\/vereda-de-neiva-tendra-importantes-cambios\/\"},\"author\":{\"name\":\"Editor General\",\"@id\":\"https:\/\/luchonoticias.com\/editor\/#\/schema\/person\/29217990ddf6f14e35912b2866d591fb\"},\"headline\":\"Vereda de Neiva tendr\u00e1 importantes cambios\",\"datePublished\":\"2024-07-13T14:21:47+00:00\",\"mainEntityOfPage\":{\"@id\":\"https:\/\/luchonoticias.com\/editor\/vereda-de-neiva-tendra-importantes-cambios\/\"},\"wordCount\":336,\"publisher\":{\"@id\":\"https:\/\/luchonoticias.com\/editor\/#\/schema\/person\/7a7fd911f58561fd056dbac7b55af9cd\"},\"image\":{\"@id\":\"https:\/\/luchonoticias.com\/editor\/vereda-de-neiva-tendra-importantes-cambios\/#primaryimage\"},\"thumbnailUrl\":\"https:\/\/luchonoticias.com\/editor\/wp-content\/uploads\/2024\/07\/anaconia.jpg\",\"articleSection\":[\"Local\"],\"inLanguage\":\"es\"},{\"@type\":\"WebPage\",\"@id\":\"https:\/\/luchonoticias.com\/editor\/vereda-de-neiva-tendra-importantes-cambios\/\",\"url\":\"https:\/\/luchonoticias.com\/editor\/vereda-de-neiva-tendra-importantes-cambios\/\",\"name\":\"Vereda de Neiva tendr\u00e1 importantes cambios -\",\"isPartOf\":{\"@id\":\"https:\/\/luchonoticias.com\/editor\/#website\"},\"primaryImageOfPage\":{\"@id\":\"https:\/\/luchonoticias.com\/editor\/vereda-de-neiva-tendra-importantes-cambios\/#primaryimage\"},\"image\":{\"@id\":\"https:\/\/luchonoticias.com\/editor\/vereda-de-neiva-tendra-importantes-cambios\/#primaryimage\"},\"thumbnailUrl\":\"https:\/\/luchonoticias.com\/editor\/wp-content\/uploads\/2024\/07\/anaconia.jpg\",\"datePublished\":\"2024-07-13T14:21:47+00:00\",\"description\":\"Mejoramiento vial, saneamiento b\u00e1sico, gasificaci\u00f3n, fortalecimiento comunal, asesoramiento agropecuario, proyectos sociales para la paz, entre otras l\u00edneas, ser\u00e1n trabajadas por la Alcald\u00eda de Neiva para San Antonio de Anaconia.\",\"breadcrumb\":{\"@id\":\"https:\/\/luchonoticias.com\/editor\/vereda-de-neiva-tendra-importantes-cambios\/#breadcrumb\"},\"inLanguage\":\"es\",\"potentialAction\":[{\"@type\":\"ReadAction\",\"target\":[\"https:\/\/luchonoticias.com\/editor\/vereda-de-neiva-tendra-importantes-cambios\/\"]}]},{\"@type\":\"ImageObject\",\"inLanguage\":\"es\",\"@id\":\"https:\/\/luchonoticias.com\/editor\/vereda-de-neiva-tendra-importantes-cambios\/#primaryimage\",\"url\":\"https:\/\/luchonoticias.com\/editor\/wp-content\/uploads\/2024\/07\/anaconia.jpg\",\"contentUrl\":\"https:\/\/luchonoticias.com\/editor\/wp-content\/uploads\/2024\/07\/anaconia.jpg\",\"width\":700,\"height\":400},{\"@type\":\"BreadcrumbList\",\"@id\":\"https:\/\/luchonoticias.com\/editor\/vereda-de-neiva-tendra-importantes-cambios\/#breadcrumb\",\"itemListElement\":[{\"@type\":\"ListItem\",\"position\":1,\"name\":\"Portada\",\"item\":\"https:\/\/luchonoticias.com\/editor\/\"},{\"@type\":\"ListItem\",\"position\":2,\"name\":\"Vereda de Neiva tendr\u00e1 importantes cambios\"}]},{\"@type\":\"WebSite\",\"@id\":\"https:\/\/luchonoticias.com\/editor\/#website\",\"url\":\"https:\/\/luchonoticias.com\/editor\/\",\"name\":\"\",\"description\":\"\",\"publisher\":{\"@id\":\"https:\/\/luchonoticias.com\/editor\/#\/schema\/person\/7a7fd911f58561fd056dbac7b55af9cd\"},\"potentialAction\":[{\"@type\":\"SearchAction\",\"target\":{\"@type\":\"EntryPoint\",\"urlTemplate\":\"https:\/\/luchonoticias.com\/editor\/?s={search_term_string}\"},\"query-input\":{\"@type\":\"PropertyValueSpecification\",\"valueRequired\":true,\"valueName\":\"search_term_string\"}}],\"inLanguage\":\"es\"},{\"@type\":[\"Person\",\"Organization\"],\"@id\":\"https:\/\/luchonoticias.com\/editor\/#\/schema\/person\/7a7fd911f58561fd056dbac7b55af9cd\",\"name\":\"admin\",\"image\":{\"@type\":\"ImageObject\",\"inLanguage\":\"es\",\"@id\":\"https:\/\/luchonoticias.com\/editor\/#\/schema\/person\/image\/\",\"url\":\"https:\/\/luchonoticias.com\/editor\/wp-content\/uploads\/2024\/02\/cropped-cropped-logolu.webp\",\"contentUrl\":\"https:\/\/luchonoticias.com\/editor\/wp-content\/uploads\/2024\/02\/cropped-cropped-logolu.webp\",\"width\":382,\"height\":170,\"caption\":\"admin\"},\"logo\":{\"@id\":\"https:\/\/luchonoticias.com\/editor\/#\/schema\/person\/image\/\"},\"sameAs\":[\"https:\/\/www.facebook.com\/luchonoticiasneiva\"]},{\"@type\":\"Person\",\"@id\":\"https:\/\/luchonoticias.com\/editor\/#\/schema\/person\/29217990ddf6f14e35912b2866d591fb\",\"name\":\"Editor General\",\"image\":{\"@type\":\"ImageObject\",\"inLanguage\":\"es\",\"@id\":\"https:\/\/luchonoticias.com\/editor\/#\/schema\/person\/image\/\",\"url\":\"https:\/\/luchonoticias.com\/editor\/wp-content\/uploads\/2024\/02\/cropped-cropped-logolu-150x150.webp\",\"contentUrl\":\"https:\/\/luchonoticias.com\/editor\/wp-content\/uploads\/2024\/02\/cropped-cropped-logolu-150x150.webp\",\"caption\":\"Editor General\"},\"sameAs\":[\"https:\/\/luchonoticias.com\/\"],\"url\":\"https:\/\/luchonoticias.com\/editor\/author\/editor-general\/\"}]}<\/script>\n<!-- \/ Yoast SEO plugin. -->","yoast_head_json":{"title":"Vereda de Neiva tendr\u00e1 importantes cambios -","description":"Mejoramiento vial, saneamiento b\u00e1sico, gasificaci\u00f3n, fortalecimiento comunal, asesoramiento agropecuario, proyectos sociales para la paz, entre otras l\u00edneas, ser\u00e1n trabajadas por la Alcald\u00eda de Neiva para San Antonio de Anaconia.","robots":{"index":"index","follow":"follow","max-snippet":"max-snippet:-1","max-image-preview":"max-image-preview:large","max-video-preview":"max-video-preview:-1"},"canonical":"https:\/\/luchonoticias.com\/editor\/vereda-de-neiva-tendra-importantes-cambios\/","og_locale":"es_ES","og_type":"article","og_title":"Vereda de Neiva tendr\u00e1 importantes cambios -","og_description":"Mejoramiento vial, saneamiento b\u00e1sico, gasificaci\u00f3n, fortalecimiento comunal, asesoramiento agropecuario, proyectos sociales para la paz, entre otras l\u00edneas, ser\u00e1n trabajadas por la Alcald\u00eda de Neiva para San Antonio de Anaconia.","og_url":"https:\/\/luchonoticias.com\/editor\/vereda-de-neiva-tendra-importantes-cambios\/","article_publisher":"https:\/\/www.facebook.com\/luchonoticiasneiva","article_published_time":"2024-07-13T14:21:47+00:00","og_image":[{"width":700,"height":400,"url":"https:\/\/luchonoticias.com\/editor\/wp-content\/uploads\/2024\/07\/anaconia.jpg","type":"image\/jpeg"}],"author":"Editor General","twitter_card":"summary_large_image","twitter_misc":{"Escrito por":"Editor General","Tiempo de lectura":"2 minutos"},"schema":{"@context":"https:\/\/schema.org","@graph":[{"@type":"Article","@id":"https:\/\/luchonoticias.com\/editor\/vereda-de-neiva-tendra-importantes-cambios\/#article","isPartOf":{"@id":"https:\/\/luchonoticias.com\/editor\/vereda-de-neiva-tendra-importantes-cambios\/"},"author":{"name":"Editor General","@id":"https:\/\/luchonoticias.com\/editor\/#\/schema\/person\/29217990ddf6f14e35912b2866d591fb"},"headline":"Vereda de Neiva tendr\u00e1 importantes cambios","datePublished":"2024-07-13T14:21:47+00:00","mainEntityOfPage":{"@id":"https:\/\/luchonoticias.com\/editor\/vereda-de-neiva-tendra-importantes-cambios\/"},"wordCount":336,"publisher":{"@id":"https:\/\/luchonoticias.com\/editor\/#\/schema\/person\/7a7fd911f58561fd056dbac7b55af9cd"},"image":{"@id":"https:\/\/luchonoticias.com\/editor\/vereda-de-neiva-tendra-importantes-cambios\/#primaryimage"},"thumbnailUrl":"https:\/\/luchonoticias.com\/editor\/wp-content\/uploads\/2024\/07\/anaconia.jpg","articleSection":["Local"],"inLanguage":"es"},{"@type":"WebPage","@id":"https:\/\/luchonoticias.com\/editor\/vereda-de-neiva-tendra-importantes-cambios\/","url":"https:\/\/luchonoticias.com\/editor\/vereda-de-neiva-tendra-importantes-cambios\/","name":"Vereda de Neiva tendr\u00e1 importantes cambios -","isPartOf":{"@id":"https:\/\/luchonoticias.com\/editor\/#website"},"primaryImageOfPage":{"@id":"https:\/\/luchonoticias.com\/editor\/vereda-de-neiva-tendra-importantes-cambios\/#primaryimage"},"image":{"@id":"https:\/\/luchonoticias.com\/editor\/vereda-de-neiva-tendra-importantes-cambios\/#primaryimage"},"thumbnailUrl":"https:\/\/luchonoticias.com\/editor\/wp-content\/uploads\/2024\/07\/anaconia.jpg","datePublished":"2024-07-13T14:21:47+00:00","description":"Mejoramiento vial, saneamiento b\u00e1sico, gasificaci\u00f3n, fortalecimiento comunal, asesoramiento agropecuario, proyectos sociales para la paz, entre otras l\u00edneas, ser\u00e1n trabajadas por la Alcald\u00eda de Neiva para San Antonio de Anaconia.","breadcrumb":{"@id":"https:\/\/luchonoticias.com\/editor\/vereda-de-neiva-tendra-importantes-cambios\/#breadcrumb"},"inLanguage":"es","potentialAction":[{"@type":"ReadAction","target":["https:\/\/luchonoticias.com\/editor\/vereda-de-neiva-tendra-importantes-cambios\/"]}]},{"@type":"ImageObject","inLanguage":"es","@id":"https:\/\/luchonoticias.com\/editor\/vereda-de-neiva-tendra-importantes-cambios\/#primaryimage","url":"https:\/\/luchonoticias.com\/editor\/wp-content\/uploads\/2024\/07\/anaconia.jpg","contentUrl":"https:\/\/luchonoticias.com\/editor\/wp-content\/uploads\/2024\/07\/anaconia.jpg","width":700,"height":400},{"@type":"BreadcrumbList","@id":"https:\/\/luchonoticias.com\/editor\/vereda-de-neiva-tendra-importantes-cambios\/#breadcrumb","itemListElement":[{"@type":"ListItem","position":1,"name":"Portada","item":"https:\/\/luchonoticias.com\/editor\/"},{"@type":"ListItem","position":2,"name":"Vereda de Neiva tendr\u00e1 importantes cambios"}]},{"@type":"WebSite","@id":"https:\/\/luchonoticias.com\/editor\/#website","url":"https:\/\/luchonoticias.com\/editor\/","name":"","description":"","publisher":{"@id":"https:\/\/luchonoticias.com\/editor\/#\/schema\/person\/7a7fd911f58561fd056dbac7b55af9cd"},"potentialAction":[{"@type":"SearchAction","target":{"@type":"EntryPoint","urlTemplate":"https:\/\/luchonoticias.com\/editor\/?s={search_term_string}"},"query-input":{"@type":"PropertyValueSpecification","valueRequired":true,"valueName":"search_term_string"}}],"inLanguage":"es"},{"@type":["Person","Organization"],"@id":"https:\/\/luchonoticias.com\/editor\/#\/schema\/person\/7a7fd911f58561fd056dbac7b55af9cd","name":"admin","image":{"@type":"ImageObject","inLanguage":"es","@id":"https:\/\/luchonoticias.com\/editor\/#\/schema\/person\/image\/","url":"https:\/\/luchonoticias.com\/editor\/wp-content\/uploads\/2024\/02\/cropped-cropped-logolu.webp","contentUrl":"https:\/\/luchonoticias.com\/editor\/wp-content\/uploads\/2024\/02\/cropped-cropped-logolu.webp","width":382,"height":170,"caption":"admin"},"logo":{"@id":"https:\/\/luchonoticias.com\/editor\/#\/schema\/person\/image\/"},"sameAs":["https:\/\/www.facebook.com\/luchonoticiasneiva"]},{"@type":"Person","@id":"https:\/\/luchonoticias.com\/editor\/#\/schema\/person\/29217990ddf6f14e35912b2866d591fb","name":"Editor General","image":{"@type":"ImageObject","inLanguage":"es","@id":"https:\/\/luchonoticias.com\/editor\/#\/schema\/person\/image\/","url":"https:\/\/luchonoticias.com\/editor\/wp-content\/uploads\/2024\/02\/cropped-cropped-logolu-150x150.webp","contentUrl":"https:\/\/luchonoticias.com\/editor\/wp-content\/uploads\/2024\/02\/cropped-cropped-logolu-150x150.webp","caption":"Editor General"},"sameAs":["https:\/\/luchonoticias.com\/"],"url":"https:\/\/luchonoticias.com\/editor\/author\/editor-general\/"}]}},"_links":{"self":[{"href":"https:\/\/luchonoticias.com\/editor\/wp-json\/wp\/v2\/posts\/74943","targetHints":{"allow":["GET"]}}],"collection":[{"href":"https:\/\/luchonoticias.com\/editor\/wp-json\/wp\/v2\/posts"}],"about":[{"href":"https:\/\/luchonoticias.com\/editor\/wp-json\/wp\/v2\/types\/post"}],"author":[{"embeddable":true,"href":"https:\/\/luchonoticias.com\/editor\/wp-json\/wp\/v2\/users\/2"}],"replies":[{"embeddable":true,"href":"https:\/\/luchonoticias.com\/editor\/wp-json\/wp\/v2\/comments?post=74943"}],"version-history":[{"count":1,"href":"https:\/\/luchonoticias.com\/editor\/wp-json\/wp\/v2\/posts\/74943\/revisions"}],"predecessor-version":[{"id":74945,"href":"https:\/\/luchonoticias.com\/editor\/wp-json\/wp\/v2\/posts\/74943\/revisions\/74945"}],"wp:featuredmedia":[{"embeddable":true,"href":"https:\/\/luchonoticias.com\/editor\/wp-json\/wp\/v2\/media\/74944"}],"wp:attachment":[{"href":"https:\/\/luchonoticias.com\/editor\/wp-json\/wp\/v2\/media?parent=74943"}],"wp:term":[{"taxonomy":"category","embeddable":true,"href":"https:\/\/luchonoticias.com\/editor\/wp-json\/wp\/v2\/categories?post=74943"},{"taxonomy":"post_tag","embeddable":true,"href":"https:\/\/luchonoticias.com\/editor\/wp-json\/wp\/v2\/tags?post=74943"}],"curies":[{"name":"wp","href":"https:\/\/api.w.org\/{rel}","templated":true}]}}