{"id":74954,"date":"2024-07-13T14:49:58","date_gmt":"2024-07-13T19:49:58","guid":{"rendered":"https:\/\/luchonoticias.com\/?p=74954"},"modified":"2024-07-13T14:49:58","modified_gmt":"2024-07-13T19:49:58","slug":"joven-emprendedora-yaguarena-suena-con-la-seleccion-colombia","status":"publish","type":"post","link":"https:\/\/luchonoticias.com\/editor\/joven-emprendedora-yaguarena-suena-con-la-seleccion-colombia\/","title":{"rendered":"Joven emprendedora yaguare\u00f1a sue\u00f1a con la Selecci\u00f3n Colombia"},"content":{"rendered":"<p>Daniela Iba\u00f1ez Medina, una joven yaguare\u00f1a de 25 a\u00f1os, est\u00e1 demostrando que los sue\u00f1os pueden entrelazarse con hilos de esfuerzo y perseverancia. Deportista y apasionada jugadora de f\u00fatbol, Daniela ha encontrado en el crochet una forma de expresi\u00f3n que va m\u00e1s all\u00e1 de lo artesanal, uniendo su pasi\u00f3n por el deporte con su creatividad innata.<\/p>\n<p>Daniela, tecn\u00f3loga en gesti\u00f3n del talento humano, empez\u00f3 a tejer en 2020 y decidi\u00f3 emprender su negocio en 2021. \u00abEs un reto, pero es un reto bonito, que debemos imponernos los que queremos emprender,\u00bb comenta con una sonrisa. Su sue\u00f1o m\u00e1s grande es conocer a James Rodr\u00edguez y entregarle una de sus creaciones, un testimonio de su dedicaci\u00f3n y amor por la Selecci\u00f3n Colombia.<\/p>\n<p><img loading=\"lazy\" decoding=\"async\" class=\"alignnone wp-image-74956\" src=\"https:\/\/luchonoticias.com\/wp-content\/uploads\/2024\/07\/WhatsApp-Image-2024-07-13-at-13.23.40-300x200.jpeg\" alt=\"\" width=\"700\" height=\"466\" srcset=\"https:\/\/luchonoticias.com\/editor\/wp-content\/uploads\/2024\/07\/WhatsApp-Image-2024-07-13-at-13.23.40-300x200.jpeg 300w, https:\/\/luchonoticias.com\/editor\/wp-content\/uploads\/2024\/07\/WhatsApp-Image-2024-07-13-at-13.23.40-1024x682.jpeg 1024w, https:\/\/luchonoticias.com\/editor\/wp-content\/uploads\/2024\/07\/WhatsApp-Image-2024-07-13-at-13.23.40-768x512.jpeg 768w, https:\/\/luchonoticias.com\/editor\/wp-content\/uploads\/2024\/07\/WhatsApp-Image-2024-07-13-at-13.23.40-1536x1023.jpeg 1536w, https:\/\/luchonoticias.com\/editor\/wp-content\/uploads\/2024\/07\/WhatsApp-Image-2024-07-13-at-13.23.40-331x219.jpeg 331w, https:\/\/luchonoticias.com\/editor\/wp-content\/uploads\/2024\/07\/WhatsApp-Image-2024-07-13-at-13.23.40.jpeg 1600w\" sizes=\"auto, (max-width: 700px) 100vw, 700px\" \/><\/p>\n<p>La joven le gusta el f\u00fatbol&#8230;pero tambi\u00e9n el tejido en croch\u00e9.<\/p>\n<p>\u00abLo m\u00e1s dif\u00edcil de ser emprendedor es darse a conocer y que las personas entiendan el valor de crear una prenda solo con hilo y una aguja,\u00bb admite Daniela. Sin embargo, cada reto se convierte en una oportunidad para aprender y mejorar, alimentando su felicidad con cada desaf\u00edo superado.<\/p>\n<p>Con su talento y tenacidad, Daniela Iba\u00f1ez Medina est\u00e1 tejiendo no solo prendas, sino tambi\u00e9n sue\u00f1os que cruzan fronteras y encuentran su lugar en el coraz\u00f3n de todos aquellos que valoran el esfuerzo y la dedicaci\u00f3n.<\/p>\n<p>Por: Osmar Tovar<\/p>\n","protected":false},"excerpt":{"rendered":"<p>Daniela Iba\u00f1ez Medina, una joven yaguare\u00f1a de 25 a\u00f1os, est\u00e1 demostrando que los sue\u00f1os pueden entrelazarse con hilos de esfuerzo y perseverancia.<\/p>\n","protected":false},"author":2,"featured_media":74955,"comment_status":"closed","ping_status":"open","sticky":false,"template":"","format":"standard","meta":{"footnotes":""},"categories":[33],"tags":[],"class_list":["post-74954","post","type-post","status-publish","format-standard","has-post-thumbnail","hentry","category-huila"],"yoast_head":"<!-- This site is optimized with the Yoast SEO plugin v26.6 - https:\/\/yoast.com\/wordpress\/plugins\/seo\/ -->\n<title>Joven emprendedora yaguare\u00f1a sue\u00f1a con la Selecci\u00f3n Colombia -<\/title>\n<meta name=\"description\" content=\"Daniela Iba\u00f1ez Medina, una joven yaguare\u00f1a de 25 a\u00f1os, est\u00e1 demostrando que los sue\u00f1os pueden entrelazarse con hilos de esfuerzo y perseverancia.\" \/>\n<meta name=\"robots\" content=\"index, follow, max-snippet:-1, max-image-preview:large, max-video-preview:-1\" \/>\n<link rel=\"canonical\" href=\"https:\/\/luchonoticias.com\/editor\/joven-emprendedora-yaguarena-suena-con-la-seleccion-colombia\/\" \/>\n<meta property=\"og:locale\" content=\"es_ES\" \/>\n<meta property=\"og:type\" content=\"article\" \/>\n<meta property=\"og:title\" content=\"Joven emprendedora yaguare\u00f1a sue\u00f1a con la Selecci\u00f3n Colombia -\" \/>\n<meta property=\"og:description\" content=\"Daniela Iba\u00f1ez Medina, una joven yaguare\u00f1a de 25 a\u00f1os, est\u00e1 demostrando que los sue\u00f1os pueden entrelazarse con hilos de esfuerzo y perseverancia.\" \/>\n<meta property=\"og:url\" content=\"https:\/\/luchonoticias.com\/editor\/joven-emprendedora-yaguarena-suena-con-la-seleccion-colombia\/\" \/>\n<meta property=\"article:publisher\" content=\"https:\/\/www.facebook.com\/luchonoticiasneiva\" \/>\n<meta property=\"article:published_time\" content=\"2024-07-13T19:49:58+00:00\" \/>\n<meta property=\"og:image\" content=\"https:\/\/luchonoticias.com\/editor\/wp-content\/uploads\/2024\/07\/daniela-1.jpg\" \/>\n\t<meta property=\"og:image:width\" content=\"700\" \/>\n\t<meta property=\"og:image:height\" content=\"400\" \/>\n\t<meta property=\"og:image:type\" content=\"image\/jpeg\" \/>\n<meta name=\"author\" content=\"Editor General\" \/>\n<meta name=\"twitter:card\" content=\"summary_large_image\" \/>\n<meta name=\"twitter:label1\" content=\"Escrito por\" \/>\n\t<meta name=\"twitter:data1\" content=\"Editor General\" \/>\n\t<meta name=\"twitter:label2\" content=\"Tiempo de lectura\" \/>\n\t<meta name=\"twitter:data2\" content=\"2 minutos\" \/>\n<script type=\"application\/ld+json\" class=\"yoast-schema-graph\">{\"@context\":\"https:\/\/schema.org\",\"@graph\":[{\"@type\":\"Article\",\"@id\":\"https:\/\/luchonoticias.com\/editor\/joven-emprendedora-yaguarena-suena-con-la-seleccion-colombia\/#article\",\"isPartOf\":{\"@id\":\"https:\/\/luchonoticias.com\/editor\/joven-emprendedora-yaguarena-suena-con-la-seleccion-colombia\/\"},\"author\":{\"name\":\"Editor General\",\"@id\":\"https:\/\/luchonoticias.com\/editor\/#\/schema\/person\/29217990ddf6f14e35912b2866d591fb\"},\"headline\":\"Joven emprendedora yaguare\u00f1a sue\u00f1a con la Selecci\u00f3n Colombia\",\"datePublished\":\"2024-07-13T19:49:58+00:00\",\"mainEntityOfPage\":{\"@id\":\"https:\/\/luchonoticias.com\/editor\/joven-emprendedora-yaguarena-suena-con-la-seleccion-colombia\/\"},\"wordCount\":252,\"publisher\":{\"@id\":\"https:\/\/luchonoticias.com\/editor\/#\/schema\/person\/7a7fd911f58561fd056dbac7b55af9cd\"},\"image\":{\"@id\":\"https:\/\/luchonoticias.com\/editor\/joven-emprendedora-yaguarena-suena-con-la-seleccion-colombia\/#primaryimage\"},\"thumbnailUrl\":\"https:\/\/luchonoticias.com\/editor\/wp-content\/uploads\/2024\/07\/daniela-1.jpg\",\"articleSection\":[\"Huila\"],\"inLanguage\":\"es\"},{\"@type\":\"WebPage\",\"@id\":\"https:\/\/luchonoticias.com\/editor\/joven-emprendedora-yaguarena-suena-con-la-seleccion-colombia\/\",\"url\":\"https:\/\/luchonoticias.com\/editor\/joven-emprendedora-yaguarena-suena-con-la-seleccion-colombia\/\",\"name\":\"Joven emprendedora yaguare\u00f1a sue\u00f1a con la Selecci\u00f3n Colombia -\",\"isPartOf\":{\"@id\":\"https:\/\/luchonoticias.com\/editor\/#website\"},\"primaryImageOfPage\":{\"@id\":\"https:\/\/luchonoticias.com\/editor\/joven-emprendedora-yaguarena-suena-con-la-seleccion-colombia\/#primaryimage\"},\"image\":{\"@id\":\"https:\/\/luchonoticias.com\/editor\/joven-emprendedora-yaguarena-suena-con-la-seleccion-colombia\/#primaryimage\"},\"thumbnailUrl\":\"https:\/\/luchonoticias.com\/editor\/wp-content\/uploads\/2024\/07\/daniela-1.jpg\",\"datePublished\":\"2024-07-13T19:49:58+00:00\",\"description\":\"Daniela Iba\u00f1ez Medina, una joven yaguare\u00f1a de 25 a\u00f1os, est\u00e1 demostrando que los sue\u00f1os pueden entrelazarse con hilos de esfuerzo y perseverancia.\",\"breadcrumb\":{\"@id\":\"https:\/\/luchonoticias.com\/editor\/joven-emprendedora-yaguarena-suena-con-la-seleccion-colombia\/#breadcrumb\"},\"inLanguage\":\"es\",\"potentialAction\":[{\"@type\":\"ReadAction\",\"target\":[\"https:\/\/luchonoticias.com\/editor\/joven-emprendedora-yaguarena-suena-con-la-seleccion-colombia\/\"]}]},{\"@type\":\"ImageObject\",\"inLanguage\":\"es\",\"@id\":\"https:\/\/luchonoticias.com\/editor\/joven-emprendedora-yaguarena-suena-con-la-seleccion-colombia\/#primaryimage\",\"url\":\"https:\/\/luchonoticias.com\/editor\/wp-content\/uploads\/2024\/07\/daniela-1.jpg\",\"contentUrl\":\"https:\/\/luchonoticias.com\/editor\/wp-content\/uploads\/2024\/07\/daniela-1.jpg\",\"width\":700,\"height\":400},{\"@type\":\"BreadcrumbList\",\"@id\":\"https:\/\/luchonoticias.com\/editor\/joven-emprendedora-yaguarena-suena-con-la-seleccion-colombia\/#breadcrumb\",\"itemListElement\":[{\"@type\":\"ListItem\",\"position\":1,\"name\":\"Portada\",\"item\":\"https:\/\/luchonoticias.com\/editor\/\"},{\"@type\":\"ListItem\",\"position\":2,\"name\":\"Joven emprendedora yaguare\u00f1a sue\u00f1a con la Selecci\u00f3n Colombia\"}]},{\"@type\":\"WebSite\",\"@id\":\"https:\/\/luchonoticias.com\/editor\/#website\",\"url\":\"https:\/\/luchonoticias.com\/editor\/\",\"name\":\"\",\"description\":\"\",\"publisher\":{\"@id\":\"https:\/\/luchonoticias.com\/editor\/#\/schema\/person\/7a7fd911f58561fd056dbac7b55af9cd\"},\"potentialAction\":[{\"@type\":\"SearchAction\",\"target\":{\"@type\":\"EntryPoint\",\"urlTemplate\":\"https:\/\/luchonoticias.com\/editor\/?s={search_term_string}\"},\"query-input\":{\"@type\":\"PropertyValueSpecification\",\"valueRequired\":true,\"valueName\":\"search_term_string\"}}],\"inLanguage\":\"es\"},{\"@type\":[\"Person\",\"Organization\"],\"@id\":\"https:\/\/luchonoticias.com\/editor\/#\/schema\/person\/7a7fd911f58561fd056dbac7b55af9cd\",\"name\":\"admin\",\"image\":{\"@type\":\"ImageObject\",\"inLanguage\":\"es\",\"@id\":\"https:\/\/luchonoticias.com\/editor\/#\/schema\/person\/image\/\",\"url\":\"https:\/\/luchonoticias.com\/editor\/wp-content\/uploads\/2024\/02\/cropped-cropped-logolu.webp\",\"contentUrl\":\"https:\/\/luchonoticias.com\/editor\/wp-content\/uploads\/2024\/02\/cropped-cropped-logolu.webp\",\"width\":382,\"height\":170,\"caption\":\"admin\"},\"logo\":{\"@id\":\"https:\/\/luchonoticias.com\/editor\/#\/schema\/person\/image\/\"},\"sameAs\":[\"https:\/\/www.facebook.com\/luchonoticiasneiva\"]},{\"@type\":\"Person\",\"@id\":\"https:\/\/luchonoticias.com\/editor\/#\/schema\/person\/29217990ddf6f14e35912b2866d591fb\",\"name\":\"Editor General\",\"image\":{\"@type\":\"ImageObject\",\"inLanguage\":\"es\",\"@id\":\"https:\/\/luchonoticias.com\/editor\/#\/schema\/person\/image\/\",\"url\":\"https:\/\/luchonoticias.com\/editor\/wp-content\/uploads\/2024\/02\/cropped-cropped-logolu-150x150.webp\",\"contentUrl\":\"https:\/\/luchonoticias.com\/editor\/wp-content\/uploads\/2024\/02\/cropped-cropped-logolu-150x150.webp\",\"caption\":\"Editor General\"},\"sameAs\":[\"https:\/\/luchonoticias.com\/\"],\"url\":\"https:\/\/luchonoticias.com\/editor\/author\/editor-general\/\"}]}<\/script>\n<!-- \/ Yoast SEO plugin. -->","yoast_head_json":{"title":"Joven emprendedora yaguare\u00f1a sue\u00f1a con la Selecci\u00f3n Colombia -","description":"Daniela Iba\u00f1ez Medina, una joven yaguare\u00f1a de 25 a\u00f1os, est\u00e1 demostrando que los sue\u00f1os pueden entrelazarse con hilos de esfuerzo y perseverancia.","robots":{"index":"index","follow":"follow","max-snippet":"max-snippet:-1","max-image-preview":"max-image-preview:large","max-video-preview":"max-video-preview:-1"},"canonical":"https:\/\/luchonoticias.com\/editor\/joven-emprendedora-yaguarena-suena-con-la-seleccion-colombia\/","og_locale":"es_ES","og_type":"article","og_title":"Joven emprendedora yaguare\u00f1a sue\u00f1a con la Selecci\u00f3n Colombia -","og_description":"Daniela Iba\u00f1ez Medina, una joven yaguare\u00f1a de 25 a\u00f1os, est\u00e1 demostrando que los sue\u00f1os pueden entrelazarse con hilos de esfuerzo y perseverancia.","og_url":"https:\/\/luchonoticias.com\/editor\/joven-emprendedora-yaguarena-suena-con-la-seleccion-colombia\/","article_publisher":"https:\/\/www.facebook.com\/luchonoticiasneiva","article_published_time":"2024-07-13T19:49:58+00:00","og_image":[{"width":700,"height":400,"url":"https:\/\/luchonoticias.com\/editor\/wp-content\/uploads\/2024\/07\/daniela-1.jpg","type":"image\/jpeg"}],"author":"Editor General","twitter_card":"summary_large_image","twitter_misc":{"Escrito por":"Editor General","Tiempo de lectura":"2 minutos"},"schema":{"@context":"https:\/\/schema.org","@graph":[{"@type":"Article","@id":"https:\/\/luchonoticias.com\/editor\/joven-emprendedora-yaguarena-suena-con-la-seleccion-colombia\/#article","isPartOf":{"@id":"https:\/\/luchonoticias.com\/editor\/joven-emprendedora-yaguarena-suena-con-la-seleccion-colombia\/"},"author":{"name":"Editor General","@id":"https:\/\/luchonoticias.com\/editor\/#\/schema\/person\/29217990ddf6f14e35912b2866d591fb"},"headline":"Joven emprendedora yaguare\u00f1a sue\u00f1a con la Selecci\u00f3n Colombia","datePublished":"2024-07-13T19:49:58+00:00","mainEntityOfPage":{"@id":"https:\/\/luchonoticias.com\/editor\/joven-emprendedora-yaguarena-suena-con-la-seleccion-colombia\/"},"wordCount":252,"publisher":{"@id":"https:\/\/luchonoticias.com\/editor\/#\/schema\/person\/7a7fd911f58561fd056dbac7b55af9cd"},"image":{"@id":"https:\/\/luchonoticias.com\/editor\/joven-emprendedora-yaguarena-suena-con-la-seleccion-colombia\/#primaryimage"},"thumbnailUrl":"https:\/\/luchonoticias.com\/editor\/wp-content\/uploads\/2024\/07\/daniela-1.jpg","articleSection":["Huila"],"inLanguage":"es"},{"@type":"WebPage","@id":"https:\/\/luchonoticias.com\/editor\/joven-emprendedora-yaguarena-suena-con-la-seleccion-colombia\/","url":"https:\/\/luchonoticias.com\/editor\/joven-emprendedora-yaguarena-suena-con-la-seleccion-colombia\/","name":"Joven emprendedora yaguare\u00f1a sue\u00f1a con la Selecci\u00f3n Colombia -","isPartOf":{"@id":"https:\/\/luchonoticias.com\/editor\/#website"},"primaryImageOfPage":{"@id":"https:\/\/luchonoticias.com\/editor\/joven-emprendedora-yaguarena-suena-con-la-seleccion-colombia\/#primaryimage"},"image":{"@id":"https:\/\/luchonoticias.com\/editor\/joven-emprendedora-yaguarena-suena-con-la-seleccion-colombia\/#primaryimage"},"thumbnailUrl":"https:\/\/luchonoticias.com\/editor\/wp-content\/uploads\/2024\/07\/daniela-1.jpg","datePublished":"2024-07-13T19:49:58+00:00","description":"Daniela Iba\u00f1ez Medina, una joven yaguare\u00f1a de 25 a\u00f1os, est\u00e1 demostrando que los sue\u00f1os pueden entrelazarse con hilos de esfuerzo y perseverancia.","breadcrumb":{"@id":"https:\/\/luchonoticias.com\/editor\/joven-emprendedora-yaguarena-suena-con-la-seleccion-colombia\/#breadcrumb"},"inLanguage":"es","potentialAction":[{"@type":"ReadAction","target":["https:\/\/luchonoticias.com\/editor\/joven-emprendedora-yaguarena-suena-con-la-seleccion-colombia\/"]}]},{"@type":"ImageObject","inLanguage":"es","@id":"https:\/\/luchonoticias.com\/editor\/joven-emprendedora-yaguarena-suena-con-la-seleccion-colombia\/#primaryimage","url":"https:\/\/luchonoticias.com\/editor\/wp-content\/uploads\/2024\/07\/daniela-1.jpg","contentUrl":"https:\/\/luchonoticias.com\/editor\/wp-content\/uploads\/2024\/07\/daniela-1.jpg","width":700,"height":400},{"@type":"BreadcrumbList","@id":"https:\/\/luchonoticias.com\/editor\/joven-emprendedora-yaguarena-suena-con-la-seleccion-colombia\/#breadcrumb","itemListElement":[{"@type":"ListItem","position":1,"name":"Portada","item":"https:\/\/luchonoticias.com\/editor\/"},{"@type":"ListItem","position":2,"name":"Joven emprendedora yaguare\u00f1a sue\u00f1a con la Selecci\u00f3n Colombia"}]},{"@type":"WebSite","@id":"https:\/\/luchonoticias.com\/editor\/#website","url":"https:\/\/luchonoticias.com\/editor\/","name":"","description":"","publisher":{"@id":"https:\/\/luchonoticias.com\/editor\/#\/schema\/person\/7a7fd911f58561fd056dbac7b55af9cd"},"potentialAction":[{"@type":"SearchAction","target":{"@type":"EntryPoint","urlTemplate":"https:\/\/luchonoticias.com\/editor\/?s={search_term_string}"},"query-input":{"@type":"PropertyValueSpecification","valueRequired":true,"valueName":"search_term_string"}}],"inLanguage":"es"},{"@type":["Person","Organization"],"@id":"https:\/\/luchonoticias.com\/editor\/#\/schema\/person\/7a7fd911f58561fd056dbac7b55af9cd","name":"admin","image":{"@type":"ImageObject","inLanguage":"es","@id":"https:\/\/luchonoticias.com\/editor\/#\/schema\/person\/image\/","url":"https:\/\/luchonoticias.com\/editor\/wp-content\/uploads\/2024\/02\/cropped-cropped-logolu.webp","contentUrl":"https:\/\/luchonoticias.com\/editor\/wp-content\/uploads\/2024\/02\/cropped-cropped-logolu.webp","width":382,"height":170,"caption":"admin"},"logo":{"@id":"https:\/\/luchonoticias.com\/editor\/#\/schema\/person\/image\/"},"sameAs":["https:\/\/www.facebook.com\/luchonoticiasneiva"]},{"@type":"Person","@id":"https:\/\/luchonoticias.com\/editor\/#\/schema\/person\/29217990ddf6f14e35912b2866d591fb","name":"Editor General","image":{"@type":"ImageObject","inLanguage":"es","@id":"https:\/\/luchonoticias.com\/editor\/#\/schema\/person\/image\/","url":"https:\/\/luchonoticias.com\/editor\/wp-content\/uploads\/2024\/02\/cropped-cropped-logolu-150x150.webp","contentUrl":"https:\/\/luchonoticias.com\/editor\/wp-content\/uploads\/2024\/02\/cropped-cropped-logolu-150x150.webp","caption":"Editor General"},"sameAs":["https:\/\/luchonoticias.com\/"],"url":"https:\/\/luchonoticias.com\/editor\/author\/editor-general\/"}]}},"_links":{"self":[{"href":"https:\/\/luchonoticias.com\/editor\/wp-json\/wp\/v2\/posts\/74954","targetHints":{"allow":["GET"]}}],"collection":[{"href":"https:\/\/luchonoticias.com\/editor\/wp-json\/wp\/v2\/posts"}],"about":[{"href":"https:\/\/luchonoticias.com\/editor\/wp-json\/wp\/v2\/types\/post"}],"author":[{"embeddable":true,"href":"https:\/\/luchonoticias.com\/editor\/wp-json\/wp\/v2\/users\/2"}],"replies":[{"embeddable":true,"href":"https:\/\/luchonoticias.com\/editor\/wp-json\/wp\/v2\/comments?post=74954"}],"version-history":[{"count":2,"href":"https:\/\/luchonoticias.com\/editor\/wp-json\/wp\/v2\/posts\/74954\/revisions"}],"predecessor-version":[{"id":74958,"href":"https:\/\/luchonoticias.com\/editor\/wp-json\/wp\/v2\/posts\/74954\/revisions\/74958"}],"wp:featuredmedia":[{"embeddable":true,"href":"https:\/\/luchonoticias.com\/editor\/wp-json\/wp\/v2\/media\/74955"}],"wp:attachment":[{"href":"https:\/\/luchonoticias.com\/editor\/wp-json\/wp\/v2\/media?parent=74954"}],"wp:term":[{"taxonomy":"category","embeddable":true,"href":"https:\/\/luchonoticias.com\/editor\/wp-json\/wp\/v2\/categories?post=74954"},{"taxonomy":"post_tag","embeddable":true,"href":"https:\/\/luchonoticias.com\/editor\/wp-json\/wp\/v2\/tags?post=74954"}],"curies":[{"name":"wp","href":"https:\/\/api.w.org\/{rel}","templated":true}]}}