{"id":74966,"date":"2024-07-14T07:41:15","date_gmt":"2024-07-14T12:41:15","guid":{"rendered":"https:\/\/luchonoticias.com\/?p=74966"},"modified":"2024-07-14T07:41:15","modified_gmt":"2024-07-14T12:41:15","slug":"las-oportunidades-de-colombia-a-los-firmantes-de-paz","status":"publish","type":"post","link":"https:\/\/luchonoticias.com\/editor\/las-oportunidades-de-colombia-a-los-firmantes-de-paz\/","title":{"rendered":"Las oportunidades de Colombia a los firmantes de paz"},"content":{"rendered":"<p>El presidente Gustavo Petro firm\u00f3 el decreto 0846 que reglamenta el<strong>\u00a0<\/strong>Programa de Reincorporaci\u00f3n Integral (PRI) y crea el Sistema Nacional de Reincorporaci\u00f3n (SNR) que garantiza un cumplimi\u200bento articulado del punto 3 del Acuerdo Final de 2016 y beneficia directamente a 12.081 firmantes del Acuerdo.<\/p>\n<p>La directora de la Agencia de Reincorporaci\u00f3n y Normalizaci\u00f3n (ARN), Alejandra Miller Restrepo, manifest\u00f3 que \u201ctener el decreto es un paso adelante en el proceso de reincorporaci\u00f3n pol\u00edtica, econ\u00f3mica, social y comunitaria de quienes firmaron el Acuerdo Final de Paz\u00bb.<\/p>\n<p>Adem\u00e1s, indic\u00f3 que el decreto agiliza la implementaci\u00f3n y articula todas las instancias en el orden nacional y regional para el bienestar de la poblaci\u00f3n firmante.<\/p>\n<p>\u201cCon este decreto le estamos cumpliendo a los firmantes, estamos cumpliendo con la implementaci\u00f3n de lo pactado\u00bb, se\u00f1al\u00f3 la directora.<\/p>\n<p>Para la creaci\u00f3n del Sistema Nacional de Reincorporaci\u00f3n y el Programa de Reincorporaci\u00f3n Integral se incorporaron las propuestas y visiones de diferentes organizaciones de firmantes del Acuerdo, que participaron en siete encuentros regionales para la construcci\u00f3n colectiva.<\/p>\n<p>Seg\u00fan la ARN, el 95% de las personas reincorporadas est\u00e1n bancarizadas y reciben renta b\u00e1sica correspondiente al 90% de un salario m\u00ednimo; el 99% de la poblaci\u00f3n en reincorporaci\u00f3n est\u00e1 afiliada a salud, y el 93% al sistema de pensi\u00f3n. Hasta el momento, 10.950 personas han recibido apoyo para sus proyectos productivos.<\/p>\n","protected":false},"excerpt":{"rendered":"<p>El Programa de Reincorporaci\u00f3n Integral contempla 211 acciones dise\u00f1adas para atender las necesidades y aspiraciones de los y las firmantes de paz.<\/p>\n","protected":false},"author":2,"featured_media":74967,"comment_status":"closed","ping_status":"open","sticky":false,"template":"","format":"standard","meta":{"footnotes":""},"categories":[28],"tags":[],"class_list":["post-74966","post","type-post","status-publish","format-standard","has-post-thumbnail","hentry","category-actualidad"],"yoast_head":"<!-- This site is optimized with the Yoast SEO plugin v26.6 - https:\/\/yoast.com\/wordpress\/plugins\/seo\/ -->\n<title>Las oportunidades de Colombia a los firmantes de paz -<\/title>\n<meta name=\"description\" content=\"El Programa de Reincorporaci\u00f3n Integral contempla 211 acciones dise\u00f1adas para atender las necesidades y aspiraciones de los y las firmantes de paz.\" \/>\n<meta name=\"robots\" content=\"index, follow, max-snippet:-1, max-image-preview:large, max-video-preview:-1\" \/>\n<link rel=\"canonical\" href=\"https:\/\/luchonoticias.com\/editor\/las-oportunidades-de-colombia-a-los-firmantes-de-paz\/\" \/>\n<meta property=\"og:locale\" content=\"es_ES\" \/>\n<meta property=\"og:type\" content=\"article\" \/>\n<meta property=\"og:title\" content=\"Las oportunidades de Colombia a los firmantes de paz -\" \/>\n<meta property=\"og:description\" content=\"El Programa de Reincorporaci\u00f3n Integral contempla 211 acciones dise\u00f1adas para atender las necesidades y aspiraciones de los y las firmantes de paz.\" \/>\n<meta property=\"og:url\" content=\"https:\/\/luchonoticias.com\/editor\/las-oportunidades-de-colombia-a-los-firmantes-de-paz\/\" \/>\n<meta property=\"article:publisher\" content=\"https:\/\/www.facebook.com\/luchonoticiasneiva\" \/>\n<meta property=\"article:published_time\" content=\"2024-07-14T12:41:15+00:00\" \/>\n<meta property=\"og:image\" content=\"https:\/\/luchonoticias.com\/editor\/wp-content\/uploads\/2024\/07\/trabajos.jpg\" \/>\n\t<meta property=\"og:image:width\" content=\"700\" \/>\n\t<meta property=\"og:image:height\" content=\"400\" \/>\n\t<meta property=\"og:image:type\" content=\"image\/jpeg\" \/>\n<meta name=\"author\" content=\"Editor General\" \/>\n<meta name=\"twitter:card\" content=\"summary_large_image\" \/>\n<meta name=\"twitter:label1\" content=\"Escrito por\" \/>\n\t<meta name=\"twitter:data1\" content=\"Editor General\" \/>\n\t<meta name=\"twitter:label2\" content=\"Tiempo de lectura\" \/>\n\t<meta name=\"twitter:data2\" content=\"2 minutos\" \/>\n<script type=\"application\/ld+json\" class=\"yoast-schema-graph\">{\"@context\":\"https:\/\/schema.org\",\"@graph\":[{\"@type\":\"Article\",\"@id\":\"https:\/\/luchonoticias.com\/editor\/las-oportunidades-de-colombia-a-los-firmantes-de-paz\/#article\",\"isPartOf\":{\"@id\":\"https:\/\/luchonoticias.com\/editor\/las-oportunidades-de-colombia-a-los-firmantes-de-paz\/\"},\"author\":{\"name\":\"Editor General\",\"@id\":\"https:\/\/luchonoticias.com\/editor\/#\/schema\/person\/29217990ddf6f14e35912b2866d591fb\"},\"headline\":\"Las oportunidades de Colombia a los firmantes de paz\",\"datePublished\":\"2024-07-14T12:41:15+00:00\",\"mainEntityOfPage\":{\"@id\":\"https:\/\/luchonoticias.com\/editor\/las-oportunidades-de-colombia-a-los-firmantes-de-paz\/\"},\"wordCount\":244,\"publisher\":{\"@id\":\"https:\/\/luchonoticias.com\/editor\/#\/schema\/person\/7a7fd911f58561fd056dbac7b55af9cd\"},\"image\":{\"@id\":\"https:\/\/luchonoticias.com\/editor\/las-oportunidades-de-colombia-a-los-firmantes-de-paz\/#primaryimage\"},\"thumbnailUrl\":\"https:\/\/luchonoticias.com\/editor\/wp-content\/uploads\/2024\/07\/trabajos.jpg\",\"articleSection\":[\"Actualidad\"],\"inLanguage\":\"es\"},{\"@type\":\"WebPage\",\"@id\":\"https:\/\/luchonoticias.com\/editor\/las-oportunidades-de-colombia-a-los-firmantes-de-paz\/\",\"url\":\"https:\/\/luchonoticias.com\/editor\/las-oportunidades-de-colombia-a-los-firmantes-de-paz\/\",\"name\":\"Las oportunidades de Colombia a los firmantes de paz -\",\"isPartOf\":{\"@id\":\"https:\/\/luchonoticias.com\/editor\/#website\"},\"primaryImageOfPage\":{\"@id\":\"https:\/\/luchonoticias.com\/editor\/las-oportunidades-de-colombia-a-los-firmantes-de-paz\/#primaryimage\"},\"image\":{\"@id\":\"https:\/\/luchonoticias.com\/editor\/las-oportunidades-de-colombia-a-los-firmantes-de-paz\/#primaryimage\"},\"thumbnailUrl\":\"https:\/\/luchonoticias.com\/editor\/wp-content\/uploads\/2024\/07\/trabajos.jpg\",\"datePublished\":\"2024-07-14T12:41:15+00:00\",\"description\":\"El Programa de Reincorporaci\u00f3n Integral contempla 211 acciones dise\u00f1adas para atender las necesidades y aspiraciones de los y las firmantes de paz.\",\"breadcrumb\":{\"@id\":\"https:\/\/luchonoticias.com\/editor\/las-oportunidades-de-colombia-a-los-firmantes-de-paz\/#breadcrumb\"},\"inLanguage\":\"es\",\"potentialAction\":[{\"@type\":\"ReadAction\",\"target\":[\"https:\/\/luchonoticias.com\/editor\/las-oportunidades-de-colombia-a-los-firmantes-de-paz\/\"]}]},{\"@type\":\"ImageObject\",\"inLanguage\":\"es\",\"@id\":\"https:\/\/luchonoticias.com\/editor\/las-oportunidades-de-colombia-a-los-firmantes-de-paz\/#primaryimage\",\"url\":\"https:\/\/luchonoticias.com\/editor\/wp-content\/uploads\/2024\/07\/trabajos.jpg\",\"contentUrl\":\"https:\/\/luchonoticias.com\/editor\/wp-content\/uploads\/2024\/07\/trabajos.jpg\",\"width\":700,\"height\":400},{\"@type\":\"BreadcrumbList\",\"@id\":\"https:\/\/luchonoticias.com\/editor\/las-oportunidades-de-colombia-a-los-firmantes-de-paz\/#breadcrumb\",\"itemListElement\":[{\"@type\":\"ListItem\",\"position\":1,\"name\":\"Portada\",\"item\":\"https:\/\/luchonoticias.com\/editor\/\"},{\"@type\":\"ListItem\",\"position\":2,\"name\":\"Las oportunidades de Colombia a los firmantes de paz\"}]},{\"@type\":\"WebSite\",\"@id\":\"https:\/\/luchonoticias.com\/editor\/#website\",\"url\":\"https:\/\/luchonoticias.com\/editor\/\",\"name\":\"\",\"description\":\"\",\"publisher\":{\"@id\":\"https:\/\/luchonoticias.com\/editor\/#\/schema\/person\/7a7fd911f58561fd056dbac7b55af9cd\"},\"potentialAction\":[{\"@type\":\"SearchAction\",\"target\":{\"@type\":\"EntryPoint\",\"urlTemplate\":\"https:\/\/luchonoticias.com\/editor\/?s={search_term_string}\"},\"query-input\":{\"@type\":\"PropertyValueSpecification\",\"valueRequired\":true,\"valueName\":\"search_term_string\"}}],\"inLanguage\":\"es\"},{\"@type\":[\"Person\",\"Organization\"],\"@id\":\"https:\/\/luchonoticias.com\/editor\/#\/schema\/person\/7a7fd911f58561fd056dbac7b55af9cd\",\"name\":\"admin\",\"image\":{\"@type\":\"ImageObject\",\"inLanguage\":\"es\",\"@id\":\"https:\/\/luchonoticias.com\/editor\/#\/schema\/person\/image\/\",\"url\":\"https:\/\/luchonoticias.com\/editor\/wp-content\/uploads\/2024\/02\/cropped-cropped-logolu.webp\",\"contentUrl\":\"https:\/\/luchonoticias.com\/editor\/wp-content\/uploads\/2024\/02\/cropped-cropped-logolu.webp\",\"width\":382,\"height\":170,\"caption\":\"admin\"},\"logo\":{\"@id\":\"https:\/\/luchonoticias.com\/editor\/#\/schema\/person\/image\/\"},\"sameAs\":[\"https:\/\/www.facebook.com\/luchonoticiasneiva\"]},{\"@type\":\"Person\",\"@id\":\"https:\/\/luchonoticias.com\/editor\/#\/schema\/person\/29217990ddf6f14e35912b2866d591fb\",\"name\":\"Editor General\",\"image\":{\"@type\":\"ImageObject\",\"inLanguage\":\"es\",\"@id\":\"https:\/\/luchonoticias.com\/editor\/#\/schema\/person\/image\/\",\"url\":\"https:\/\/luchonoticias.com\/editor\/wp-content\/uploads\/2024\/02\/cropped-cropped-logolu-150x150.webp\",\"contentUrl\":\"https:\/\/luchonoticias.com\/editor\/wp-content\/uploads\/2024\/02\/cropped-cropped-logolu-150x150.webp\",\"caption\":\"Editor General\"},\"sameAs\":[\"https:\/\/luchonoticias.com\/\"],\"url\":\"https:\/\/luchonoticias.com\/editor\/author\/editor-general\/\"}]}<\/script>\n<!-- \/ Yoast SEO plugin. -->","yoast_head_json":{"title":"Las oportunidades de Colombia a los firmantes de paz -","description":"El Programa de Reincorporaci\u00f3n Integral contempla 211 acciones dise\u00f1adas para atender las necesidades y aspiraciones de los y las firmantes de paz.","robots":{"index":"index","follow":"follow","max-snippet":"max-snippet:-1","max-image-preview":"max-image-preview:large","max-video-preview":"max-video-preview:-1"},"canonical":"https:\/\/luchonoticias.com\/editor\/las-oportunidades-de-colombia-a-los-firmantes-de-paz\/","og_locale":"es_ES","og_type":"article","og_title":"Las oportunidades de Colombia a los firmantes de paz -","og_description":"El Programa de Reincorporaci\u00f3n Integral contempla 211 acciones dise\u00f1adas para atender las necesidades y aspiraciones de los y las firmantes de paz.","og_url":"https:\/\/luchonoticias.com\/editor\/las-oportunidades-de-colombia-a-los-firmantes-de-paz\/","article_publisher":"https:\/\/www.facebook.com\/luchonoticiasneiva","article_published_time":"2024-07-14T12:41:15+00:00","og_image":[{"width":700,"height":400,"url":"https:\/\/luchonoticias.com\/editor\/wp-content\/uploads\/2024\/07\/trabajos.jpg","type":"image\/jpeg"}],"author":"Editor General","twitter_card":"summary_large_image","twitter_misc":{"Escrito por":"Editor General","Tiempo de lectura":"2 minutos"},"schema":{"@context":"https:\/\/schema.org","@graph":[{"@type":"Article","@id":"https:\/\/luchonoticias.com\/editor\/las-oportunidades-de-colombia-a-los-firmantes-de-paz\/#article","isPartOf":{"@id":"https:\/\/luchonoticias.com\/editor\/las-oportunidades-de-colombia-a-los-firmantes-de-paz\/"},"author":{"name":"Editor General","@id":"https:\/\/luchonoticias.com\/editor\/#\/schema\/person\/29217990ddf6f14e35912b2866d591fb"},"headline":"Las oportunidades de Colombia a los firmantes de paz","datePublished":"2024-07-14T12:41:15+00:00","mainEntityOfPage":{"@id":"https:\/\/luchonoticias.com\/editor\/las-oportunidades-de-colombia-a-los-firmantes-de-paz\/"},"wordCount":244,"publisher":{"@id":"https:\/\/luchonoticias.com\/editor\/#\/schema\/person\/7a7fd911f58561fd056dbac7b55af9cd"},"image":{"@id":"https:\/\/luchonoticias.com\/editor\/las-oportunidades-de-colombia-a-los-firmantes-de-paz\/#primaryimage"},"thumbnailUrl":"https:\/\/luchonoticias.com\/editor\/wp-content\/uploads\/2024\/07\/trabajos.jpg","articleSection":["Actualidad"],"inLanguage":"es"},{"@type":"WebPage","@id":"https:\/\/luchonoticias.com\/editor\/las-oportunidades-de-colombia-a-los-firmantes-de-paz\/","url":"https:\/\/luchonoticias.com\/editor\/las-oportunidades-de-colombia-a-los-firmantes-de-paz\/","name":"Las oportunidades de Colombia a los firmantes de paz -","isPartOf":{"@id":"https:\/\/luchonoticias.com\/editor\/#website"},"primaryImageOfPage":{"@id":"https:\/\/luchonoticias.com\/editor\/las-oportunidades-de-colombia-a-los-firmantes-de-paz\/#primaryimage"},"image":{"@id":"https:\/\/luchonoticias.com\/editor\/las-oportunidades-de-colombia-a-los-firmantes-de-paz\/#primaryimage"},"thumbnailUrl":"https:\/\/luchonoticias.com\/editor\/wp-content\/uploads\/2024\/07\/trabajos.jpg","datePublished":"2024-07-14T12:41:15+00:00","description":"El Programa de Reincorporaci\u00f3n Integral contempla 211 acciones dise\u00f1adas para atender las necesidades y aspiraciones de los y las firmantes de paz.","breadcrumb":{"@id":"https:\/\/luchonoticias.com\/editor\/las-oportunidades-de-colombia-a-los-firmantes-de-paz\/#breadcrumb"},"inLanguage":"es","potentialAction":[{"@type":"ReadAction","target":["https:\/\/luchonoticias.com\/editor\/las-oportunidades-de-colombia-a-los-firmantes-de-paz\/"]}]},{"@type":"ImageObject","inLanguage":"es","@id":"https:\/\/luchonoticias.com\/editor\/las-oportunidades-de-colombia-a-los-firmantes-de-paz\/#primaryimage","url":"https:\/\/luchonoticias.com\/editor\/wp-content\/uploads\/2024\/07\/trabajos.jpg","contentUrl":"https:\/\/luchonoticias.com\/editor\/wp-content\/uploads\/2024\/07\/trabajos.jpg","width":700,"height":400},{"@type":"BreadcrumbList","@id":"https:\/\/luchonoticias.com\/editor\/las-oportunidades-de-colombia-a-los-firmantes-de-paz\/#breadcrumb","itemListElement":[{"@type":"ListItem","position":1,"name":"Portada","item":"https:\/\/luchonoticias.com\/editor\/"},{"@type":"ListItem","position":2,"name":"Las oportunidades de Colombia a los firmantes de paz"}]},{"@type":"WebSite","@id":"https:\/\/luchonoticias.com\/editor\/#website","url":"https:\/\/luchonoticias.com\/editor\/","name":"","description":"","publisher":{"@id":"https:\/\/luchonoticias.com\/editor\/#\/schema\/person\/7a7fd911f58561fd056dbac7b55af9cd"},"potentialAction":[{"@type":"SearchAction","target":{"@type":"EntryPoint","urlTemplate":"https:\/\/luchonoticias.com\/editor\/?s={search_term_string}"},"query-input":{"@type":"PropertyValueSpecification","valueRequired":true,"valueName":"search_term_string"}}],"inLanguage":"es"},{"@type":["Person","Organization"],"@id":"https:\/\/luchonoticias.com\/editor\/#\/schema\/person\/7a7fd911f58561fd056dbac7b55af9cd","name":"admin","image":{"@type":"ImageObject","inLanguage":"es","@id":"https:\/\/luchonoticias.com\/editor\/#\/schema\/person\/image\/","url":"https:\/\/luchonoticias.com\/editor\/wp-content\/uploads\/2024\/02\/cropped-cropped-logolu.webp","contentUrl":"https:\/\/luchonoticias.com\/editor\/wp-content\/uploads\/2024\/02\/cropped-cropped-logolu.webp","width":382,"height":170,"caption":"admin"},"logo":{"@id":"https:\/\/luchonoticias.com\/editor\/#\/schema\/person\/image\/"},"sameAs":["https:\/\/www.facebook.com\/luchonoticiasneiva"]},{"@type":"Person","@id":"https:\/\/luchonoticias.com\/editor\/#\/schema\/person\/29217990ddf6f14e35912b2866d591fb","name":"Editor General","image":{"@type":"ImageObject","inLanguage":"es","@id":"https:\/\/luchonoticias.com\/editor\/#\/schema\/person\/image\/","url":"https:\/\/luchonoticias.com\/editor\/wp-content\/uploads\/2024\/02\/cropped-cropped-logolu-150x150.webp","contentUrl":"https:\/\/luchonoticias.com\/editor\/wp-content\/uploads\/2024\/02\/cropped-cropped-logolu-150x150.webp","caption":"Editor General"},"sameAs":["https:\/\/luchonoticias.com\/"],"url":"https:\/\/luchonoticias.com\/editor\/author\/editor-general\/"}]}},"_links":{"self":[{"href":"https:\/\/luchonoticias.com\/editor\/wp-json\/wp\/v2\/posts\/74966","targetHints":{"allow":["GET"]}}],"collection":[{"href":"https:\/\/luchonoticias.com\/editor\/wp-json\/wp\/v2\/posts"}],"about":[{"href":"https:\/\/luchonoticias.com\/editor\/wp-json\/wp\/v2\/types\/post"}],"author":[{"embeddable":true,"href":"https:\/\/luchonoticias.com\/editor\/wp-json\/wp\/v2\/users\/2"}],"replies":[{"embeddable":true,"href":"https:\/\/luchonoticias.com\/editor\/wp-json\/wp\/v2\/comments?post=74966"}],"version-history":[{"count":1,"href":"https:\/\/luchonoticias.com\/editor\/wp-json\/wp\/v2\/posts\/74966\/revisions"}],"predecessor-version":[{"id":74968,"href":"https:\/\/luchonoticias.com\/editor\/wp-json\/wp\/v2\/posts\/74966\/revisions\/74968"}],"wp:featuredmedia":[{"embeddable":true,"href":"https:\/\/luchonoticias.com\/editor\/wp-json\/wp\/v2\/media\/74967"}],"wp:attachment":[{"href":"https:\/\/luchonoticias.com\/editor\/wp-json\/wp\/v2\/media?parent=74966"}],"wp:term":[{"taxonomy":"category","embeddable":true,"href":"https:\/\/luchonoticias.com\/editor\/wp-json\/wp\/v2\/categories?post=74966"},{"taxonomy":"post_tag","embeddable":true,"href":"https:\/\/luchonoticias.com\/editor\/wp-json\/wp\/v2\/tags?post=74966"}],"curies":[{"name":"wp","href":"https:\/\/api.w.org\/{rel}","templated":true}]}}