{"id":74969,"date":"2024-07-14T07:52:25","date_gmt":"2024-07-14T12:52:25","guid":{"rendered":"https:\/\/luchonoticias.com\/?p=74969"},"modified":"2024-07-14T07:52:25","modified_gmt":"2024-07-14T12:52:25","slug":"comienza-la-pretemporada-del-utrahuilca","status":"publish","type":"post","link":"https:\/\/luchonoticias.com\/editor\/comienza-la-pretemporada-del-utrahuilca\/","title":{"rendered":"Comienza la pretemporada del Utrahuilca"},"content":{"rendered":"<p>Ma\u00f1ana en horas de la noche el equipo Utrahuilca comenzar\u00e1 labores de pretemporada, pensando en lo que ser\u00e1 la participaci\u00f3n en la Liga de f\u00fatbol sala del segundo semestre.<\/p>\n<p>La cita es para comenzar a las 7:00 de la noche en el Coliseo \u00c1lvaro S\u00e1nchez Silva donde el grupo base empezar\u00e1 trabajos diferenciados, adicional a ello se abre la jornada para todos aquellos j\u00f3venes interesados en formar parte del equipo ya que se desarrollar\u00e1n veedur\u00edas pensando en sumar nuevos elementos para la escuadra, \u00faltimo punto en el cual hay cierto optimismo de parte del cuerpo t\u00e9cnico.<\/p>\n<p>Para este semestre el elenco regional tendr\u00e1 cuatro partidos como local por lo que la idea es sumar todos estos juegos as\u00ed como conseguir puntos de visitante pensando en superar la primera ronda como ocurri\u00f3 en el campeonato pasado.<\/p>\n","protected":false},"excerpt":{"rendered":"<p>Ma\u00f1ana el elenco solidario inicia trabajos con miras a lo que ser\u00e1 el campeonato de f\u00fatbol sala del segundo semestre. <\/p>\n","protected":false},"author":2,"featured_media":72998,"comment_status":"closed","ping_status":"open","sticky":false,"template":"","format":"standard","meta":{"footnotes":""},"categories":[34],"tags":[],"class_list":["post-74969","post","type-post","status-publish","format-standard","has-post-thumbnail","hentry","category-deportes"],"yoast_head":"<!-- This site is optimized with the Yoast SEO plugin v26.6 - https:\/\/yoast.com\/wordpress\/plugins\/seo\/ -->\n<title>Comienza la pretemporada del Utrahuilca -<\/title>\n<meta name=\"description\" content=\"Ma\u00f1ana el elenco solidario inicia trabajos con miras a lo que ser\u00e1 el campeonato de f\u00fatbol sala del segundo semestre.\" \/>\n<meta name=\"robots\" content=\"index, follow, max-snippet:-1, max-image-preview:large, max-video-preview:-1\" \/>\n<link rel=\"canonical\" href=\"https:\/\/luchonoticias.com\/editor\/comienza-la-pretemporada-del-utrahuilca\/\" \/>\n<meta property=\"og:locale\" content=\"es_ES\" \/>\n<meta property=\"og:type\" content=\"article\" \/>\n<meta property=\"og:title\" content=\"Comienza la pretemporada del Utrahuilca -\" \/>\n<meta property=\"og:description\" content=\"Ma\u00f1ana el elenco solidario inicia trabajos con miras a lo que ser\u00e1 el campeonato de f\u00fatbol sala del segundo semestre.\" \/>\n<meta property=\"og:url\" content=\"https:\/\/luchonoticias.com\/editor\/comienza-la-pretemporada-del-utrahuilca\/\" \/>\n<meta property=\"article:publisher\" content=\"https:\/\/www.facebook.com\/luchonoticiasneiva\" \/>\n<meta property=\"article:published_time\" content=\"2024-07-14T12:52:25+00:00\" \/>\n<meta property=\"og:image\" content=\"https:\/\/luchonoticias.com\/editor\/wp-content\/uploads\/2024\/05\/utrahuilca.jpg\" \/>\n\t<meta property=\"og:image:width\" content=\"700\" \/>\n\t<meta property=\"og:image:height\" content=\"400\" \/>\n\t<meta property=\"og:image:type\" content=\"image\/jpeg\" \/>\n<meta name=\"author\" content=\"Editor General\" \/>\n<meta name=\"twitter:card\" content=\"summary_large_image\" \/>\n<meta name=\"twitter:label1\" content=\"Escrito por\" \/>\n\t<meta name=\"twitter:data1\" content=\"Editor General\" \/>\n\t<meta name=\"twitter:label2\" content=\"Tiempo de lectura\" \/>\n\t<meta name=\"twitter:data2\" content=\"1 minuto\" \/>\n<script type=\"application\/ld+json\" class=\"yoast-schema-graph\">{\"@context\":\"https:\/\/schema.org\",\"@graph\":[{\"@type\":\"Article\",\"@id\":\"https:\/\/luchonoticias.com\/editor\/comienza-la-pretemporada-del-utrahuilca\/#article\",\"isPartOf\":{\"@id\":\"https:\/\/luchonoticias.com\/editor\/comienza-la-pretemporada-del-utrahuilca\/\"},\"author\":{\"name\":\"Editor General\",\"@id\":\"https:\/\/luchonoticias.com\/editor\/#\/schema\/person\/29217990ddf6f14e35912b2866d591fb\"},\"headline\":\"Comienza la pretemporada del Utrahuilca\",\"datePublished\":\"2024-07-14T12:52:25+00:00\",\"mainEntityOfPage\":{\"@id\":\"https:\/\/luchonoticias.com\/editor\/comienza-la-pretemporada-del-utrahuilca\/\"},\"wordCount\":147,\"publisher\":{\"@id\":\"https:\/\/luchonoticias.com\/editor\/#\/schema\/person\/7a7fd911f58561fd056dbac7b55af9cd\"},\"image\":{\"@id\":\"https:\/\/luchonoticias.com\/editor\/comienza-la-pretemporada-del-utrahuilca\/#primaryimage\"},\"thumbnailUrl\":\"https:\/\/luchonoticias.com\/editor\/wp-content\/uploads\/2024\/05\/utrahuilca.jpg\",\"articleSection\":[\"Deportes\"],\"inLanguage\":\"es\"},{\"@type\":\"WebPage\",\"@id\":\"https:\/\/luchonoticias.com\/editor\/comienza-la-pretemporada-del-utrahuilca\/\",\"url\":\"https:\/\/luchonoticias.com\/editor\/comienza-la-pretemporada-del-utrahuilca\/\",\"name\":\"Comienza la pretemporada del Utrahuilca -\",\"isPartOf\":{\"@id\":\"https:\/\/luchonoticias.com\/editor\/#website\"},\"primaryImageOfPage\":{\"@id\":\"https:\/\/luchonoticias.com\/editor\/comienza-la-pretemporada-del-utrahuilca\/#primaryimage\"},\"image\":{\"@id\":\"https:\/\/luchonoticias.com\/editor\/comienza-la-pretemporada-del-utrahuilca\/#primaryimage\"},\"thumbnailUrl\":\"https:\/\/luchonoticias.com\/editor\/wp-content\/uploads\/2024\/05\/utrahuilca.jpg\",\"datePublished\":\"2024-07-14T12:52:25+00:00\",\"description\":\"Ma\u00f1ana el elenco solidario inicia trabajos con miras a lo que ser\u00e1 el campeonato de f\u00fatbol sala del segundo semestre.\",\"breadcrumb\":{\"@id\":\"https:\/\/luchonoticias.com\/editor\/comienza-la-pretemporada-del-utrahuilca\/#breadcrumb\"},\"inLanguage\":\"es\",\"potentialAction\":[{\"@type\":\"ReadAction\",\"target\":[\"https:\/\/luchonoticias.com\/editor\/comienza-la-pretemporada-del-utrahuilca\/\"]}]},{\"@type\":\"ImageObject\",\"inLanguage\":\"es\",\"@id\":\"https:\/\/luchonoticias.com\/editor\/comienza-la-pretemporada-del-utrahuilca\/#primaryimage\",\"url\":\"https:\/\/luchonoticias.com\/editor\/wp-content\/uploads\/2024\/05\/utrahuilca.jpg\",\"contentUrl\":\"https:\/\/luchonoticias.com\/editor\/wp-content\/uploads\/2024\/05\/utrahuilca.jpg\",\"width\":700,\"height\":400},{\"@type\":\"BreadcrumbList\",\"@id\":\"https:\/\/luchonoticias.com\/editor\/comienza-la-pretemporada-del-utrahuilca\/#breadcrumb\",\"itemListElement\":[{\"@type\":\"ListItem\",\"position\":1,\"name\":\"Portada\",\"item\":\"https:\/\/luchonoticias.com\/editor\/\"},{\"@type\":\"ListItem\",\"position\":2,\"name\":\"Comienza la pretemporada del Utrahuilca\"}]},{\"@type\":\"WebSite\",\"@id\":\"https:\/\/luchonoticias.com\/editor\/#website\",\"url\":\"https:\/\/luchonoticias.com\/editor\/\",\"name\":\"\",\"description\":\"\",\"publisher\":{\"@id\":\"https:\/\/luchonoticias.com\/editor\/#\/schema\/person\/7a7fd911f58561fd056dbac7b55af9cd\"},\"potentialAction\":[{\"@type\":\"SearchAction\",\"target\":{\"@type\":\"EntryPoint\",\"urlTemplate\":\"https:\/\/luchonoticias.com\/editor\/?s={search_term_string}\"},\"query-input\":{\"@type\":\"PropertyValueSpecification\",\"valueRequired\":true,\"valueName\":\"search_term_string\"}}],\"inLanguage\":\"es\"},{\"@type\":[\"Person\",\"Organization\"],\"@id\":\"https:\/\/luchonoticias.com\/editor\/#\/schema\/person\/7a7fd911f58561fd056dbac7b55af9cd\",\"name\":\"admin\",\"image\":{\"@type\":\"ImageObject\",\"inLanguage\":\"es\",\"@id\":\"https:\/\/luchonoticias.com\/editor\/#\/schema\/person\/image\/\",\"url\":\"https:\/\/luchonoticias.com\/editor\/wp-content\/uploads\/2024\/02\/cropped-cropped-logolu.webp\",\"contentUrl\":\"https:\/\/luchonoticias.com\/editor\/wp-content\/uploads\/2024\/02\/cropped-cropped-logolu.webp\",\"width\":382,\"height\":170,\"caption\":\"admin\"},\"logo\":{\"@id\":\"https:\/\/luchonoticias.com\/editor\/#\/schema\/person\/image\/\"},\"sameAs\":[\"https:\/\/www.facebook.com\/luchonoticiasneiva\"]},{\"@type\":\"Person\",\"@id\":\"https:\/\/luchonoticias.com\/editor\/#\/schema\/person\/29217990ddf6f14e35912b2866d591fb\",\"name\":\"Editor General\",\"image\":{\"@type\":\"ImageObject\",\"inLanguage\":\"es\",\"@id\":\"https:\/\/luchonoticias.com\/editor\/#\/schema\/person\/image\/\",\"url\":\"https:\/\/luchonoticias.com\/editor\/wp-content\/uploads\/2024\/02\/cropped-cropped-logolu-150x150.webp\",\"contentUrl\":\"https:\/\/luchonoticias.com\/editor\/wp-content\/uploads\/2024\/02\/cropped-cropped-logolu-150x150.webp\",\"caption\":\"Editor General\"},\"sameAs\":[\"https:\/\/luchonoticias.com\/\"],\"url\":\"https:\/\/luchonoticias.com\/editor\/author\/editor-general\/\"}]}<\/script>\n<!-- \/ Yoast SEO plugin. -->","yoast_head_json":{"title":"Comienza la pretemporada del Utrahuilca -","description":"Ma\u00f1ana el elenco solidario inicia trabajos con miras a lo que ser\u00e1 el campeonato de f\u00fatbol sala del segundo semestre.","robots":{"index":"index","follow":"follow","max-snippet":"max-snippet:-1","max-image-preview":"max-image-preview:large","max-video-preview":"max-video-preview:-1"},"canonical":"https:\/\/luchonoticias.com\/editor\/comienza-la-pretemporada-del-utrahuilca\/","og_locale":"es_ES","og_type":"article","og_title":"Comienza la pretemporada del Utrahuilca -","og_description":"Ma\u00f1ana el elenco solidario inicia trabajos con miras a lo que ser\u00e1 el campeonato de f\u00fatbol sala del segundo semestre.","og_url":"https:\/\/luchonoticias.com\/editor\/comienza-la-pretemporada-del-utrahuilca\/","article_publisher":"https:\/\/www.facebook.com\/luchonoticiasneiva","article_published_time":"2024-07-14T12:52:25+00:00","og_image":[{"width":700,"height":400,"url":"https:\/\/luchonoticias.com\/editor\/wp-content\/uploads\/2024\/05\/utrahuilca.jpg","type":"image\/jpeg"}],"author":"Editor General","twitter_card":"summary_large_image","twitter_misc":{"Escrito por":"Editor General","Tiempo de lectura":"1 minuto"},"schema":{"@context":"https:\/\/schema.org","@graph":[{"@type":"Article","@id":"https:\/\/luchonoticias.com\/editor\/comienza-la-pretemporada-del-utrahuilca\/#article","isPartOf":{"@id":"https:\/\/luchonoticias.com\/editor\/comienza-la-pretemporada-del-utrahuilca\/"},"author":{"name":"Editor General","@id":"https:\/\/luchonoticias.com\/editor\/#\/schema\/person\/29217990ddf6f14e35912b2866d591fb"},"headline":"Comienza la pretemporada del Utrahuilca","datePublished":"2024-07-14T12:52:25+00:00","mainEntityOfPage":{"@id":"https:\/\/luchonoticias.com\/editor\/comienza-la-pretemporada-del-utrahuilca\/"},"wordCount":147,"publisher":{"@id":"https:\/\/luchonoticias.com\/editor\/#\/schema\/person\/7a7fd911f58561fd056dbac7b55af9cd"},"image":{"@id":"https:\/\/luchonoticias.com\/editor\/comienza-la-pretemporada-del-utrahuilca\/#primaryimage"},"thumbnailUrl":"https:\/\/luchonoticias.com\/editor\/wp-content\/uploads\/2024\/05\/utrahuilca.jpg","articleSection":["Deportes"],"inLanguage":"es"},{"@type":"WebPage","@id":"https:\/\/luchonoticias.com\/editor\/comienza-la-pretemporada-del-utrahuilca\/","url":"https:\/\/luchonoticias.com\/editor\/comienza-la-pretemporada-del-utrahuilca\/","name":"Comienza la pretemporada del Utrahuilca -","isPartOf":{"@id":"https:\/\/luchonoticias.com\/editor\/#website"},"primaryImageOfPage":{"@id":"https:\/\/luchonoticias.com\/editor\/comienza-la-pretemporada-del-utrahuilca\/#primaryimage"},"image":{"@id":"https:\/\/luchonoticias.com\/editor\/comienza-la-pretemporada-del-utrahuilca\/#primaryimage"},"thumbnailUrl":"https:\/\/luchonoticias.com\/editor\/wp-content\/uploads\/2024\/05\/utrahuilca.jpg","datePublished":"2024-07-14T12:52:25+00:00","description":"Ma\u00f1ana el elenco solidario inicia trabajos con miras a lo que ser\u00e1 el campeonato de f\u00fatbol sala del segundo semestre.","breadcrumb":{"@id":"https:\/\/luchonoticias.com\/editor\/comienza-la-pretemporada-del-utrahuilca\/#breadcrumb"},"inLanguage":"es","potentialAction":[{"@type":"ReadAction","target":["https:\/\/luchonoticias.com\/editor\/comienza-la-pretemporada-del-utrahuilca\/"]}]},{"@type":"ImageObject","inLanguage":"es","@id":"https:\/\/luchonoticias.com\/editor\/comienza-la-pretemporada-del-utrahuilca\/#primaryimage","url":"https:\/\/luchonoticias.com\/editor\/wp-content\/uploads\/2024\/05\/utrahuilca.jpg","contentUrl":"https:\/\/luchonoticias.com\/editor\/wp-content\/uploads\/2024\/05\/utrahuilca.jpg","width":700,"height":400},{"@type":"BreadcrumbList","@id":"https:\/\/luchonoticias.com\/editor\/comienza-la-pretemporada-del-utrahuilca\/#breadcrumb","itemListElement":[{"@type":"ListItem","position":1,"name":"Portada","item":"https:\/\/luchonoticias.com\/editor\/"},{"@type":"ListItem","position":2,"name":"Comienza la pretemporada del Utrahuilca"}]},{"@type":"WebSite","@id":"https:\/\/luchonoticias.com\/editor\/#website","url":"https:\/\/luchonoticias.com\/editor\/","name":"","description":"","publisher":{"@id":"https:\/\/luchonoticias.com\/editor\/#\/schema\/person\/7a7fd911f58561fd056dbac7b55af9cd"},"potentialAction":[{"@type":"SearchAction","target":{"@type":"EntryPoint","urlTemplate":"https:\/\/luchonoticias.com\/editor\/?s={search_term_string}"},"query-input":{"@type":"PropertyValueSpecification","valueRequired":true,"valueName":"search_term_string"}}],"inLanguage":"es"},{"@type":["Person","Organization"],"@id":"https:\/\/luchonoticias.com\/editor\/#\/schema\/person\/7a7fd911f58561fd056dbac7b55af9cd","name":"admin","image":{"@type":"ImageObject","inLanguage":"es","@id":"https:\/\/luchonoticias.com\/editor\/#\/schema\/person\/image\/","url":"https:\/\/luchonoticias.com\/editor\/wp-content\/uploads\/2024\/02\/cropped-cropped-logolu.webp","contentUrl":"https:\/\/luchonoticias.com\/editor\/wp-content\/uploads\/2024\/02\/cropped-cropped-logolu.webp","width":382,"height":170,"caption":"admin"},"logo":{"@id":"https:\/\/luchonoticias.com\/editor\/#\/schema\/person\/image\/"},"sameAs":["https:\/\/www.facebook.com\/luchonoticiasneiva"]},{"@type":"Person","@id":"https:\/\/luchonoticias.com\/editor\/#\/schema\/person\/29217990ddf6f14e35912b2866d591fb","name":"Editor General","image":{"@type":"ImageObject","inLanguage":"es","@id":"https:\/\/luchonoticias.com\/editor\/#\/schema\/person\/image\/","url":"https:\/\/luchonoticias.com\/editor\/wp-content\/uploads\/2024\/02\/cropped-cropped-logolu-150x150.webp","contentUrl":"https:\/\/luchonoticias.com\/editor\/wp-content\/uploads\/2024\/02\/cropped-cropped-logolu-150x150.webp","caption":"Editor General"},"sameAs":["https:\/\/luchonoticias.com\/"],"url":"https:\/\/luchonoticias.com\/editor\/author\/editor-general\/"}]}},"_links":{"self":[{"href":"https:\/\/luchonoticias.com\/editor\/wp-json\/wp\/v2\/posts\/74969","targetHints":{"allow":["GET"]}}],"collection":[{"href":"https:\/\/luchonoticias.com\/editor\/wp-json\/wp\/v2\/posts"}],"about":[{"href":"https:\/\/luchonoticias.com\/editor\/wp-json\/wp\/v2\/types\/post"}],"author":[{"embeddable":true,"href":"https:\/\/luchonoticias.com\/editor\/wp-json\/wp\/v2\/users\/2"}],"replies":[{"embeddable":true,"href":"https:\/\/luchonoticias.com\/editor\/wp-json\/wp\/v2\/comments?post=74969"}],"version-history":[{"count":1,"href":"https:\/\/luchonoticias.com\/editor\/wp-json\/wp\/v2\/posts\/74969\/revisions"}],"predecessor-version":[{"id":74970,"href":"https:\/\/luchonoticias.com\/editor\/wp-json\/wp\/v2\/posts\/74969\/revisions\/74970"}],"wp:featuredmedia":[{"embeddable":true,"href":"https:\/\/luchonoticias.com\/editor\/wp-json\/wp\/v2\/media\/72998"}],"wp:attachment":[{"href":"https:\/\/luchonoticias.com\/editor\/wp-json\/wp\/v2\/media?parent=74969"}],"wp:term":[{"taxonomy":"category","embeddable":true,"href":"https:\/\/luchonoticias.com\/editor\/wp-json\/wp\/v2\/categories?post=74969"},{"taxonomy":"post_tag","embeddable":true,"href":"https:\/\/luchonoticias.com\/editor\/wp-json\/wp\/v2\/tags?post=74969"}],"curies":[{"name":"wp","href":"https:\/\/api.w.org\/{rel}","templated":true}]}}