{"id":74976,"date":"2024-07-14T23:09:26","date_gmt":"2024-07-15T04:09:26","guid":{"rendered":"https:\/\/luchonoticias.com\/?p=74976"},"modified":"2024-07-14T23:09:26","modified_gmt":"2024-07-15T04:09:26","slug":"colombia-no-pudo-con-argentina-y-quedo-de-subcampeon","status":"publish","type":"post","link":"https:\/\/luchonoticias.com\/editor\/colombia-no-pudo-con-argentina-y-quedo-de-subcampeon\/","title":{"rendered":"Colombia no pudo con Argentina y qued\u00f3 de subcampe\u00f3n"},"content":{"rendered":"<p>Colombia qued\u00f3 como subcampeona de la Copa Am\u00e9rica, luego de perder 1:0 en tiempo extra ante Argentina en la gran final.<\/p>\n<p>Pese a tener la iniciativa en buena parte del partido e incluso merecer m\u00e1s la anotaci\u00f3n, el cuadro dirigido por N\u00e9stor Lorenzo cay\u00f3 ante una Argentina que aprovech\u00f3 los vac\u00edos que dejaron los cambios de Colombia para defender su t\u00edtulo.<\/p>\n<p>Luego de un tard\u00edo inicio de partido (provocado por disturbios entre la seguridad del estadio y aficionados que entraron sin boleta), el equipo colombiano mostr\u00f3 m\u00e1s determinaci\u00f3n para llevarse la victoria con una fuerte presi\u00f3n sobre Argentina desde el saque de meta e incluso con opciones de gol, siendo la m\u00e1s clara una protagonizada por Jefferson Lerma pasada la media hora de partido pero que sali\u00f3 desviado por mil\u00edmetros.<\/p>\n<p>As\u00ed las cosas ambos equipos se fueron al descanso y a un largo entretiempo propiciado por el espect\u00e1culo de medio tiempo a cargo de Shakira.<\/p>\n<p>Ya en lo que fue la segunda mitad Colombia tuvo sus opciones pero se top\u00f3 con una Argentina un poco m\u00e1s decidida y que incluso alcanz\u00f3 a anotar aunque el gol fue en fuera de lugar, de otro lados los gauchos se la pasaron buena parte del segundo tiempo sin Lionel Messi que fue sustituido; as\u00ed y todo el marcador no se movi\u00f3 y se procedi\u00f3 al tiempo extra.<\/p>\n<p>En la primera parte de la reposici\u00f3n se evidenci\u00f3 el cansancio del equipo nacional, eso y la salida de James Rodr\u00edguez le signific\u00f3 un aire a Argentina quien tuvo dos opciones claras de gol aunque Camilo Vargas estuvo atento y mantuvo a Colombia en el partido.<\/p>\n<p>No obstante en el segundo tiempo extra, al minuto 111, una recuperaci\u00f3n de Argentina y un hueco amplio en la defensa signific\u00f3 el gol argentino mediante Lautaro Mart\u00ednez que sin oposici\u00f3n anot\u00f3 para los gauchos.<\/p>\n","protected":false},"excerpt":{"rendered":"<p>Colombia qued\u00f3 como subcampeona de la Copa Am\u00e9rica tras perder 1:0 en la final ante Argentina.<\/p>\n","protected":false},"author":2,"featured_media":74489,"comment_status":"closed","ping_status":"open","sticky":false,"template":"","format":"standard","meta":{"footnotes":""},"categories":[34],"tags":[],"class_list":["post-74976","post","type-post","status-publish","format-standard","has-post-thumbnail","hentry","category-deportes"],"yoast_head":"<!-- This site is optimized with the Yoast SEO plugin v26.6 - https:\/\/yoast.com\/wordpress\/plugins\/seo\/ -->\n<title>Colombia no pudo con Argentina y qued\u00f3 de subcampe\u00f3n -<\/title>\n<meta name=\"description\" content=\"Colombia qued\u00f3 como subcampeona de la Copa Am\u00e9rica tras perder 1:0 en la final ante Argentina.\" \/>\n<meta name=\"robots\" content=\"index, follow, max-snippet:-1, max-image-preview:large, max-video-preview:-1\" \/>\n<link rel=\"canonical\" href=\"https:\/\/luchonoticias.com\/editor\/colombia-no-pudo-con-argentina-y-quedo-de-subcampeon\/\" \/>\n<meta property=\"og:locale\" content=\"es_ES\" \/>\n<meta property=\"og:type\" content=\"article\" \/>\n<meta property=\"og:title\" content=\"Colombia no pudo con Argentina y qued\u00f3 de subcampe\u00f3n -\" \/>\n<meta property=\"og:description\" content=\"Colombia qued\u00f3 como subcampeona de la Copa Am\u00e9rica tras perder 1:0 en la final ante Argentina.\" \/>\n<meta property=\"og:url\" content=\"https:\/\/luchonoticias.com\/editor\/colombia-no-pudo-con-argentina-y-quedo-de-subcampeon\/\" \/>\n<meta property=\"article:publisher\" content=\"https:\/\/www.facebook.com\/luchonoticiasneiva\" \/>\n<meta property=\"article:published_time\" content=\"2024-07-15T04:09:26+00:00\" \/>\n<meta property=\"og:image\" content=\"https:\/\/luchonoticias.com\/editor\/wp-content\/uploads\/2024\/06\/colombia-2-2.jpg\" \/>\n\t<meta property=\"og:image:width\" content=\"700\" \/>\n\t<meta property=\"og:image:height\" content=\"400\" \/>\n\t<meta property=\"og:image:type\" content=\"image\/jpeg\" \/>\n<meta name=\"author\" content=\"Editor General\" \/>\n<meta name=\"twitter:card\" content=\"summary_large_image\" \/>\n<meta name=\"twitter:label1\" content=\"Escrito por\" \/>\n\t<meta name=\"twitter:data1\" content=\"Editor General\" \/>\n\t<meta name=\"twitter:label2\" content=\"Tiempo de lectura\" \/>\n\t<meta name=\"twitter:data2\" content=\"2 minutos\" \/>\n<script type=\"application\/ld+json\" class=\"yoast-schema-graph\">{\"@context\":\"https:\/\/schema.org\",\"@graph\":[{\"@type\":\"Article\",\"@id\":\"https:\/\/luchonoticias.com\/editor\/colombia-no-pudo-con-argentina-y-quedo-de-subcampeon\/#article\",\"isPartOf\":{\"@id\":\"https:\/\/luchonoticias.com\/editor\/colombia-no-pudo-con-argentina-y-quedo-de-subcampeon\/\"},\"author\":{\"name\":\"Editor General\",\"@id\":\"https:\/\/luchonoticias.com\/editor\/#\/schema\/person\/29217990ddf6f14e35912b2866d591fb\"},\"headline\":\"Colombia no pudo con Argentina y qued\u00f3 de subcampe\u00f3n\",\"datePublished\":\"2024-07-15T04:09:26+00:00\",\"mainEntityOfPage\":{\"@id\":\"https:\/\/luchonoticias.com\/editor\/colombia-no-pudo-con-argentina-y-quedo-de-subcampeon\/\"},\"wordCount\":332,\"publisher\":{\"@id\":\"https:\/\/luchonoticias.com\/editor\/#\/schema\/person\/7a7fd911f58561fd056dbac7b55af9cd\"},\"image\":{\"@id\":\"https:\/\/luchonoticias.com\/editor\/colombia-no-pudo-con-argentina-y-quedo-de-subcampeon\/#primaryimage\"},\"thumbnailUrl\":\"https:\/\/luchonoticias.com\/editor\/wp-content\/uploads\/2024\/06\/colombia-2-2.jpg\",\"articleSection\":[\"Deportes\"],\"inLanguage\":\"es\"},{\"@type\":\"WebPage\",\"@id\":\"https:\/\/luchonoticias.com\/editor\/colombia-no-pudo-con-argentina-y-quedo-de-subcampeon\/\",\"url\":\"https:\/\/luchonoticias.com\/editor\/colombia-no-pudo-con-argentina-y-quedo-de-subcampeon\/\",\"name\":\"Colombia no pudo con Argentina y qued\u00f3 de subcampe\u00f3n -\",\"isPartOf\":{\"@id\":\"https:\/\/luchonoticias.com\/editor\/#website\"},\"primaryImageOfPage\":{\"@id\":\"https:\/\/luchonoticias.com\/editor\/colombia-no-pudo-con-argentina-y-quedo-de-subcampeon\/#primaryimage\"},\"image\":{\"@id\":\"https:\/\/luchonoticias.com\/editor\/colombia-no-pudo-con-argentina-y-quedo-de-subcampeon\/#primaryimage\"},\"thumbnailUrl\":\"https:\/\/luchonoticias.com\/editor\/wp-content\/uploads\/2024\/06\/colombia-2-2.jpg\",\"datePublished\":\"2024-07-15T04:09:26+00:00\",\"description\":\"Colombia qued\u00f3 como subcampeona de la Copa Am\u00e9rica tras perder 1:0 en la final ante Argentina.\",\"breadcrumb\":{\"@id\":\"https:\/\/luchonoticias.com\/editor\/colombia-no-pudo-con-argentina-y-quedo-de-subcampeon\/#breadcrumb\"},\"inLanguage\":\"es\",\"potentialAction\":[{\"@type\":\"ReadAction\",\"target\":[\"https:\/\/luchonoticias.com\/editor\/colombia-no-pudo-con-argentina-y-quedo-de-subcampeon\/\"]}]},{\"@type\":\"ImageObject\",\"inLanguage\":\"es\",\"@id\":\"https:\/\/luchonoticias.com\/editor\/colombia-no-pudo-con-argentina-y-quedo-de-subcampeon\/#primaryimage\",\"url\":\"https:\/\/luchonoticias.com\/editor\/wp-content\/uploads\/2024\/06\/colombia-2-2.jpg\",\"contentUrl\":\"https:\/\/luchonoticias.com\/editor\/wp-content\/uploads\/2024\/06\/colombia-2-2.jpg\",\"width\":700,\"height\":400},{\"@type\":\"BreadcrumbList\",\"@id\":\"https:\/\/luchonoticias.com\/editor\/colombia-no-pudo-con-argentina-y-quedo-de-subcampeon\/#breadcrumb\",\"itemListElement\":[{\"@type\":\"ListItem\",\"position\":1,\"name\":\"Portada\",\"item\":\"https:\/\/luchonoticias.com\/editor\/\"},{\"@type\":\"ListItem\",\"position\":2,\"name\":\"Colombia no pudo con Argentina y qued\u00f3 de subcampe\u00f3n\"}]},{\"@type\":\"WebSite\",\"@id\":\"https:\/\/luchonoticias.com\/editor\/#website\",\"url\":\"https:\/\/luchonoticias.com\/editor\/\",\"name\":\"\",\"description\":\"\",\"publisher\":{\"@id\":\"https:\/\/luchonoticias.com\/editor\/#\/schema\/person\/7a7fd911f58561fd056dbac7b55af9cd\"},\"potentialAction\":[{\"@type\":\"SearchAction\",\"target\":{\"@type\":\"EntryPoint\",\"urlTemplate\":\"https:\/\/luchonoticias.com\/editor\/?s={search_term_string}\"},\"query-input\":{\"@type\":\"PropertyValueSpecification\",\"valueRequired\":true,\"valueName\":\"search_term_string\"}}],\"inLanguage\":\"es\"},{\"@type\":[\"Person\",\"Organization\"],\"@id\":\"https:\/\/luchonoticias.com\/editor\/#\/schema\/person\/7a7fd911f58561fd056dbac7b55af9cd\",\"name\":\"admin\",\"image\":{\"@type\":\"ImageObject\",\"inLanguage\":\"es\",\"@id\":\"https:\/\/luchonoticias.com\/editor\/#\/schema\/person\/image\/\",\"url\":\"https:\/\/luchonoticias.com\/editor\/wp-content\/uploads\/2024\/02\/cropped-cropped-logolu.webp\",\"contentUrl\":\"https:\/\/luchonoticias.com\/editor\/wp-content\/uploads\/2024\/02\/cropped-cropped-logolu.webp\",\"width\":382,\"height\":170,\"caption\":\"admin\"},\"logo\":{\"@id\":\"https:\/\/luchonoticias.com\/editor\/#\/schema\/person\/image\/\"},\"sameAs\":[\"https:\/\/www.facebook.com\/luchonoticiasneiva\"]},{\"@type\":\"Person\",\"@id\":\"https:\/\/luchonoticias.com\/editor\/#\/schema\/person\/29217990ddf6f14e35912b2866d591fb\",\"name\":\"Editor General\",\"image\":{\"@type\":\"ImageObject\",\"inLanguage\":\"es\",\"@id\":\"https:\/\/luchonoticias.com\/editor\/#\/schema\/person\/image\/\",\"url\":\"https:\/\/luchonoticias.com\/editor\/wp-content\/uploads\/2024\/02\/cropped-cropped-logolu-150x150.webp\",\"contentUrl\":\"https:\/\/luchonoticias.com\/editor\/wp-content\/uploads\/2024\/02\/cropped-cropped-logolu-150x150.webp\",\"caption\":\"Editor General\"},\"sameAs\":[\"https:\/\/luchonoticias.com\/\"],\"url\":\"https:\/\/luchonoticias.com\/editor\/author\/editor-general\/\"}]}<\/script>\n<!-- \/ Yoast SEO plugin. -->","yoast_head_json":{"title":"Colombia no pudo con Argentina y qued\u00f3 de subcampe\u00f3n -","description":"Colombia qued\u00f3 como subcampeona de la Copa Am\u00e9rica tras perder 1:0 en la final ante Argentina.","robots":{"index":"index","follow":"follow","max-snippet":"max-snippet:-1","max-image-preview":"max-image-preview:large","max-video-preview":"max-video-preview:-1"},"canonical":"https:\/\/luchonoticias.com\/editor\/colombia-no-pudo-con-argentina-y-quedo-de-subcampeon\/","og_locale":"es_ES","og_type":"article","og_title":"Colombia no pudo con Argentina y qued\u00f3 de subcampe\u00f3n -","og_description":"Colombia qued\u00f3 como subcampeona de la Copa Am\u00e9rica tras perder 1:0 en la final ante Argentina.","og_url":"https:\/\/luchonoticias.com\/editor\/colombia-no-pudo-con-argentina-y-quedo-de-subcampeon\/","article_publisher":"https:\/\/www.facebook.com\/luchonoticiasneiva","article_published_time":"2024-07-15T04:09:26+00:00","og_image":[{"width":700,"height":400,"url":"https:\/\/luchonoticias.com\/editor\/wp-content\/uploads\/2024\/06\/colombia-2-2.jpg","type":"image\/jpeg"}],"author":"Editor General","twitter_card":"summary_large_image","twitter_misc":{"Escrito por":"Editor General","Tiempo de lectura":"2 minutos"},"schema":{"@context":"https:\/\/schema.org","@graph":[{"@type":"Article","@id":"https:\/\/luchonoticias.com\/editor\/colombia-no-pudo-con-argentina-y-quedo-de-subcampeon\/#article","isPartOf":{"@id":"https:\/\/luchonoticias.com\/editor\/colombia-no-pudo-con-argentina-y-quedo-de-subcampeon\/"},"author":{"name":"Editor General","@id":"https:\/\/luchonoticias.com\/editor\/#\/schema\/person\/29217990ddf6f14e35912b2866d591fb"},"headline":"Colombia no pudo con Argentina y qued\u00f3 de subcampe\u00f3n","datePublished":"2024-07-15T04:09:26+00:00","mainEntityOfPage":{"@id":"https:\/\/luchonoticias.com\/editor\/colombia-no-pudo-con-argentina-y-quedo-de-subcampeon\/"},"wordCount":332,"publisher":{"@id":"https:\/\/luchonoticias.com\/editor\/#\/schema\/person\/7a7fd911f58561fd056dbac7b55af9cd"},"image":{"@id":"https:\/\/luchonoticias.com\/editor\/colombia-no-pudo-con-argentina-y-quedo-de-subcampeon\/#primaryimage"},"thumbnailUrl":"https:\/\/luchonoticias.com\/editor\/wp-content\/uploads\/2024\/06\/colombia-2-2.jpg","articleSection":["Deportes"],"inLanguage":"es"},{"@type":"WebPage","@id":"https:\/\/luchonoticias.com\/editor\/colombia-no-pudo-con-argentina-y-quedo-de-subcampeon\/","url":"https:\/\/luchonoticias.com\/editor\/colombia-no-pudo-con-argentina-y-quedo-de-subcampeon\/","name":"Colombia no pudo con Argentina y qued\u00f3 de subcampe\u00f3n -","isPartOf":{"@id":"https:\/\/luchonoticias.com\/editor\/#website"},"primaryImageOfPage":{"@id":"https:\/\/luchonoticias.com\/editor\/colombia-no-pudo-con-argentina-y-quedo-de-subcampeon\/#primaryimage"},"image":{"@id":"https:\/\/luchonoticias.com\/editor\/colombia-no-pudo-con-argentina-y-quedo-de-subcampeon\/#primaryimage"},"thumbnailUrl":"https:\/\/luchonoticias.com\/editor\/wp-content\/uploads\/2024\/06\/colombia-2-2.jpg","datePublished":"2024-07-15T04:09:26+00:00","description":"Colombia qued\u00f3 como subcampeona de la Copa Am\u00e9rica tras perder 1:0 en la final ante Argentina.","breadcrumb":{"@id":"https:\/\/luchonoticias.com\/editor\/colombia-no-pudo-con-argentina-y-quedo-de-subcampeon\/#breadcrumb"},"inLanguage":"es","potentialAction":[{"@type":"ReadAction","target":["https:\/\/luchonoticias.com\/editor\/colombia-no-pudo-con-argentina-y-quedo-de-subcampeon\/"]}]},{"@type":"ImageObject","inLanguage":"es","@id":"https:\/\/luchonoticias.com\/editor\/colombia-no-pudo-con-argentina-y-quedo-de-subcampeon\/#primaryimage","url":"https:\/\/luchonoticias.com\/editor\/wp-content\/uploads\/2024\/06\/colombia-2-2.jpg","contentUrl":"https:\/\/luchonoticias.com\/editor\/wp-content\/uploads\/2024\/06\/colombia-2-2.jpg","width":700,"height":400},{"@type":"BreadcrumbList","@id":"https:\/\/luchonoticias.com\/editor\/colombia-no-pudo-con-argentina-y-quedo-de-subcampeon\/#breadcrumb","itemListElement":[{"@type":"ListItem","position":1,"name":"Portada","item":"https:\/\/luchonoticias.com\/editor\/"},{"@type":"ListItem","position":2,"name":"Colombia no pudo con Argentina y qued\u00f3 de subcampe\u00f3n"}]},{"@type":"WebSite","@id":"https:\/\/luchonoticias.com\/editor\/#website","url":"https:\/\/luchonoticias.com\/editor\/","name":"","description":"","publisher":{"@id":"https:\/\/luchonoticias.com\/editor\/#\/schema\/person\/7a7fd911f58561fd056dbac7b55af9cd"},"potentialAction":[{"@type":"SearchAction","target":{"@type":"EntryPoint","urlTemplate":"https:\/\/luchonoticias.com\/editor\/?s={search_term_string}"},"query-input":{"@type":"PropertyValueSpecification","valueRequired":true,"valueName":"search_term_string"}}],"inLanguage":"es"},{"@type":["Person","Organization"],"@id":"https:\/\/luchonoticias.com\/editor\/#\/schema\/person\/7a7fd911f58561fd056dbac7b55af9cd","name":"admin","image":{"@type":"ImageObject","inLanguage":"es","@id":"https:\/\/luchonoticias.com\/editor\/#\/schema\/person\/image\/","url":"https:\/\/luchonoticias.com\/editor\/wp-content\/uploads\/2024\/02\/cropped-cropped-logolu.webp","contentUrl":"https:\/\/luchonoticias.com\/editor\/wp-content\/uploads\/2024\/02\/cropped-cropped-logolu.webp","width":382,"height":170,"caption":"admin"},"logo":{"@id":"https:\/\/luchonoticias.com\/editor\/#\/schema\/person\/image\/"},"sameAs":["https:\/\/www.facebook.com\/luchonoticiasneiva"]},{"@type":"Person","@id":"https:\/\/luchonoticias.com\/editor\/#\/schema\/person\/29217990ddf6f14e35912b2866d591fb","name":"Editor General","image":{"@type":"ImageObject","inLanguage":"es","@id":"https:\/\/luchonoticias.com\/editor\/#\/schema\/person\/image\/","url":"https:\/\/luchonoticias.com\/editor\/wp-content\/uploads\/2024\/02\/cropped-cropped-logolu-150x150.webp","contentUrl":"https:\/\/luchonoticias.com\/editor\/wp-content\/uploads\/2024\/02\/cropped-cropped-logolu-150x150.webp","caption":"Editor General"},"sameAs":["https:\/\/luchonoticias.com\/"],"url":"https:\/\/luchonoticias.com\/editor\/author\/editor-general\/"}]}},"_links":{"self":[{"href":"https:\/\/luchonoticias.com\/editor\/wp-json\/wp\/v2\/posts\/74976","targetHints":{"allow":["GET"]}}],"collection":[{"href":"https:\/\/luchonoticias.com\/editor\/wp-json\/wp\/v2\/posts"}],"about":[{"href":"https:\/\/luchonoticias.com\/editor\/wp-json\/wp\/v2\/types\/post"}],"author":[{"embeddable":true,"href":"https:\/\/luchonoticias.com\/editor\/wp-json\/wp\/v2\/users\/2"}],"replies":[{"embeddable":true,"href":"https:\/\/luchonoticias.com\/editor\/wp-json\/wp\/v2\/comments?post=74976"}],"version-history":[{"count":3,"href":"https:\/\/luchonoticias.com\/editor\/wp-json\/wp\/v2\/posts\/74976\/revisions"}],"predecessor-version":[{"id":74980,"href":"https:\/\/luchonoticias.com\/editor\/wp-json\/wp\/v2\/posts\/74976\/revisions\/74980"}],"wp:featuredmedia":[{"embeddable":true,"href":"https:\/\/luchonoticias.com\/editor\/wp-json\/wp\/v2\/media\/74489"}],"wp:attachment":[{"href":"https:\/\/luchonoticias.com\/editor\/wp-json\/wp\/v2\/media?parent=74976"}],"wp:term":[{"taxonomy":"category","embeddable":true,"href":"https:\/\/luchonoticias.com\/editor\/wp-json\/wp\/v2\/categories?post=74976"},{"taxonomy":"post_tag","embeddable":true,"href":"https:\/\/luchonoticias.com\/editor\/wp-json\/wp\/v2\/tags?post=74976"}],"curies":[{"name":"wp","href":"https:\/\/api.w.org\/{rel}","templated":true}]}}