{"id":74981,"date":"2024-07-15T07:31:26","date_gmt":"2024-07-15T12:31:26","guid":{"rendered":"https:\/\/luchonoticias.com\/?p=74981"},"modified":"2024-07-15T07:31:26","modified_gmt":"2024-07-15T12:31:26","slug":"medidas-para-recuperar-clases-por-el-paro-escolar-en-el-huila","status":"publish","type":"post","link":"https:\/\/luchonoticias.com\/editor\/medidas-para-recuperar-clases-por-el-paro-escolar-en-el-huila\/","title":{"rendered":"Medidas para recuperar clases por el paro escolar en el Huila"},"content":{"rendered":"<p>El secretario de Educaci\u00f3n del Gobierno, Huila Grande, Orlando Parga Rivas, recibi\u00f3 en su despacho a los directivos de las asociaciones sindicales de maestros, Jairo Losada de la Adih y Alirio Guevara S\u00e1nchez, de Adidoh, para dialogar y concertar sobre lo que ser\u00eda la recuperaci\u00f3n de los d\u00edas en que los estudiantes no tuvieron clases (del 12 al 14 de junio), por cuenta del paro nacional del magisterio, llevado a cabo entre los d\u00edas 12 y 20 de junio del presente a\u00f1o.<\/p>\n<p>Aunque el paro dur\u00f3 7 d\u00edas, la mayor\u00eda de d\u00edas de la protesta se desarroll\u00f3 durante las vacaciones de mitad de a\u00f1o cuando siempre hay receso escolar para el sistema acad\u00e9mico del calendario A en todo el pa\u00eds.<\/p>\n<p>\u201cNos hemos reunido con dos agremiaciones docentes muy importantes. La primera, con la Adih, Asociaci\u00f3n de Institutores Huilenses, y la segunda con Adidoh, Asociaci\u00f3n de Directivos Docentes del Huila, para concertar con ellos la recuperaci\u00f3n de los d\u00edas que dejaron de recibir clases nuestros estudiantes con motivo de paro nacional de maestros. Y el otro tema, para definir la metodolog\u00eda de trabajo de la cuarta semana de desarrollo institucional, que se desarrollar\u00e1 en el mes de octubre\u201d, afirm\u00f3 Parga Rivas.<\/p>\n<p>\u201cHemos llegado a importantes acuerdos con estas dos agremiaciones que benefician a toda nuestra comunidad educativa de los 35 municipios no certificados en educaci\u00f3n que le compete al gobierno departamental, sin necesidad de acudir a horas extra o citaciones a d\u00edas adicionales de labores docentes ni para estudiantes ni para los maestros\u201d, a\u00f1adi\u00f3.<\/p>\n<p><strong>Los acuerdos logrados<\/strong><\/p>\n<p>Jairo Losada, director de la Adih, se\u00f1al\u00f3 que, de este di\u00e1logo con la autoridad departamental en educaci\u00f3n, se logr\u00f3 acordar una importante agenda que permite una buena recuperaci\u00f3n y desarrollo de temas que a todos beneficia, tanto a estudiantes, directivos y docentes.<\/p>\n<p>\u201cLos tres d\u00edas de clases desescolarizados por el paro nacional educativo, se recuperar\u00e1n con estudiantes de manera virtual, se dejar\u00e1n trabajos para que los estudiantes desarrollen en casa. Cada profesor entregar\u00e1 la gu\u00eda a sus estudiantes de esos tres d\u00edas de clases\u201d, detall\u00f3 el dirigente sindical.<\/p>\n<p>\u201cAsimismo, los d\u00edas del 17 al 21 de junio que eran para la tercera semana de desarrollo institucional, y que tambi\u00e9n fueron consumidas por el paro, donde deb\u00edan haberse aprovechado con docentes y directivos analizando distintos aspectos de cada instituci\u00f3n educativa, tambi\u00e9n se recuperar\u00e1n con trabajo virtual con los docentes para que ellos los desarrollen y los env\u00eden a los correos electr\u00f3nicos de los rectores correspondientes. Hasta el 13 de septiembre hay plazo para estas dos tareas\u201d, a\u00f1adi\u00f3.<\/p>\n<p>Entre tanto, el presidente de la Asociaci\u00f3n de Directivos Docentes del Huila \u2013ADIDOH, Alirio Guevara S\u00e1nchez, dijo que esta reuni\u00f3n tuvo como prop\u00f3sito organizar el acuerdo para la recuperaci\u00f3n de los d\u00edas de desescolarizaci\u00f3n durante el paro nacional de maestros, pero tambi\u00e9n la aclaraci\u00f3n sobre la pr\u00f3xima semana de receso escolar y la celebraci\u00f3n del natalicio de docentes y directivos docentes.<\/p>\n<p>\u201cDe la cuarta semana de desarrollo institucional, que va del 7 al 11 del mes de octubre de este a\u00f1o, se acord\u00f3 que el viernes 11, se dar\u00e1 libre a todo el personal docente, por ser d\u00eda de la Familia, de modo que las labores programadas ser\u00e1n de lunes a jueves, (2 d\u00edas presenciales, lunes 7 y martes 8 de octubre, y 2 d\u00edas virtuales, mi\u00e9rcoles 9 y jueves 10 de octubre)\u201d, afirm\u00f3 el directivo docente.<\/p>\n<p>\u201cDe igual manera, otro punto tocado en la reuni\u00f3n fue la aclaraci\u00f3n de c\u00f3mo se har\u00e1 la celebraci\u00f3n de los cumplea\u00f1os de los docentes y directivos. La norma dice que se debe tomar el d\u00eda que cumple a\u00f1os, pero se lleg\u00f3 al acuerdo que el docente o directivo docente tenga el derecho de un d\u00eda compensatorio en su cumplea\u00f1os, y lo tomar\u00e1 solicitando al rector para que se haga efectivo indistintamente del d\u00eda calendario de su cumplea\u00f1os respectivo\u201d, complement\u00f3.<\/p>\n","protected":false},"excerpt":{"rendered":"<p>Una reuni\u00f3n de di\u00e1logo y concertaci\u00f3n llevaron a cabo los directivos de agremiaciones sindicales docentes del Huila con el secretario de Educaci\u00f3n Departamental, Orlando Parga Rivas, para establecer acuerdos sobre dos temas importantes: la recuperaci\u00f3n de los d\u00edas desescolarizados por el paro nacional del magisterio en el mes de junio, la programaci\u00f3n de la Semana de Desarrollo Institucional y la celebraci\u00f3n de cumplea\u00f1os de los directivos y docentes.<\/p>\n","protected":false},"author":2,"featured_media":74982,"comment_status":"closed","ping_status":"open","sticky":false,"template":"","format":"standard","meta":{"footnotes":""},"categories":[33],"tags":[],"class_list":["post-74981","post","type-post","status-publish","format-standard","has-post-thumbnail","hentry","category-huila"],"yoast_head":"<!-- This site is optimized with the Yoast SEO plugin v26.6 - https:\/\/yoast.com\/wordpress\/plugins\/seo\/ -->\n<title>Medidas para recuperar clases por el paro escolar en el Huila -<\/title>\n<meta name=\"description\" content=\"Una reuni\u00f3n de di\u00e1logo y concertaci\u00f3n llevaron a cabo los directivos de agremiaciones sindicales docentes del Huila con el secretario de Educaci\u00f3n Departamental, Orlando Parga Rivas, para establecer acuerdos sobre dos temas importantes: la recuperaci\u00f3n de los d\u00edas desescolarizados por el paro nacional del magisterio en el mes de junio, la programaci\u00f3n de la Semana de Desarrollo Institucional y la celebraci\u00f3n de cumplea\u00f1os de los directivos y docentes.\" \/>\n<meta name=\"robots\" content=\"index, follow, max-snippet:-1, max-image-preview:large, max-video-preview:-1\" \/>\n<link rel=\"canonical\" href=\"https:\/\/luchonoticias.com\/editor\/medidas-para-recuperar-clases-por-el-paro-escolar-en-el-huila\/\" \/>\n<meta property=\"og:locale\" content=\"es_ES\" \/>\n<meta property=\"og:type\" content=\"article\" \/>\n<meta property=\"og:title\" content=\"Medidas para recuperar clases por el paro escolar en el Huila -\" \/>\n<meta property=\"og:description\" content=\"Una reuni\u00f3n de di\u00e1logo y concertaci\u00f3n llevaron a cabo los directivos de agremiaciones sindicales docentes del Huila con el secretario de Educaci\u00f3n Departamental, Orlando Parga Rivas, para establecer acuerdos sobre dos temas importantes: la recuperaci\u00f3n de los d\u00edas desescolarizados por el paro nacional del magisterio en el mes de junio, la programaci\u00f3n de la Semana de Desarrollo Institucional y la celebraci\u00f3n de cumplea\u00f1os de los directivos y docentes.\" \/>\n<meta property=\"og:url\" content=\"https:\/\/luchonoticias.com\/editor\/medidas-para-recuperar-clases-por-el-paro-escolar-en-el-huila\/\" \/>\n<meta property=\"article:publisher\" content=\"https:\/\/www.facebook.com\/luchonoticiasneiva\" \/>\n<meta property=\"article:published_time\" content=\"2024-07-15T12:31:26+00:00\" \/>\n<meta property=\"og:image\" content=\"https:\/\/luchonoticias.com\/editor\/wp-content\/uploads\/2024\/07\/gobernacion-escuelas.jpg\" \/>\n\t<meta property=\"og:image:width\" content=\"700\" \/>\n\t<meta property=\"og:image:height\" content=\"400\" \/>\n\t<meta property=\"og:image:type\" content=\"image\/jpeg\" \/>\n<meta name=\"author\" content=\"Editor General\" \/>\n<meta name=\"twitter:card\" content=\"summary_large_image\" \/>\n<meta name=\"twitter:label1\" content=\"Escrito por\" \/>\n\t<meta name=\"twitter:data1\" content=\"Editor General\" \/>\n\t<meta name=\"twitter:label2\" content=\"Tiempo de lectura\" \/>\n\t<meta name=\"twitter:data2\" content=\"4 minutos\" \/>\n<script type=\"application\/ld+json\" class=\"yoast-schema-graph\">{\"@context\":\"https:\/\/schema.org\",\"@graph\":[{\"@type\":\"Article\",\"@id\":\"https:\/\/luchonoticias.com\/editor\/medidas-para-recuperar-clases-por-el-paro-escolar-en-el-huila\/#article\",\"isPartOf\":{\"@id\":\"https:\/\/luchonoticias.com\/editor\/medidas-para-recuperar-clases-por-el-paro-escolar-en-el-huila\/\"},\"author\":{\"name\":\"Editor General\",\"@id\":\"https:\/\/luchonoticias.com\/editor\/#\/schema\/person\/29217990ddf6f14e35912b2866d591fb\"},\"headline\":\"Medidas para recuperar clases por el paro escolar en el Huila\",\"datePublished\":\"2024-07-15T12:31:26+00:00\",\"mainEntityOfPage\":{\"@id\":\"https:\/\/luchonoticias.com\/editor\/medidas-para-recuperar-clases-por-el-paro-escolar-en-el-huila\/\"},\"wordCount\":698,\"publisher\":{\"@id\":\"https:\/\/luchonoticias.com\/editor\/#\/schema\/person\/7a7fd911f58561fd056dbac7b55af9cd\"},\"image\":{\"@id\":\"https:\/\/luchonoticias.com\/editor\/medidas-para-recuperar-clases-por-el-paro-escolar-en-el-huila\/#primaryimage\"},\"thumbnailUrl\":\"https:\/\/luchonoticias.com\/editor\/wp-content\/uploads\/2024\/07\/gobernacion-escuelas.jpg\",\"articleSection\":[\"Huila\"],\"inLanguage\":\"es\"},{\"@type\":\"WebPage\",\"@id\":\"https:\/\/luchonoticias.com\/editor\/medidas-para-recuperar-clases-por-el-paro-escolar-en-el-huila\/\",\"url\":\"https:\/\/luchonoticias.com\/editor\/medidas-para-recuperar-clases-por-el-paro-escolar-en-el-huila\/\",\"name\":\"Medidas para recuperar clases por el paro escolar en el Huila -\",\"isPartOf\":{\"@id\":\"https:\/\/luchonoticias.com\/editor\/#website\"},\"primaryImageOfPage\":{\"@id\":\"https:\/\/luchonoticias.com\/editor\/medidas-para-recuperar-clases-por-el-paro-escolar-en-el-huila\/#primaryimage\"},\"image\":{\"@id\":\"https:\/\/luchonoticias.com\/editor\/medidas-para-recuperar-clases-por-el-paro-escolar-en-el-huila\/#primaryimage\"},\"thumbnailUrl\":\"https:\/\/luchonoticias.com\/editor\/wp-content\/uploads\/2024\/07\/gobernacion-escuelas.jpg\",\"datePublished\":\"2024-07-15T12:31:26+00:00\",\"description\":\"Una reuni\u00f3n de di\u00e1logo y concertaci\u00f3n llevaron a cabo los directivos de agremiaciones sindicales docentes del Huila con el secretario de Educaci\u00f3n Departamental, Orlando Parga Rivas, para establecer acuerdos sobre dos temas importantes: la recuperaci\u00f3n de los d\u00edas desescolarizados por el paro nacional del magisterio en el mes de junio, la programaci\u00f3n de la Semana de Desarrollo Institucional y la celebraci\u00f3n de cumplea\u00f1os de los directivos y docentes.\",\"breadcrumb\":{\"@id\":\"https:\/\/luchonoticias.com\/editor\/medidas-para-recuperar-clases-por-el-paro-escolar-en-el-huila\/#breadcrumb\"},\"inLanguage\":\"es\",\"potentialAction\":[{\"@type\":\"ReadAction\",\"target\":[\"https:\/\/luchonoticias.com\/editor\/medidas-para-recuperar-clases-por-el-paro-escolar-en-el-huila\/\"]}]},{\"@type\":\"ImageObject\",\"inLanguage\":\"es\",\"@id\":\"https:\/\/luchonoticias.com\/editor\/medidas-para-recuperar-clases-por-el-paro-escolar-en-el-huila\/#primaryimage\",\"url\":\"https:\/\/luchonoticias.com\/editor\/wp-content\/uploads\/2024\/07\/gobernacion-escuelas.jpg\",\"contentUrl\":\"https:\/\/luchonoticias.com\/editor\/wp-content\/uploads\/2024\/07\/gobernacion-escuelas.jpg\",\"width\":700,\"height\":400},{\"@type\":\"BreadcrumbList\",\"@id\":\"https:\/\/luchonoticias.com\/editor\/medidas-para-recuperar-clases-por-el-paro-escolar-en-el-huila\/#breadcrumb\",\"itemListElement\":[{\"@type\":\"ListItem\",\"position\":1,\"name\":\"Portada\",\"item\":\"https:\/\/luchonoticias.com\/editor\/\"},{\"@type\":\"ListItem\",\"position\":2,\"name\":\"Medidas para recuperar clases por el paro escolar en el Huila\"}]},{\"@type\":\"WebSite\",\"@id\":\"https:\/\/luchonoticias.com\/editor\/#website\",\"url\":\"https:\/\/luchonoticias.com\/editor\/\",\"name\":\"\",\"description\":\"\",\"publisher\":{\"@id\":\"https:\/\/luchonoticias.com\/editor\/#\/schema\/person\/7a7fd911f58561fd056dbac7b55af9cd\"},\"potentialAction\":[{\"@type\":\"SearchAction\",\"target\":{\"@type\":\"EntryPoint\",\"urlTemplate\":\"https:\/\/luchonoticias.com\/editor\/?s={search_term_string}\"},\"query-input\":{\"@type\":\"PropertyValueSpecification\",\"valueRequired\":true,\"valueName\":\"search_term_string\"}}],\"inLanguage\":\"es\"},{\"@type\":[\"Person\",\"Organization\"],\"@id\":\"https:\/\/luchonoticias.com\/editor\/#\/schema\/person\/7a7fd911f58561fd056dbac7b55af9cd\",\"name\":\"admin\",\"image\":{\"@type\":\"ImageObject\",\"inLanguage\":\"es\",\"@id\":\"https:\/\/luchonoticias.com\/editor\/#\/schema\/person\/image\/\",\"url\":\"https:\/\/luchonoticias.com\/editor\/wp-content\/uploads\/2024\/02\/cropped-cropped-logolu.webp\",\"contentUrl\":\"https:\/\/luchonoticias.com\/editor\/wp-content\/uploads\/2024\/02\/cropped-cropped-logolu.webp\",\"width\":382,\"height\":170,\"caption\":\"admin\"},\"logo\":{\"@id\":\"https:\/\/luchonoticias.com\/editor\/#\/schema\/person\/image\/\"},\"sameAs\":[\"https:\/\/www.facebook.com\/luchonoticiasneiva\"]},{\"@type\":\"Person\",\"@id\":\"https:\/\/luchonoticias.com\/editor\/#\/schema\/person\/29217990ddf6f14e35912b2866d591fb\",\"name\":\"Editor General\",\"image\":{\"@type\":\"ImageObject\",\"inLanguage\":\"es\",\"@id\":\"https:\/\/luchonoticias.com\/editor\/#\/schema\/person\/image\/\",\"url\":\"https:\/\/luchonoticias.com\/editor\/wp-content\/uploads\/2024\/02\/cropped-cropped-logolu-150x150.webp\",\"contentUrl\":\"https:\/\/luchonoticias.com\/editor\/wp-content\/uploads\/2024\/02\/cropped-cropped-logolu-150x150.webp\",\"caption\":\"Editor General\"},\"sameAs\":[\"https:\/\/luchonoticias.com\/\"],\"url\":\"https:\/\/luchonoticias.com\/editor\/author\/editor-general\/\"}]}<\/script>\n<!-- \/ Yoast SEO plugin. -->","yoast_head_json":{"title":"Medidas para recuperar clases por el paro escolar en el Huila -","description":"Una reuni\u00f3n de di\u00e1logo y concertaci\u00f3n llevaron a cabo los directivos de agremiaciones sindicales docentes del Huila con el secretario de Educaci\u00f3n Departamental, Orlando Parga Rivas, para establecer acuerdos sobre dos temas importantes: la recuperaci\u00f3n de los d\u00edas desescolarizados por el paro nacional del magisterio en el mes de junio, la programaci\u00f3n de la Semana de Desarrollo Institucional y la celebraci\u00f3n de cumplea\u00f1os de los directivos y docentes.","robots":{"index":"index","follow":"follow","max-snippet":"max-snippet:-1","max-image-preview":"max-image-preview:large","max-video-preview":"max-video-preview:-1"},"canonical":"https:\/\/luchonoticias.com\/editor\/medidas-para-recuperar-clases-por-el-paro-escolar-en-el-huila\/","og_locale":"es_ES","og_type":"article","og_title":"Medidas para recuperar clases por el paro escolar en el Huila -","og_description":"Una reuni\u00f3n de di\u00e1logo y concertaci\u00f3n llevaron a cabo los directivos de agremiaciones sindicales docentes del Huila con el secretario de Educaci\u00f3n Departamental, Orlando Parga Rivas, para establecer acuerdos sobre dos temas importantes: la recuperaci\u00f3n de los d\u00edas desescolarizados por el paro nacional del magisterio en el mes de junio, la programaci\u00f3n de la Semana de Desarrollo Institucional y la celebraci\u00f3n de cumplea\u00f1os de los directivos y docentes.","og_url":"https:\/\/luchonoticias.com\/editor\/medidas-para-recuperar-clases-por-el-paro-escolar-en-el-huila\/","article_publisher":"https:\/\/www.facebook.com\/luchonoticiasneiva","article_published_time":"2024-07-15T12:31:26+00:00","og_image":[{"width":700,"height":400,"url":"https:\/\/luchonoticias.com\/editor\/wp-content\/uploads\/2024\/07\/gobernacion-escuelas.jpg","type":"image\/jpeg"}],"author":"Editor General","twitter_card":"summary_large_image","twitter_misc":{"Escrito por":"Editor General","Tiempo de lectura":"4 minutos"},"schema":{"@context":"https:\/\/schema.org","@graph":[{"@type":"Article","@id":"https:\/\/luchonoticias.com\/editor\/medidas-para-recuperar-clases-por-el-paro-escolar-en-el-huila\/#article","isPartOf":{"@id":"https:\/\/luchonoticias.com\/editor\/medidas-para-recuperar-clases-por-el-paro-escolar-en-el-huila\/"},"author":{"name":"Editor General","@id":"https:\/\/luchonoticias.com\/editor\/#\/schema\/person\/29217990ddf6f14e35912b2866d591fb"},"headline":"Medidas para recuperar clases por el paro escolar en el Huila","datePublished":"2024-07-15T12:31:26+00:00","mainEntityOfPage":{"@id":"https:\/\/luchonoticias.com\/editor\/medidas-para-recuperar-clases-por-el-paro-escolar-en-el-huila\/"},"wordCount":698,"publisher":{"@id":"https:\/\/luchonoticias.com\/editor\/#\/schema\/person\/7a7fd911f58561fd056dbac7b55af9cd"},"image":{"@id":"https:\/\/luchonoticias.com\/editor\/medidas-para-recuperar-clases-por-el-paro-escolar-en-el-huila\/#primaryimage"},"thumbnailUrl":"https:\/\/luchonoticias.com\/editor\/wp-content\/uploads\/2024\/07\/gobernacion-escuelas.jpg","articleSection":["Huila"],"inLanguage":"es"},{"@type":"WebPage","@id":"https:\/\/luchonoticias.com\/editor\/medidas-para-recuperar-clases-por-el-paro-escolar-en-el-huila\/","url":"https:\/\/luchonoticias.com\/editor\/medidas-para-recuperar-clases-por-el-paro-escolar-en-el-huila\/","name":"Medidas para recuperar clases por el paro escolar en el Huila -","isPartOf":{"@id":"https:\/\/luchonoticias.com\/editor\/#website"},"primaryImageOfPage":{"@id":"https:\/\/luchonoticias.com\/editor\/medidas-para-recuperar-clases-por-el-paro-escolar-en-el-huila\/#primaryimage"},"image":{"@id":"https:\/\/luchonoticias.com\/editor\/medidas-para-recuperar-clases-por-el-paro-escolar-en-el-huila\/#primaryimage"},"thumbnailUrl":"https:\/\/luchonoticias.com\/editor\/wp-content\/uploads\/2024\/07\/gobernacion-escuelas.jpg","datePublished":"2024-07-15T12:31:26+00:00","description":"Una reuni\u00f3n de di\u00e1logo y concertaci\u00f3n llevaron a cabo los directivos de agremiaciones sindicales docentes del Huila con el secretario de Educaci\u00f3n Departamental, Orlando Parga Rivas, para establecer acuerdos sobre dos temas importantes: la recuperaci\u00f3n de los d\u00edas desescolarizados por el paro nacional del magisterio en el mes de junio, la programaci\u00f3n de la Semana de Desarrollo Institucional y la celebraci\u00f3n de cumplea\u00f1os de los directivos y docentes.","breadcrumb":{"@id":"https:\/\/luchonoticias.com\/editor\/medidas-para-recuperar-clases-por-el-paro-escolar-en-el-huila\/#breadcrumb"},"inLanguage":"es","potentialAction":[{"@type":"ReadAction","target":["https:\/\/luchonoticias.com\/editor\/medidas-para-recuperar-clases-por-el-paro-escolar-en-el-huila\/"]}]},{"@type":"ImageObject","inLanguage":"es","@id":"https:\/\/luchonoticias.com\/editor\/medidas-para-recuperar-clases-por-el-paro-escolar-en-el-huila\/#primaryimage","url":"https:\/\/luchonoticias.com\/editor\/wp-content\/uploads\/2024\/07\/gobernacion-escuelas.jpg","contentUrl":"https:\/\/luchonoticias.com\/editor\/wp-content\/uploads\/2024\/07\/gobernacion-escuelas.jpg","width":700,"height":400},{"@type":"BreadcrumbList","@id":"https:\/\/luchonoticias.com\/editor\/medidas-para-recuperar-clases-por-el-paro-escolar-en-el-huila\/#breadcrumb","itemListElement":[{"@type":"ListItem","position":1,"name":"Portada","item":"https:\/\/luchonoticias.com\/editor\/"},{"@type":"ListItem","position":2,"name":"Medidas para recuperar clases por el paro escolar en el Huila"}]},{"@type":"WebSite","@id":"https:\/\/luchonoticias.com\/editor\/#website","url":"https:\/\/luchonoticias.com\/editor\/","name":"","description":"","publisher":{"@id":"https:\/\/luchonoticias.com\/editor\/#\/schema\/person\/7a7fd911f58561fd056dbac7b55af9cd"},"potentialAction":[{"@type":"SearchAction","target":{"@type":"EntryPoint","urlTemplate":"https:\/\/luchonoticias.com\/editor\/?s={search_term_string}"},"query-input":{"@type":"PropertyValueSpecification","valueRequired":true,"valueName":"search_term_string"}}],"inLanguage":"es"},{"@type":["Person","Organization"],"@id":"https:\/\/luchonoticias.com\/editor\/#\/schema\/person\/7a7fd911f58561fd056dbac7b55af9cd","name":"admin","image":{"@type":"ImageObject","inLanguage":"es","@id":"https:\/\/luchonoticias.com\/editor\/#\/schema\/person\/image\/","url":"https:\/\/luchonoticias.com\/editor\/wp-content\/uploads\/2024\/02\/cropped-cropped-logolu.webp","contentUrl":"https:\/\/luchonoticias.com\/editor\/wp-content\/uploads\/2024\/02\/cropped-cropped-logolu.webp","width":382,"height":170,"caption":"admin"},"logo":{"@id":"https:\/\/luchonoticias.com\/editor\/#\/schema\/person\/image\/"},"sameAs":["https:\/\/www.facebook.com\/luchonoticiasneiva"]},{"@type":"Person","@id":"https:\/\/luchonoticias.com\/editor\/#\/schema\/person\/29217990ddf6f14e35912b2866d591fb","name":"Editor General","image":{"@type":"ImageObject","inLanguage":"es","@id":"https:\/\/luchonoticias.com\/editor\/#\/schema\/person\/image\/","url":"https:\/\/luchonoticias.com\/editor\/wp-content\/uploads\/2024\/02\/cropped-cropped-logolu-150x150.webp","contentUrl":"https:\/\/luchonoticias.com\/editor\/wp-content\/uploads\/2024\/02\/cropped-cropped-logolu-150x150.webp","caption":"Editor General"},"sameAs":["https:\/\/luchonoticias.com\/"],"url":"https:\/\/luchonoticias.com\/editor\/author\/editor-general\/"}]}},"_links":{"self":[{"href":"https:\/\/luchonoticias.com\/editor\/wp-json\/wp\/v2\/posts\/74981","targetHints":{"allow":["GET"]}}],"collection":[{"href":"https:\/\/luchonoticias.com\/editor\/wp-json\/wp\/v2\/posts"}],"about":[{"href":"https:\/\/luchonoticias.com\/editor\/wp-json\/wp\/v2\/types\/post"}],"author":[{"embeddable":true,"href":"https:\/\/luchonoticias.com\/editor\/wp-json\/wp\/v2\/users\/2"}],"replies":[{"embeddable":true,"href":"https:\/\/luchonoticias.com\/editor\/wp-json\/wp\/v2\/comments?post=74981"}],"version-history":[{"count":1,"href":"https:\/\/luchonoticias.com\/editor\/wp-json\/wp\/v2\/posts\/74981\/revisions"}],"predecessor-version":[{"id":74983,"href":"https:\/\/luchonoticias.com\/editor\/wp-json\/wp\/v2\/posts\/74981\/revisions\/74983"}],"wp:featuredmedia":[{"embeddable":true,"href":"https:\/\/luchonoticias.com\/editor\/wp-json\/wp\/v2\/media\/74982"}],"wp:attachment":[{"href":"https:\/\/luchonoticias.com\/editor\/wp-json\/wp\/v2\/media?parent=74981"}],"wp:term":[{"taxonomy":"category","embeddable":true,"href":"https:\/\/luchonoticias.com\/editor\/wp-json\/wp\/v2\/categories?post=74981"},{"taxonomy":"post_tag","embeddable":true,"href":"https:\/\/luchonoticias.com\/editor\/wp-json\/wp\/v2\/tags?post=74981"}],"curies":[{"name":"wp","href":"https:\/\/api.w.org\/{rel}","templated":true}]}}