{"id":74988,"date":"2024-07-15T13:17:16","date_gmt":"2024-07-15T18:17:16","guid":{"rendered":"https:\/\/luchonoticias.com\/?p=74988"},"modified":"2024-07-15T13:17:16","modified_gmt":"2024-07-15T18:17:16","slug":"manana-sancion-de-la-reforma-pensional","status":"publish","type":"post","link":"https:\/\/luchonoticias.com\/editor\/manana-sancion-de-la-reforma-pensional\/","title":{"rendered":"Ma\u00f1ana, sanci\u00f3n de la reforma pensional"},"content":{"rendered":"<p>El presidente Gustavo Petro\u00a0<b>convoc\u00f3 una nueva jornada masiva de movilizaci\u00f3n en apoyo a la firma de la reforma Pensiona<\/b>l, un evento que se realizar\u00e1 desde las 10:00am en la Plaza de Bolivar, en Bogot\u00e1.<\/p>\n<p>La invitaci\u00f3n a congresistas, organizaciones sociales y sindicatos se\u00a0<b>centrar\u00e1 en la firma de la nueva ley, y como un nuevo mensaje de respaldo al gobierno.<\/b><\/p>\n<p>Durante la pasada alocuci\u00f3n presidencial, acompa\u00f1ado por Jos\u00e9 del Carmen Estepa, un adulto mayor de 88 a\u00f1os, el presidente asegur\u00f3 que la ley garantizar\u00e1 una renta solidaria digna. Subray\u00f3 que la reforma\u00a0<b>es una deuda pendiente que no se hab\u00eda resuelto debido a \u201clos intereses de banqueros, que siempre han privilegiado las ganancias sobre la vida y la justicia\u201d.<\/b><\/p>\n<p>El mandatario tambi\u00e9n convoc\u00f3 a los campesinos a\u00a0<b>manifestarse el 20 de julio,<\/b>\u00a0durante la inauguraci\u00f3n del nuevo periodo legislativo, para impulsar la reforma agraria que busca un reparto m\u00e1s justo de las tierras en el pa\u00eds.<\/p>\n<p>&nbsp;<\/p>\n<p>Con informaci\u00f3n y foto de Caracol Radio.<\/p>\n","protected":false},"excerpt":{"rendered":"<p>El presidente Gustavo Petro\u00a0convoc\u00f3 una nueva jornada masiva de movilizaci\u00f3n en apoyo a la firma de la reforma Pensional.<\/p>\n","protected":false},"author":2,"featured_media":74989,"comment_status":"closed","ping_status":"open","sticky":false,"template":"","format":"standard","meta":{"footnotes":""},"categories":[28],"tags":[],"class_list":["post-74988","post","type-post","status-publish","format-standard","has-post-thumbnail","hentry","category-actualidad"],"yoast_head":"<!-- This site is optimized with the Yoast SEO plugin v26.6 - https:\/\/yoast.com\/wordpress\/plugins\/seo\/ -->\n<title>Ma\u00f1ana, sanci\u00f3n de la reforma pensional -<\/title>\n<meta name=\"description\" content=\"El presidente Gustavo Petro\u00a0convoc\u00f3 una nueva jornada masiva de movilizaci\u00f3n en apoyo a la firma de la reforma Pensional.\" \/>\n<meta name=\"robots\" content=\"index, follow, max-snippet:-1, max-image-preview:large, max-video-preview:-1\" \/>\n<link rel=\"canonical\" href=\"https:\/\/luchonoticias.com\/editor\/manana-sancion-de-la-reforma-pensional\/\" \/>\n<meta property=\"og:locale\" content=\"es_ES\" \/>\n<meta property=\"og:type\" content=\"article\" \/>\n<meta property=\"og:title\" content=\"Ma\u00f1ana, sanci\u00f3n de la reforma pensional -\" \/>\n<meta property=\"og:description\" content=\"El presidente Gustavo Petro\u00a0convoc\u00f3 una nueva jornada masiva de movilizaci\u00f3n en apoyo a la firma de la reforma Pensional.\" \/>\n<meta property=\"og:url\" content=\"https:\/\/luchonoticias.com\/editor\/manana-sancion-de-la-reforma-pensional\/\" \/>\n<meta property=\"article:publisher\" content=\"https:\/\/www.facebook.com\/luchonoticiasneiva\" \/>\n<meta property=\"article:published_time\" content=\"2024-07-15T18:17:16+00:00\" \/>\n<meta property=\"og:image\" content=\"https:\/\/luchonoticias.com\/editor\/wp-content\/uploads\/2024\/07\/reforma-pensional.jpg\" \/>\n\t<meta property=\"og:image:width\" content=\"700\" \/>\n\t<meta property=\"og:image:height\" content=\"400\" \/>\n\t<meta property=\"og:image:type\" content=\"image\/jpeg\" \/>\n<meta name=\"author\" content=\"Editor General\" \/>\n<meta name=\"twitter:card\" content=\"summary_large_image\" \/>\n<meta name=\"twitter:label1\" content=\"Escrito por\" \/>\n\t<meta name=\"twitter:data1\" content=\"Editor General\" \/>\n\t<meta name=\"twitter:label2\" content=\"Tiempo de lectura\" \/>\n\t<meta name=\"twitter:data2\" content=\"1 minuto\" \/>\n<script type=\"application\/ld+json\" class=\"yoast-schema-graph\">{\"@context\":\"https:\/\/schema.org\",\"@graph\":[{\"@type\":\"Article\",\"@id\":\"https:\/\/luchonoticias.com\/editor\/manana-sancion-de-la-reforma-pensional\/#article\",\"isPartOf\":{\"@id\":\"https:\/\/luchonoticias.com\/editor\/manana-sancion-de-la-reforma-pensional\/\"},\"author\":{\"name\":\"Editor General\",\"@id\":\"https:\/\/luchonoticias.com\/editor\/#\/schema\/person\/29217990ddf6f14e35912b2866d591fb\"},\"headline\":\"Ma\u00f1ana, sanci\u00f3n de la reforma pensional\",\"datePublished\":\"2024-07-15T18:17:16+00:00\",\"mainEntityOfPage\":{\"@id\":\"https:\/\/luchonoticias.com\/editor\/manana-sancion-de-la-reforma-pensional\/\"},\"wordCount\":182,\"publisher\":{\"@id\":\"https:\/\/luchonoticias.com\/editor\/#\/schema\/person\/7a7fd911f58561fd056dbac7b55af9cd\"},\"image\":{\"@id\":\"https:\/\/luchonoticias.com\/editor\/manana-sancion-de-la-reforma-pensional\/#primaryimage\"},\"thumbnailUrl\":\"https:\/\/luchonoticias.com\/editor\/wp-content\/uploads\/2024\/07\/reforma-pensional.jpg\",\"articleSection\":[\"Actualidad\"],\"inLanguage\":\"es\"},{\"@type\":\"WebPage\",\"@id\":\"https:\/\/luchonoticias.com\/editor\/manana-sancion-de-la-reforma-pensional\/\",\"url\":\"https:\/\/luchonoticias.com\/editor\/manana-sancion-de-la-reforma-pensional\/\",\"name\":\"Ma\u00f1ana, sanci\u00f3n de la reforma pensional -\",\"isPartOf\":{\"@id\":\"https:\/\/luchonoticias.com\/editor\/#website\"},\"primaryImageOfPage\":{\"@id\":\"https:\/\/luchonoticias.com\/editor\/manana-sancion-de-la-reforma-pensional\/#primaryimage\"},\"image\":{\"@id\":\"https:\/\/luchonoticias.com\/editor\/manana-sancion-de-la-reforma-pensional\/#primaryimage\"},\"thumbnailUrl\":\"https:\/\/luchonoticias.com\/editor\/wp-content\/uploads\/2024\/07\/reforma-pensional.jpg\",\"datePublished\":\"2024-07-15T18:17:16+00:00\",\"description\":\"El presidente Gustavo Petro\u00a0convoc\u00f3 una nueva jornada masiva de movilizaci\u00f3n en apoyo a la firma de la reforma Pensional.\",\"breadcrumb\":{\"@id\":\"https:\/\/luchonoticias.com\/editor\/manana-sancion-de-la-reforma-pensional\/#breadcrumb\"},\"inLanguage\":\"es\",\"potentialAction\":[{\"@type\":\"ReadAction\",\"target\":[\"https:\/\/luchonoticias.com\/editor\/manana-sancion-de-la-reforma-pensional\/\"]}]},{\"@type\":\"ImageObject\",\"inLanguage\":\"es\",\"@id\":\"https:\/\/luchonoticias.com\/editor\/manana-sancion-de-la-reforma-pensional\/#primaryimage\",\"url\":\"https:\/\/luchonoticias.com\/editor\/wp-content\/uploads\/2024\/07\/reforma-pensional.jpg\",\"contentUrl\":\"https:\/\/luchonoticias.com\/editor\/wp-content\/uploads\/2024\/07\/reforma-pensional.jpg\",\"width\":700,\"height\":400},{\"@type\":\"BreadcrumbList\",\"@id\":\"https:\/\/luchonoticias.com\/editor\/manana-sancion-de-la-reforma-pensional\/#breadcrumb\",\"itemListElement\":[{\"@type\":\"ListItem\",\"position\":1,\"name\":\"Portada\",\"item\":\"https:\/\/luchonoticias.com\/editor\/\"},{\"@type\":\"ListItem\",\"position\":2,\"name\":\"Ma\u00f1ana, sanci\u00f3n de la reforma pensional\"}]},{\"@type\":\"WebSite\",\"@id\":\"https:\/\/luchonoticias.com\/editor\/#website\",\"url\":\"https:\/\/luchonoticias.com\/editor\/\",\"name\":\"\",\"description\":\"\",\"publisher\":{\"@id\":\"https:\/\/luchonoticias.com\/editor\/#\/schema\/person\/7a7fd911f58561fd056dbac7b55af9cd\"},\"potentialAction\":[{\"@type\":\"SearchAction\",\"target\":{\"@type\":\"EntryPoint\",\"urlTemplate\":\"https:\/\/luchonoticias.com\/editor\/?s={search_term_string}\"},\"query-input\":{\"@type\":\"PropertyValueSpecification\",\"valueRequired\":true,\"valueName\":\"search_term_string\"}}],\"inLanguage\":\"es\"},{\"@type\":[\"Person\",\"Organization\"],\"@id\":\"https:\/\/luchonoticias.com\/editor\/#\/schema\/person\/7a7fd911f58561fd056dbac7b55af9cd\",\"name\":\"admin\",\"image\":{\"@type\":\"ImageObject\",\"inLanguage\":\"es\",\"@id\":\"https:\/\/luchonoticias.com\/editor\/#\/schema\/person\/image\/\",\"url\":\"https:\/\/luchonoticias.com\/editor\/wp-content\/uploads\/2024\/02\/cropped-cropped-logolu.webp\",\"contentUrl\":\"https:\/\/luchonoticias.com\/editor\/wp-content\/uploads\/2024\/02\/cropped-cropped-logolu.webp\",\"width\":382,\"height\":170,\"caption\":\"admin\"},\"logo\":{\"@id\":\"https:\/\/luchonoticias.com\/editor\/#\/schema\/person\/image\/\"},\"sameAs\":[\"https:\/\/www.facebook.com\/luchonoticiasneiva\"]},{\"@type\":\"Person\",\"@id\":\"https:\/\/luchonoticias.com\/editor\/#\/schema\/person\/29217990ddf6f14e35912b2866d591fb\",\"name\":\"Editor General\",\"image\":{\"@type\":\"ImageObject\",\"inLanguage\":\"es\",\"@id\":\"https:\/\/luchonoticias.com\/editor\/#\/schema\/person\/image\/\",\"url\":\"https:\/\/luchonoticias.com\/editor\/wp-content\/uploads\/2024\/02\/cropped-cropped-logolu-150x150.webp\",\"contentUrl\":\"https:\/\/luchonoticias.com\/editor\/wp-content\/uploads\/2024\/02\/cropped-cropped-logolu-150x150.webp\",\"caption\":\"Editor General\"},\"sameAs\":[\"https:\/\/luchonoticias.com\/\"],\"url\":\"https:\/\/luchonoticias.com\/editor\/author\/editor-general\/\"}]}<\/script>\n<!-- \/ Yoast SEO plugin. -->","yoast_head_json":{"title":"Ma\u00f1ana, sanci\u00f3n de la reforma pensional -","description":"El presidente Gustavo Petro\u00a0convoc\u00f3 una nueva jornada masiva de movilizaci\u00f3n en apoyo a la firma de la reforma Pensional.","robots":{"index":"index","follow":"follow","max-snippet":"max-snippet:-1","max-image-preview":"max-image-preview:large","max-video-preview":"max-video-preview:-1"},"canonical":"https:\/\/luchonoticias.com\/editor\/manana-sancion-de-la-reforma-pensional\/","og_locale":"es_ES","og_type":"article","og_title":"Ma\u00f1ana, sanci\u00f3n de la reforma pensional -","og_description":"El presidente Gustavo Petro\u00a0convoc\u00f3 una nueva jornada masiva de movilizaci\u00f3n en apoyo a la firma de la reforma Pensional.","og_url":"https:\/\/luchonoticias.com\/editor\/manana-sancion-de-la-reforma-pensional\/","article_publisher":"https:\/\/www.facebook.com\/luchonoticiasneiva","article_published_time":"2024-07-15T18:17:16+00:00","og_image":[{"width":700,"height":400,"url":"https:\/\/luchonoticias.com\/editor\/wp-content\/uploads\/2024\/07\/reforma-pensional.jpg","type":"image\/jpeg"}],"author":"Editor General","twitter_card":"summary_large_image","twitter_misc":{"Escrito por":"Editor General","Tiempo de lectura":"1 minuto"},"schema":{"@context":"https:\/\/schema.org","@graph":[{"@type":"Article","@id":"https:\/\/luchonoticias.com\/editor\/manana-sancion-de-la-reforma-pensional\/#article","isPartOf":{"@id":"https:\/\/luchonoticias.com\/editor\/manana-sancion-de-la-reforma-pensional\/"},"author":{"name":"Editor General","@id":"https:\/\/luchonoticias.com\/editor\/#\/schema\/person\/29217990ddf6f14e35912b2866d591fb"},"headline":"Ma\u00f1ana, sanci\u00f3n de la reforma pensional","datePublished":"2024-07-15T18:17:16+00:00","mainEntityOfPage":{"@id":"https:\/\/luchonoticias.com\/editor\/manana-sancion-de-la-reforma-pensional\/"},"wordCount":182,"publisher":{"@id":"https:\/\/luchonoticias.com\/editor\/#\/schema\/person\/7a7fd911f58561fd056dbac7b55af9cd"},"image":{"@id":"https:\/\/luchonoticias.com\/editor\/manana-sancion-de-la-reforma-pensional\/#primaryimage"},"thumbnailUrl":"https:\/\/luchonoticias.com\/editor\/wp-content\/uploads\/2024\/07\/reforma-pensional.jpg","articleSection":["Actualidad"],"inLanguage":"es"},{"@type":"WebPage","@id":"https:\/\/luchonoticias.com\/editor\/manana-sancion-de-la-reforma-pensional\/","url":"https:\/\/luchonoticias.com\/editor\/manana-sancion-de-la-reforma-pensional\/","name":"Ma\u00f1ana, sanci\u00f3n de la reforma pensional -","isPartOf":{"@id":"https:\/\/luchonoticias.com\/editor\/#website"},"primaryImageOfPage":{"@id":"https:\/\/luchonoticias.com\/editor\/manana-sancion-de-la-reforma-pensional\/#primaryimage"},"image":{"@id":"https:\/\/luchonoticias.com\/editor\/manana-sancion-de-la-reforma-pensional\/#primaryimage"},"thumbnailUrl":"https:\/\/luchonoticias.com\/editor\/wp-content\/uploads\/2024\/07\/reforma-pensional.jpg","datePublished":"2024-07-15T18:17:16+00:00","description":"El presidente Gustavo Petro\u00a0convoc\u00f3 una nueva jornada masiva de movilizaci\u00f3n en apoyo a la firma de la reforma Pensional.","breadcrumb":{"@id":"https:\/\/luchonoticias.com\/editor\/manana-sancion-de-la-reforma-pensional\/#breadcrumb"},"inLanguage":"es","potentialAction":[{"@type":"ReadAction","target":["https:\/\/luchonoticias.com\/editor\/manana-sancion-de-la-reforma-pensional\/"]}]},{"@type":"ImageObject","inLanguage":"es","@id":"https:\/\/luchonoticias.com\/editor\/manana-sancion-de-la-reforma-pensional\/#primaryimage","url":"https:\/\/luchonoticias.com\/editor\/wp-content\/uploads\/2024\/07\/reforma-pensional.jpg","contentUrl":"https:\/\/luchonoticias.com\/editor\/wp-content\/uploads\/2024\/07\/reforma-pensional.jpg","width":700,"height":400},{"@type":"BreadcrumbList","@id":"https:\/\/luchonoticias.com\/editor\/manana-sancion-de-la-reforma-pensional\/#breadcrumb","itemListElement":[{"@type":"ListItem","position":1,"name":"Portada","item":"https:\/\/luchonoticias.com\/editor\/"},{"@type":"ListItem","position":2,"name":"Ma\u00f1ana, sanci\u00f3n de la reforma pensional"}]},{"@type":"WebSite","@id":"https:\/\/luchonoticias.com\/editor\/#website","url":"https:\/\/luchonoticias.com\/editor\/","name":"","description":"","publisher":{"@id":"https:\/\/luchonoticias.com\/editor\/#\/schema\/person\/7a7fd911f58561fd056dbac7b55af9cd"},"potentialAction":[{"@type":"SearchAction","target":{"@type":"EntryPoint","urlTemplate":"https:\/\/luchonoticias.com\/editor\/?s={search_term_string}"},"query-input":{"@type":"PropertyValueSpecification","valueRequired":true,"valueName":"search_term_string"}}],"inLanguage":"es"},{"@type":["Person","Organization"],"@id":"https:\/\/luchonoticias.com\/editor\/#\/schema\/person\/7a7fd911f58561fd056dbac7b55af9cd","name":"admin","image":{"@type":"ImageObject","inLanguage":"es","@id":"https:\/\/luchonoticias.com\/editor\/#\/schema\/person\/image\/","url":"https:\/\/luchonoticias.com\/editor\/wp-content\/uploads\/2024\/02\/cropped-cropped-logolu.webp","contentUrl":"https:\/\/luchonoticias.com\/editor\/wp-content\/uploads\/2024\/02\/cropped-cropped-logolu.webp","width":382,"height":170,"caption":"admin"},"logo":{"@id":"https:\/\/luchonoticias.com\/editor\/#\/schema\/person\/image\/"},"sameAs":["https:\/\/www.facebook.com\/luchonoticiasneiva"]},{"@type":"Person","@id":"https:\/\/luchonoticias.com\/editor\/#\/schema\/person\/29217990ddf6f14e35912b2866d591fb","name":"Editor General","image":{"@type":"ImageObject","inLanguage":"es","@id":"https:\/\/luchonoticias.com\/editor\/#\/schema\/person\/image\/","url":"https:\/\/luchonoticias.com\/editor\/wp-content\/uploads\/2024\/02\/cropped-cropped-logolu-150x150.webp","contentUrl":"https:\/\/luchonoticias.com\/editor\/wp-content\/uploads\/2024\/02\/cropped-cropped-logolu-150x150.webp","caption":"Editor General"},"sameAs":["https:\/\/luchonoticias.com\/"],"url":"https:\/\/luchonoticias.com\/editor\/author\/editor-general\/"}]}},"_links":{"self":[{"href":"https:\/\/luchonoticias.com\/editor\/wp-json\/wp\/v2\/posts\/74988","targetHints":{"allow":["GET"]}}],"collection":[{"href":"https:\/\/luchonoticias.com\/editor\/wp-json\/wp\/v2\/posts"}],"about":[{"href":"https:\/\/luchonoticias.com\/editor\/wp-json\/wp\/v2\/types\/post"}],"author":[{"embeddable":true,"href":"https:\/\/luchonoticias.com\/editor\/wp-json\/wp\/v2\/users\/2"}],"replies":[{"embeddable":true,"href":"https:\/\/luchonoticias.com\/editor\/wp-json\/wp\/v2\/comments?post=74988"}],"version-history":[{"count":1,"href":"https:\/\/luchonoticias.com\/editor\/wp-json\/wp\/v2\/posts\/74988\/revisions"}],"predecessor-version":[{"id":74990,"href":"https:\/\/luchonoticias.com\/editor\/wp-json\/wp\/v2\/posts\/74988\/revisions\/74990"}],"wp:featuredmedia":[{"embeddable":true,"href":"https:\/\/luchonoticias.com\/editor\/wp-json\/wp\/v2\/media\/74989"}],"wp:attachment":[{"href":"https:\/\/luchonoticias.com\/editor\/wp-json\/wp\/v2\/media?parent=74988"}],"wp:term":[{"taxonomy":"category","embeddable":true,"href":"https:\/\/luchonoticias.com\/editor\/wp-json\/wp\/v2\/categories?post=74988"},{"taxonomy":"post_tag","embeddable":true,"href":"https:\/\/luchonoticias.com\/editor\/wp-json\/wp\/v2\/tags?post=74988"}],"curies":[{"name":"wp","href":"https:\/\/api.w.org\/{rel}","templated":true}]}}