{"id":74991,"date":"2024-07-15T14:08:06","date_gmt":"2024-07-15T19:08:06","guid":{"rendered":"https:\/\/luchonoticias.com\/?p=74991"},"modified":"2024-07-15T14:09:57","modified_gmt":"2024-07-15T19:09:57","slug":"confrontacion-con-arma-de-fuego-en-el-suroriente-de-neiva","status":"publish","type":"post","link":"https:\/\/luchonoticias.com\/editor\/confrontacion-con-arma-de-fuego-en-el-suroriente-de-neiva\/","title":{"rendered":"Confrontaci\u00f3n con arma de fuego en el suroriente de Neiva"},"content":{"rendered":"<p>Una persona fue detenida por la Polic\u00eda Metropolitana de Neiva en medio de una pol\u00e9mica acci\u00f3n judicial ocurrida en el suroriente de Neiva, que dej\u00f3 dos personas heridas, entre ellas el mismo detenido.<\/p>\n<p>De acuerdo con el ente oficial mediante comunicado, siendo aproximadamente las 11 y 50 de la noche del d\u00eda de ayer, en desarrollo de planes de vigilancia y control, personal del grupo de operaciones especiales se percata de una confrontaci\u00f3n con arma de fuego por parte de un grupo de personas de los barrios Panorama y la Milagrosa en el asentamiento Pe\u00f1o Redondo de la comuna 8 de esta ciudad.<\/p>\n<p>Estas personas, al notar la presencia policial en el lugar, accionan sus armas de fuego en contra de la integridad de los uniformados, siendo necesario el uso de su arma de dotaci\u00f3n, para repeler esta acci\u00f3n. Como resultado de la actuaci\u00f3n policial y el despliegue operativo en la zona, se logra la captura de un hombre conocido como \u201cFernando\u201d a quien se le halla en su poder un arma de fuego tipo pistola calibre 9 mm, y el cual presenta anotaciones como indiciado por el delito de lesiones.<\/p>\n<p>El capturado, qui\u00e9n presenta lesiones, al parecer ocasionadas con proyectil de arma de fuego, fue trasladado a un centro asistencial donde actualmente recibe atenci\u00f3n m\u00e9dica.<\/p>\n<p>De la misma forma, llega a un centro asistencial, al parecer producto de la confrontaci\u00f3n b\u00e9lica entre la personas residentes de la zona, un adolescente de 17 a\u00f1os de edad, qui\u00e9n presenta una lesi\u00f3n con proyectil de arma de fuego. Actualmente, el Cuerpo T\u00e9cnico de Investigaci\u00f3n de la Fiscal\u00eda General de la Naci\u00f3n, adelanta los actos urgentes y recolecci\u00f3n de elementos materiales probatorios, conducentes al esclarecimiento de los hechos materia de investigaci\u00f3n.<\/p>\n<p>FOTO: Ilustraci\u00f3n<\/p>\n","protected":false},"excerpt":{"rendered":"<p>Dos personas resultaron heridas luego de un cruce de disparos con las autoridades, uno de ellos ten\u00eda anotaciones seg\u00fan las autoridades.<\/p>\n","protected":false},"author":2,"featured_media":74992,"comment_status":"closed","ping_status":"open","sticky":false,"template":"","format":"standard","meta":{"footnotes":""},"categories":[29],"tags":[],"class_list":["post-74991","post","type-post","status-publish","format-standard","has-post-thumbnail","hentry","category-judicial"],"yoast_head":"<!-- This site is optimized with the Yoast SEO plugin v26.6 - https:\/\/yoast.com\/wordpress\/plugins\/seo\/ -->\n<title>Confrontaci\u00f3n con arma de fuego en el suroriente de Neiva -<\/title>\n<meta name=\"description\" content=\"Dos personas resultaron heridas luego de un cruce de disparos con las autoridades, uno de ellos ten\u00eda anotaciones seg\u00fan las autoridades.\" \/>\n<meta name=\"robots\" content=\"index, follow, max-snippet:-1, max-image-preview:large, max-video-preview:-1\" \/>\n<link rel=\"canonical\" href=\"https:\/\/luchonoticias.com\/editor\/confrontacion-con-arma-de-fuego-en-el-suroriente-de-neiva\/\" \/>\n<meta property=\"og:locale\" content=\"es_ES\" \/>\n<meta property=\"og:type\" content=\"article\" \/>\n<meta property=\"og:title\" content=\"Confrontaci\u00f3n con arma de fuego en el suroriente de Neiva -\" \/>\n<meta property=\"og:description\" content=\"Dos personas resultaron heridas luego de un cruce de disparos con las autoridades, uno de ellos ten\u00eda anotaciones seg\u00fan las autoridades.\" \/>\n<meta property=\"og:url\" content=\"https:\/\/luchonoticias.com\/editor\/confrontacion-con-arma-de-fuego-en-el-suroriente-de-neiva\/\" \/>\n<meta property=\"article:publisher\" content=\"https:\/\/www.facebook.com\/luchonoticiasneiva\" \/>\n<meta property=\"article:published_time\" content=\"2024-07-15T19:08:06+00:00\" \/>\n<meta property=\"article:modified_time\" content=\"2024-07-15T19:09:57+00:00\" \/>\n<meta property=\"og:image\" content=\"https:\/\/luchonoticias.com\/editor\/wp-content\/uploads\/2024\/07\/peno-redondo.jpg\" \/>\n\t<meta property=\"og:image:width\" content=\"700\" \/>\n\t<meta property=\"og:image:height\" content=\"400\" \/>\n\t<meta property=\"og:image:type\" content=\"image\/jpeg\" \/>\n<meta name=\"author\" content=\"Editor General\" \/>\n<meta name=\"twitter:card\" content=\"summary_large_image\" \/>\n<meta name=\"twitter:label1\" content=\"Escrito por\" \/>\n\t<meta name=\"twitter:data1\" content=\"Editor General\" \/>\n\t<meta name=\"twitter:label2\" content=\"Tiempo de lectura\" \/>\n\t<meta name=\"twitter:data2\" content=\"2 minutos\" \/>\n<script type=\"application\/ld+json\" class=\"yoast-schema-graph\">{\"@context\":\"https:\/\/schema.org\",\"@graph\":[{\"@type\":\"Article\",\"@id\":\"https:\/\/luchonoticias.com\/editor\/confrontacion-con-arma-de-fuego-en-el-suroriente-de-neiva\/#article\",\"isPartOf\":{\"@id\":\"https:\/\/luchonoticias.com\/editor\/confrontacion-con-arma-de-fuego-en-el-suroriente-de-neiva\/\"},\"author\":{\"name\":\"Editor General\",\"@id\":\"https:\/\/luchonoticias.com\/editor\/#\/schema\/person\/29217990ddf6f14e35912b2866d591fb\"},\"headline\":\"Confrontaci\u00f3n con arma de fuego en el suroriente de Neiva\",\"datePublished\":\"2024-07-15T19:08:06+00:00\",\"dateModified\":\"2024-07-15T19:09:57+00:00\",\"mainEntityOfPage\":{\"@id\":\"https:\/\/luchonoticias.com\/editor\/confrontacion-con-arma-de-fuego-en-el-suroriente-de-neiva\/\"},\"wordCount\":320,\"publisher\":{\"@id\":\"https:\/\/luchonoticias.com\/editor\/#\/schema\/person\/7a7fd911f58561fd056dbac7b55af9cd\"},\"image\":{\"@id\":\"https:\/\/luchonoticias.com\/editor\/confrontacion-con-arma-de-fuego-en-el-suroriente-de-neiva\/#primaryimage\"},\"thumbnailUrl\":\"https:\/\/luchonoticias.com\/editor\/wp-content\/uploads\/2024\/07\/peno-redondo.jpg\",\"articleSection\":[\"Judicial\"],\"inLanguage\":\"es\"},{\"@type\":\"WebPage\",\"@id\":\"https:\/\/luchonoticias.com\/editor\/confrontacion-con-arma-de-fuego-en-el-suroriente-de-neiva\/\",\"url\":\"https:\/\/luchonoticias.com\/editor\/confrontacion-con-arma-de-fuego-en-el-suroriente-de-neiva\/\",\"name\":\"Confrontaci\u00f3n con arma de fuego en el suroriente de Neiva -\",\"isPartOf\":{\"@id\":\"https:\/\/luchonoticias.com\/editor\/#website\"},\"primaryImageOfPage\":{\"@id\":\"https:\/\/luchonoticias.com\/editor\/confrontacion-con-arma-de-fuego-en-el-suroriente-de-neiva\/#primaryimage\"},\"image\":{\"@id\":\"https:\/\/luchonoticias.com\/editor\/confrontacion-con-arma-de-fuego-en-el-suroriente-de-neiva\/#primaryimage\"},\"thumbnailUrl\":\"https:\/\/luchonoticias.com\/editor\/wp-content\/uploads\/2024\/07\/peno-redondo.jpg\",\"datePublished\":\"2024-07-15T19:08:06+00:00\",\"dateModified\":\"2024-07-15T19:09:57+00:00\",\"description\":\"Dos personas resultaron heridas luego de un cruce de disparos con las autoridades, uno de ellos ten\u00eda anotaciones seg\u00fan las autoridades.\",\"breadcrumb\":{\"@id\":\"https:\/\/luchonoticias.com\/editor\/confrontacion-con-arma-de-fuego-en-el-suroriente-de-neiva\/#breadcrumb\"},\"inLanguage\":\"es\",\"potentialAction\":[{\"@type\":\"ReadAction\",\"target\":[\"https:\/\/luchonoticias.com\/editor\/confrontacion-con-arma-de-fuego-en-el-suroriente-de-neiva\/\"]}]},{\"@type\":\"ImageObject\",\"inLanguage\":\"es\",\"@id\":\"https:\/\/luchonoticias.com\/editor\/confrontacion-con-arma-de-fuego-en-el-suroriente-de-neiva\/#primaryimage\",\"url\":\"https:\/\/luchonoticias.com\/editor\/wp-content\/uploads\/2024\/07\/peno-redondo.jpg\",\"contentUrl\":\"https:\/\/luchonoticias.com\/editor\/wp-content\/uploads\/2024\/07\/peno-redondo.jpg\",\"width\":700,\"height\":400},{\"@type\":\"BreadcrumbList\",\"@id\":\"https:\/\/luchonoticias.com\/editor\/confrontacion-con-arma-de-fuego-en-el-suroriente-de-neiva\/#breadcrumb\",\"itemListElement\":[{\"@type\":\"ListItem\",\"position\":1,\"name\":\"Portada\",\"item\":\"https:\/\/luchonoticias.com\/editor\/\"},{\"@type\":\"ListItem\",\"position\":2,\"name\":\"Confrontaci\u00f3n con arma de fuego en el suroriente de Neiva\"}]},{\"@type\":\"WebSite\",\"@id\":\"https:\/\/luchonoticias.com\/editor\/#website\",\"url\":\"https:\/\/luchonoticias.com\/editor\/\",\"name\":\"\",\"description\":\"\",\"publisher\":{\"@id\":\"https:\/\/luchonoticias.com\/editor\/#\/schema\/person\/7a7fd911f58561fd056dbac7b55af9cd\"},\"potentialAction\":[{\"@type\":\"SearchAction\",\"target\":{\"@type\":\"EntryPoint\",\"urlTemplate\":\"https:\/\/luchonoticias.com\/editor\/?s={search_term_string}\"},\"query-input\":{\"@type\":\"PropertyValueSpecification\",\"valueRequired\":true,\"valueName\":\"search_term_string\"}}],\"inLanguage\":\"es\"},{\"@type\":[\"Person\",\"Organization\"],\"@id\":\"https:\/\/luchonoticias.com\/editor\/#\/schema\/person\/7a7fd911f58561fd056dbac7b55af9cd\",\"name\":\"admin\",\"image\":{\"@type\":\"ImageObject\",\"inLanguage\":\"es\",\"@id\":\"https:\/\/luchonoticias.com\/editor\/#\/schema\/person\/image\/\",\"url\":\"https:\/\/luchonoticias.com\/editor\/wp-content\/uploads\/2024\/02\/cropped-cropped-logolu.webp\",\"contentUrl\":\"https:\/\/luchonoticias.com\/editor\/wp-content\/uploads\/2024\/02\/cropped-cropped-logolu.webp\",\"width\":382,\"height\":170,\"caption\":\"admin\"},\"logo\":{\"@id\":\"https:\/\/luchonoticias.com\/editor\/#\/schema\/person\/image\/\"},\"sameAs\":[\"https:\/\/www.facebook.com\/luchonoticiasneiva\"]},{\"@type\":\"Person\",\"@id\":\"https:\/\/luchonoticias.com\/editor\/#\/schema\/person\/29217990ddf6f14e35912b2866d591fb\",\"name\":\"Editor General\",\"image\":{\"@type\":\"ImageObject\",\"inLanguage\":\"es\",\"@id\":\"https:\/\/luchonoticias.com\/editor\/#\/schema\/person\/image\/\",\"url\":\"https:\/\/luchonoticias.com\/editor\/wp-content\/uploads\/2024\/02\/cropped-cropped-logolu-150x150.webp\",\"contentUrl\":\"https:\/\/luchonoticias.com\/editor\/wp-content\/uploads\/2024\/02\/cropped-cropped-logolu-150x150.webp\",\"caption\":\"Editor General\"},\"sameAs\":[\"https:\/\/luchonoticias.com\/\"],\"url\":\"https:\/\/luchonoticias.com\/editor\/author\/editor-general\/\"}]}<\/script>\n<!-- \/ Yoast SEO plugin. -->","yoast_head_json":{"title":"Confrontaci\u00f3n con arma de fuego en el suroriente de Neiva -","description":"Dos personas resultaron heridas luego de un cruce de disparos con las autoridades, uno de ellos ten\u00eda anotaciones seg\u00fan las autoridades.","robots":{"index":"index","follow":"follow","max-snippet":"max-snippet:-1","max-image-preview":"max-image-preview:large","max-video-preview":"max-video-preview:-1"},"canonical":"https:\/\/luchonoticias.com\/editor\/confrontacion-con-arma-de-fuego-en-el-suroriente-de-neiva\/","og_locale":"es_ES","og_type":"article","og_title":"Confrontaci\u00f3n con arma de fuego en el suroriente de Neiva -","og_description":"Dos personas resultaron heridas luego de un cruce de disparos con las autoridades, uno de ellos ten\u00eda anotaciones seg\u00fan las autoridades.","og_url":"https:\/\/luchonoticias.com\/editor\/confrontacion-con-arma-de-fuego-en-el-suroriente-de-neiva\/","article_publisher":"https:\/\/www.facebook.com\/luchonoticiasneiva","article_published_time":"2024-07-15T19:08:06+00:00","article_modified_time":"2024-07-15T19:09:57+00:00","og_image":[{"width":700,"height":400,"url":"https:\/\/luchonoticias.com\/editor\/wp-content\/uploads\/2024\/07\/peno-redondo.jpg","type":"image\/jpeg"}],"author":"Editor General","twitter_card":"summary_large_image","twitter_misc":{"Escrito por":"Editor General","Tiempo de lectura":"2 minutos"},"schema":{"@context":"https:\/\/schema.org","@graph":[{"@type":"Article","@id":"https:\/\/luchonoticias.com\/editor\/confrontacion-con-arma-de-fuego-en-el-suroriente-de-neiva\/#article","isPartOf":{"@id":"https:\/\/luchonoticias.com\/editor\/confrontacion-con-arma-de-fuego-en-el-suroriente-de-neiva\/"},"author":{"name":"Editor General","@id":"https:\/\/luchonoticias.com\/editor\/#\/schema\/person\/29217990ddf6f14e35912b2866d591fb"},"headline":"Confrontaci\u00f3n con arma de fuego en el suroriente de Neiva","datePublished":"2024-07-15T19:08:06+00:00","dateModified":"2024-07-15T19:09:57+00:00","mainEntityOfPage":{"@id":"https:\/\/luchonoticias.com\/editor\/confrontacion-con-arma-de-fuego-en-el-suroriente-de-neiva\/"},"wordCount":320,"publisher":{"@id":"https:\/\/luchonoticias.com\/editor\/#\/schema\/person\/7a7fd911f58561fd056dbac7b55af9cd"},"image":{"@id":"https:\/\/luchonoticias.com\/editor\/confrontacion-con-arma-de-fuego-en-el-suroriente-de-neiva\/#primaryimage"},"thumbnailUrl":"https:\/\/luchonoticias.com\/editor\/wp-content\/uploads\/2024\/07\/peno-redondo.jpg","articleSection":["Judicial"],"inLanguage":"es"},{"@type":"WebPage","@id":"https:\/\/luchonoticias.com\/editor\/confrontacion-con-arma-de-fuego-en-el-suroriente-de-neiva\/","url":"https:\/\/luchonoticias.com\/editor\/confrontacion-con-arma-de-fuego-en-el-suroriente-de-neiva\/","name":"Confrontaci\u00f3n con arma de fuego en el suroriente de Neiva -","isPartOf":{"@id":"https:\/\/luchonoticias.com\/editor\/#website"},"primaryImageOfPage":{"@id":"https:\/\/luchonoticias.com\/editor\/confrontacion-con-arma-de-fuego-en-el-suroriente-de-neiva\/#primaryimage"},"image":{"@id":"https:\/\/luchonoticias.com\/editor\/confrontacion-con-arma-de-fuego-en-el-suroriente-de-neiva\/#primaryimage"},"thumbnailUrl":"https:\/\/luchonoticias.com\/editor\/wp-content\/uploads\/2024\/07\/peno-redondo.jpg","datePublished":"2024-07-15T19:08:06+00:00","dateModified":"2024-07-15T19:09:57+00:00","description":"Dos personas resultaron heridas luego de un cruce de disparos con las autoridades, uno de ellos ten\u00eda anotaciones seg\u00fan las autoridades.","breadcrumb":{"@id":"https:\/\/luchonoticias.com\/editor\/confrontacion-con-arma-de-fuego-en-el-suroriente-de-neiva\/#breadcrumb"},"inLanguage":"es","potentialAction":[{"@type":"ReadAction","target":["https:\/\/luchonoticias.com\/editor\/confrontacion-con-arma-de-fuego-en-el-suroriente-de-neiva\/"]}]},{"@type":"ImageObject","inLanguage":"es","@id":"https:\/\/luchonoticias.com\/editor\/confrontacion-con-arma-de-fuego-en-el-suroriente-de-neiva\/#primaryimage","url":"https:\/\/luchonoticias.com\/editor\/wp-content\/uploads\/2024\/07\/peno-redondo.jpg","contentUrl":"https:\/\/luchonoticias.com\/editor\/wp-content\/uploads\/2024\/07\/peno-redondo.jpg","width":700,"height":400},{"@type":"BreadcrumbList","@id":"https:\/\/luchonoticias.com\/editor\/confrontacion-con-arma-de-fuego-en-el-suroriente-de-neiva\/#breadcrumb","itemListElement":[{"@type":"ListItem","position":1,"name":"Portada","item":"https:\/\/luchonoticias.com\/editor\/"},{"@type":"ListItem","position":2,"name":"Confrontaci\u00f3n con arma de fuego en el suroriente de Neiva"}]},{"@type":"WebSite","@id":"https:\/\/luchonoticias.com\/editor\/#website","url":"https:\/\/luchonoticias.com\/editor\/","name":"","description":"","publisher":{"@id":"https:\/\/luchonoticias.com\/editor\/#\/schema\/person\/7a7fd911f58561fd056dbac7b55af9cd"},"potentialAction":[{"@type":"SearchAction","target":{"@type":"EntryPoint","urlTemplate":"https:\/\/luchonoticias.com\/editor\/?s={search_term_string}"},"query-input":{"@type":"PropertyValueSpecification","valueRequired":true,"valueName":"search_term_string"}}],"inLanguage":"es"},{"@type":["Person","Organization"],"@id":"https:\/\/luchonoticias.com\/editor\/#\/schema\/person\/7a7fd911f58561fd056dbac7b55af9cd","name":"admin","image":{"@type":"ImageObject","inLanguage":"es","@id":"https:\/\/luchonoticias.com\/editor\/#\/schema\/person\/image\/","url":"https:\/\/luchonoticias.com\/editor\/wp-content\/uploads\/2024\/02\/cropped-cropped-logolu.webp","contentUrl":"https:\/\/luchonoticias.com\/editor\/wp-content\/uploads\/2024\/02\/cropped-cropped-logolu.webp","width":382,"height":170,"caption":"admin"},"logo":{"@id":"https:\/\/luchonoticias.com\/editor\/#\/schema\/person\/image\/"},"sameAs":["https:\/\/www.facebook.com\/luchonoticiasneiva"]},{"@type":"Person","@id":"https:\/\/luchonoticias.com\/editor\/#\/schema\/person\/29217990ddf6f14e35912b2866d591fb","name":"Editor General","image":{"@type":"ImageObject","inLanguage":"es","@id":"https:\/\/luchonoticias.com\/editor\/#\/schema\/person\/image\/","url":"https:\/\/luchonoticias.com\/editor\/wp-content\/uploads\/2024\/02\/cropped-cropped-logolu-150x150.webp","contentUrl":"https:\/\/luchonoticias.com\/editor\/wp-content\/uploads\/2024\/02\/cropped-cropped-logolu-150x150.webp","caption":"Editor General"},"sameAs":["https:\/\/luchonoticias.com\/"],"url":"https:\/\/luchonoticias.com\/editor\/author\/editor-general\/"}]}},"_links":{"self":[{"href":"https:\/\/luchonoticias.com\/editor\/wp-json\/wp\/v2\/posts\/74991","targetHints":{"allow":["GET"]}}],"collection":[{"href":"https:\/\/luchonoticias.com\/editor\/wp-json\/wp\/v2\/posts"}],"about":[{"href":"https:\/\/luchonoticias.com\/editor\/wp-json\/wp\/v2\/types\/post"}],"author":[{"embeddable":true,"href":"https:\/\/luchonoticias.com\/editor\/wp-json\/wp\/v2\/users\/2"}],"replies":[{"embeddable":true,"href":"https:\/\/luchonoticias.com\/editor\/wp-json\/wp\/v2\/comments?post=74991"}],"version-history":[{"count":3,"href":"https:\/\/luchonoticias.com\/editor\/wp-json\/wp\/v2\/posts\/74991\/revisions"}],"predecessor-version":[{"id":74996,"href":"https:\/\/luchonoticias.com\/editor\/wp-json\/wp\/v2\/posts\/74991\/revisions\/74996"}],"wp:featuredmedia":[{"embeddable":true,"href":"https:\/\/luchonoticias.com\/editor\/wp-json\/wp\/v2\/media\/74992"}],"wp:attachment":[{"href":"https:\/\/luchonoticias.com\/editor\/wp-json\/wp\/v2\/media?parent=74991"}],"wp:term":[{"taxonomy":"category","embeddable":true,"href":"https:\/\/luchonoticias.com\/editor\/wp-json\/wp\/v2\/categories?post=74991"},{"taxonomy":"post_tag","embeddable":true,"href":"https:\/\/luchonoticias.com\/editor\/wp-json\/wp\/v2\/tags?post=74991"}],"curies":[{"name":"wp","href":"https:\/\/api.w.org\/{rel}","templated":true}]}}