{"id":74997,"date":"2024-07-15T14:18:21","date_gmt":"2024-07-15T19:18:21","guid":{"rendered":"https:\/\/luchonoticias.com\/?p=74997"},"modified":"2024-07-15T14:18:21","modified_gmt":"2024-07-15T19:18:21","slug":"detenido-en-estados-unidos-el-presidente-de-la-federacion-colombiana-de-futbol","status":"publish","type":"post","link":"https:\/\/luchonoticias.com\/editor\/detenido-en-estados-unidos-el-presidente-de-la-federacion-colombiana-de-futbol\/","title":{"rendered":"Detenido en Estados Unidos el presidente de la Federaci\u00f3n Colombiana de F\u00fatbol"},"content":{"rendered":"<div class=\"max-w-screen-md prose prose-lg mx-auto mb-5\">\n<p data-type=\"text\">El presidente de la Federaci\u00f3n colombiana de F\u00fatbol, Ram\u00f3n Jesur\u00fan y su hijo fueron protagonistas de un video en el que se ven envueltos en una pelea al terminar el partido de la final entre Colombia y Argentina.<\/p>\n<\/div>\n<div class=\"max-w-screen-md prose prose-lg mx-auto mb-5\">\n<p data-type=\"text\">En el audiovisual se ve claramente una pelea, mientras el dirigente est\u00e1 arrinconado contra una pared. Los ni\u00f1os quedan en medio del violento momento.<\/p>\n<p data-type=\"text\">Seg\u00fan el medio Local 10 de Miami, \u201cRam\u00f3n Jesur\u00fan, jefe del organismo rector del f\u00fatbol en Colombia, fue arrestado en medio del caos en el torneo de f\u00fatbol Copa Am\u00e9rica en Miami Gardens, seg\u00fan los registros de la c\u00e1rcel de Miami-Dade y un informe de los medios colombianos.\u201d, dice el diario en menci\u00f3n.<\/p>\n<div class=\"max-w-screen-md prose prose-lg mx-auto mb-5\">\n<p data-type=\"text\">Tambi\u00e9n se ha conocido que su hijo, tambi\u00e9n estar\u00eda arrestado por pelear con los organismos de seguridad; los cargos que enfrentan ser\u00edan agresi\u00f3n a un funcionario p\u00fablico.<\/p>\n<\/div>\n<\/div>\n","protected":false},"excerpt":{"rendered":"<p>El presidente de la Federaci\u00f3n colombiana de F\u00fatbol, Ram\u00f3n Jesur\u00fan y su hijo fueron protagonistas de un video en el que se ven envueltos en una pelea al terminar el partido de la final entre Colombia y Argentina.<\/p>\n","protected":false},"author":2,"featured_media":74998,"comment_status":"closed","ping_status":"open","sticky":false,"template":"","format":"standard","meta":{"footnotes":""},"categories":[34],"tags":[],"class_list":["post-74997","post","type-post","status-publish","format-standard","has-post-thumbnail","hentry","category-deportes"],"yoast_head":"<!-- This site is optimized with the Yoast SEO plugin v26.6 - https:\/\/yoast.com\/wordpress\/plugins\/seo\/ -->\n<title>Detenido en Estados Unidos el presidente de la Federaci\u00f3n Colombiana de F\u00fatbol -<\/title>\n<meta name=\"description\" content=\"El presidente de la Federaci\u00f3n colombiana de F\u00fatbol, Ram\u00f3n Jesur\u00fan y su hijo fueron protagonistas de un video en el que se ven envueltos en una pelea al terminar el partido de la final entre Colombia y Argentina.\" \/>\n<meta name=\"robots\" content=\"index, follow, max-snippet:-1, max-image-preview:large, max-video-preview:-1\" \/>\n<link rel=\"canonical\" href=\"https:\/\/luchonoticias.com\/editor\/detenido-en-estados-unidos-el-presidente-de-la-federacion-colombiana-de-futbol\/\" \/>\n<meta property=\"og:locale\" content=\"es_ES\" \/>\n<meta property=\"og:type\" content=\"article\" \/>\n<meta property=\"og:title\" content=\"Detenido en Estados Unidos el presidente de la Federaci\u00f3n Colombiana de F\u00fatbol -\" \/>\n<meta property=\"og:description\" content=\"El presidente de la Federaci\u00f3n colombiana de F\u00fatbol, Ram\u00f3n Jesur\u00fan y su hijo fueron protagonistas de un video en el que se ven envueltos en una pelea al terminar el partido de la final entre Colombia y Argentina.\" \/>\n<meta property=\"og:url\" content=\"https:\/\/luchonoticias.com\/editor\/detenido-en-estados-unidos-el-presidente-de-la-federacion-colombiana-de-futbol\/\" \/>\n<meta property=\"article:publisher\" content=\"https:\/\/www.facebook.com\/luchonoticiasneiva\" \/>\n<meta property=\"article:published_time\" content=\"2024-07-15T19:18:21+00:00\" \/>\n<meta property=\"og:image\" content=\"https:\/\/luchonoticias.com\/editor\/wp-content\/uploads\/2024\/07\/jesurun.jpg\" \/>\n\t<meta property=\"og:image:width\" content=\"700\" \/>\n\t<meta property=\"og:image:height\" content=\"400\" \/>\n\t<meta property=\"og:image:type\" content=\"image\/jpeg\" \/>\n<meta name=\"author\" content=\"Editor General\" \/>\n<meta name=\"twitter:card\" content=\"summary_large_image\" \/>\n<meta name=\"twitter:label1\" content=\"Escrito por\" \/>\n\t<meta name=\"twitter:data1\" content=\"Editor General\" \/>\n\t<meta name=\"twitter:label2\" content=\"Tiempo de lectura\" \/>\n\t<meta name=\"twitter:data2\" content=\"1 minuto\" \/>\n<script type=\"application\/ld+json\" class=\"yoast-schema-graph\">{\"@context\":\"https:\/\/schema.org\",\"@graph\":[{\"@type\":\"Article\",\"@id\":\"https:\/\/luchonoticias.com\/editor\/detenido-en-estados-unidos-el-presidente-de-la-federacion-colombiana-de-futbol\/#article\",\"isPartOf\":{\"@id\":\"https:\/\/luchonoticias.com\/editor\/detenido-en-estados-unidos-el-presidente-de-la-federacion-colombiana-de-futbol\/\"},\"author\":{\"name\":\"Editor General\",\"@id\":\"https:\/\/luchonoticias.com\/editor\/#\/schema\/person\/29217990ddf6f14e35912b2866d591fb\"},\"headline\":\"Detenido en Estados Unidos el presidente de la Federaci\u00f3n Colombiana de F\u00fatbol\",\"datePublished\":\"2024-07-15T19:18:21+00:00\",\"mainEntityOfPage\":{\"@id\":\"https:\/\/luchonoticias.com\/editor\/detenido-en-estados-unidos-el-presidente-de-la-federacion-colombiana-de-futbol\/\"},\"wordCount\":175,\"publisher\":{\"@id\":\"https:\/\/luchonoticias.com\/editor\/#\/schema\/person\/7a7fd911f58561fd056dbac7b55af9cd\"},\"image\":{\"@id\":\"https:\/\/luchonoticias.com\/editor\/detenido-en-estados-unidos-el-presidente-de-la-federacion-colombiana-de-futbol\/#primaryimage\"},\"thumbnailUrl\":\"https:\/\/luchonoticias.com\/editor\/wp-content\/uploads\/2024\/07\/jesurun.jpg\",\"articleSection\":[\"Deportes\"],\"inLanguage\":\"es\"},{\"@type\":\"WebPage\",\"@id\":\"https:\/\/luchonoticias.com\/editor\/detenido-en-estados-unidos-el-presidente-de-la-federacion-colombiana-de-futbol\/\",\"url\":\"https:\/\/luchonoticias.com\/editor\/detenido-en-estados-unidos-el-presidente-de-la-federacion-colombiana-de-futbol\/\",\"name\":\"Detenido en Estados Unidos el presidente de la Federaci\u00f3n Colombiana de F\u00fatbol -\",\"isPartOf\":{\"@id\":\"https:\/\/luchonoticias.com\/editor\/#website\"},\"primaryImageOfPage\":{\"@id\":\"https:\/\/luchonoticias.com\/editor\/detenido-en-estados-unidos-el-presidente-de-la-federacion-colombiana-de-futbol\/#primaryimage\"},\"image\":{\"@id\":\"https:\/\/luchonoticias.com\/editor\/detenido-en-estados-unidos-el-presidente-de-la-federacion-colombiana-de-futbol\/#primaryimage\"},\"thumbnailUrl\":\"https:\/\/luchonoticias.com\/editor\/wp-content\/uploads\/2024\/07\/jesurun.jpg\",\"datePublished\":\"2024-07-15T19:18:21+00:00\",\"description\":\"El presidente de la Federaci\u00f3n colombiana de F\u00fatbol, Ram\u00f3n Jesur\u00fan y su hijo fueron protagonistas de un video en el que se ven envueltos en una pelea al terminar el partido de la final entre Colombia y Argentina.\",\"breadcrumb\":{\"@id\":\"https:\/\/luchonoticias.com\/editor\/detenido-en-estados-unidos-el-presidente-de-la-federacion-colombiana-de-futbol\/#breadcrumb\"},\"inLanguage\":\"es\",\"potentialAction\":[{\"@type\":\"ReadAction\",\"target\":[\"https:\/\/luchonoticias.com\/editor\/detenido-en-estados-unidos-el-presidente-de-la-federacion-colombiana-de-futbol\/\"]}]},{\"@type\":\"ImageObject\",\"inLanguage\":\"es\",\"@id\":\"https:\/\/luchonoticias.com\/editor\/detenido-en-estados-unidos-el-presidente-de-la-federacion-colombiana-de-futbol\/#primaryimage\",\"url\":\"https:\/\/luchonoticias.com\/editor\/wp-content\/uploads\/2024\/07\/jesurun.jpg\",\"contentUrl\":\"https:\/\/luchonoticias.com\/editor\/wp-content\/uploads\/2024\/07\/jesurun.jpg\",\"width\":700,\"height\":400},{\"@type\":\"BreadcrumbList\",\"@id\":\"https:\/\/luchonoticias.com\/editor\/detenido-en-estados-unidos-el-presidente-de-la-federacion-colombiana-de-futbol\/#breadcrumb\",\"itemListElement\":[{\"@type\":\"ListItem\",\"position\":1,\"name\":\"Portada\",\"item\":\"https:\/\/luchonoticias.com\/editor\/\"},{\"@type\":\"ListItem\",\"position\":2,\"name\":\"Detenido en Estados Unidos el presidente de la Federaci\u00f3n Colombiana de F\u00fatbol\"}]},{\"@type\":\"WebSite\",\"@id\":\"https:\/\/luchonoticias.com\/editor\/#website\",\"url\":\"https:\/\/luchonoticias.com\/editor\/\",\"name\":\"\",\"description\":\"\",\"publisher\":{\"@id\":\"https:\/\/luchonoticias.com\/editor\/#\/schema\/person\/7a7fd911f58561fd056dbac7b55af9cd\"},\"potentialAction\":[{\"@type\":\"SearchAction\",\"target\":{\"@type\":\"EntryPoint\",\"urlTemplate\":\"https:\/\/luchonoticias.com\/editor\/?s={search_term_string}\"},\"query-input\":{\"@type\":\"PropertyValueSpecification\",\"valueRequired\":true,\"valueName\":\"search_term_string\"}}],\"inLanguage\":\"es\"},{\"@type\":[\"Person\",\"Organization\"],\"@id\":\"https:\/\/luchonoticias.com\/editor\/#\/schema\/person\/7a7fd911f58561fd056dbac7b55af9cd\",\"name\":\"admin\",\"image\":{\"@type\":\"ImageObject\",\"inLanguage\":\"es\",\"@id\":\"https:\/\/luchonoticias.com\/editor\/#\/schema\/person\/image\/\",\"url\":\"https:\/\/luchonoticias.com\/editor\/wp-content\/uploads\/2024\/02\/cropped-cropped-logolu.webp\",\"contentUrl\":\"https:\/\/luchonoticias.com\/editor\/wp-content\/uploads\/2024\/02\/cropped-cropped-logolu.webp\",\"width\":382,\"height\":170,\"caption\":\"admin\"},\"logo\":{\"@id\":\"https:\/\/luchonoticias.com\/editor\/#\/schema\/person\/image\/\"},\"sameAs\":[\"https:\/\/www.facebook.com\/luchonoticiasneiva\"]},{\"@type\":\"Person\",\"@id\":\"https:\/\/luchonoticias.com\/editor\/#\/schema\/person\/29217990ddf6f14e35912b2866d591fb\",\"name\":\"Editor General\",\"image\":{\"@type\":\"ImageObject\",\"inLanguage\":\"es\",\"@id\":\"https:\/\/luchonoticias.com\/editor\/#\/schema\/person\/image\/\",\"url\":\"https:\/\/luchonoticias.com\/editor\/wp-content\/uploads\/2024\/02\/cropped-cropped-logolu-150x150.webp\",\"contentUrl\":\"https:\/\/luchonoticias.com\/editor\/wp-content\/uploads\/2024\/02\/cropped-cropped-logolu-150x150.webp\",\"caption\":\"Editor General\"},\"sameAs\":[\"https:\/\/luchonoticias.com\/\"],\"url\":\"https:\/\/luchonoticias.com\/editor\/author\/editor-general\/\"}]}<\/script>\n<!-- \/ Yoast SEO plugin. -->","yoast_head_json":{"title":"Detenido en Estados Unidos el presidente de la Federaci\u00f3n Colombiana de F\u00fatbol -","description":"El presidente de la Federaci\u00f3n colombiana de F\u00fatbol, Ram\u00f3n Jesur\u00fan y su hijo fueron protagonistas de un video en el que se ven envueltos en una pelea al terminar el partido de la final entre Colombia y Argentina.","robots":{"index":"index","follow":"follow","max-snippet":"max-snippet:-1","max-image-preview":"max-image-preview:large","max-video-preview":"max-video-preview:-1"},"canonical":"https:\/\/luchonoticias.com\/editor\/detenido-en-estados-unidos-el-presidente-de-la-federacion-colombiana-de-futbol\/","og_locale":"es_ES","og_type":"article","og_title":"Detenido en Estados Unidos el presidente de la Federaci\u00f3n Colombiana de F\u00fatbol -","og_description":"El presidente de la Federaci\u00f3n colombiana de F\u00fatbol, Ram\u00f3n Jesur\u00fan y su hijo fueron protagonistas de un video en el que se ven envueltos en una pelea al terminar el partido de la final entre Colombia y Argentina.","og_url":"https:\/\/luchonoticias.com\/editor\/detenido-en-estados-unidos-el-presidente-de-la-federacion-colombiana-de-futbol\/","article_publisher":"https:\/\/www.facebook.com\/luchonoticiasneiva","article_published_time":"2024-07-15T19:18:21+00:00","og_image":[{"width":700,"height":400,"url":"https:\/\/luchonoticias.com\/editor\/wp-content\/uploads\/2024\/07\/jesurun.jpg","type":"image\/jpeg"}],"author":"Editor General","twitter_card":"summary_large_image","twitter_misc":{"Escrito por":"Editor General","Tiempo de lectura":"1 minuto"},"schema":{"@context":"https:\/\/schema.org","@graph":[{"@type":"Article","@id":"https:\/\/luchonoticias.com\/editor\/detenido-en-estados-unidos-el-presidente-de-la-federacion-colombiana-de-futbol\/#article","isPartOf":{"@id":"https:\/\/luchonoticias.com\/editor\/detenido-en-estados-unidos-el-presidente-de-la-federacion-colombiana-de-futbol\/"},"author":{"name":"Editor General","@id":"https:\/\/luchonoticias.com\/editor\/#\/schema\/person\/29217990ddf6f14e35912b2866d591fb"},"headline":"Detenido en Estados Unidos el presidente de la Federaci\u00f3n Colombiana de F\u00fatbol","datePublished":"2024-07-15T19:18:21+00:00","mainEntityOfPage":{"@id":"https:\/\/luchonoticias.com\/editor\/detenido-en-estados-unidos-el-presidente-de-la-federacion-colombiana-de-futbol\/"},"wordCount":175,"publisher":{"@id":"https:\/\/luchonoticias.com\/editor\/#\/schema\/person\/7a7fd911f58561fd056dbac7b55af9cd"},"image":{"@id":"https:\/\/luchonoticias.com\/editor\/detenido-en-estados-unidos-el-presidente-de-la-federacion-colombiana-de-futbol\/#primaryimage"},"thumbnailUrl":"https:\/\/luchonoticias.com\/editor\/wp-content\/uploads\/2024\/07\/jesurun.jpg","articleSection":["Deportes"],"inLanguage":"es"},{"@type":"WebPage","@id":"https:\/\/luchonoticias.com\/editor\/detenido-en-estados-unidos-el-presidente-de-la-federacion-colombiana-de-futbol\/","url":"https:\/\/luchonoticias.com\/editor\/detenido-en-estados-unidos-el-presidente-de-la-federacion-colombiana-de-futbol\/","name":"Detenido en Estados Unidos el presidente de la Federaci\u00f3n Colombiana de F\u00fatbol -","isPartOf":{"@id":"https:\/\/luchonoticias.com\/editor\/#website"},"primaryImageOfPage":{"@id":"https:\/\/luchonoticias.com\/editor\/detenido-en-estados-unidos-el-presidente-de-la-federacion-colombiana-de-futbol\/#primaryimage"},"image":{"@id":"https:\/\/luchonoticias.com\/editor\/detenido-en-estados-unidos-el-presidente-de-la-federacion-colombiana-de-futbol\/#primaryimage"},"thumbnailUrl":"https:\/\/luchonoticias.com\/editor\/wp-content\/uploads\/2024\/07\/jesurun.jpg","datePublished":"2024-07-15T19:18:21+00:00","description":"El presidente de la Federaci\u00f3n colombiana de F\u00fatbol, Ram\u00f3n Jesur\u00fan y su hijo fueron protagonistas de un video en el que se ven envueltos en una pelea al terminar el partido de la final entre Colombia y Argentina.","breadcrumb":{"@id":"https:\/\/luchonoticias.com\/editor\/detenido-en-estados-unidos-el-presidente-de-la-federacion-colombiana-de-futbol\/#breadcrumb"},"inLanguage":"es","potentialAction":[{"@type":"ReadAction","target":["https:\/\/luchonoticias.com\/editor\/detenido-en-estados-unidos-el-presidente-de-la-federacion-colombiana-de-futbol\/"]}]},{"@type":"ImageObject","inLanguage":"es","@id":"https:\/\/luchonoticias.com\/editor\/detenido-en-estados-unidos-el-presidente-de-la-federacion-colombiana-de-futbol\/#primaryimage","url":"https:\/\/luchonoticias.com\/editor\/wp-content\/uploads\/2024\/07\/jesurun.jpg","contentUrl":"https:\/\/luchonoticias.com\/editor\/wp-content\/uploads\/2024\/07\/jesurun.jpg","width":700,"height":400},{"@type":"BreadcrumbList","@id":"https:\/\/luchonoticias.com\/editor\/detenido-en-estados-unidos-el-presidente-de-la-federacion-colombiana-de-futbol\/#breadcrumb","itemListElement":[{"@type":"ListItem","position":1,"name":"Portada","item":"https:\/\/luchonoticias.com\/editor\/"},{"@type":"ListItem","position":2,"name":"Detenido en Estados Unidos el presidente de la Federaci\u00f3n Colombiana de F\u00fatbol"}]},{"@type":"WebSite","@id":"https:\/\/luchonoticias.com\/editor\/#website","url":"https:\/\/luchonoticias.com\/editor\/","name":"","description":"","publisher":{"@id":"https:\/\/luchonoticias.com\/editor\/#\/schema\/person\/7a7fd911f58561fd056dbac7b55af9cd"},"potentialAction":[{"@type":"SearchAction","target":{"@type":"EntryPoint","urlTemplate":"https:\/\/luchonoticias.com\/editor\/?s={search_term_string}"},"query-input":{"@type":"PropertyValueSpecification","valueRequired":true,"valueName":"search_term_string"}}],"inLanguage":"es"},{"@type":["Person","Organization"],"@id":"https:\/\/luchonoticias.com\/editor\/#\/schema\/person\/7a7fd911f58561fd056dbac7b55af9cd","name":"admin","image":{"@type":"ImageObject","inLanguage":"es","@id":"https:\/\/luchonoticias.com\/editor\/#\/schema\/person\/image\/","url":"https:\/\/luchonoticias.com\/editor\/wp-content\/uploads\/2024\/02\/cropped-cropped-logolu.webp","contentUrl":"https:\/\/luchonoticias.com\/editor\/wp-content\/uploads\/2024\/02\/cropped-cropped-logolu.webp","width":382,"height":170,"caption":"admin"},"logo":{"@id":"https:\/\/luchonoticias.com\/editor\/#\/schema\/person\/image\/"},"sameAs":["https:\/\/www.facebook.com\/luchonoticiasneiva"]},{"@type":"Person","@id":"https:\/\/luchonoticias.com\/editor\/#\/schema\/person\/29217990ddf6f14e35912b2866d591fb","name":"Editor General","image":{"@type":"ImageObject","inLanguage":"es","@id":"https:\/\/luchonoticias.com\/editor\/#\/schema\/person\/image\/","url":"https:\/\/luchonoticias.com\/editor\/wp-content\/uploads\/2024\/02\/cropped-cropped-logolu-150x150.webp","contentUrl":"https:\/\/luchonoticias.com\/editor\/wp-content\/uploads\/2024\/02\/cropped-cropped-logolu-150x150.webp","caption":"Editor General"},"sameAs":["https:\/\/luchonoticias.com\/"],"url":"https:\/\/luchonoticias.com\/editor\/author\/editor-general\/"}]}},"_links":{"self":[{"href":"https:\/\/luchonoticias.com\/editor\/wp-json\/wp\/v2\/posts\/74997","targetHints":{"allow":["GET"]}}],"collection":[{"href":"https:\/\/luchonoticias.com\/editor\/wp-json\/wp\/v2\/posts"}],"about":[{"href":"https:\/\/luchonoticias.com\/editor\/wp-json\/wp\/v2\/types\/post"}],"author":[{"embeddable":true,"href":"https:\/\/luchonoticias.com\/editor\/wp-json\/wp\/v2\/users\/2"}],"replies":[{"embeddable":true,"href":"https:\/\/luchonoticias.com\/editor\/wp-json\/wp\/v2\/comments?post=74997"}],"version-history":[{"count":1,"href":"https:\/\/luchonoticias.com\/editor\/wp-json\/wp\/v2\/posts\/74997\/revisions"}],"predecessor-version":[{"id":74999,"href":"https:\/\/luchonoticias.com\/editor\/wp-json\/wp\/v2\/posts\/74997\/revisions\/74999"}],"wp:featuredmedia":[{"embeddable":true,"href":"https:\/\/luchonoticias.com\/editor\/wp-json\/wp\/v2\/media\/74998"}],"wp:attachment":[{"href":"https:\/\/luchonoticias.com\/editor\/wp-json\/wp\/v2\/media?parent=74997"}],"wp:term":[{"taxonomy":"category","embeddable":true,"href":"https:\/\/luchonoticias.com\/editor\/wp-json\/wp\/v2\/categories?post=74997"},{"taxonomy":"post_tag","embeddable":true,"href":"https:\/\/luchonoticias.com\/editor\/wp-json\/wp\/v2\/tags?post=74997"}],"curies":[{"name":"wp","href":"https:\/\/api.w.org\/{rel}","templated":true}]}}