{"id":75000,"date":"2024-07-15T19:11:02","date_gmt":"2024-07-16T00:11:02","guid":{"rendered":"https:\/\/luchonoticias.com\/?p=75000"},"modified":"2024-07-15T19:11:02","modified_gmt":"2024-07-16T00:11:02","slug":"otra-captura-en-neiva-por-porte-ilegal","status":"publish","type":"post","link":"https:\/\/luchonoticias.com\/editor\/otra-captura-en-neiva-por-porte-ilegal\/","title":{"rendered":"Otra captura en Neiva por porte ilegal"},"content":{"rendered":"<p>La Polic\u00eda Metropolitana de Neiva en desarrollo de planes de vigilancia y control, logra la captura de un hombre por el delito de fabricaci\u00f3n, tr\u00e1fico y porte de armas de fuego y municiones.<\/p>\n<p>De esta forma, uniformados adscritos a la patrulla de vigilancia del CAI Circunvalar, logran, a la altura de la calle s\u00e9ptima con avenida circunvalar, la captura de Christian Camilo Mora, de 33 a\u00f1os de edad, qui\u00e9n al verificar su documento de identidad registra orden de captura vigente, emanada por un juzgado penal de la ciudad de Bogot\u00e1 D.C, con el fin de cumplir condena de 108 meses de prisi\u00f3n por el delito de porte ilegal de armas de fuego.<\/p>\n<p>Este individuo, haci\u00e9ndose pasar como habitante en situaci\u00f3n de calle, pretend\u00eda eludir la acci\u00f3n de las autoridades, quienes lo requer\u00edan con el fin de cumplir con la pena impuesta, al ser hallado responsable por el delito se\u00f1alado con antelaci\u00f3n.<\/p>\n<p>El capturado fue dejado a disposici\u00f3n de la autoridad que lo requiere, a fin de que se le defina su situaci\u00f3n jur\u00eddica en las pr\u00f3ximas horas.<\/p>\n","protected":false},"excerpt":{"rendered":"<p>Resultado de los planes de control, Polic\u00eda en Neiva captura un hombre por porte ilegal, Como habitante en situaci\u00f3n de calle, trataba de eludir la acci\u00f3n de las autoridades<\/p>\n","protected":false},"author":2,"featured_media":75001,"comment_status":"closed","ping_status":"open","sticky":false,"template":"","format":"standard","meta":{"footnotes":""},"categories":[29],"tags":[],"class_list":["post-75000","post","type-post","status-publish","format-standard","has-post-thumbnail","hentry","category-judicial"],"yoast_head":"<!-- This site is optimized with the Yoast SEO plugin v26.6 - https:\/\/yoast.com\/wordpress\/plugins\/seo\/ -->\n<title>Otra captura en Neiva por porte ilegal -<\/title>\n<meta name=\"description\" content=\"Resultado de los planes de control, Polic\u00eda en Neiva captura un hombre por porte ilegal, Como habitante en situaci\u00f3n de calle, trataba de eludir la acci\u00f3n de las autoridades\" \/>\n<meta name=\"robots\" content=\"index, follow, max-snippet:-1, max-image-preview:large, max-video-preview:-1\" \/>\n<link rel=\"canonical\" href=\"https:\/\/luchonoticias.com\/editor\/otra-captura-en-neiva-por-porte-ilegal\/\" \/>\n<meta property=\"og:locale\" content=\"es_ES\" \/>\n<meta property=\"og:type\" content=\"article\" \/>\n<meta property=\"og:title\" content=\"Otra captura en Neiva por porte ilegal -\" \/>\n<meta property=\"og:description\" content=\"Resultado de los planes de control, Polic\u00eda en Neiva captura un hombre por porte ilegal, Como habitante en situaci\u00f3n de calle, trataba de eludir la acci\u00f3n de las autoridades\" \/>\n<meta property=\"og:url\" content=\"https:\/\/luchonoticias.com\/editor\/otra-captura-en-neiva-por-porte-ilegal\/\" \/>\n<meta property=\"article:publisher\" content=\"https:\/\/www.facebook.com\/luchonoticiasneiva\" \/>\n<meta property=\"article:published_time\" content=\"2024-07-16T00:11:02+00:00\" \/>\n<meta property=\"og:image\" content=\"https:\/\/luchonoticias.com\/editor\/wp-content\/uploads\/2024\/07\/captura-neiva.jpg\" \/>\n\t<meta property=\"og:image:width\" content=\"700\" \/>\n\t<meta property=\"og:image:height\" content=\"400\" \/>\n\t<meta property=\"og:image:type\" content=\"image\/jpeg\" \/>\n<meta name=\"author\" content=\"Editor General\" \/>\n<meta name=\"twitter:card\" content=\"summary_large_image\" \/>\n<meta name=\"twitter:label1\" content=\"Escrito por\" \/>\n\t<meta name=\"twitter:data1\" content=\"Editor General\" \/>\n\t<meta name=\"twitter:label2\" content=\"Tiempo de lectura\" \/>\n\t<meta name=\"twitter:data2\" content=\"2 minutos\" \/>\n<script type=\"application\/ld+json\" class=\"yoast-schema-graph\">{\"@context\":\"https:\/\/schema.org\",\"@graph\":[{\"@type\":\"Article\",\"@id\":\"https:\/\/luchonoticias.com\/editor\/otra-captura-en-neiva-por-porte-ilegal\/#article\",\"isPartOf\":{\"@id\":\"https:\/\/luchonoticias.com\/editor\/otra-captura-en-neiva-por-porte-ilegal\/\"},\"author\":{\"name\":\"Editor General\",\"@id\":\"https:\/\/luchonoticias.com\/editor\/#\/schema\/person\/29217990ddf6f14e35912b2866d591fb\"},\"headline\":\"Otra captura en Neiva por porte ilegal\",\"datePublished\":\"2024-07-16T00:11:02+00:00\",\"mainEntityOfPage\":{\"@id\":\"https:\/\/luchonoticias.com\/editor\/otra-captura-en-neiva-por-porte-ilegal\/\"},\"wordCount\":201,\"publisher\":{\"@id\":\"https:\/\/luchonoticias.com\/editor\/#\/schema\/person\/7a7fd911f58561fd056dbac7b55af9cd\"},\"image\":{\"@id\":\"https:\/\/luchonoticias.com\/editor\/otra-captura-en-neiva-por-porte-ilegal\/#primaryimage\"},\"thumbnailUrl\":\"https:\/\/luchonoticias.com\/editor\/wp-content\/uploads\/2024\/07\/captura-neiva.jpg\",\"articleSection\":[\"Judicial\"],\"inLanguage\":\"es\"},{\"@type\":\"WebPage\",\"@id\":\"https:\/\/luchonoticias.com\/editor\/otra-captura-en-neiva-por-porte-ilegal\/\",\"url\":\"https:\/\/luchonoticias.com\/editor\/otra-captura-en-neiva-por-porte-ilegal\/\",\"name\":\"Otra captura en Neiva por porte ilegal -\",\"isPartOf\":{\"@id\":\"https:\/\/luchonoticias.com\/editor\/#website\"},\"primaryImageOfPage\":{\"@id\":\"https:\/\/luchonoticias.com\/editor\/otra-captura-en-neiva-por-porte-ilegal\/#primaryimage\"},\"image\":{\"@id\":\"https:\/\/luchonoticias.com\/editor\/otra-captura-en-neiva-por-porte-ilegal\/#primaryimage\"},\"thumbnailUrl\":\"https:\/\/luchonoticias.com\/editor\/wp-content\/uploads\/2024\/07\/captura-neiva.jpg\",\"datePublished\":\"2024-07-16T00:11:02+00:00\",\"description\":\"Resultado de los planes de control, Polic\u00eda en Neiva captura un hombre por porte ilegal, Como habitante en situaci\u00f3n de calle, trataba de eludir la acci\u00f3n de las autoridades\",\"breadcrumb\":{\"@id\":\"https:\/\/luchonoticias.com\/editor\/otra-captura-en-neiva-por-porte-ilegal\/#breadcrumb\"},\"inLanguage\":\"es\",\"potentialAction\":[{\"@type\":\"ReadAction\",\"target\":[\"https:\/\/luchonoticias.com\/editor\/otra-captura-en-neiva-por-porte-ilegal\/\"]}]},{\"@type\":\"ImageObject\",\"inLanguage\":\"es\",\"@id\":\"https:\/\/luchonoticias.com\/editor\/otra-captura-en-neiva-por-porte-ilegal\/#primaryimage\",\"url\":\"https:\/\/luchonoticias.com\/editor\/wp-content\/uploads\/2024\/07\/captura-neiva.jpg\",\"contentUrl\":\"https:\/\/luchonoticias.com\/editor\/wp-content\/uploads\/2024\/07\/captura-neiva.jpg\",\"width\":700,\"height\":400},{\"@type\":\"BreadcrumbList\",\"@id\":\"https:\/\/luchonoticias.com\/editor\/otra-captura-en-neiva-por-porte-ilegal\/#breadcrumb\",\"itemListElement\":[{\"@type\":\"ListItem\",\"position\":1,\"name\":\"Portada\",\"item\":\"https:\/\/luchonoticias.com\/editor\/\"},{\"@type\":\"ListItem\",\"position\":2,\"name\":\"Otra captura en Neiva por porte ilegal\"}]},{\"@type\":\"WebSite\",\"@id\":\"https:\/\/luchonoticias.com\/editor\/#website\",\"url\":\"https:\/\/luchonoticias.com\/editor\/\",\"name\":\"\",\"description\":\"\",\"publisher\":{\"@id\":\"https:\/\/luchonoticias.com\/editor\/#\/schema\/person\/7a7fd911f58561fd056dbac7b55af9cd\"},\"potentialAction\":[{\"@type\":\"SearchAction\",\"target\":{\"@type\":\"EntryPoint\",\"urlTemplate\":\"https:\/\/luchonoticias.com\/editor\/?s={search_term_string}\"},\"query-input\":{\"@type\":\"PropertyValueSpecification\",\"valueRequired\":true,\"valueName\":\"search_term_string\"}}],\"inLanguage\":\"es\"},{\"@type\":[\"Person\",\"Organization\"],\"@id\":\"https:\/\/luchonoticias.com\/editor\/#\/schema\/person\/7a7fd911f58561fd056dbac7b55af9cd\",\"name\":\"admin\",\"image\":{\"@type\":\"ImageObject\",\"inLanguage\":\"es\",\"@id\":\"https:\/\/luchonoticias.com\/editor\/#\/schema\/person\/image\/\",\"url\":\"https:\/\/luchonoticias.com\/editor\/wp-content\/uploads\/2024\/02\/cropped-cropped-logolu.webp\",\"contentUrl\":\"https:\/\/luchonoticias.com\/editor\/wp-content\/uploads\/2024\/02\/cropped-cropped-logolu.webp\",\"width\":382,\"height\":170,\"caption\":\"admin\"},\"logo\":{\"@id\":\"https:\/\/luchonoticias.com\/editor\/#\/schema\/person\/image\/\"},\"sameAs\":[\"https:\/\/www.facebook.com\/luchonoticiasneiva\"]},{\"@type\":\"Person\",\"@id\":\"https:\/\/luchonoticias.com\/editor\/#\/schema\/person\/29217990ddf6f14e35912b2866d591fb\",\"name\":\"Editor General\",\"image\":{\"@type\":\"ImageObject\",\"inLanguage\":\"es\",\"@id\":\"https:\/\/luchonoticias.com\/editor\/#\/schema\/person\/image\/\",\"url\":\"https:\/\/luchonoticias.com\/editor\/wp-content\/uploads\/2024\/02\/cropped-cropped-logolu-150x150.webp\",\"contentUrl\":\"https:\/\/luchonoticias.com\/editor\/wp-content\/uploads\/2024\/02\/cropped-cropped-logolu-150x150.webp\",\"caption\":\"Editor General\"},\"sameAs\":[\"https:\/\/luchonoticias.com\/\"],\"url\":\"https:\/\/luchonoticias.com\/editor\/author\/editor-general\/\"}]}<\/script>\n<!-- \/ Yoast SEO plugin. -->","yoast_head_json":{"title":"Otra captura en Neiva por porte ilegal -","description":"Resultado de los planes de control, Polic\u00eda en Neiva captura un hombre por porte ilegal, Como habitante en situaci\u00f3n de calle, trataba de eludir la acci\u00f3n de las autoridades","robots":{"index":"index","follow":"follow","max-snippet":"max-snippet:-1","max-image-preview":"max-image-preview:large","max-video-preview":"max-video-preview:-1"},"canonical":"https:\/\/luchonoticias.com\/editor\/otra-captura-en-neiva-por-porte-ilegal\/","og_locale":"es_ES","og_type":"article","og_title":"Otra captura en Neiva por porte ilegal -","og_description":"Resultado de los planes de control, Polic\u00eda en Neiva captura un hombre por porte ilegal, Como habitante en situaci\u00f3n de calle, trataba de eludir la acci\u00f3n de las autoridades","og_url":"https:\/\/luchonoticias.com\/editor\/otra-captura-en-neiva-por-porte-ilegal\/","article_publisher":"https:\/\/www.facebook.com\/luchonoticiasneiva","article_published_time":"2024-07-16T00:11:02+00:00","og_image":[{"width":700,"height":400,"url":"https:\/\/luchonoticias.com\/editor\/wp-content\/uploads\/2024\/07\/captura-neiva.jpg","type":"image\/jpeg"}],"author":"Editor General","twitter_card":"summary_large_image","twitter_misc":{"Escrito por":"Editor General","Tiempo de lectura":"2 minutos"},"schema":{"@context":"https:\/\/schema.org","@graph":[{"@type":"Article","@id":"https:\/\/luchonoticias.com\/editor\/otra-captura-en-neiva-por-porte-ilegal\/#article","isPartOf":{"@id":"https:\/\/luchonoticias.com\/editor\/otra-captura-en-neiva-por-porte-ilegal\/"},"author":{"name":"Editor General","@id":"https:\/\/luchonoticias.com\/editor\/#\/schema\/person\/29217990ddf6f14e35912b2866d591fb"},"headline":"Otra captura en Neiva por porte ilegal","datePublished":"2024-07-16T00:11:02+00:00","mainEntityOfPage":{"@id":"https:\/\/luchonoticias.com\/editor\/otra-captura-en-neiva-por-porte-ilegal\/"},"wordCount":201,"publisher":{"@id":"https:\/\/luchonoticias.com\/editor\/#\/schema\/person\/7a7fd911f58561fd056dbac7b55af9cd"},"image":{"@id":"https:\/\/luchonoticias.com\/editor\/otra-captura-en-neiva-por-porte-ilegal\/#primaryimage"},"thumbnailUrl":"https:\/\/luchonoticias.com\/editor\/wp-content\/uploads\/2024\/07\/captura-neiva.jpg","articleSection":["Judicial"],"inLanguage":"es"},{"@type":"WebPage","@id":"https:\/\/luchonoticias.com\/editor\/otra-captura-en-neiva-por-porte-ilegal\/","url":"https:\/\/luchonoticias.com\/editor\/otra-captura-en-neiva-por-porte-ilegal\/","name":"Otra captura en Neiva por porte ilegal -","isPartOf":{"@id":"https:\/\/luchonoticias.com\/editor\/#website"},"primaryImageOfPage":{"@id":"https:\/\/luchonoticias.com\/editor\/otra-captura-en-neiva-por-porte-ilegal\/#primaryimage"},"image":{"@id":"https:\/\/luchonoticias.com\/editor\/otra-captura-en-neiva-por-porte-ilegal\/#primaryimage"},"thumbnailUrl":"https:\/\/luchonoticias.com\/editor\/wp-content\/uploads\/2024\/07\/captura-neiva.jpg","datePublished":"2024-07-16T00:11:02+00:00","description":"Resultado de los planes de control, Polic\u00eda en Neiva captura un hombre por porte ilegal, Como habitante en situaci\u00f3n de calle, trataba de eludir la acci\u00f3n de las autoridades","breadcrumb":{"@id":"https:\/\/luchonoticias.com\/editor\/otra-captura-en-neiva-por-porte-ilegal\/#breadcrumb"},"inLanguage":"es","potentialAction":[{"@type":"ReadAction","target":["https:\/\/luchonoticias.com\/editor\/otra-captura-en-neiva-por-porte-ilegal\/"]}]},{"@type":"ImageObject","inLanguage":"es","@id":"https:\/\/luchonoticias.com\/editor\/otra-captura-en-neiva-por-porte-ilegal\/#primaryimage","url":"https:\/\/luchonoticias.com\/editor\/wp-content\/uploads\/2024\/07\/captura-neiva.jpg","contentUrl":"https:\/\/luchonoticias.com\/editor\/wp-content\/uploads\/2024\/07\/captura-neiva.jpg","width":700,"height":400},{"@type":"BreadcrumbList","@id":"https:\/\/luchonoticias.com\/editor\/otra-captura-en-neiva-por-porte-ilegal\/#breadcrumb","itemListElement":[{"@type":"ListItem","position":1,"name":"Portada","item":"https:\/\/luchonoticias.com\/editor\/"},{"@type":"ListItem","position":2,"name":"Otra captura en Neiva por porte ilegal"}]},{"@type":"WebSite","@id":"https:\/\/luchonoticias.com\/editor\/#website","url":"https:\/\/luchonoticias.com\/editor\/","name":"","description":"","publisher":{"@id":"https:\/\/luchonoticias.com\/editor\/#\/schema\/person\/7a7fd911f58561fd056dbac7b55af9cd"},"potentialAction":[{"@type":"SearchAction","target":{"@type":"EntryPoint","urlTemplate":"https:\/\/luchonoticias.com\/editor\/?s={search_term_string}"},"query-input":{"@type":"PropertyValueSpecification","valueRequired":true,"valueName":"search_term_string"}}],"inLanguage":"es"},{"@type":["Person","Organization"],"@id":"https:\/\/luchonoticias.com\/editor\/#\/schema\/person\/7a7fd911f58561fd056dbac7b55af9cd","name":"admin","image":{"@type":"ImageObject","inLanguage":"es","@id":"https:\/\/luchonoticias.com\/editor\/#\/schema\/person\/image\/","url":"https:\/\/luchonoticias.com\/editor\/wp-content\/uploads\/2024\/02\/cropped-cropped-logolu.webp","contentUrl":"https:\/\/luchonoticias.com\/editor\/wp-content\/uploads\/2024\/02\/cropped-cropped-logolu.webp","width":382,"height":170,"caption":"admin"},"logo":{"@id":"https:\/\/luchonoticias.com\/editor\/#\/schema\/person\/image\/"},"sameAs":["https:\/\/www.facebook.com\/luchonoticiasneiva"]},{"@type":"Person","@id":"https:\/\/luchonoticias.com\/editor\/#\/schema\/person\/29217990ddf6f14e35912b2866d591fb","name":"Editor General","image":{"@type":"ImageObject","inLanguage":"es","@id":"https:\/\/luchonoticias.com\/editor\/#\/schema\/person\/image\/","url":"https:\/\/luchonoticias.com\/editor\/wp-content\/uploads\/2024\/02\/cropped-cropped-logolu-150x150.webp","contentUrl":"https:\/\/luchonoticias.com\/editor\/wp-content\/uploads\/2024\/02\/cropped-cropped-logolu-150x150.webp","caption":"Editor General"},"sameAs":["https:\/\/luchonoticias.com\/"],"url":"https:\/\/luchonoticias.com\/editor\/author\/editor-general\/"}]}},"_links":{"self":[{"href":"https:\/\/luchonoticias.com\/editor\/wp-json\/wp\/v2\/posts\/75000","targetHints":{"allow":["GET"]}}],"collection":[{"href":"https:\/\/luchonoticias.com\/editor\/wp-json\/wp\/v2\/posts"}],"about":[{"href":"https:\/\/luchonoticias.com\/editor\/wp-json\/wp\/v2\/types\/post"}],"author":[{"embeddable":true,"href":"https:\/\/luchonoticias.com\/editor\/wp-json\/wp\/v2\/users\/2"}],"replies":[{"embeddable":true,"href":"https:\/\/luchonoticias.com\/editor\/wp-json\/wp\/v2\/comments?post=75000"}],"version-history":[{"count":1,"href":"https:\/\/luchonoticias.com\/editor\/wp-json\/wp\/v2\/posts\/75000\/revisions"}],"predecessor-version":[{"id":75002,"href":"https:\/\/luchonoticias.com\/editor\/wp-json\/wp\/v2\/posts\/75000\/revisions\/75002"}],"wp:featuredmedia":[{"embeddable":true,"href":"https:\/\/luchonoticias.com\/editor\/wp-json\/wp\/v2\/media\/75001"}],"wp:attachment":[{"href":"https:\/\/luchonoticias.com\/editor\/wp-json\/wp\/v2\/media?parent=75000"}],"wp:term":[{"taxonomy":"category","embeddable":true,"href":"https:\/\/luchonoticias.com\/editor\/wp-json\/wp\/v2\/categories?post=75000"},{"taxonomy":"post_tag","embeddable":true,"href":"https:\/\/luchonoticias.com\/editor\/wp-json\/wp\/v2\/tags?post=75000"}],"curies":[{"name":"wp","href":"https:\/\/api.w.org\/{rel}","templated":true}]}}