{"id":75003,"date":"2024-07-15T19:23:39","date_gmt":"2024-07-16T00:23:39","guid":{"rendered":"https:\/\/luchonoticias.com\/?p=75003"},"modified":"2024-07-15T19:23:39","modified_gmt":"2024-07-16T00:23:39","slug":"realizado-conversatorio-sobre-via-ferroviaria-en-el-huila","status":"publish","type":"post","link":"https:\/\/luchonoticias.com\/editor\/realizado-conversatorio-sobre-via-ferroviaria-en-el-huila\/","title":{"rendered":"Realizado conversatorio sobre v\u00eda ferroviaria en el Huila"},"content":{"rendered":"<p>Con la presencia del gobernador del Huila, Rodrigo Villalba Mosquera y de panelistas del Ministerio de Transporte, Agencia Nacional de Infraestructura, el BID, entre otras entidades del Estado, se llev\u00f3 a cabo el conversatorio Ruta Ferroviaria del Huila, en la Universidad Surcolombiana.<\/p>\n<p>A trav\u00e9s de 3 paneles se desarroll\u00f3 un importante conversatorio en el auditorio Olga Tony Vidales de la Usco, sobre la Ruta Ferroviaria del Huila, en donde se trataron importantes temas que impactan el desarrollo territorial del departamento.<\/p>\n<p>El prop\u00f3sito principal del evento, que fuera organizado por Departamento Nacional de Planeaci\u00f3n con el apoyo de la Congresista, Leyla Marleny Rinc\u00f3n, la Gobernaci\u00f3n del Huila, C\u00e1mara de Comercio del Huila y la Usco, fue el dialogar con las autoridades territoriales, academia, empresarios y comunidad para entender la visi\u00f3n, oportunidades y los retos respecto a la implementaci\u00f3n de un sistema ferroviario nacional y particularmente en la regi\u00f3n centro sur, teniendo en cuenta las potencialidades del departamento del Huila y de la regi\u00f3n del centro sur colombiano.<\/p>\n<p>Antes de iniciar con el desarrollo de los paneles, Giovanny P\u00e1ez, Asesor del despacho de la ministra de Transporte hizo la presentaci\u00f3n \u00abEl Futuro del Transporte Ferroviario en Colombia: Perspectivas y Desaf\u00edos (Visi\u00f3n 2050 y Ley Ferroviaria).<\/p>\n<p>All\u00ed expuso los temas esenciales del Ministerio para el progreso del transporte ferroviario en Colombia. Se abord\u00f3 el \u00abProyecto de Ley Ferroviaria Nacional\u00bb (PL 337 de 2023), cuyo objetivo es establecer un marco legal que facilite la inversi\u00f3n privada y promueva la sostenibilidad y eficiencia del sistema ferroviario.<\/p>\n<p>Asimismo, el funcionario present\u00f3 la \u00abVisi\u00f3n 2050\u00bb para la reactivaci\u00f3n ferroviaria, destacando proyectos significativos que buscan mejorar la infraestructura existente, fortalecer la intermodalidad y fomentar un transporte m\u00e1s sostenible.<\/p>\n<p><strong>Primer Panel<\/strong><\/p>\n<p>El primer panel, \u00abReactivaci\u00f3n Ferroviaria en un marco de Intermodalidad\u00bb, fue desarrollado por Giovanny P\u00e1ez , Asesor del despacho de la ministra de Transporte; Rodrigo Villalba Mosquera Gobernador del Huila; R\u00f3mulo Medina Collazos, Decano de Ingenier\u00eda de la Universidad Surcolombiana y Lina Marcela Carrera, presidenta C\u00e1mara de Comercio Huila.<\/p>\n<p>En este primer panel, el mandatario departamental, Rodrigo Villalba, afirm\u00f3 que este escenario va a conducir a cosas importantes para el Huila. Luego de hacer un recuento hist\u00f3rico de lo que ha sido desde m\u00e1s de 2 siglos la red Ferroviaria para Colombia, se\u00f1al\u00f3 que es importante retomar la discusi\u00f3n sobre esta red de conectividad f\u00e9rrea.<\/p>\n<p>\u00abEL Plan Nacional de Desarrollo ha planteado una oportunidad de oro. Como pude el Huila conectarse a la v\u00eda f\u00e9rrea, para salir al Pac\u00edfico y al Atl\u00e1ntico. El anhelo grande que le planteamos al alto gobierno con un estudio de prefactibilidad para saber si nos conectamos con Ibagu\u00e9 o La Dorada entonces la solicitud de la regi\u00f3n es: ay\u00fadenos r\u00e1pido para saber d\u00f3nde nos vamos a conectar. Yo tuve la oportunidad de hablar del potencial del Huila, de las exportaciones distintas a petr\u00f3leo, quedamos de tercero a nivel pa\u00eds entonces vamos en direcci\u00f3n correcta con un medio de transporte eficaz y eficiente. Tenemos todas las condiciones. Asimismo, hemos hablado con el Presidente Petro sobre la recuperaci\u00f3n de la red Ferroviaria y lo que corresponder\u00eda al Huila en estos proyectos\u201d, indic\u00f3 el primer mandatario de los huilenses.<\/p>\n<p><strong>Segundo Panel<\/strong><\/p>\n<p>Entre tanto el segundo panel, \u00abDesaf\u00edos y Estrategias de Financiamiento\u00bb, fue expuesto por Katherin Sandoval Chac\u00f3n de la Viceprecidencia de Estructuraci\u00f3n de la ANI; Johanna Lobo, Directora de Estructuraci\u00f3n, Financiera de Desarrollo Nacional y Ellin Ivarsson, Especialista en Transporte -Banco Mundial.<\/p>\n<p>En este panel se tocaron asuntos referentes al financiamiento de estas grandes obras, para Elin Ivarson, especialista en transporte del Banco Mundial, el trabajo que se debe hacer es pensar paradigmas diferentes, \u201cactualmente en Colombia ha venido financiando con Ministerio de Hacienda tomando la deuda respaldada con la vigencias futuras y eso le ha permitido avanzar en temas de infraestructura, pero lo que vemos a futuro es como se pueden utilizar otros recursos tanto de la banca multilateral que son prestamos con garant\u00eda, con recursos de financiaci\u00f3n concesionada, tambi\u00e9n de donantes internacionales, que cuando se utilizan estos recursos se pueden mezclar y generar intereses m\u00e1s bajos del mercado. Las bancas nacionales de desarrollo como FND, Bancoldex, Findeter, son los jugadores m\u00e1s adecuados para hacer esta ingenier\u00eda financiera, ellos tienen la capacidad de tomar deuda\u201d Explic\u00f3.<\/p>\n<p>La experta en transporte a\u00f1adi\u00f3 que el BM ha sido aliado estrat\u00e9gico del gobierno de Colombia \u201chist\u00f3ricamente hemos hecho inversiones de m\u00e1s de 750 millones de d\u00f3lares en lo que llamamos el Plan Nacional Urbano de Colombia donde financiamos sistemas integrados masivos y actualmente la primera l\u00ednea del metro de Bogot\u00e1 y preparamos la segunda l\u00ednea. Hacemos asistencia t\u00e9cnica y ayudamos a crear capacidades en las entidades\u201d puntualiz\u00f3.<\/p>\n<p><strong>Tercer Panel<\/strong><\/p>\n<p>El tercer y \u00faltimo panel, \u00abPerspectivas de Infraestructura Ferroviaria en el Huila\u00bb, fue ofrecido por Giovanny P\u00e1ez, Asesor del despacho de la ministra de Transporte; Katherin Sandoval Chac\u00f3n, de la Vicepresidencia de Estructuraci\u00f3n de la ANI; Ricardo Mosquera Mesa Exrector de la Universidad Surcolombiana, Andr\u00e9s Camilo Cabrera, Secretario de V\u00edas e Infraestructura del Huila y Johanna Lobo Directora de Estructuraci\u00f3n, Financiera de Desarrollo Nacional.<\/p>\n<p>En este panel, el secretario de V\u00edas e Infraestructura del Huila, destac\u00f3 que el gobierno Departamental el 12 de noviembre de 2021 suscribi\u00f3 un Convenio Interadministrativo con el Instituto Nacional de V\u00edas &#8211; INVIAS con el fin de recuperar el corredor f\u00e9rreo NEIVA \u2013 GOLONDRINAS, vincul\u00e1ndose al programa \u201cVIVE COLOMBIA \u2013 V\u00cdAS VERDES\u201d.<\/p>\n<p>\u00abDado lo anterior, a mediano plazo se estima recuperar y mantener los 71 kil\u00f3metros de corredor f\u00e9rreo y de esta manera impactar inicialmente el sector turismo, abriendo la posibilidad de desarrollar un programa de v\u00eda verde sobre esa red f\u00e9rrea inactiva de Colombia, devolvi\u00e9ndole su funci\u00f3n integradora como v\u00eda de comunicaci\u00f3n entre los diferentes poblados\u00bb, afirm\u00f3 Cabrera Leiva.<\/p>\n<p>\u00abAdem\u00e1s, potenciar\u00eda la funci\u00f3n del sector socioecon\u00f3mico principalmente de Neiva, Tello y Villavieja, al contribuir a generar riqueza en las localidades visitadas, y a fomentar el empleo local a trav\u00e9s del impulso de actividades de turismo en sus diferentes tipos&#8217;, a\u00f1adi\u00f3.<\/p>\n<p>Durante este conversatorio, los panelistas participantes representaron a importantes entidades nacionales e internacionales, como el Ministerio de Transporte, la Agencia Nacional de Infraestructura ANI, la Financiera de Desarrollo Nacional FDN, el Banco Interamericano de Desarrollo BID y el Banco de Desarrollo y Am\u00e9rica Latina y el Caribe, CAF.<\/p>\n<p>En el certamen de tipo acad\u00e9mico, tambi\u00e9n participaron el alcalde de Neiva, German Casagua, las Congresistas Huilenses, Representantes a la C\u00e1mara, Flora Perdomo Leyla Rinc\u00f3n, y la rectora de la Universidad Surcolombiana, Nidia Guzm\u00e1n, as\u00ed como alcaldes y concejales del Huila, y representantes de diversos gremios del departamento.<\/p>\n","protected":false},"excerpt":{"rendered":"<p>Con la presencia del gobernador del Huila, Rodrigo Villalba Mosquera y de panelistas del Ministerio de Transporte, Agencia Nacional de Infraestructura, el BID, entre otras entidades del Estado, se llev\u00f3 a cabo el conversatorio Ruta Ferroviaria del Huila, en la Universidad Surcolombiana.<\/p>\n","protected":false},"author":2,"featured_media":75004,"comment_status":"closed","ping_status":"open","sticky":false,"template":"","format":"standard","meta":{"footnotes":""},"categories":[33],"tags":[],"class_list":["post-75003","post","type-post","status-publish","format-standard","has-post-thumbnail","hentry","category-huila"],"yoast_head":"<!-- This site is optimized with the Yoast SEO plugin v26.6 - https:\/\/yoast.com\/wordpress\/plugins\/seo\/ -->\n<title>Realizado conversatorio sobre v\u00eda ferroviaria en el Huila -<\/title>\n<meta name=\"description\" content=\"Con la presencia del gobernador del Huila, Rodrigo Villalba Mosquera y de panelistas del Ministerio de Transporte, Agencia Nacional de Infraestructura, el BID, entre otras entidades del Estado, se llev\u00f3 a cabo el conversatorio Ruta Ferroviaria del Huila, en la Universidad Surcolombiana.\" \/>\n<meta name=\"robots\" content=\"index, follow, max-snippet:-1, max-image-preview:large, max-video-preview:-1\" \/>\n<link rel=\"canonical\" href=\"https:\/\/luchonoticias.com\/editor\/realizado-conversatorio-sobre-via-ferroviaria-en-el-huila\/\" \/>\n<meta property=\"og:locale\" content=\"es_ES\" \/>\n<meta property=\"og:type\" content=\"article\" \/>\n<meta property=\"og:title\" content=\"Realizado conversatorio sobre v\u00eda ferroviaria en el Huila -\" \/>\n<meta property=\"og:description\" content=\"Con la presencia del gobernador del Huila, Rodrigo Villalba Mosquera y de panelistas del Ministerio de Transporte, Agencia Nacional de Infraestructura, el BID, entre otras entidades del Estado, se llev\u00f3 a cabo el conversatorio Ruta Ferroviaria del Huila, en la Universidad Surcolombiana.\" \/>\n<meta property=\"og:url\" content=\"https:\/\/luchonoticias.com\/editor\/realizado-conversatorio-sobre-via-ferroviaria-en-el-huila\/\" \/>\n<meta property=\"article:publisher\" content=\"https:\/\/www.facebook.com\/luchonoticiasneiva\" \/>\n<meta property=\"article:published_time\" content=\"2024-07-16T00:23:39+00:00\" \/>\n<meta property=\"og:image\" content=\"https:\/\/luchonoticias.com\/editor\/wp-content\/uploads\/2024\/07\/gobernacion-ferreo.jpg\" \/>\n\t<meta property=\"og:image:width\" content=\"700\" \/>\n\t<meta property=\"og:image:height\" content=\"400\" \/>\n\t<meta property=\"og:image:type\" content=\"image\/jpeg\" \/>\n<meta name=\"author\" content=\"Editor General\" \/>\n<meta name=\"twitter:card\" content=\"summary_large_image\" \/>\n<meta name=\"twitter:label1\" content=\"Escrito por\" \/>\n\t<meta name=\"twitter:data1\" content=\"Editor General\" \/>\n\t<meta name=\"twitter:label2\" content=\"Tiempo de lectura\" \/>\n\t<meta name=\"twitter:data2\" content=\"6 minutos\" \/>\n<script type=\"application\/ld+json\" class=\"yoast-schema-graph\">{\"@context\":\"https:\/\/schema.org\",\"@graph\":[{\"@type\":\"Article\",\"@id\":\"https:\/\/luchonoticias.com\/editor\/realizado-conversatorio-sobre-via-ferroviaria-en-el-huila\/#article\",\"isPartOf\":{\"@id\":\"https:\/\/luchonoticias.com\/editor\/realizado-conversatorio-sobre-via-ferroviaria-en-el-huila\/\"},\"author\":{\"name\":\"Editor General\",\"@id\":\"https:\/\/luchonoticias.com\/editor\/#\/schema\/person\/29217990ddf6f14e35912b2866d591fb\"},\"headline\":\"Realizado conversatorio sobre v\u00eda ferroviaria en el Huila\",\"datePublished\":\"2024-07-16T00:23:39+00:00\",\"mainEntityOfPage\":{\"@id\":\"https:\/\/luchonoticias.com\/editor\/realizado-conversatorio-sobre-via-ferroviaria-en-el-huila\/\"},\"wordCount\":1169,\"publisher\":{\"@id\":\"https:\/\/luchonoticias.com\/editor\/#\/schema\/person\/7a7fd911f58561fd056dbac7b55af9cd\"},\"image\":{\"@id\":\"https:\/\/luchonoticias.com\/editor\/realizado-conversatorio-sobre-via-ferroviaria-en-el-huila\/#primaryimage\"},\"thumbnailUrl\":\"https:\/\/luchonoticias.com\/editor\/wp-content\/uploads\/2024\/07\/gobernacion-ferreo.jpg\",\"articleSection\":[\"Huila\"],\"inLanguage\":\"es\"},{\"@type\":\"WebPage\",\"@id\":\"https:\/\/luchonoticias.com\/editor\/realizado-conversatorio-sobre-via-ferroviaria-en-el-huila\/\",\"url\":\"https:\/\/luchonoticias.com\/editor\/realizado-conversatorio-sobre-via-ferroviaria-en-el-huila\/\",\"name\":\"Realizado conversatorio sobre v\u00eda ferroviaria en el Huila -\",\"isPartOf\":{\"@id\":\"https:\/\/luchonoticias.com\/editor\/#website\"},\"primaryImageOfPage\":{\"@id\":\"https:\/\/luchonoticias.com\/editor\/realizado-conversatorio-sobre-via-ferroviaria-en-el-huila\/#primaryimage\"},\"image\":{\"@id\":\"https:\/\/luchonoticias.com\/editor\/realizado-conversatorio-sobre-via-ferroviaria-en-el-huila\/#primaryimage\"},\"thumbnailUrl\":\"https:\/\/luchonoticias.com\/editor\/wp-content\/uploads\/2024\/07\/gobernacion-ferreo.jpg\",\"datePublished\":\"2024-07-16T00:23:39+00:00\",\"description\":\"Con la presencia del gobernador del Huila, Rodrigo Villalba Mosquera y de panelistas del Ministerio de Transporte, Agencia Nacional de Infraestructura, el BID, entre otras entidades del Estado, se llev\u00f3 a cabo el conversatorio Ruta Ferroviaria del Huila, en la Universidad Surcolombiana.\",\"breadcrumb\":{\"@id\":\"https:\/\/luchonoticias.com\/editor\/realizado-conversatorio-sobre-via-ferroviaria-en-el-huila\/#breadcrumb\"},\"inLanguage\":\"es\",\"potentialAction\":[{\"@type\":\"ReadAction\",\"target\":[\"https:\/\/luchonoticias.com\/editor\/realizado-conversatorio-sobre-via-ferroviaria-en-el-huila\/\"]}]},{\"@type\":\"ImageObject\",\"inLanguage\":\"es\",\"@id\":\"https:\/\/luchonoticias.com\/editor\/realizado-conversatorio-sobre-via-ferroviaria-en-el-huila\/#primaryimage\",\"url\":\"https:\/\/luchonoticias.com\/editor\/wp-content\/uploads\/2024\/07\/gobernacion-ferreo.jpg\",\"contentUrl\":\"https:\/\/luchonoticias.com\/editor\/wp-content\/uploads\/2024\/07\/gobernacion-ferreo.jpg\",\"width\":700,\"height\":400},{\"@type\":\"BreadcrumbList\",\"@id\":\"https:\/\/luchonoticias.com\/editor\/realizado-conversatorio-sobre-via-ferroviaria-en-el-huila\/#breadcrumb\",\"itemListElement\":[{\"@type\":\"ListItem\",\"position\":1,\"name\":\"Portada\",\"item\":\"https:\/\/luchonoticias.com\/editor\/\"},{\"@type\":\"ListItem\",\"position\":2,\"name\":\"Realizado conversatorio sobre v\u00eda ferroviaria en el Huila\"}]},{\"@type\":\"WebSite\",\"@id\":\"https:\/\/luchonoticias.com\/editor\/#website\",\"url\":\"https:\/\/luchonoticias.com\/editor\/\",\"name\":\"\",\"description\":\"\",\"publisher\":{\"@id\":\"https:\/\/luchonoticias.com\/editor\/#\/schema\/person\/7a7fd911f58561fd056dbac7b55af9cd\"},\"potentialAction\":[{\"@type\":\"SearchAction\",\"target\":{\"@type\":\"EntryPoint\",\"urlTemplate\":\"https:\/\/luchonoticias.com\/editor\/?s={search_term_string}\"},\"query-input\":{\"@type\":\"PropertyValueSpecification\",\"valueRequired\":true,\"valueName\":\"search_term_string\"}}],\"inLanguage\":\"es\"},{\"@type\":[\"Person\",\"Organization\"],\"@id\":\"https:\/\/luchonoticias.com\/editor\/#\/schema\/person\/7a7fd911f58561fd056dbac7b55af9cd\",\"name\":\"admin\",\"image\":{\"@type\":\"ImageObject\",\"inLanguage\":\"es\",\"@id\":\"https:\/\/luchonoticias.com\/editor\/#\/schema\/person\/image\/\",\"url\":\"https:\/\/luchonoticias.com\/editor\/wp-content\/uploads\/2024\/02\/cropped-cropped-logolu.webp\",\"contentUrl\":\"https:\/\/luchonoticias.com\/editor\/wp-content\/uploads\/2024\/02\/cropped-cropped-logolu.webp\",\"width\":382,\"height\":170,\"caption\":\"admin\"},\"logo\":{\"@id\":\"https:\/\/luchonoticias.com\/editor\/#\/schema\/person\/image\/\"},\"sameAs\":[\"https:\/\/www.facebook.com\/luchonoticiasneiva\"]},{\"@type\":\"Person\",\"@id\":\"https:\/\/luchonoticias.com\/editor\/#\/schema\/person\/29217990ddf6f14e35912b2866d591fb\",\"name\":\"Editor General\",\"image\":{\"@type\":\"ImageObject\",\"inLanguage\":\"es\",\"@id\":\"https:\/\/luchonoticias.com\/editor\/#\/schema\/person\/image\/\",\"url\":\"https:\/\/luchonoticias.com\/editor\/wp-content\/uploads\/2024\/02\/cropped-cropped-logolu-150x150.webp\",\"contentUrl\":\"https:\/\/luchonoticias.com\/editor\/wp-content\/uploads\/2024\/02\/cropped-cropped-logolu-150x150.webp\",\"caption\":\"Editor General\"},\"sameAs\":[\"https:\/\/luchonoticias.com\/\"],\"url\":\"https:\/\/luchonoticias.com\/editor\/author\/editor-general\/\"}]}<\/script>\n<!-- \/ Yoast SEO plugin. -->","yoast_head_json":{"title":"Realizado conversatorio sobre v\u00eda ferroviaria en el Huila -","description":"Con la presencia del gobernador del Huila, Rodrigo Villalba Mosquera y de panelistas del Ministerio de Transporte, Agencia Nacional de Infraestructura, el BID, entre otras entidades del Estado, se llev\u00f3 a cabo el conversatorio Ruta Ferroviaria del Huila, en la Universidad Surcolombiana.","robots":{"index":"index","follow":"follow","max-snippet":"max-snippet:-1","max-image-preview":"max-image-preview:large","max-video-preview":"max-video-preview:-1"},"canonical":"https:\/\/luchonoticias.com\/editor\/realizado-conversatorio-sobre-via-ferroviaria-en-el-huila\/","og_locale":"es_ES","og_type":"article","og_title":"Realizado conversatorio sobre v\u00eda ferroviaria en el Huila -","og_description":"Con la presencia del gobernador del Huila, Rodrigo Villalba Mosquera y de panelistas del Ministerio de Transporte, Agencia Nacional de Infraestructura, el BID, entre otras entidades del Estado, se llev\u00f3 a cabo el conversatorio Ruta Ferroviaria del Huila, en la Universidad Surcolombiana.","og_url":"https:\/\/luchonoticias.com\/editor\/realizado-conversatorio-sobre-via-ferroviaria-en-el-huila\/","article_publisher":"https:\/\/www.facebook.com\/luchonoticiasneiva","article_published_time":"2024-07-16T00:23:39+00:00","og_image":[{"width":700,"height":400,"url":"https:\/\/luchonoticias.com\/editor\/wp-content\/uploads\/2024\/07\/gobernacion-ferreo.jpg","type":"image\/jpeg"}],"author":"Editor General","twitter_card":"summary_large_image","twitter_misc":{"Escrito por":"Editor General","Tiempo de lectura":"6 minutos"},"schema":{"@context":"https:\/\/schema.org","@graph":[{"@type":"Article","@id":"https:\/\/luchonoticias.com\/editor\/realizado-conversatorio-sobre-via-ferroviaria-en-el-huila\/#article","isPartOf":{"@id":"https:\/\/luchonoticias.com\/editor\/realizado-conversatorio-sobre-via-ferroviaria-en-el-huila\/"},"author":{"name":"Editor General","@id":"https:\/\/luchonoticias.com\/editor\/#\/schema\/person\/29217990ddf6f14e35912b2866d591fb"},"headline":"Realizado conversatorio sobre v\u00eda ferroviaria en el Huila","datePublished":"2024-07-16T00:23:39+00:00","mainEntityOfPage":{"@id":"https:\/\/luchonoticias.com\/editor\/realizado-conversatorio-sobre-via-ferroviaria-en-el-huila\/"},"wordCount":1169,"publisher":{"@id":"https:\/\/luchonoticias.com\/editor\/#\/schema\/person\/7a7fd911f58561fd056dbac7b55af9cd"},"image":{"@id":"https:\/\/luchonoticias.com\/editor\/realizado-conversatorio-sobre-via-ferroviaria-en-el-huila\/#primaryimage"},"thumbnailUrl":"https:\/\/luchonoticias.com\/editor\/wp-content\/uploads\/2024\/07\/gobernacion-ferreo.jpg","articleSection":["Huila"],"inLanguage":"es"},{"@type":"WebPage","@id":"https:\/\/luchonoticias.com\/editor\/realizado-conversatorio-sobre-via-ferroviaria-en-el-huila\/","url":"https:\/\/luchonoticias.com\/editor\/realizado-conversatorio-sobre-via-ferroviaria-en-el-huila\/","name":"Realizado conversatorio sobre v\u00eda ferroviaria en el Huila -","isPartOf":{"@id":"https:\/\/luchonoticias.com\/editor\/#website"},"primaryImageOfPage":{"@id":"https:\/\/luchonoticias.com\/editor\/realizado-conversatorio-sobre-via-ferroviaria-en-el-huila\/#primaryimage"},"image":{"@id":"https:\/\/luchonoticias.com\/editor\/realizado-conversatorio-sobre-via-ferroviaria-en-el-huila\/#primaryimage"},"thumbnailUrl":"https:\/\/luchonoticias.com\/editor\/wp-content\/uploads\/2024\/07\/gobernacion-ferreo.jpg","datePublished":"2024-07-16T00:23:39+00:00","description":"Con la presencia del gobernador del Huila, Rodrigo Villalba Mosquera y de panelistas del Ministerio de Transporte, Agencia Nacional de Infraestructura, el BID, entre otras entidades del Estado, se llev\u00f3 a cabo el conversatorio Ruta Ferroviaria del Huila, en la Universidad Surcolombiana.","breadcrumb":{"@id":"https:\/\/luchonoticias.com\/editor\/realizado-conversatorio-sobre-via-ferroviaria-en-el-huila\/#breadcrumb"},"inLanguage":"es","potentialAction":[{"@type":"ReadAction","target":["https:\/\/luchonoticias.com\/editor\/realizado-conversatorio-sobre-via-ferroviaria-en-el-huila\/"]}]},{"@type":"ImageObject","inLanguage":"es","@id":"https:\/\/luchonoticias.com\/editor\/realizado-conversatorio-sobre-via-ferroviaria-en-el-huila\/#primaryimage","url":"https:\/\/luchonoticias.com\/editor\/wp-content\/uploads\/2024\/07\/gobernacion-ferreo.jpg","contentUrl":"https:\/\/luchonoticias.com\/editor\/wp-content\/uploads\/2024\/07\/gobernacion-ferreo.jpg","width":700,"height":400},{"@type":"BreadcrumbList","@id":"https:\/\/luchonoticias.com\/editor\/realizado-conversatorio-sobre-via-ferroviaria-en-el-huila\/#breadcrumb","itemListElement":[{"@type":"ListItem","position":1,"name":"Portada","item":"https:\/\/luchonoticias.com\/editor\/"},{"@type":"ListItem","position":2,"name":"Realizado conversatorio sobre v\u00eda ferroviaria en el Huila"}]},{"@type":"WebSite","@id":"https:\/\/luchonoticias.com\/editor\/#website","url":"https:\/\/luchonoticias.com\/editor\/","name":"","description":"","publisher":{"@id":"https:\/\/luchonoticias.com\/editor\/#\/schema\/person\/7a7fd911f58561fd056dbac7b55af9cd"},"potentialAction":[{"@type":"SearchAction","target":{"@type":"EntryPoint","urlTemplate":"https:\/\/luchonoticias.com\/editor\/?s={search_term_string}"},"query-input":{"@type":"PropertyValueSpecification","valueRequired":true,"valueName":"search_term_string"}}],"inLanguage":"es"},{"@type":["Person","Organization"],"@id":"https:\/\/luchonoticias.com\/editor\/#\/schema\/person\/7a7fd911f58561fd056dbac7b55af9cd","name":"admin","image":{"@type":"ImageObject","inLanguage":"es","@id":"https:\/\/luchonoticias.com\/editor\/#\/schema\/person\/image\/","url":"https:\/\/luchonoticias.com\/editor\/wp-content\/uploads\/2024\/02\/cropped-cropped-logolu.webp","contentUrl":"https:\/\/luchonoticias.com\/editor\/wp-content\/uploads\/2024\/02\/cropped-cropped-logolu.webp","width":382,"height":170,"caption":"admin"},"logo":{"@id":"https:\/\/luchonoticias.com\/editor\/#\/schema\/person\/image\/"},"sameAs":["https:\/\/www.facebook.com\/luchonoticiasneiva"]},{"@type":"Person","@id":"https:\/\/luchonoticias.com\/editor\/#\/schema\/person\/29217990ddf6f14e35912b2866d591fb","name":"Editor General","image":{"@type":"ImageObject","inLanguage":"es","@id":"https:\/\/luchonoticias.com\/editor\/#\/schema\/person\/image\/","url":"https:\/\/luchonoticias.com\/editor\/wp-content\/uploads\/2024\/02\/cropped-cropped-logolu-150x150.webp","contentUrl":"https:\/\/luchonoticias.com\/editor\/wp-content\/uploads\/2024\/02\/cropped-cropped-logolu-150x150.webp","caption":"Editor General"},"sameAs":["https:\/\/luchonoticias.com\/"],"url":"https:\/\/luchonoticias.com\/editor\/author\/editor-general\/"}]}},"_links":{"self":[{"href":"https:\/\/luchonoticias.com\/editor\/wp-json\/wp\/v2\/posts\/75003","targetHints":{"allow":["GET"]}}],"collection":[{"href":"https:\/\/luchonoticias.com\/editor\/wp-json\/wp\/v2\/posts"}],"about":[{"href":"https:\/\/luchonoticias.com\/editor\/wp-json\/wp\/v2\/types\/post"}],"author":[{"embeddable":true,"href":"https:\/\/luchonoticias.com\/editor\/wp-json\/wp\/v2\/users\/2"}],"replies":[{"embeddable":true,"href":"https:\/\/luchonoticias.com\/editor\/wp-json\/wp\/v2\/comments?post=75003"}],"version-history":[{"count":2,"href":"https:\/\/luchonoticias.com\/editor\/wp-json\/wp\/v2\/posts\/75003\/revisions"}],"predecessor-version":[{"id":75006,"href":"https:\/\/luchonoticias.com\/editor\/wp-json\/wp\/v2\/posts\/75003\/revisions\/75006"}],"wp:featuredmedia":[{"embeddable":true,"href":"https:\/\/luchonoticias.com\/editor\/wp-json\/wp\/v2\/media\/75004"}],"wp:attachment":[{"href":"https:\/\/luchonoticias.com\/editor\/wp-json\/wp\/v2\/media?parent=75003"}],"wp:term":[{"taxonomy":"category","embeddable":true,"href":"https:\/\/luchonoticias.com\/editor\/wp-json\/wp\/v2\/categories?post=75003"},{"taxonomy":"post_tag","embeddable":true,"href":"https:\/\/luchonoticias.com\/editor\/wp-json\/wp\/v2\/tags?post=75003"}],"curies":[{"name":"wp","href":"https:\/\/api.w.org\/{rel}","templated":true}]}}