{"id":75012,"date":"2024-07-16T07:26:26","date_gmt":"2024-07-16T12:26:26","guid":{"rendered":"https:\/\/luchonoticias.com\/?p=75012"},"modified":"2024-07-16T07:26:26","modified_gmt":"2024-07-16T12:26:26","slug":"se-viene-inversion-para-maquinaria-agricola","status":"publish","type":"post","link":"https:\/\/luchonoticias.com\/editor\/se-viene-inversion-para-maquinaria-agricola\/","title":{"rendered":"Se viene inversi\u00f3n para maquinaria agr\u00edcola"},"content":{"rendered":"<p>Pese a que el departamento del Huila tiene valles de alto potencial productivo, no solo en torno al R\u00edo Magdalena sino tambi\u00e9n en zonas del occidente, centro y sur del Huila, hoy no se cuenta con la maquinaria suficiente para su preparaci\u00f3n, incluso en zonas de mayor producci\u00f3n arrocera principalmente en el norte, limitando la competitividad y sostenibilidad de las cadenas productivas, como lo indica el secretario de agricultura y miner\u00eda del Huila, ingeniero Carlos Alberto Cuellar.<\/p>\n<p>\u201cEn general el parque de maquinaria del Huila es muy obsoleto, me refiero a las zonas de maquinaria con tractor, pues si uno se mueve por el Huila es muy incipiente la presencia de este tipo de equipos en buenas condiciones, incluso las zonas de producci\u00f3n intensiva como lo es Palermo, Campoalegre, Villavieja, Yaguar\u00e1, y en general el norte del departamento, y si uno se mueve hacia los otros valles grandes, como el de San Sebasti\u00e1n en el Municipio de Plata, el Valle de Laboyos en el sur hacia Pitalito, el Valle del R\u00edo Suaza, y obviamente el del R\u00edo Magdalena, pues vemos que lamentablemente el parque de maquinaria en muy obsoleto\u201d, indic\u00f3 el funcionario p\u00fablico.<\/p>\n<p>Por eso para sacarle provecho a las tierras cultivables del departamento, aumentar la productividad, y seguir catapultando al Huila como potencia en la producci\u00f3n de alimentos, el gobierno Huila Grande se propone invertir importantes recursos en la adquisici\u00f3n de tecnolog\u00eda tanto con recursos propios como contrapartidas del Ministerio de Agricultura, as\u00ed lo expres\u00f3 el titular de la cartera agropecuaria del Huila.<\/p>\n<p>\u201cUnas de las grandes iniciativas que estamos promoviendo con el liderazgo del se\u00f1or gobernador Rodrigo Villalba, y de la mano del Ministerio de Agricultura, es la recomposici\u00f3n de ese inventario de maquinaria agr\u00edcola, pero particularmente de la herramienta con nueva tecnolog\u00eda con la que ya cuenta el sector para ser m\u00e1s eficientes en la mecanizaci\u00f3n, siembra, en el cultivo, en la buena gesti\u00f3n del recurso h\u00eddrico. Nosotros tenemos disponibles por instrucci\u00f3n del se\u00f1or gobernador, recursos por encima de los $150.000 millones, espec\u00edficamente para esas l\u00edneas de intervenci\u00f3n en diferentes sectores, en diferentes \u00e1reas, pero en todo caso buscando la tecnificaci\u00f3n, mecanizaci\u00f3n, y agroindustrializaci\u00f3n del campo huilense\u201d.<\/p>\n<p>Cuellar aclar\u00f3 que la implementaci\u00f3n de esta estrategia no est\u00e1 dirigida exclusivamente a zonas de producci\u00f3n arrocera, pues hoy existen en el mercado equipos para mecanizar tierras con bajas pendientes.<\/p>\n<p>\u201cNo hablamos solamente de arroz, sino tambi\u00e9n cultivos como cacao, ca\u00f1a panelera, entre otros, pues hoy hay motocultores para zonas de ladera con poca pendiente, que pueden contribuir con esa mecanizaci\u00f3n del campo, y con ese prop\u00f3sito estamos trabajando en el gobierno departamental en articulaci\u00f3n con los gremios de la producci\u00f3n\u201d, dijo.<\/p>\n<p>Finalmente, el Secretario de Agricultura y Miner\u00eda sostuvo que se requiere implementar estrategias para aprovechar mejor el recurso h\u00eddrico, m\u00e1xime hoy que existen conflictos por su uso, y donde es crucial la adopci\u00f3n de siembras de arroz en piscinas, lo que ayuda a reducir costos de producci\u00f3n, y las cosechas de agua en cultivos de cacao, ca\u00f1a panelera, y otros productos de pan coger que hoy necesitan desarrollo tecnol\u00f3gico, infraestructura tecnol\u00f3gica, y transformaci\u00f3n.<\/p>\n","protected":false},"excerpt":{"rendered":"<p>Una de las mayores apuestas del gobierno Huila Grande para este cuatrienio es la agroindustrializaci\u00f3n, para lo que es crucial fortalecer el parque de maquinaria destinada a la preparaci\u00f3n de terrenos, y la adopci\u00f3n de tecnolog\u00eda para la transformaci\u00f3n de productos.<\/p>\n","protected":false},"author":2,"featured_media":75013,"comment_status":"closed","ping_status":"open","sticky":false,"template":"","format":"standard","meta":{"footnotes":""},"categories":[33],"tags":[],"class_list":["post-75012","post","type-post","status-publish","format-standard","has-post-thumbnail","hentry","category-huila"],"yoast_head":"<!-- This site is optimized with the Yoast SEO plugin v26.6 - https:\/\/yoast.com\/wordpress\/plugins\/seo\/ -->\n<title>Se viene inversi\u00f3n para maquinaria agr\u00edcola -<\/title>\n<meta name=\"description\" content=\"Una de las mayores apuestas del gobierno Huila Grande para este cuatrienio es la agroindustrializaci\u00f3n, para lo que es crucial fortalecer el parque de maquinaria destinada a la preparaci\u00f3n de terrenos, y la adopci\u00f3n de tecnolog\u00eda para la transformaci\u00f3n de productos.\" \/>\n<meta name=\"robots\" content=\"index, follow, max-snippet:-1, max-image-preview:large, max-video-preview:-1\" \/>\n<link rel=\"canonical\" href=\"https:\/\/luchonoticias.com\/editor\/se-viene-inversion-para-maquinaria-agricola\/\" \/>\n<meta property=\"og:locale\" content=\"es_ES\" \/>\n<meta property=\"og:type\" content=\"article\" \/>\n<meta property=\"og:title\" content=\"Se viene inversi\u00f3n para maquinaria agr\u00edcola -\" \/>\n<meta property=\"og:description\" content=\"Una de las mayores apuestas del gobierno Huila Grande para este cuatrienio es la agroindustrializaci\u00f3n, para lo que es crucial fortalecer el parque de maquinaria destinada a la preparaci\u00f3n de terrenos, y la adopci\u00f3n de tecnolog\u00eda para la transformaci\u00f3n de productos.\" \/>\n<meta property=\"og:url\" content=\"https:\/\/luchonoticias.com\/editor\/se-viene-inversion-para-maquinaria-agricola\/\" \/>\n<meta property=\"article:publisher\" content=\"https:\/\/www.facebook.com\/luchonoticiasneiva\" \/>\n<meta property=\"article:published_time\" content=\"2024-07-16T12:26:26+00:00\" \/>\n<meta property=\"og:image\" content=\"https:\/\/luchonoticias.com\/editor\/wp-content\/uploads\/2024\/07\/huila-agricola.jpg\" \/>\n\t<meta property=\"og:image:width\" content=\"700\" \/>\n\t<meta property=\"og:image:height\" content=\"400\" \/>\n\t<meta property=\"og:image:type\" content=\"image\/jpeg\" \/>\n<meta name=\"author\" content=\"Editor General\" \/>\n<meta name=\"twitter:card\" content=\"summary_large_image\" \/>\n<meta name=\"twitter:label1\" content=\"Escrito por\" \/>\n\t<meta name=\"twitter:data1\" content=\"Editor General\" \/>\n\t<meta name=\"twitter:label2\" content=\"Tiempo de lectura\" \/>\n\t<meta name=\"twitter:data2\" content=\"3 minutos\" \/>\n<script type=\"application\/ld+json\" class=\"yoast-schema-graph\">{\"@context\":\"https:\/\/schema.org\",\"@graph\":[{\"@type\":\"Article\",\"@id\":\"https:\/\/luchonoticias.com\/editor\/se-viene-inversion-para-maquinaria-agricola\/#article\",\"isPartOf\":{\"@id\":\"https:\/\/luchonoticias.com\/editor\/se-viene-inversion-para-maquinaria-agricola\/\"},\"author\":{\"name\":\"Editor General\",\"@id\":\"https:\/\/luchonoticias.com\/editor\/#\/schema\/person\/29217990ddf6f14e35912b2866d591fb\"},\"headline\":\"Se viene inversi\u00f3n para maquinaria agr\u00edcola\",\"datePublished\":\"2024-07-16T12:26:26+00:00\",\"mainEntityOfPage\":{\"@id\":\"https:\/\/luchonoticias.com\/editor\/se-viene-inversion-para-maquinaria-agricola\/\"},\"wordCount\":568,\"publisher\":{\"@id\":\"https:\/\/luchonoticias.com\/editor\/#\/schema\/person\/7a7fd911f58561fd056dbac7b55af9cd\"},\"image\":{\"@id\":\"https:\/\/luchonoticias.com\/editor\/se-viene-inversion-para-maquinaria-agricola\/#primaryimage\"},\"thumbnailUrl\":\"https:\/\/luchonoticias.com\/editor\/wp-content\/uploads\/2024\/07\/huila-agricola.jpg\",\"articleSection\":[\"Huila\"],\"inLanguage\":\"es\"},{\"@type\":\"WebPage\",\"@id\":\"https:\/\/luchonoticias.com\/editor\/se-viene-inversion-para-maquinaria-agricola\/\",\"url\":\"https:\/\/luchonoticias.com\/editor\/se-viene-inversion-para-maquinaria-agricola\/\",\"name\":\"Se viene inversi\u00f3n para maquinaria agr\u00edcola -\",\"isPartOf\":{\"@id\":\"https:\/\/luchonoticias.com\/editor\/#website\"},\"primaryImageOfPage\":{\"@id\":\"https:\/\/luchonoticias.com\/editor\/se-viene-inversion-para-maquinaria-agricola\/#primaryimage\"},\"image\":{\"@id\":\"https:\/\/luchonoticias.com\/editor\/se-viene-inversion-para-maquinaria-agricola\/#primaryimage\"},\"thumbnailUrl\":\"https:\/\/luchonoticias.com\/editor\/wp-content\/uploads\/2024\/07\/huila-agricola.jpg\",\"datePublished\":\"2024-07-16T12:26:26+00:00\",\"description\":\"Una de las mayores apuestas del gobierno Huila Grande para este cuatrienio es la agroindustrializaci\u00f3n, para lo que es crucial fortalecer el parque de maquinaria destinada a la preparaci\u00f3n de terrenos, y la adopci\u00f3n de tecnolog\u00eda para la transformaci\u00f3n de productos.\",\"breadcrumb\":{\"@id\":\"https:\/\/luchonoticias.com\/editor\/se-viene-inversion-para-maquinaria-agricola\/#breadcrumb\"},\"inLanguage\":\"es\",\"potentialAction\":[{\"@type\":\"ReadAction\",\"target\":[\"https:\/\/luchonoticias.com\/editor\/se-viene-inversion-para-maquinaria-agricola\/\"]}]},{\"@type\":\"ImageObject\",\"inLanguage\":\"es\",\"@id\":\"https:\/\/luchonoticias.com\/editor\/se-viene-inversion-para-maquinaria-agricola\/#primaryimage\",\"url\":\"https:\/\/luchonoticias.com\/editor\/wp-content\/uploads\/2024\/07\/huila-agricola.jpg\",\"contentUrl\":\"https:\/\/luchonoticias.com\/editor\/wp-content\/uploads\/2024\/07\/huila-agricola.jpg\",\"width\":700,\"height\":400},{\"@type\":\"BreadcrumbList\",\"@id\":\"https:\/\/luchonoticias.com\/editor\/se-viene-inversion-para-maquinaria-agricola\/#breadcrumb\",\"itemListElement\":[{\"@type\":\"ListItem\",\"position\":1,\"name\":\"Portada\",\"item\":\"https:\/\/luchonoticias.com\/editor\/\"},{\"@type\":\"ListItem\",\"position\":2,\"name\":\"Se viene inversi\u00f3n para maquinaria agr\u00edcola\"}]},{\"@type\":\"WebSite\",\"@id\":\"https:\/\/luchonoticias.com\/editor\/#website\",\"url\":\"https:\/\/luchonoticias.com\/editor\/\",\"name\":\"\",\"description\":\"\",\"publisher\":{\"@id\":\"https:\/\/luchonoticias.com\/editor\/#\/schema\/person\/7a7fd911f58561fd056dbac7b55af9cd\"},\"potentialAction\":[{\"@type\":\"SearchAction\",\"target\":{\"@type\":\"EntryPoint\",\"urlTemplate\":\"https:\/\/luchonoticias.com\/editor\/?s={search_term_string}\"},\"query-input\":{\"@type\":\"PropertyValueSpecification\",\"valueRequired\":true,\"valueName\":\"search_term_string\"}}],\"inLanguage\":\"es\"},{\"@type\":[\"Person\",\"Organization\"],\"@id\":\"https:\/\/luchonoticias.com\/editor\/#\/schema\/person\/7a7fd911f58561fd056dbac7b55af9cd\",\"name\":\"admin\",\"image\":{\"@type\":\"ImageObject\",\"inLanguage\":\"es\",\"@id\":\"https:\/\/luchonoticias.com\/editor\/#\/schema\/person\/image\/\",\"url\":\"https:\/\/luchonoticias.com\/editor\/wp-content\/uploads\/2024\/02\/cropped-cropped-logolu.webp\",\"contentUrl\":\"https:\/\/luchonoticias.com\/editor\/wp-content\/uploads\/2024\/02\/cropped-cropped-logolu.webp\",\"width\":382,\"height\":170,\"caption\":\"admin\"},\"logo\":{\"@id\":\"https:\/\/luchonoticias.com\/editor\/#\/schema\/person\/image\/\"},\"sameAs\":[\"https:\/\/www.facebook.com\/luchonoticiasneiva\"]},{\"@type\":\"Person\",\"@id\":\"https:\/\/luchonoticias.com\/editor\/#\/schema\/person\/29217990ddf6f14e35912b2866d591fb\",\"name\":\"Editor General\",\"image\":{\"@type\":\"ImageObject\",\"inLanguage\":\"es\",\"@id\":\"https:\/\/luchonoticias.com\/editor\/#\/schema\/person\/image\/\",\"url\":\"https:\/\/luchonoticias.com\/editor\/wp-content\/uploads\/2024\/02\/cropped-cropped-logolu-150x150.webp\",\"contentUrl\":\"https:\/\/luchonoticias.com\/editor\/wp-content\/uploads\/2024\/02\/cropped-cropped-logolu-150x150.webp\",\"caption\":\"Editor General\"},\"sameAs\":[\"https:\/\/luchonoticias.com\/\"],\"url\":\"https:\/\/luchonoticias.com\/editor\/author\/editor-general\/\"}]}<\/script>\n<!-- \/ Yoast SEO plugin. -->","yoast_head_json":{"title":"Se viene inversi\u00f3n para maquinaria agr\u00edcola -","description":"Una de las mayores apuestas del gobierno Huila Grande para este cuatrienio es la agroindustrializaci\u00f3n, para lo que es crucial fortalecer el parque de maquinaria destinada a la preparaci\u00f3n de terrenos, y la adopci\u00f3n de tecnolog\u00eda para la transformaci\u00f3n de productos.","robots":{"index":"index","follow":"follow","max-snippet":"max-snippet:-1","max-image-preview":"max-image-preview:large","max-video-preview":"max-video-preview:-1"},"canonical":"https:\/\/luchonoticias.com\/editor\/se-viene-inversion-para-maquinaria-agricola\/","og_locale":"es_ES","og_type":"article","og_title":"Se viene inversi\u00f3n para maquinaria agr\u00edcola -","og_description":"Una de las mayores apuestas del gobierno Huila Grande para este cuatrienio es la agroindustrializaci\u00f3n, para lo que es crucial fortalecer el parque de maquinaria destinada a la preparaci\u00f3n de terrenos, y la adopci\u00f3n de tecnolog\u00eda para la transformaci\u00f3n de productos.","og_url":"https:\/\/luchonoticias.com\/editor\/se-viene-inversion-para-maquinaria-agricola\/","article_publisher":"https:\/\/www.facebook.com\/luchonoticiasneiva","article_published_time":"2024-07-16T12:26:26+00:00","og_image":[{"width":700,"height":400,"url":"https:\/\/luchonoticias.com\/editor\/wp-content\/uploads\/2024\/07\/huila-agricola.jpg","type":"image\/jpeg"}],"author":"Editor General","twitter_card":"summary_large_image","twitter_misc":{"Escrito por":"Editor General","Tiempo de lectura":"3 minutos"},"schema":{"@context":"https:\/\/schema.org","@graph":[{"@type":"Article","@id":"https:\/\/luchonoticias.com\/editor\/se-viene-inversion-para-maquinaria-agricola\/#article","isPartOf":{"@id":"https:\/\/luchonoticias.com\/editor\/se-viene-inversion-para-maquinaria-agricola\/"},"author":{"name":"Editor General","@id":"https:\/\/luchonoticias.com\/editor\/#\/schema\/person\/29217990ddf6f14e35912b2866d591fb"},"headline":"Se viene inversi\u00f3n para maquinaria agr\u00edcola","datePublished":"2024-07-16T12:26:26+00:00","mainEntityOfPage":{"@id":"https:\/\/luchonoticias.com\/editor\/se-viene-inversion-para-maquinaria-agricola\/"},"wordCount":568,"publisher":{"@id":"https:\/\/luchonoticias.com\/editor\/#\/schema\/person\/7a7fd911f58561fd056dbac7b55af9cd"},"image":{"@id":"https:\/\/luchonoticias.com\/editor\/se-viene-inversion-para-maquinaria-agricola\/#primaryimage"},"thumbnailUrl":"https:\/\/luchonoticias.com\/editor\/wp-content\/uploads\/2024\/07\/huila-agricola.jpg","articleSection":["Huila"],"inLanguage":"es"},{"@type":"WebPage","@id":"https:\/\/luchonoticias.com\/editor\/se-viene-inversion-para-maquinaria-agricola\/","url":"https:\/\/luchonoticias.com\/editor\/se-viene-inversion-para-maquinaria-agricola\/","name":"Se viene inversi\u00f3n para maquinaria agr\u00edcola -","isPartOf":{"@id":"https:\/\/luchonoticias.com\/editor\/#website"},"primaryImageOfPage":{"@id":"https:\/\/luchonoticias.com\/editor\/se-viene-inversion-para-maquinaria-agricola\/#primaryimage"},"image":{"@id":"https:\/\/luchonoticias.com\/editor\/se-viene-inversion-para-maquinaria-agricola\/#primaryimage"},"thumbnailUrl":"https:\/\/luchonoticias.com\/editor\/wp-content\/uploads\/2024\/07\/huila-agricola.jpg","datePublished":"2024-07-16T12:26:26+00:00","description":"Una de las mayores apuestas del gobierno Huila Grande para este cuatrienio es la agroindustrializaci\u00f3n, para lo que es crucial fortalecer el parque de maquinaria destinada a la preparaci\u00f3n de terrenos, y la adopci\u00f3n de tecnolog\u00eda para la transformaci\u00f3n de productos.","breadcrumb":{"@id":"https:\/\/luchonoticias.com\/editor\/se-viene-inversion-para-maquinaria-agricola\/#breadcrumb"},"inLanguage":"es","potentialAction":[{"@type":"ReadAction","target":["https:\/\/luchonoticias.com\/editor\/se-viene-inversion-para-maquinaria-agricola\/"]}]},{"@type":"ImageObject","inLanguage":"es","@id":"https:\/\/luchonoticias.com\/editor\/se-viene-inversion-para-maquinaria-agricola\/#primaryimage","url":"https:\/\/luchonoticias.com\/editor\/wp-content\/uploads\/2024\/07\/huila-agricola.jpg","contentUrl":"https:\/\/luchonoticias.com\/editor\/wp-content\/uploads\/2024\/07\/huila-agricola.jpg","width":700,"height":400},{"@type":"BreadcrumbList","@id":"https:\/\/luchonoticias.com\/editor\/se-viene-inversion-para-maquinaria-agricola\/#breadcrumb","itemListElement":[{"@type":"ListItem","position":1,"name":"Portada","item":"https:\/\/luchonoticias.com\/editor\/"},{"@type":"ListItem","position":2,"name":"Se viene inversi\u00f3n para maquinaria agr\u00edcola"}]},{"@type":"WebSite","@id":"https:\/\/luchonoticias.com\/editor\/#website","url":"https:\/\/luchonoticias.com\/editor\/","name":"","description":"","publisher":{"@id":"https:\/\/luchonoticias.com\/editor\/#\/schema\/person\/7a7fd911f58561fd056dbac7b55af9cd"},"potentialAction":[{"@type":"SearchAction","target":{"@type":"EntryPoint","urlTemplate":"https:\/\/luchonoticias.com\/editor\/?s={search_term_string}"},"query-input":{"@type":"PropertyValueSpecification","valueRequired":true,"valueName":"search_term_string"}}],"inLanguage":"es"},{"@type":["Person","Organization"],"@id":"https:\/\/luchonoticias.com\/editor\/#\/schema\/person\/7a7fd911f58561fd056dbac7b55af9cd","name":"admin","image":{"@type":"ImageObject","inLanguage":"es","@id":"https:\/\/luchonoticias.com\/editor\/#\/schema\/person\/image\/","url":"https:\/\/luchonoticias.com\/editor\/wp-content\/uploads\/2024\/02\/cropped-cropped-logolu.webp","contentUrl":"https:\/\/luchonoticias.com\/editor\/wp-content\/uploads\/2024\/02\/cropped-cropped-logolu.webp","width":382,"height":170,"caption":"admin"},"logo":{"@id":"https:\/\/luchonoticias.com\/editor\/#\/schema\/person\/image\/"},"sameAs":["https:\/\/www.facebook.com\/luchonoticiasneiva"]},{"@type":"Person","@id":"https:\/\/luchonoticias.com\/editor\/#\/schema\/person\/29217990ddf6f14e35912b2866d591fb","name":"Editor General","image":{"@type":"ImageObject","inLanguage":"es","@id":"https:\/\/luchonoticias.com\/editor\/#\/schema\/person\/image\/","url":"https:\/\/luchonoticias.com\/editor\/wp-content\/uploads\/2024\/02\/cropped-cropped-logolu-150x150.webp","contentUrl":"https:\/\/luchonoticias.com\/editor\/wp-content\/uploads\/2024\/02\/cropped-cropped-logolu-150x150.webp","caption":"Editor General"},"sameAs":["https:\/\/luchonoticias.com\/"],"url":"https:\/\/luchonoticias.com\/editor\/author\/editor-general\/"}]}},"_links":{"self":[{"href":"https:\/\/luchonoticias.com\/editor\/wp-json\/wp\/v2\/posts\/75012","targetHints":{"allow":["GET"]}}],"collection":[{"href":"https:\/\/luchonoticias.com\/editor\/wp-json\/wp\/v2\/posts"}],"about":[{"href":"https:\/\/luchonoticias.com\/editor\/wp-json\/wp\/v2\/types\/post"}],"author":[{"embeddable":true,"href":"https:\/\/luchonoticias.com\/editor\/wp-json\/wp\/v2\/users\/2"}],"replies":[{"embeddable":true,"href":"https:\/\/luchonoticias.com\/editor\/wp-json\/wp\/v2\/comments?post=75012"}],"version-history":[{"count":1,"href":"https:\/\/luchonoticias.com\/editor\/wp-json\/wp\/v2\/posts\/75012\/revisions"}],"predecessor-version":[{"id":75014,"href":"https:\/\/luchonoticias.com\/editor\/wp-json\/wp\/v2\/posts\/75012\/revisions\/75014"}],"wp:featuredmedia":[{"embeddable":true,"href":"https:\/\/luchonoticias.com\/editor\/wp-json\/wp\/v2\/media\/75013"}],"wp:attachment":[{"href":"https:\/\/luchonoticias.com\/editor\/wp-json\/wp\/v2\/media?parent=75012"}],"wp:term":[{"taxonomy":"category","embeddable":true,"href":"https:\/\/luchonoticias.com\/editor\/wp-json\/wp\/v2\/categories?post=75012"},{"taxonomy":"post_tag","embeddable":true,"href":"https:\/\/luchonoticias.com\/editor\/wp-json\/wp\/v2\/tags?post=75012"}],"curies":[{"name":"wp","href":"https:\/\/api.w.org\/{rel}","templated":true}]}}