{"id":75015,"date":"2024-07-16T07:32:41","date_gmt":"2024-07-16T12:32:41","guid":{"rendered":"https:\/\/luchonoticias.com\/?p=75015"},"modified":"2024-07-16T07:32:41","modified_gmt":"2024-07-16T12:32:41","slug":"estrategia-cine-al-parque-en-el-barrio-chicala","status":"publish","type":"post","link":"https:\/\/luchonoticias.com\/editor\/estrategia-cine-al-parque-en-el-barrio-chicala\/","title":{"rendered":"Estrategia Cine al Parque en el barrio Chical\u00e1"},"content":{"rendered":"<p>En una noche llena de diversi\u00f3n y entretenimiento, el barrio Chical\u00e1 fue el escenario del evento &#8216;Cine al Parque&#8217;. La actividad reuni\u00f3 a una amplia diversidad de asistentes, desde ni\u00f1os y ni\u00f1as hasta j\u00f3venes y adultos, quienes disfrutaron de una pel\u00edcula al aire libre en un ambiente familiar y ameno.<\/p>\n<p>El evento, se destac\u00f3 no solo por la proyecci\u00f3n cinematogr\u00e1fica, sino tambi\u00e9n por la oportunidad de compartir y fortalecer los lazos comunitarios. La pantalla gigante instalada en el parque del barrio Chical\u00e1 fue el punto de encuentro para los habitantes de la zona, quienes acudieron masivamente para disfrutar de esta iniciativa.<\/p>\n<p>Con &#8216;Cine al Parque&#8217;, la Secretar\u00eda de Juventud busca promover espacios de sana recreaci\u00f3n y convivencia, fomentando el uso adecuado del tiempo libre y el fortalecimiento del tejido social. Esta actividad se enmarca dentro de la estrategia &#8216;Parches Juveniles&#8217;, cuyo objetivo principal es generar din\u00e1micas de participaci\u00f3n y desarrollo integral para la juventud neivana.<\/p>\n<p>Diny Borrero, coordinadora de la estrategia \u2018Parches Juveniles\u2019, resalt\u00f3 la importancia de este tipo de eventos \u00abel prop\u00f3sito es aprovechar el tiempo libre de nuestros ni\u00f1os, j\u00f3venes y comunidad en general.\u201d<\/p>\n<p>La acogida de la comunidad fue evidente, con una participaci\u00f3n entusiasta de ni\u00f1os, ni\u00f1as y padres de familia del sector.<\/p>\n<p>Consuelo Montero, resalt\u00f3 la importancia del espacio para el beneficio de los j\u00f3venes \u201ces un espacio que brinda a los ni\u00f1os la oportunidad de utilizar bien su tiempo libre y mantenerse alejados de vicios y peligros en las calles\u201d<\/p>\n<p>De esta forma, la Alcald\u00eda de Neiva contin\u00faa trabajando en iniciativas que promuevan la integraci\u00f3n y el bienestar de todos los ciudadanos. La estrategia &#8216;Parches Juveniles&#8217; seguir\u00e1 desarroll\u00e1ndose en diferentes barrios de la ciudad, llevando cultura, recreaci\u00f3n y alegr\u00eda a cada rinc\u00f3n de Neiva.<\/p>\n","protected":false},"excerpt":{"rendered":"<p>La Secretar\u00eda de Juventud, llev\u00f3 a cabo una exitosa jornada de &#8216;Cine al Parque&#8217; en el barrio Chical\u00e1, en el marco de la estrategia &#8216;Parches Juveniles&#8217;. Este evento congreg\u00f3 a ni\u00f1os, ni\u00f1as, j\u00f3venes y adultos, fortaleciendo la uni\u00f3n comunal y el disfrute cultural en el barrio<\/p>\n","protected":false},"author":2,"featured_media":75016,"comment_status":"closed","ping_status":"open","sticky":false,"template":"","format":"standard","meta":{"footnotes":""},"categories":[3961,31],"tags":[],"class_list":["post-75015","post","type-post","status-publish","format-standard","has-post-thumbnail","hentry","category-comunidad","category-local"],"yoast_head":"<!-- This site is optimized with the Yoast SEO plugin v26.6 - https:\/\/yoast.com\/wordpress\/plugins\/seo\/ -->\n<title>Estrategia Cine al Parque en el barrio Chical\u00e1 -<\/title>\n<meta name=\"description\" content=\"La Secretar\u00eda de Juventud, llev\u00f3 a cabo una exitosa jornada de &#039;Cine al Parque&#039; en el barrio Chical\u00e1, en el marco de la estrategia &#039;Parches Juveniles&#039;. Este evento congreg\u00f3 a ni\u00f1os, ni\u00f1as, j\u00f3venes y adultos, fortaleciendo la uni\u00f3n comunal y el disfrute cultural en el barrio\" \/>\n<meta name=\"robots\" content=\"index, follow, max-snippet:-1, max-image-preview:large, max-video-preview:-1\" \/>\n<link rel=\"canonical\" href=\"https:\/\/luchonoticias.com\/editor\/estrategia-cine-al-parque-en-el-barrio-chicala\/\" \/>\n<meta property=\"og:locale\" content=\"es_ES\" \/>\n<meta property=\"og:type\" content=\"article\" \/>\n<meta property=\"og:title\" content=\"Estrategia Cine al Parque en el barrio Chical\u00e1 -\" \/>\n<meta property=\"og:description\" content=\"La Secretar\u00eda de Juventud, llev\u00f3 a cabo una exitosa jornada de &#039;Cine al Parque&#039; en el barrio Chical\u00e1, en el marco de la estrategia &#039;Parches Juveniles&#039;. Este evento congreg\u00f3 a ni\u00f1os, ni\u00f1as, j\u00f3venes y adultos, fortaleciendo la uni\u00f3n comunal y el disfrute cultural en el barrio\" \/>\n<meta property=\"og:url\" content=\"https:\/\/luchonoticias.com\/editor\/estrategia-cine-al-parque-en-el-barrio-chicala\/\" \/>\n<meta property=\"article:publisher\" content=\"https:\/\/www.facebook.com\/luchonoticiasneiva\" \/>\n<meta property=\"article:published_time\" content=\"2024-07-16T12:32:41+00:00\" \/>\n<meta property=\"og:image\" content=\"https:\/\/luchonoticias.com\/editor\/wp-content\/uploads\/2024\/07\/cine-al-parque.jpg\" \/>\n\t<meta property=\"og:image:width\" content=\"700\" \/>\n\t<meta property=\"og:image:height\" content=\"400\" \/>\n\t<meta property=\"og:image:type\" content=\"image\/jpeg\" \/>\n<meta name=\"author\" content=\"Editor General\" \/>\n<meta name=\"twitter:card\" content=\"summary_large_image\" \/>\n<meta name=\"twitter:label1\" content=\"Escrito por\" \/>\n\t<meta name=\"twitter:data1\" content=\"Editor General\" \/>\n\t<meta name=\"twitter:label2\" content=\"Tiempo de lectura\" \/>\n\t<meta name=\"twitter:data2\" content=\"2 minutos\" \/>\n<script type=\"application\/ld+json\" class=\"yoast-schema-graph\">{\"@context\":\"https:\/\/schema.org\",\"@graph\":[{\"@type\":\"Article\",\"@id\":\"https:\/\/luchonoticias.com\/editor\/estrategia-cine-al-parque-en-el-barrio-chicala\/#article\",\"isPartOf\":{\"@id\":\"https:\/\/luchonoticias.com\/editor\/estrategia-cine-al-parque-en-el-barrio-chicala\/\"},\"author\":{\"name\":\"Editor General\",\"@id\":\"https:\/\/luchonoticias.com\/editor\/#\/schema\/person\/29217990ddf6f14e35912b2866d591fb\"},\"headline\":\"Estrategia Cine al Parque en el barrio Chical\u00e1\",\"datePublished\":\"2024-07-16T12:32:41+00:00\",\"mainEntityOfPage\":{\"@id\":\"https:\/\/luchonoticias.com\/editor\/estrategia-cine-al-parque-en-el-barrio-chicala\/\"},\"wordCount\":324,\"publisher\":{\"@id\":\"https:\/\/luchonoticias.com\/editor\/#\/schema\/person\/7a7fd911f58561fd056dbac7b55af9cd\"},\"image\":{\"@id\":\"https:\/\/luchonoticias.com\/editor\/estrategia-cine-al-parque-en-el-barrio-chicala\/#primaryimage\"},\"thumbnailUrl\":\"https:\/\/luchonoticias.com\/editor\/wp-content\/uploads\/2024\/07\/cine-al-parque.jpg\",\"articleSection\":[\"Comunidad\",\"Local\"],\"inLanguage\":\"es\"},{\"@type\":\"WebPage\",\"@id\":\"https:\/\/luchonoticias.com\/editor\/estrategia-cine-al-parque-en-el-barrio-chicala\/\",\"url\":\"https:\/\/luchonoticias.com\/editor\/estrategia-cine-al-parque-en-el-barrio-chicala\/\",\"name\":\"Estrategia Cine al Parque en el barrio Chical\u00e1 -\",\"isPartOf\":{\"@id\":\"https:\/\/luchonoticias.com\/editor\/#website\"},\"primaryImageOfPage\":{\"@id\":\"https:\/\/luchonoticias.com\/editor\/estrategia-cine-al-parque-en-el-barrio-chicala\/#primaryimage\"},\"image\":{\"@id\":\"https:\/\/luchonoticias.com\/editor\/estrategia-cine-al-parque-en-el-barrio-chicala\/#primaryimage\"},\"thumbnailUrl\":\"https:\/\/luchonoticias.com\/editor\/wp-content\/uploads\/2024\/07\/cine-al-parque.jpg\",\"datePublished\":\"2024-07-16T12:32:41+00:00\",\"description\":\"La Secretar\u00eda de Juventud, llev\u00f3 a cabo una exitosa jornada de 'Cine al Parque' en el barrio Chical\u00e1, en el marco de la estrategia 'Parches Juveniles'. Este evento congreg\u00f3 a ni\u00f1os, ni\u00f1as, j\u00f3venes y adultos, fortaleciendo la uni\u00f3n comunal y el disfrute cultural en el barrio\",\"breadcrumb\":{\"@id\":\"https:\/\/luchonoticias.com\/editor\/estrategia-cine-al-parque-en-el-barrio-chicala\/#breadcrumb\"},\"inLanguage\":\"es\",\"potentialAction\":[{\"@type\":\"ReadAction\",\"target\":[\"https:\/\/luchonoticias.com\/editor\/estrategia-cine-al-parque-en-el-barrio-chicala\/\"]}]},{\"@type\":\"ImageObject\",\"inLanguage\":\"es\",\"@id\":\"https:\/\/luchonoticias.com\/editor\/estrategia-cine-al-parque-en-el-barrio-chicala\/#primaryimage\",\"url\":\"https:\/\/luchonoticias.com\/editor\/wp-content\/uploads\/2024\/07\/cine-al-parque.jpg\",\"contentUrl\":\"https:\/\/luchonoticias.com\/editor\/wp-content\/uploads\/2024\/07\/cine-al-parque.jpg\",\"width\":700,\"height\":400},{\"@type\":\"BreadcrumbList\",\"@id\":\"https:\/\/luchonoticias.com\/editor\/estrategia-cine-al-parque-en-el-barrio-chicala\/#breadcrumb\",\"itemListElement\":[{\"@type\":\"ListItem\",\"position\":1,\"name\":\"Portada\",\"item\":\"https:\/\/luchonoticias.com\/editor\/\"},{\"@type\":\"ListItem\",\"position\":2,\"name\":\"Estrategia Cine al Parque en el barrio Chical\u00e1\"}]},{\"@type\":\"WebSite\",\"@id\":\"https:\/\/luchonoticias.com\/editor\/#website\",\"url\":\"https:\/\/luchonoticias.com\/editor\/\",\"name\":\"\",\"description\":\"\",\"publisher\":{\"@id\":\"https:\/\/luchonoticias.com\/editor\/#\/schema\/person\/7a7fd911f58561fd056dbac7b55af9cd\"},\"potentialAction\":[{\"@type\":\"SearchAction\",\"target\":{\"@type\":\"EntryPoint\",\"urlTemplate\":\"https:\/\/luchonoticias.com\/editor\/?s={search_term_string}\"},\"query-input\":{\"@type\":\"PropertyValueSpecification\",\"valueRequired\":true,\"valueName\":\"search_term_string\"}}],\"inLanguage\":\"es\"},{\"@type\":[\"Person\",\"Organization\"],\"@id\":\"https:\/\/luchonoticias.com\/editor\/#\/schema\/person\/7a7fd911f58561fd056dbac7b55af9cd\",\"name\":\"admin\",\"image\":{\"@type\":\"ImageObject\",\"inLanguage\":\"es\",\"@id\":\"https:\/\/luchonoticias.com\/editor\/#\/schema\/person\/image\/\",\"url\":\"https:\/\/luchonoticias.com\/editor\/wp-content\/uploads\/2024\/02\/cropped-cropped-logolu.webp\",\"contentUrl\":\"https:\/\/luchonoticias.com\/editor\/wp-content\/uploads\/2024\/02\/cropped-cropped-logolu.webp\",\"width\":382,\"height\":170,\"caption\":\"admin\"},\"logo\":{\"@id\":\"https:\/\/luchonoticias.com\/editor\/#\/schema\/person\/image\/\"},\"sameAs\":[\"https:\/\/www.facebook.com\/luchonoticiasneiva\"]},{\"@type\":\"Person\",\"@id\":\"https:\/\/luchonoticias.com\/editor\/#\/schema\/person\/29217990ddf6f14e35912b2866d591fb\",\"name\":\"Editor General\",\"image\":{\"@type\":\"ImageObject\",\"inLanguage\":\"es\",\"@id\":\"https:\/\/luchonoticias.com\/editor\/#\/schema\/person\/image\/\",\"url\":\"https:\/\/luchonoticias.com\/editor\/wp-content\/uploads\/2024\/02\/cropped-cropped-logolu-150x150.webp\",\"contentUrl\":\"https:\/\/luchonoticias.com\/editor\/wp-content\/uploads\/2024\/02\/cropped-cropped-logolu-150x150.webp\",\"caption\":\"Editor General\"},\"sameAs\":[\"https:\/\/luchonoticias.com\/\"],\"url\":\"https:\/\/luchonoticias.com\/editor\/author\/editor-general\/\"}]}<\/script>\n<!-- \/ Yoast SEO plugin. -->","yoast_head_json":{"title":"Estrategia Cine al Parque en el barrio Chical\u00e1 -","description":"La Secretar\u00eda de Juventud, llev\u00f3 a cabo una exitosa jornada de 'Cine al Parque' en el barrio Chical\u00e1, en el marco de la estrategia 'Parches Juveniles'. Este evento congreg\u00f3 a ni\u00f1os, ni\u00f1as, j\u00f3venes y adultos, fortaleciendo la uni\u00f3n comunal y el disfrute cultural en el barrio","robots":{"index":"index","follow":"follow","max-snippet":"max-snippet:-1","max-image-preview":"max-image-preview:large","max-video-preview":"max-video-preview:-1"},"canonical":"https:\/\/luchonoticias.com\/editor\/estrategia-cine-al-parque-en-el-barrio-chicala\/","og_locale":"es_ES","og_type":"article","og_title":"Estrategia Cine al Parque en el barrio Chical\u00e1 -","og_description":"La Secretar\u00eda de Juventud, llev\u00f3 a cabo una exitosa jornada de 'Cine al Parque' en el barrio Chical\u00e1, en el marco de la estrategia 'Parches Juveniles'. Este evento congreg\u00f3 a ni\u00f1os, ni\u00f1as, j\u00f3venes y adultos, fortaleciendo la uni\u00f3n comunal y el disfrute cultural en el barrio","og_url":"https:\/\/luchonoticias.com\/editor\/estrategia-cine-al-parque-en-el-barrio-chicala\/","article_publisher":"https:\/\/www.facebook.com\/luchonoticiasneiva","article_published_time":"2024-07-16T12:32:41+00:00","og_image":[{"width":700,"height":400,"url":"https:\/\/luchonoticias.com\/editor\/wp-content\/uploads\/2024\/07\/cine-al-parque.jpg","type":"image\/jpeg"}],"author":"Editor General","twitter_card":"summary_large_image","twitter_misc":{"Escrito por":"Editor General","Tiempo de lectura":"2 minutos"},"schema":{"@context":"https:\/\/schema.org","@graph":[{"@type":"Article","@id":"https:\/\/luchonoticias.com\/editor\/estrategia-cine-al-parque-en-el-barrio-chicala\/#article","isPartOf":{"@id":"https:\/\/luchonoticias.com\/editor\/estrategia-cine-al-parque-en-el-barrio-chicala\/"},"author":{"name":"Editor General","@id":"https:\/\/luchonoticias.com\/editor\/#\/schema\/person\/29217990ddf6f14e35912b2866d591fb"},"headline":"Estrategia Cine al Parque en el barrio Chical\u00e1","datePublished":"2024-07-16T12:32:41+00:00","mainEntityOfPage":{"@id":"https:\/\/luchonoticias.com\/editor\/estrategia-cine-al-parque-en-el-barrio-chicala\/"},"wordCount":324,"publisher":{"@id":"https:\/\/luchonoticias.com\/editor\/#\/schema\/person\/7a7fd911f58561fd056dbac7b55af9cd"},"image":{"@id":"https:\/\/luchonoticias.com\/editor\/estrategia-cine-al-parque-en-el-barrio-chicala\/#primaryimage"},"thumbnailUrl":"https:\/\/luchonoticias.com\/editor\/wp-content\/uploads\/2024\/07\/cine-al-parque.jpg","articleSection":["Comunidad","Local"],"inLanguage":"es"},{"@type":"WebPage","@id":"https:\/\/luchonoticias.com\/editor\/estrategia-cine-al-parque-en-el-barrio-chicala\/","url":"https:\/\/luchonoticias.com\/editor\/estrategia-cine-al-parque-en-el-barrio-chicala\/","name":"Estrategia Cine al Parque en el barrio Chical\u00e1 -","isPartOf":{"@id":"https:\/\/luchonoticias.com\/editor\/#website"},"primaryImageOfPage":{"@id":"https:\/\/luchonoticias.com\/editor\/estrategia-cine-al-parque-en-el-barrio-chicala\/#primaryimage"},"image":{"@id":"https:\/\/luchonoticias.com\/editor\/estrategia-cine-al-parque-en-el-barrio-chicala\/#primaryimage"},"thumbnailUrl":"https:\/\/luchonoticias.com\/editor\/wp-content\/uploads\/2024\/07\/cine-al-parque.jpg","datePublished":"2024-07-16T12:32:41+00:00","description":"La Secretar\u00eda de Juventud, llev\u00f3 a cabo una exitosa jornada de 'Cine al Parque' en el barrio Chical\u00e1, en el marco de la estrategia 'Parches Juveniles'. Este evento congreg\u00f3 a ni\u00f1os, ni\u00f1as, j\u00f3venes y adultos, fortaleciendo la uni\u00f3n comunal y el disfrute cultural en el barrio","breadcrumb":{"@id":"https:\/\/luchonoticias.com\/editor\/estrategia-cine-al-parque-en-el-barrio-chicala\/#breadcrumb"},"inLanguage":"es","potentialAction":[{"@type":"ReadAction","target":["https:\/\/luchonoticias.com\/editor\/estrategia-cine-al-parque-en-el-barrio-chicala\/"]}]},{"@type":"ImageObject","inLanguage":"es","@id":"https:\/\/luchonoticias.com\/editor\/estrategia-cine-al-parque-en-el-barrio-chicala\/#primaryimage","url":"https:\/\/luchonoticias.com\/editor\/wp-content\/uploads\/2024\/07\/cine-al-parque.jpg","contentUrl":"https:\/\/luchonoticias.com\/editor\/wp-content\/uploads\/2024\/07\/cine-al-parque.jpg","width":700,"height":400},{"@type":"BreadcrumbList","@id":"https:\/\/luchonoticias.com\/editor\/estrategia-cine-al-parque-en-el-barrio-chicala\/#breadcrumb","itemListElement":[{"@type":"ListItem","position":1,"name":"Portada","item":"https:\/\/luchonoticias.com\/editor\/"},{"@type":"ListItem","position":2,"name":"Estrategia Cine al Parque en el barrio Chical\u00e1"}]},{"@type":"WebSite","@id":"https:\/\/luchonoticias.com\/editor\/#website","url":"https:\/\/luchonoticias.com\/editor\/","name":"","description":"","publisher":{"@id":"https:\/\/luchonoticias.com\/editor\/#\/schema\/person\/7a7fd911f58561fd056dbac7b55af9cd"},"potentialAction":[{"@type":"SearchAction","target":{"@type":"EntryPoint","urlTemplate":"https:\/\/luchonoticias.com\/editor\/?s={search_term_string}"},"query-input":{"@type":"PropertyValueSpecification","valueRequired":true,"valueName":"search_term_string"}}],"inLanguage":"es"},{"@type":["Person","Organization"],"@id":"https:\/\/luchonoticias.com\/editor\/#\/schema\/person\/7a7fd911f58561fd056dbac7b55af9cd","name":"admin","image":{"@type":"ImageObject","inLanguage":"es","@id":"https:\/\/luchonoticias.com\/editor\/#\/schema\/person\/image\/","url":"https:\/\/luchonoticias.com\/editor\/wp-content\/uploads\/2024\/02\/cropped-cropped-logolu.webp","contentUrl":"https:\/\/luchonoticias.com\/editor\/wp-content\/uploads\/2024\/02\/cropped-cropped-logolu.webp","width":382,"height":170,"caption":"admin"},"logo":{"@id":"https:\/\/luchonoticias.com\/editor\/#\/schema\/person\/image\/"},"sameAs":["https:\/\/www.facebook.com\/luchonoticiasneiva"]},{"@type":"Person","@id":"https:\/\/luchonoticias.com\/editor\/#\/schema\/person\/29217990ddf6f14e35912b2866d591fb","name":"Editor General","image":{"@type":"ImageObject","inLanguage":"es","@id":"https:\/\/luchonoticias.com\/editor\/#\/schema\/person\/image\/","url":"https:\/\/luchonoticias.com\/editor\/wp-content\/uploads\/2024\/02\/cropped-cropped-logolu-150x150.webp","contentUrl":"https:\/\/luchonoticias.com\/editor\/wp-content\/uploads\/2024\/02\/cropped-cropped-logolu-150x150.webp","caption":"Editor General"},"sameAs":["https:\/\/luchonoticias.com\/"],"url":"https:\/\/luchonoticias.com\/editor\/author\/editor-general\/"}]}},"_links":{"self":[{"href":"https:\/\/luchonoticias.com\/editor\/wp-json\/wp\/v2\/posts\/75015","targetHints":{"allow":["GET"]}}],"collection":[{"href":"https:\/\/luchonoticias.com\/editor\/wp-json\/wp\/v2\/posts"}],"about":[{"href":"https:\/\/luchonoticias.com\/editor\/wp-json\/wp\/v2\/types\/post"}],"author":[{"embeddable":true,"href":"https:\/\/luchonoticias.com\/editor\/wp-json\/wp\/v2\/users\/2"}],"replies":[{"embeddable":true,"href":"https:\/\/luchonoticias.com\/editor\/wp-json\/wp\/v2\/comments?post=75015"}],"version-history":[{"count":1,"href":"https:\/\/luchonoticias.com\/editor\/wp-json\/wp\/v2\/posts\/75015\/revisions"}],"predecessor-version":[{"id":75017,"href":"https:\/\/luchonoticias.com\/editor\/wp-json\/wp\/v2\/posts\/75015\/revisions\/75017"}],"wp:featuredmedia":[{"embeddable":true,"href":"https:\/\/luchonoticias.com\/editor\/wp-json\/wp\/v2\/media\/75016"}],"wp:attachment":[{"href":"https:\/\/luchonoticias.com\/editor\/wp-json\/wp\/v2\/media?parent=75015"}],"wp:term":[{"taxonomy":"category","embeddable":true,"href":"https:\/\/luchonoticias.com\/editor\/wp-json\/wp\/v2\/categories?post=75015"},{"taxonomy":"post_tag","embeddable":true,"href":"https:\/\/luchonoticias.com\/editor\/wp-json\/wp\/v2\/tags?post=75015"}],"curies":[{"name":"wp","href":"https:\/\/api.w.org\/{rel}","templated":true}]}}