{"id":75018,"date":"2024-07-16T10:41:26","date_gmt":"2024-07-16T15:41:26","guid":{"rendered":"https:\/\/luchonoticias.com\/?p=75018"},"modified":"2024-07-16T10:41:26","modified_gmt":"2024-07-16T15:41:26","slug":"manana-comienza-bienal-educativa-en-la-universidad-surcolombiana","status":"publish","type":"post","link":"https:\/\/luchonoticias.com\/editor\/manana-comienza-bienal-educativa-en-la-universidad-surcolombiana\/","title":{"rendered":"Ma\u00f1ana comienza bienal educativa en la Universidad Surcolombiana"},"content":{"rendered":"<p>Con el fin de contribuir con el fortalecimiento del Sistema de Gesti\u00f3n de Conocimiento en Educaci\u00f3n para el departamento del Huila, la Universidad Surcolombiana realizar\u00e1 entre el 17 y el 19 de julio, la Bienal Latinoamericana en Educaci\u00f3n.<\/p>\n<p>Este evento ser\u00e1 la oportunidad para dar a conocer el resultado de m\u00e1s de tres a\u00f1os de investigaci\u00f3n en diferentes zonas del territorio huilense.<\/p>\n<p>Este importante evento es organizado por la USCO, a trav\u00e9s del Grupo de Investigaci\u00f3n PACA, en alianza con el Centro Internacional de Educaci\u00f3n y Desarrollo Humano, CINDE, y un equipo de m\u00e1s de cincuenta investigadores e investigadoras de diferentes zonas del Huila.<\/p>\n<p>La Bienal seg\u00fan el coordinador cient\u00edfico del proyecto, Nelson Ernesto L\u00f3pez Jim\u00e9nez, es un escenario de articulaci\u00f3n y democratizaci\u00f3n de conocimiento que busca la integraci\u00f3n de los sectores acad\u00e9micos, organizaciones sociales, referentes de pol\u00edtica p\u00fablica e instituciones sociales que le apuestan a la transformaci\u00f3n del campo educativo.<\/p>\n<p>\u201cDurante la Bienal Latinoamericana en Educaci\u00f3n socializaremos los resultados de m\u00e1s de cuarenta investigaciones desarrolladas a partir de cuatro macroproyectos de los que hicieron parte investigadores e investigadoras a nivel de maestr\u00eda y doctorado, quienes comprometidos con el sistema de gesti\u00f3n de conocimiento, han trabajado con diferentes actores de todo el territorio huilense\u201d, afirm\u00f3 el acad\u00e9mico L\u00f3pez Jim\u00e9nez.<\/p>\n<p>Es de precisar, que el proyecto del que surge dicho evento acad\u00e9mico busca que el conjunto de universidades, de instituciones educativas, grupos de investigaci\u00f3n, investigadores, l\u00edderes y lideresas sociales comunitarias y dem\u00e1s actores del territorio se integren, se articulen y se plantee que el conocimiento en educaci\u00f3n no solo es desde lo escolar, sino que tambi\u00e9n surge de los movimientos sociales, populares, ind\u00edgenas, culturales, de diversidad, etc.<\/p>\n<p><strong>El evento<\/strong><\/p>\n<p>En cuanto a las generalidades del evento, el docente revel\u00f3 que se realizar\u00e1 desde el mi\u00e9rcoles 17 de julio, desde las 8 a.m. hasta las 8 p.m. y finalizar\u00e1 el viernes 19 de julio, a la 1 p.m., en el auditorio Olga Tony Vidales, de la Universidad Surcolombiana, sede central, avenida Pastrana Borrero con carrera 1.<\/p>\n<p>\u201cTendremos una agenda muy nutrida en la que los asistentes, que esperamos no sea solo la comunidad acad\u00e9mica, sino los diferentes actores sociales y comunidad en general, podr\u00e1n interactuar en las 42 mesas de trabajo, conferencias, rituales de armonizaci\u00f3n, muestras audiovisuales, de posters y fotogr\u00e1ficas, conversatorios, una Feria del Libro en donde realizaremos el lanzamiento de cinco libros que recogen las experiencias de todo el proceso y las tres cartillas sobre lineamientos de pol\u00edticas p\u00fablicas que, junto a dos foros, uno sobre reforma educativa y el otro sobre reforma laboral y la socializaci\u00f3n del manifiesto de la Bienal Latinoamericana en Educaci\u00f3n donde se declarar\u00e1 la Red de Semilleros\u201d, detall\u00f3 el doctor L\u00f3pez Jim\u00e9nez.<\/p>\n<p>En lo que respecta a la participaci\u00f3n de algunos investigadores de la regi\u00f3n, la docente de la Instituci\u00f3n Educativa Mar\u00eda Cristina Arango, sede Los Pinos, Maira Alejandra Pat\u00edo, expres\u00f3 que la bienal proporciona un escenario amplio para el di\u00e1logo y la reflexi\u00f3n sobre la educaci\u00f3n a nivel individual y colectivo desde las estancias nacional e internacional.<\/p>\n<p>\u201cEste evento reunir\u00e1 a expertos, acad\u00e9micos, profesionales del sector educativo y estudiantes de maestr\u00eda y doctorado, facilitando un intercambio de ideas y experiencias que enriquece el debate y la comprensi\u00f3n de los desaf\u00edos y oportunidades en el campo educativo. Todo esto es fundamental para fortalecer el Sistema de Gesti\u00f3n del Conocimiento en Educaci\u00f3n en el departamento del Huila, promoviendo una educaci\u00f3n m\u00e1s inclusiva y alineada con las necesidades y realidades de la regi\u00f3n\u201d, manifest\u00f3 la docente Maira Alejandra.<\/p>\n<p>Es de agregar que, entre los conferencistas internacionales que estar\u00e1n en el evento, se encuentran los doctores Fernando Santana y Pablo Vommaro, quienes viajar\u00e1n desde Argentina, V\u00edctor Giorgi, quien llegar\u00e1 desde Uruguay y Mar\u00eda Julia Garcette, desde Paraguay, reconocidos acad\u00e9micos e investigadores que le han aportado a los procesos educativos desde diferentes \u00e1mbitos del conocimiento.<\/p>\n<p>Ellos, junto a los doctores Claudia V\u00e9lez de la Calle, Javier Alfredo Fayad, Sergio de Zubir\u00eda Samper y Catalina Trujillo Vanegas, ofrecer\u00e1n conferencias acordes con las problem\u00e1ticas actuales de la educaci\u00f3n, en t\u00e9rminos de resignificaci\u00f3n, ciencia, tecnolog\u00eda, apropiaci\u00f3n, transformaci\u00f3n, democracia, gesti\u00f3n social y movimientos sociales, entre otros.<\/p>\n<p>A ellos se les suma el Viceministro de Educaci\u00f3n Superior y la Ministra de Ciencia y Tecnolog\u00eda, seg\u00fan indic\u00f3 la Rectora Nidia Guzm\u00e1n.<\/p>\n<p>Sumado a lo anterior, el investigador L\u00f3pez Jim\u00e9nez puntualiz\u00f3 que la asistencia e ingreso al evento no tiene costo y ser\u00e1 certificada.<\/p>\n<p>\u201cEsperamos que la comunidad huilense asista, participe y contribuya desde sus saberes con la construcci\u00f3n de esta importante apuesta que no tiene otro inter\u00e9s que el de crear un sistema de gesti\u00f3n del conocimiento en educaci\u00f3n para el departamento del Huila, a partir de los problemas y las necesidades que se detectan\u201d, concluy\u00f3 el doctor L\u00f3pez Jim\u00e9nez.<\/p>\n","protected":false},"excerpt":{"rendered":"<p>La Universidad Surcolombiana realizar\u00e1 este importante evento acad\u00e9mico entre el 17 y el 19 de julio, que contar\u00e1 con la presencia de acad\u00e9micos internacionales y locales y de la Ministra de Ciencia, Tecnolog\u00eda e Innovaci\u00f3n.<\/p>\n","protected":false},"author":2,"featured_media":75019,"comment_status":"closed","ping_status":"open","sticky":false,"template":"","format":"standard","meta":{"footnotes":""},"categories":[33],"tags":[],"class_list":["post-75018","post","type-post","status-publish","format-standard","has-post-thumbnail","hentry","category-huila"],"yoast_head":"<!-- This site is optimized with the Yoast SEO plugin v26.6 - https:\/\/yoast.com\/wordpress\/plugins\/seo\/ -->\n<title>Ma\u00f1ana comienza bienal educativa en la Universidad Surcolombiana -<\/title>\n<meta name=\"description\" content=\"La Universidad Surcolombiana realizar\u00e1 este importante evento acad\u00e9mico entre el 17 y el 19 de julio, que contar\u00e1 con la presencia de acad\u00e9micos internacionales y locales y de la Ministra de Ciencia, Tecnolog\u00eda e Innovaci\u00f3n.\" \/>\n<meta name=\"robots\" content=\"index, follow, max-snippet:-1, max-image-preview:large, max-video-preview:-1\" \/>\n<link rel=\"canonical\" href=\"https:\/\/luchonoticias.com\/editor\/manana-comienza-bienal-educativa-en-la-universidad-surcolombiana\/\" \/>\n<meta property=\"og:locale\" content=\"es_ES\" \/>\n<meta property=\"og:type\" content=\"article\" \/>\n<meta property=\"og:title\" content=\"Ma\u00f1ana comienza bienal educativa en la Universidad Surcolombiana -\" \/>\n<meta property=\"og:description\" content=\"La Universidad Surcolombiana realizar\u00e1 este importante evento acad\u00e9mico entre el 17 y el 19 de julio, que contar\u00e1 con la presencia de acad\u00e9micos internacionales y locales y de la Ministra de Ciencia, Tecnolog\u00eda e Innovaci\u00f3n.\" \/>\n<meta property=\"og:url\" content=\"https:\/\/luchonoticias.com\/editor\/manana-comienza-bienal-educativa-en-la-universidad-surcolombiana\/\" \/>\n<meta property=\"article:publisher\" content=\"https:\/\/www.facebook.com\/luchonoticiasneiva\" \/>\n<meta property=\"article:published_time\" content=\"2024-07-16T15:41:26+00:00\" \/>\n<meta property=\"og:image\" content=\"https:\/\/luchonoticias.com\/editor\/wp-content\/uploads\/2024\/07\/bienal-educativa.jpg\" \/>\n\t<meta property=\"og:image:width\" content=\"700\" \/>\n\t<meta property=\"og:image:height\" content=\"400\" \/>\n\t<meta property=\"og:image:type\" content=\"image\/jpeg\" \/>\n<meta name=\"author\" content=\"Editor General\" \/>\n<meta name=\"twitter:card\" content=\"summary_large_image\" \/>\n<meta name=\"twitter:label1\" content=\"Escrito por\" \/>\n\t<meta name=\"twitter:data1\" content=\"Editor General\" \/>\n\t<meta name=\"twitter:label2\" content=\"Tiempo de lectura\" \/>\n\t<meta name=\"twitter:data2\" content=\"4 minutos\" \/>\n<script type=\"application\/ld+json\" class=\"yoast-schema-graph\">{\"@context\":\"https:\/\/schema.org\",\"@graph\":[{\"@type\":\"Article\",\"@id\":\"https:\/\/luchonoticias.com\/editor\/manana-comienza-bienal-educativa-en-la-universidad-surcolombiana\/#article\",\"isPartOf\":{\"@id\":\"https:\/\/luchonoticias.com\/editor\/manana-comienza-bienal-educativa-en-la-universidad-surcolombiana\/\"},\"author\":{\"name\":\"Editor General\",\"@id\":\"https:\/\/luchonoticias.com\/editor\/#\/schema\/person\/29217990ddf6f14e35912b2866d591fb\"},\"headline\":\"Ma\u00f1ana comienza bienal educativa en la Universidad Surcolombiana\",\"datePublished\":\"2024-07-16T15:41:26+00:00\",\"mainEntityOfPage\":{\"@id\":\"https:\/\/luchonoticias.com\/editor\/manana-comienza-bienal-educativa-en-la-universidad-surcolombiana\/\"},\"wordCount\":879,\"publisher\":{\"@id\":\"https:\/\/luchonoticias.com\/editor\/#\/schema\/person\/7a7fd911f58561fd056dbac7b55af9cd\"},\"image\":{\"@id\":\"https:\/\/luchonoticias.com\/editor\/manana-comienza-bienal-educativa-en-la-universidad-surcolombiana\/#primaryimage\"},\"thumbnailUrl\":\"https:\/\/luchonoticias.com\/editor\/wp-content\/uploads\/2024\/07\/bienal-educativa.jpg\",\"articleSection\":[\"Huila\"],\"inLanguage\":\"es\"},{\"@type\":\"WebPage\",\"@id\":\"https:\/\/luchonoticias.com\/editor\/manana-comienza-bienal-educativa-en-la-universidad-surcolombiana\/\",\"url\":\"https:\/\/luchonoticias.com\/editor\/manana-comienza-bienal-educativa-en-la-universidad-surcolombiana\/\",\"name\":\"Ma\u00f1ana comienza bienal educativa en la Universidad Surcolombiana -\",\"isPartOf\":{\"@id\":\"https:\/\/luchonoticias.com\/editor\/#website\"},\"primaryImageOfPage\":{\"@id\":\"https:\/\/luchonoticias.com\/editor\/manana-comienza-bienal-educativa-en-la-universidad-surcolombiana\/#primaryimage\"},\"image\":{\"@id\":\"https:\/\/luchonoticias.com\/editor\/manana-comienza-bienal-educativa-en-la-universidad-surcolombiana\/#primaryimage\"},\"thumbnailUrl\":\"https:\/\/luchonoticias.com\/editor\/wp-content\/uploads\/2024\/07\/bienal-educativa.jpg\",\"datePublished\":\"2024-07-16T15:41:26+00:00\",\"description\":\"La Universidad Surcolombiana realizar\u00e1 este importante evento acad\u00e9mico entre el 17 y el 19 de julio, que contar\u00e1 con la presencia de acad\u00e9micos internacionales y locales y de la Ministra de Ciencia, Tecnolog\u00eda e Innovaci\u00f3n.\",\"breadcrumb\":{\"@id\":\"https:\/\/luchonoticias.com\/editor\/manana-comienza-bienal-educativa-en-la-universidad-surcolombiana\/#breadcrumb\"},\"inLanguage\":\"es\",\"potentialAction\":[{\"@type\":\"ReadAction\",\"target\":[\"https:\/\/luchonoticias.com\/editor\/manana-comienza-bienal-educativa-en-la-universidad-surcolombiana\/\"]}]},{\"@type\":\"ImageObject\",\"inLanguage\":\"es\",\"@id\":\"https:\/\/luchonoticias.com\/editor\/manana-comienza-bienal-educativa-en-la-universidad-surcolombiana\/#primaryimage\",\"url\":\"https:\/\/luchonoticias.com\/editor\/wp-content\/uploads\/2024\/07\/bienal-educativa.jpg\",\"contentUrl\":\"https:\/\/luchonoticias.com\/editor\/wp-content\/uploads\/2024\/07\/bienal-educativa.jpg\",\"width\":700,\"height\":400},{\"@type\":\"BreadcrumbList\",\"@id\":\"https:\/\/luchonoticias.com\/editor\/manana-comienza-bienal-educativa-en-la-universidad-surcolombiana\/#breadcrumb\",\"itemListElement\":[{\"@type\":\"ListItem\",\"position\":1,\"name\":\"Portada\",\"item\":\"https:\/\/luchonoticias.com\/editor\/\"},{\"@type\":\"ListItem\",\"position\":2,\"name\":\"Ma\u00f1ana comienza bienal educativa en la Universidad Surcolombiana\"}]},{\"@type\":\"WebSite\",\"@id\":\"https:\/\/luchonoticias.com\/editor\/#website\",\"url\":\"https:\/\/luchonoticias.com\/editor\/\",\"name\":\"\",\"description\":\"\",\"publisher\":{\"@id\":\"https:\/\/luchonoticias.com\/editor\/#\/schema\/person\/7a7fd911f58561fd056dbac7b55af9cd\"},\"potentialAction\":[{\"@type\":\"SearchAction\",\"target\":{\"@type\":\"EntryPoint\",\"urlTemplate\":\"https:\/\/luchonoticias.com\/editor\/?s={search_term_string}\"},\"query-input\":{\"@type\":\"PropertyValueSpecification\",\"valueRequired\":true,\"valueName\":\"search_term_string\"}}],\"inLanguage\":\"es\"},{\"@type\":[\"Person\",\"Organization\"],\"@id\":\"https:\/\/luchonoticias.com\/editor\/#\/schema\/person\/7a7fd911f58561fd056dbac7b55af9cd\",\"name\":\"admin\",\"image\":{\"@type\":\"ImageObject\",\"inLanguage\":\"es\",\"@id\":\"https:\/\/luchonoticias.com\/editor\/#\/schema\/person\/image\/\",\"url\":\"https:\/\/luchonoticias.com\/editor\/wp-content\/uploads\/2024\/02\/cropped-cropped-logolu.webp\",\"contentUrl\":\"https:\/\/luchonoticias.com\/editor\/wp-content\/uploads\/2024\/02\/cropped-cropped-logolu.webp\",\"width\":382,\"height\":170,\"caption\":\"admin\"},\"logo\":{\"@id\":\"https:\/\/luchonoticias.com\/editor\/#\/schema\/person\/image\/\"},\"sameAs\":[\"https:\/\/www.facebook.com\/luchonoticiasneiva\"]},{\"@type\":\"Person\",\"@id\":\"https:\/\/luchonoticias.com\/editor\/#\/schema\/person\/29217990ddf6f14e35912b2866d591fb\",\"name\":\"Editor General\",\"image\":{\"@type\":\"ImageObject\",\"inLanguage\":\"es\",\"@id\":\"https:\/\/luchonoticias.com\/editor\/#\/schema\/person\/image\/\",\"url\":\"https:\/\/luchonoticias.com\/editor\/wp-content\/uploads\/2024\/02\/cropped-cropped-logolu-150x150.webp\",\"contentUrl\":\"https:\/\/luchonoticias.com\/editor\/wp-content\/uploads\/2024\/02\/cropped-cropped-logolu-150x150.webp\",\"caption\":\"Editor General\"},\"sameAs\":[\"https:\/\/luchonoticias.com\/\"],\"url\":\"https:\/\/luchonoticias.com\/editor\/author\/editor-general\/\"}]}<\/script>\n<!-- \/ Yoast SEO plugin. -->","yoast_head_json":{"title":"Ma\u00f1ana comienza bienal educativa en la Universidad Surcolombiana -","description":"La Universidad Surcolombiana realizar\u00e1 este importante evento acad\u00e9mico entre el 17 y el 19 de julio, que contar\u00e1 con la presencia de acad\u00e9micos internacionales y locales y de la Ministra de Ciencia, Tecnolog\u00eda e Innovaci\u00f3n.","robots":{"index":"index","follow":"follow","max-snippet":"max-snippet:-1","max-image-preview":"max-image-preview:large","max-video-preview":"max-video-preview:-1"},"canonical":"https:\/\/luchonoticias.com\/editor\/manana-comienza-bienal-educativa-en-la-universidad-surcolombiana\/","og_locale":"es_ES","og_type":"article","og_title":"Ma\u00f1ana comienza bienal educativa en la Universidad Surcolombiana -","og_description":"La Universidad Surcolombiana realizar\u00e1 este importante evento acad\u00e9mico entre el 17 y el 19 de julio, que contar\u00e1 con la presencia de acad\u00e9micos internacionales y locales y de la Ministra de Ciencia, Tecnolog\u00eda e Innovaci\u00f3n.","og_url":"https:\/\/luchonoticias.com\/editor\/manana-comienza-bienal-educativa-en-la-universidad-surcolombiana\/","article_publisher":"https:\/\/www.facebook.com\/luchonoticiasneiva","article_published_time":"2024-07-16T15:41:26+00:00","og_image":[{"width":700,"height":400,"url":"https:\/\/luchonoticias.com\/editor\/wp-content\/uploads\/2024\/07\/bienal-educativa.jpg","type":"image\/jpeg"}],"author":"Editor General","twitter_card":"summary_large_image","twitter_misc":{"Escrito por":"Editor General","Tiempo de lectura":"4 minutos"},"schema":{"@context":"https:\/\/schema.org","@graph":[{"@type":"Article","@id":"https:\/\/luchonoticias.com\/editor\/manana-comienza-bienal-educativa-en-la-universidad-surcolombiana\/#article","isPartOf":{"@id":"https:\/\/luchonoticias.com\/editor\/manana-comienza-bienal-educativa-en-la-universidad-surcolombiana\/"},"author":{"name":"Editor General","@id":"https:\/\/luchonoticias.com\/editor\/#\/schema\/person\/29217990ddf6f14e35912b2866d591fb"},"headline":"Ma\u00f1ana comienza bienal educativa en la Universidad Surcolombiana","datePublished":"2024-07-16T15:41:26+00:00","mainEntityOfPage":{"@id":"https:\/\/luchonoticias.com\/editor\/manana-comienza-bienal-educativa-en-la-universidad-surcolombiana\/"},"wordCount":879,"publisher":{"@id":"https:\/\/luchonoticias.com\/editor\/#\/schema\/person\/7a7fd911f58561fd056dbac7b55af9cd"},"image":{"@id":"https:\/\/luchonoticias.com\/editor\/manana-comienza-bienal-educativa-en-la-universidad-surcolombiana\/#primaryimage"},"thumbnailUrl":"https:\/\/luchonoticias.com\/editor\/wp-content\/uploads\/2024\/07\/bienal-educativa.jpg","articleSection":["Huila"],"inLanguage":"es"},{"@type":"WebPage","@id":"https:\/\/luchonoticias.com\/editor\/manana-comienza-bienal-educativa-en-la-universidad-surcolombiana\/","url":"https:\/\/luchonoticias.com\/editor\/manana-comienza-bienal-educativa-en-la-universidad-surcolombiana\/","name":"Ma\u00f1ana comienza bienal educativa en la Universidad Surcolombiana -","isPartOf":{"@id":"https:\/\/luchonoticias.com\/editor\/#website"},"primaryImageOfPage":{"@id":"https:\/\/luchonoticias.com\/editor\/manana-comienza-bienal-educativa-en-la-universidad-surcolombiana\/#primaryimage"},"image":{"@id":"https:\/\/luchonoticias.com\/editor\/manana-comienza-bienal-educativa-en-la-universidad-surcolombiana\/#primaryimage"},"thumbnailUrl":"https:\/\/luchonoticias.com\/editor\/wp-content\/uploads\/2024\/07\/bienal-educativa.jpg","datePublished":"2024-07-16T15:41:26+00:00","description":"La Universidad Surcolombiana realizar\u00e1 este importante evento acad\u00e9mico entre el 17 y el 19 de julio, que contar\u00e1 con la presencia de acad\u00e9micos internacionales y locales y de la Ministra de Ciencia, Tecnolog\u00eda e Innovaci\u00f3n.","breadcrumb":{"@id":"https:\/\/luchonoticias.com\/editor\/manana-comienza-bienal-educativa-en-la-universidad-surcolombiana\/#breadcrumb"},"inLanguage":"es","potentialAction":[{"@type":"ReadAction","target":["https:\/\/luchonoticias.com\/editor\/manana-comienza-bienal-educativa-en-la-universidad-surcolombiana\/"]}]},{"@type":"ImageObject","inLanguage":"es","@id":"https:\/\/luchonoticias.com\/editor\/manana-comienza-bienal-educativa-en-la-universidad-surcolombiana\/#primaryimage","url":"https:\/\/luchonoticias.com\/editor\/wp-content\/uploads\/2024\/07\/bienal-educativa.jpg","contentUrl":"https:\/\/luchonoticias.com\/editor\/wp-content\/uploads\/2024\/07\/bienal-educativa.jpg","width":700,"height":400},{"@type":"BreadcrumbList","@id":"https:\/\/luchonoticias.com\/editor\/manana-comienza-bienal-educativa-en-la-universidad-surcolombiana\/#breadcrumb","itemListElement":[{"@type":"ListItem","position":1,"name":"Portada","item":"https:\/\/luchonoticias.com\/editor\/"},{"@type":"ListItem","position":2,"name":"Ma\u00f1ana comienza bienal educativa en la Universidad Surcolombiana"}]},{"@type":"WebSite","@id":"https:\/\/luchonoticias.com\/editor\/#website","url":"https:\/\/luchonoticias.com\/editor\/","name":"","description":"","publisher":{"@id":"https:\/\/luchonoticias.com\/editor\/#\/schema\/person\/7a7fd911f58561fd056dbac7b55af9cd"},"potentialAction":[{"@type":"SearchAction","target":{"@type":"EntryPoint","urlTemplate":"https:\/\/luchonoticias.com\/editor\/?s={search_term_string}"},"query-input":{"@type":"PropertyValueSpecification","valueRequired":true,"valueName":"search_term_string"}}],"inLanguage":"es"},{"@type":["Person","Organization"],"@id":"https:\/\/luchonoticias.com\/editor\/#\/schema\/person\/7a7fd911f58561fd056dbac7b55af9cd","name":"admin","image":{"@type":"ImageObject","inLanguage":"es","@id":"https:\/\/luchonoticias.com\/editor\/#\/schema\/person\/image\/","url":"https:\/\/luchonoticias.com\/editor\/wp-content\/uploads\/2024\/02\/cropped-cropped-logolu.webp","contentUrl":"https:\/\/luchonoticias.com\/editor\/wp-content\/uploads\/2024\/02\/cropped-cropped-logolu.webp","width":382,"height":170,"caption":"admin"},"logo":{"@id":"https:\/\/luchonoticias.com\/editor\/#\/schema\/person\/image\/"},"sameAs":["https:\/\/www.facebook.com\/luchonoticiasneiva"]},{"@type":"Person","@id":"https:\/\/luchonoticias.com\/editor\/#\/schema\/person\/29217990ddf6f14e35912b2866d591fb","name":"Editor General","image":{"@type":"ImageObject","inLanguage":"es","@id":"https:\/\/luchonoticias.com\/editor\/#\/schema\/person\/image\/","url":"https:\/\/luchonoticias.com\/editor\/wp-content\/uploads\/2024\/02\/cropped-cropped-logolu-150x150.webp","contentUrl":"https:\/\/luchonoticias.com\/editor\/wp-content\/uploads\/2024\/02\/cropped-cropped-logolu-150x150.webp","caption":"Editor General"},"sameAs":["https:\/\/luchonoticias.com\/"],"url":"https:\/\/luchonoticias.com\/editor\/author\/editor-general\/"}]}},"_links":{"self":[{"href":"https:\/\/luchonoticias.com\/editor\/wp-json\/wp\/v2\/posts\/75018","targetHints":{"allow":["GET"]}}],"collection":[{"href":"https:\/\/luchonoticias.com\/editor\/wp-json\/wp\/v2\/posts"}],"about":[{"href":"https:\/\/luchonoticias.com\/editor\/wp-json\/wp\/v2\/types\/post"}],"author":[{"embeddable":true,"href":"https:\/\/luchonoticias.com\/editor\/wp-json\/wp\/v2\/users\/2"}],"replies":[{"embeddable":true,"href":"https:\/\/luchonoticias.com\/editor\/wp-json\/wp\/v2\/comments?post=75018"}],"version-history":[{"count":2,"href":"https:\/\/luchonoticias.com\/editor\/wp-json\/wp\/v2\/posts\/75018\/revisions"}],"predecessor-version":[{"id":75021,"href":"https:\/\/luchonoticias.com\/editor\/wp-json\/wp\/v2\/posts\/75018\/revisions\/75021"}],"wp:featuredmedia":[{"embeddable":true,"href":"https:\/\/luchonoticias.com\/editor\/wp-json\/wp\/v2\/media\/75019"}],"wp:attachment":[{"href":"https:\/\/luchonoticias.com\/editor\/wp-json\/wp\/v2\/media?parent=75018"}],"wp:term":[{"taxonomy":"category","embeddable":true,"href":"https:\/\/luchonoticias.com\/editor\/wp-json\/wp\/v2\/categories?post=75018"},{"taxonomy":"post_tag","embeddable":true,"href":"https:\/\/luchonoticias.com\/editor\/wp-json\/wp\/v2\/tags?post=75018"}],"curies":[{"name":"wp","href":"https:\/\/api.w.org\/{rel}","templated":true}]}}