{"id":75024,"date":"2024-07-16T11:57:31","date_gmt":"2024-07-16T16:57:31","guid":{"rendered":"https:\/\/luchonoticias.com\/?p=75024"},"modified":"2024-07-16T11:57:31","modified_gmt":"2024-07-16T16:57:31","slug":"socializacion-para-proyecto-de-placa-huella-en-el-agrado","status":"publish","type":"post","link":"https:\/\/luchonoticias.com\/editor\/socializacion-para-proyecto-de-placa-huella-en-el-agrado\/","title":{"rendered":"Socializaci\u00f3n para proyecto de placa huella en El Agrado"},"content":{"rendered":"<p>Con una inversi\u00f3n superior a los de $1.400 millones el gobierno de Rodrigo Villalba Mosquera dar\u00e1 pronto inicio a las obras de construcci\u00f3n de placa huella en el municipio de El Agrado, donde campesinos de 8 veredas, caficultores especialmente, ser\u00e1n los principales beneficiarios de estas obras de infraestructura vial.<\/p>\n<p>Con la coordinaci\u00f3n del secretario de V\u00edas e Infraestructura del Huila, Andr\u00e9s Camilo Cabrera Leiva, un equipo de este despacho del gobierno departamental, se desplaz\u00f3 hasta la Casa de la Cultura del municipio del municipio de El Agrado, para ofrecer los detalles a la comunidad sobre lo que ser\u00e1n estas obras que en total suman 900 metros de placa huella, y que se entregar\u00edan en el mes de noviembre de 2024. Al final de la socializaci\u00f3n, se conform\u00f3 la veedur\u00eda ciudadana que ayudar\u00e1 a hacer control desde la comunidad para que las obras se construyan con las calidades y cantidades establecidas.<\/p>\n<p>\u201cEste proyecto que se socializ\u00f3, hace parte de contrato de obra grande, que tiene por objeto el mejoramiento de v\u00edas terciarias, mediante la construcci\u00f3n de placa huella en sitios cr\u00edticos de los municipios de Garz\u00f3n, El Pital, El Agrado y Paicol, del departamento del Huila, y que mejoran totalmente la transitabilidad de nuestras comunidades en las veredas\u201d, afirm\u00f3 el secretario de V\u00edas, Andr\u00e9s Camilo Cabrera.<\/p>\n<p>\u201cEl contratista es el Consorcio Rehabilitaci\u00f3n IP con NIT 901752142-2, cuyo representante legal es Oscar Renan Vel\u00e1squez Vigoya con CC 79.969.768 de Bogot\u00e1. El valor total de este proyecto de placa huella para estos cuatro municipios, es de $5.947.664.432 y tiene un plazo de ejecuci\u00f3n de diez (10) meses contados a partir de la suscripci\u00f3n del acta de inicio\u201d, complement\u00f3 el funcionario.<\/p>\n<p>Por su parte, Omar Gait\u00e1n Pascuas, funcionario de la gobernaci\u00f3n que funge como Enlace Territorial del Gobierno Departamental para el Centro del Huila, dijo que esta socializaci\u00f3n se ha venido llevando a cabo normalmente en varios municipios del territorio huilense, incluyendo el centro del Huila.<\/p>\n<p>\u201cHoy le toc\u00f3 el turno a los agradunos, donde particip\u00f3 toda la comunidad de las 8 veredas que se van a intervenir con placa huella. Aqu\u00ed son 900 metros que van a mejorar en esas v\u00edas terciarias y que corresponden a la zona rural de El Agrado como son las veredas Montecitos, La Ondina, El Carmen (tramo 1), Alto Granadillo, Alto Buena Vista, La Esperanza, San Antonio, El Carmen (tramo 2). Son grandes recursos los que aqu\u00ed se invierten y sabemos que en el gobierno de Rodrigo Villalba, vendr\u00e1n muchos m\u00e1s para placa huella en todo el Huila\u201d, declar\u00f3.<\/p>\n","protected":false},"excerpt":{"rendered":"<p>Avanzan las obras m\u00e1s solicitadas por los campesinos del Huila, las de placa huella para sus v\u00edas veredales. En esta ocasi\u00f3n, el Municipio de El Agrado recibi\u00f3 al equipo de la Gobernaci\u00f3n del Huila para su correspondiente socializaci\u00f3n que beneficiar\u00e1 a 8 veredas de esta localidad del centro del departamento.<\/p>\n","protected":false},"author":2,"featured_media":75025,"comment_status":"closed","ping_status":"open","sticky":false,"template":"","format":"standard","meta":{"footnotes":""},"categories":[33],"tags":[],"class_list":["post-75024","post","type-post","status-publish","format-standard","has-post-thumbnail","hentry","category-huila"],"yoast_head":"<!-- This site is optimized with the Yoast SEO plugin v26.6 - https:\/\/yoast.com\/wordpress\/plugins\/seo\/ -->\n<title>Socializaci\u00f3n para proyecto de placa huella en El Agrado -<\/title>\n<meta name=\"description\" content=\"Avanzan las obras m\u00e1s solicitadas por los campesinos del Huila, las de placa huella para sus v\u00edas veredales. En esta ocasi\u00f3n, el Municipio de El Agrado recibi\u00f3 al equipo de la Gobernaci\u00f3n del Huila para su correspondiente socializaci\u00f3n que beneficiar\u00e1 a 8 veredas de esta localidad del centro del departamento.\" \/>\n<meta name=\"robots\" content=\"index, follow, max-snippet:-1, max-image-preview:large, max-video-preview:-1\" \/>\n<link rel=\"canonical\" href=\"https:\/\/luchonoticias.com\/editor\/socializacion-para-proyecto-de-placa-huella-en-el-agrado\/\" \/>\n<meta property=\"og:locale\" content=\"es_ES\" \/>\n<meta property=\"og:type\" content=\"article\" \/>\n<meta property=\"og:title\" content=\"Socializaci\u00f3n para proyecto de placa huella en El Agrado -\" \/>\n<meta property=\"og:description\" content=\"Avanzan las obras m\u00e1s solicitadas por los campesinos del Huila, las de placa huella para sus v\u00edas veredales. En esta ocasi\u00f3n, el Municipio de El Agrado recibi\u00f3 al equipo de la Gobernaci\u00f3n del Huila para su correspondiente socializaci\u00f3n que beneficiar\u00e1 a 8 veredas de esta localidad del centro del departamento.\" \/>\n<meta property=\"og:url\" content=\"https:\/\/luchonoticias.com\/editor\/socializacion-para-proyecto-de-placa-huella-en-el-agrado\/\" \/>\n<meta property=\"article:publisher\" content=\"https:\/\/www.facebook.com\/luchonoticiasneiva\" \/>\n<meta property=\"article:published_time\" content=\"2024-07-16T16:57:31+00:00\" \/>\n<meta property=\"og:image\" content=\"https:\/\/luchonoticias.com\/editor\/wp-content\/uploads\/2024\/07\/placa-huella-algeciras.jpg\" \/>\n\t<meta property=\"og:image:width\" content=\"700\" \/>\n\t<meta property=\"og:image:height\" content=\"400\" \/>\n\t<meta property=\"og:image:type\" content=\"image\/jpeg\" \/>\n<meta name=\"author\" content=\"Editor General\" \/>\n<meta name=\"twitter:card\" content=\"summary_large_image\" \/>\n<meta name=\"twitter:label1\" content=\"Escrito por\" \/>\n\t<meta name=\"twitter:data1\" content=\"Editor General\" \/>\n\t<meta name=\"twitter:label2\" content=\"Tiempo de lectura\" \/>\n\t<meta name=\"twitter:data2\" content=\"3 minutos\" \/>\n<script type=\"application\/ld+json\" class=\"yoast-schema-graph\">{\"@context\":\"https:\/\/schema.org\",\"@graph\":[{\"@type\":\"Article\",\"@id\":\"https:\/\/luchonoticias.com\/editor\/socializacion-para-proyecto-de-placa-huella-en-el-agrado\/#article\",\"isPartOf\":{\"@id\":\"https:\/\/luchonoticias.com\/editor\/socializacion-para-proyecto-de-placa-huella-en-el-agrado\/\"},\"author\":{\"name\":\"Editor General\",\"@id\":\"https:\/\/luchonoticias.com\/editor\/#\/schema\/person\/29217990ddf6f14e35912b2866d591fb\"},\"headline\":\"Socializaci\u00f3n para proyecto de placa huella en El Agrado\",\"datePublished\":\"2024-07-16T16:57:31+00:00\",\"mainEntityOfPage\":{\"@id\":\"https:\/\/luchonoticias.com\/editor\/socializacion-para-proyecto-de-placa-huella-en-el-agrado\/\"},\"wordCount\":446,\"publisher\":{\"@id\":\"https:\/\/luchonoticias.com\/editor\/#\/schema\/person\/7a7fd911f58561fd056dbac7b55af9cd\"},\"image\":{\"@id\":\"https:\/\/luchonoticias.com\/editor\/socializacion-para-proyecto-de-placa-huella-en-el-agrado\/#primaryimage\"},\"thumbnailUrl\":\"https:\/\/luchonoticias.com\/editor\/wp-content\/uploads\/2024\/07\/placa-huella-algeciras.jpg\",\"articleSection\":[\"Huila\"],\"inLanguage\":\"es\"},{\"@type\":\"WebPage\",\"@id\":\"https:\/\/luchonoticias.com\/editor\/socializacion-para-proyecto-de-placa-huella-en-el-agrado\/\",\"url\":\"https:\/\/luchonoticias.com\/editor\/socializacion-para-proyecto-de-placa-huella-en-el-agrado\/\",\"name\":\"Socializaci\u00f3n para proyecto de placa huella en El Agrado -\",\"isPartOf\":{\"@id\":\"https:\/\/luchonoticias.com\/editor\/#website\"},\"primaryImageOfPage\":{\"@id\":\"https:\/\/luchonoticias.com\/editor\/socializacion-para-proyecto-de-placa-huella-en-el-agrado\/#primaryimage\"},\"image\":{\"@id\":\"https:\/\/luchonoticias.com\/editor\/socializacion-para-proyecto-de-placa-huella-en-el-agrado\/#primaryimage\"},\"thumbnailUrl\":\"https:\/\/luchonoticias.com\/editor\/wp-content\/uploads\/2024\/07\/placa-huella-algeciras.jpg\",\"datePublished\":\"2024-07-16T16:57:31+00:00\",\"description\":\"Avanzan las obras m\u00e1s solicitadas por los campesinos del Huila, las de placa huella para sus v\u00edas veredales. En esta ocasi\u00f3n, el Municipio de El Agrado recibi\u00f3 al equipo de la Gobernaci\u00f3n del Huila para su correspondiente socializaci\u00f3n que beneficiar\u00e1 a 8 veredas de esta localidad del centro del departamento.\",\"breadcrumb\":{\"@id\":\"https:\/\/luchonoticias.com\/editor\/socializacion-para-proyecto-de-placa-huella-en-el-agrado\/#breadcrumb\"},\"inLanguage\":\"es\",\"potentialAction\":[{\"@type\":\"ReadAction\",\"target\":[\"https:\/\/luchonoticias.com\/editor\/socializacion-para-proyecto-de-placa-huella-en-el-agrado\/\"]}]},{\"@type\":\"ImageObject\",\"inLanguage\":\"es\",\"@id\":\"https:\/\/luchonoticias.com\/editor\/socializacion-para-proyecto-de-placa-huella-en-el-agrado\/#primaryimage\",\"url\":\"https:\/\/luchonoticias.com\/editor\/wp-content\/uploads\/2024\/07\/placa-huella-algeciras.jpg\",\"contentUrl\":\"https:\/\/luchonoticias.com\/editor\/wp-content\/uploads\/2024\/07\/placa-huella-algeciras.jpg\",\"width\":700,\"height\":400},{\"@type\":\"BreadcrumbList\",\"@id\":\"https:\/\/luchonoticias.com\/editor\/socializacion-para-proyecto-de-placa-huella-en-el-agrado\/#breadcrumb\",\"itemListElement\":[{\"@type\":\"ListItem\",\"position\":1,\"name\":\"Portada\",\"item\":\"https:\/\/luchonoticias.com\/editor\/\"},{\"@type\":\"ListItem\",\"position\":2,\"name\":\"Socializaci\u00f3n para proyecto de placa huella en El Agrado\"}]},{\"@type\":\"WebSite\",\"@id\":\"https:\/\/luchonoticias.com\/editor\/#website\",\"url\":\"https:\/\/luchonoticias.com\/editor\/\",\"name\":\"\",\"description\":\"\",\"publisher\":{\"@id\":\"https:\/\/luchonoticias.com\/editor\/#\/schema\/person\/7a7fd911f58561fd056dbac7b55af9cd\"},\"potentialAction\":[{\"@type\":\"SearchAction\",\"target\":{\"@type\":\"EntryPoint\",\"urlTemplate\":\"https:\/\/luchonoticias.com\/editor\/?s={search_term_string}\"},\"query-input\":{\"@type\":\"PropertyValueSpecification\",\"valueRequired\":true,\"valueName\":\"search_term_string\"}}],\"inLanguage\":\"es\"},{\"@type\":[\"Person\",\"Organization\"],\"@id\":\"https:\/\/luchonoticias.com\/editor\/#\/schema\/person\/7a7fd911f58561fd056dbac7b55af9cd\",\"name\":\"admin\",\"image\":{\"@type\":\"ImageObject\",\"inLanguage\":\"es\",\"@id\":\"https:\/\/luchonoticias.com\/editor\/#\/schema\/person\/image\/\",\"url\":\"https:\/\/luchonoticias.com\/editor\/wp-content\/uploads\/2024\/02\/cropped-cropped-logolu.webp\",\"contentUrl\":\"https:\/\/luchonoticias.com\/editor\/wp-content\/uploads\/2024\/02\/cropped-cropped-logolu.webp\",\"width\":382,\"height\":170,\"caption\":\"admin\"},\"logo\":{\"@id\":\"https:\/\/luchonoticias.com\/editor\/#\/schema\/person\/image\/\"},\"sameAs\":[\"https:\/\/www.facebook.com\/luchonoticiasneiva\"]},{\"@type\":\"Person\",\"@id\":\"https:\/\/luchonoticias.com\/editor\/#\/schema\/person\/29217990ddf6f14e35912b2866d591fb\",\"name\":\"Editor General\",\"image\":{\"@type\":\"ImageObject\",\"inLanguage\":\"es\",\"@id\":\"https:\/\/luchonoticias.com\/editor\/#\/schema\/person\/image\/\",\"url\":\"https:\/\/luchonoticias.com\/editor\/wp-content\/uploads\/2024\/02\/cropped-cropped-logolu-150x150.webp\",\"contentUrl\":\"https:\/\/luchonoticias.com\/editor\/wp-content\/uploads\/2024\/02\/cropped-cropped-logolu-150x150.webp\",\"caption\":\"Editor General\"},\"sameAs\":[\"https:\/\/luchonoticias.com\/\"],\"url\":\"https:\/\/luchonoticias.com\/editor\/author\/editor-general\/\"}]}<\/script>\n<!-- \/ Yoast SEO plugin. -->","yoast_head_json":{"title":"Socializaci\u00f3n para proyecto de placa huella en El Agrado -","description":"Avanzan las obras m\u00e1s solicitadas por los campesinos del Huila, las de placa huella para sus v\u00edas veredales. En esta ocasi\u00f3n, el Municipio de El Agrado recibi\u00f3 al equipo de la Gobernaci\u00f3n del Huila para su correspondiente socializaci\u00f3n que beneficiar\u00e1 a 8 veredas de esta localidad del centro del departamento.","robots":{"index":"index","follow":"follow","max-snippet":"max-snippet:-1","max-image-preview":"max-image-preview:large","max-video-preview":"max-video-preview:-1"},"canonical":"https:\/\/luchonoticias.com\/editor\/socializacion-para-proyecto-de-placa-huella-en-el-agrado\/","og_locale":"es_ES","og_type":"article","og_title":"Socializaci\u00f3n para proyecto de placa huella en El Agrado -","og_description":"Avanzan las obras m\u00e1s solicitadas por los campesinos del Huila, las de placa huella para sus v\u00edas veredales. En esta ocasi\u00f3n, el Municipio de El Agrado recibi\u00f3 al equipo de la Gobernaci\u00f3n del Huila para su correspondiente socializaci\u00f3n que beneficiar\u00e1 a 8 veredas de esta localidad del centro del departamento.","og_url":"https:\/\/luchonoticias.com\/editor\/socializacion-para-proyecto-de-placa-huella-en-el-agrado\/","article_publisher":"https:\/\/www.facebook.com\/luchonoticiasneiva","article_published_time":"2024-07-16T16:57:31+00:00","og_image":[{"width":700,"height":400,"url":"https:\/\/luchonoticias.com\/editor\/wp-content\/uploads\/2024\/07\/placa-huella-algeciras.jpg","type":"image\/jpeg"}],"author":"Editor General","twitter_card":"summary_large_image","twitter_misc":{"Escrito por":"Editor General","Tiempo de lectura":"3 minutos"},"schema":{"@context":"https:\/\/schema.org","@graph":[{"@type":"Article","@id":"https:\/\/luchonoticias.com\/editor\/socializacion-para-proyecto-de-placa-huella-en-el-agrado\/#article","isPartOf":{"@id":"https:\/\/luchonoticias.com\/editor\/socializacion-para-proyecto-de-placa-huella-en-el-agrado\/"},"author":{"name":"Editor General","@id":"https:\/\/luchonoticias.com\/editor\/#\/schema\/person\/29217990ddf6f14e35912b2866d591fb"},"headline":"Socializaci\u00f3n para proyecto de placa huella en El Agrado","datePublished":"2024-07-16T16:57:31+00:00","mainEntityOfPage":{"@id":"https:\/\/luchonoticias.com\/editor\/socializacion-para-proyecto-de-placa-huella-en-el-agrado\/"},"wordCount":446,"publisher":{"@id":"https:\/\/luchonoticias.com\/editor\/#\/schema\/person\/7a7fd911f58561fd056dbac7b55af9cd"},"image":{"@id":"https:\/\/luchonoticias.com\/editor\/socializacion-para-proyecto-de-placa-huella-en-el-agrado\/#primaryimage"},"thumbnailUrl":"https:\/\/luchonoticias.com\/editor\/wp-content\/uploads\/2024\/07\/placa-huella-algeciras.jpg","articleSection":["Huila"],"inLanguage":"es"},{"@type":"WebPage","@id":"https:\/\/luchonoticias.com\/editor\/socializacion-para-proyecto-de-placa-huella-en-el-agrado\/","url":"https:\/\/luchonoticias.com\/editor\/socializacion-para-proyecto-de-placa-huella-en-el-agrado\/","name":"Socializaci\u00f3n para proyecto de placa huella en El Agrado -","isPartOf":{"@id":"https:\/\/luchonoticias.com\/editor\/#website"},"primaryImageOfPage":{"@id":"https:\/\/luchonoticias.com\/editor\/socializacion-para-proyecto-de-placa-huella-en-el-agrado\/#primaryimage"},"image":{"@id":"https:\/\/luchonoticias.com\/editor\/socializacion-para-proyecto-de-placa-huella-en-el-agrado\/#primaryimage"},"thumbnailUrl":"https:\/\/luchonoticias.com\/editor\/wp-content\/uploads\/2024\/07\/placa-huella-algeciras.jpg","datePublished":"2024-07-16T16:57:31+00:00","description":"Avanzan las obras m\u00e1s solicitadas por los campesinos del Huila, las de placa huella para sus v\u00edas veredales. En esta ocasi\u00f3n, el Municipio de El Agrado recibi\u00f3 al equipo de la Gobernaci\u00f3n del Huila para su correspondiente socializaci\u00f3n que beneficiar\u00e1 a 8 veredas de esta localidad del centro del departamento.","breadcrumb":{"@id":"https:\/\/luchonoticias.com\/editor\/socializacion-para-proyecto-de-placa-huella-en-el-agrado\/#breadcrumb"},"inLanguage":"es","potentialAction":[{"@type":"ReadAction","target":["https:\/\/luchonoticias.com\/editor\/socializacion-para-proyecto-de-placa-huella-en-el-agrado\/"]}]},{"@type":"ImageObject","inLanguage":"es","@id":"https:\/\/luchonoticias.com\/editor\/socializacion-para-proyecto-de-placa-huella-en-el-agrado\/#primaryimage","url":"https:\/\/luchonoticias.com\/editor\/wp-content\/uploads\/2024\/07\/placa-huella-algeciras.jpg","contentUrl":"https:\/\/luchonoticias.com\/editor\/wp-content\/uploads\/2024\/07\/placa-huella-algeciras.jpg","width":700,"height":400},{"@type":"BreadcrumbList","@id":"https:\/\/luchonoticias.com\/editor\/socializacion-para-proyecto-de-placa-huella-en-el-agrado\/#breadcrumb","itemListElement":[{"@type":"ListItem","position":1,"name":"Portada","item":"https:\/\/luchonoticias.com\/editor\/"},{"@type":"ListItem","position":2,"name":"Socializaci\u00f3n para proyecto de placa huella en El Agrado"}]},{"@type":"WebSite","@id":"https:\/\/luchonoticias.com\/editor\/#website","url":"https:\/\/luchonoticias.com\/editor\/","name":"","description":"","publisher":{"@id":"https:\/\/luchonoticias.com\/editor\/#\/schema\/person\/7a7fd911f58561fd056dbac7b55af9cd"},"potentialAction":[{"@type":"SearchAction","target":{"@type":"EntryPoint","urlTemplate":"https:\/\/luchonoticias.com\/editor\/?s={search_term_string}"},"query-input":{"@type":"PropertyValueSpecification","valueRequired":true,"valueName":"search_term_string"}}],"inLanguage":"es"},{"@type":["Person","Organization"],"@id":"https:\/\/luchonoticias.com\/editor\/#\/schema\/person\/7a7fd911f58561fd056dbac7b55af9cd","name":"admin","image":{"@type":"ImageObject","inLanguage":"es","@id":"https:\/\/luchonoticias.com\/editor\/#\/schema\/person\/image\/","url":"https:\/\/luchonoticias.com\/editor\/wp-content\/uploads\/2024\/02\/cropped-cropped-logolu.webp","contentUrl":"https:\/\/luchonoticias.com\/editor\/wp-content\/uploads\/2024\/02\/cropped-cropped-logolu.webp","width":382,"height":170,"caption":"admin"},"logo":{"@id":"https:\/\/luchonoticias.com\/editor\/#\/schema\/person\/image\/"},"sameAs":["https:\/\/www.facebook.com\/luchonoticiasneiva"]},{"@type":"Person","@id":"https:\/\/luchonoticias.com\/editor\/#\/schema\/person\/29217990ddf6f14e35912b2866d591fb","name":"Editor General","image":{"@type":"ImageObject","inLanguage":"es","@id":"https:\/\/luchonoticias.com\/editor\/#\/schema\/person\/image\/","url":"https:\/\/luchonoticias.com\/editor\/wp-content\/uploads\/2024\/02\/cropped-cropped-logolu-150x150.webp","contentUrl":"https:\/\/luchonoticias.com\/editor\/wp-content\/uploads\/2024\/02\/cropped-cropped-logolu-150x150.webp","caption":"Editor General"},"sameAs":["https:\/\/luchonoticias.com\/"],"url":"https:\/\/luchonoticias.com\/editor\/author\/editor-general\/"}]}},"_links":{"self":[{"href":"https:\/\/luchonoticias.com\/editor\/wp-json\/wp\/v2\/posts\/75024","targetHints":{"allow":["GET"]}}],"collection":[{"href":"https:\/\/luchonoticias.com\/editor\/wp-json\/wp\/v2\/posts"}],"about":[{"href":"https:\/\/luchonoticias.com\/editor\/wp-json\/wp\/v2\/types\/post"}],"author":[{"embeddable":true,"href":"https:\/\/luchonoticias.com\/editor\/wp-json\/wp\/v2\/users\/2"}],"replies":[{"embeddable":true,"href":"https:\/\/luchonoticias.com\/editor\/wp-json\/wp\/v2\/comments?post=75024"}],"version-history":[{"count":1,"href":"https:\/\/luchonoticias.com\/editor\/wp-json\/wp\/v2\/posts\/75024\/revisions"}],"predecessor-version":[{"id":75026,"href":"https:\/\/luchonoticias.com\/editor\/wp-json\/wp\/v2\/posts\/75024\/revisions\/75026"}],"wp:featuredmedia":[{"embeddable":true,"href":"https:\/\/luchonoticias.com\/editor\/wp-json\/wp\/v2\/media\/75025"}],"wp:attachment":[{"href":"https:\/\/luchonoticias.com\/editor\/wp-json\/wp\/v2\/media?parent=75024"}],"wp:term":[{"taxonomy":"category","embeddable":true,"href":"https:\/\/luchonoticias.com\/editor\/wp-json\/wp\/v2\/categories?post=75024"},{"taxonomy":"post_tag","embeddable":true,"href":"https:\/\/luchonoticias.com\/editor\/wp-json\/wp\/v2\/tags?post=75024"}],"curies":[{"name":"wp","href":"https:\/\/api.w.org\/{rel}","templated":true}]}}