{"id":75027,"date":"2024-07-16T12:51:27","date_gmt":"2024-07-16T17:51:27","guid":{"rendered":"https:\/\/luchonoticias.com\/?p=75027"},"modified":"2024-07-16T12:51:27","modified_gmt":"2024-07-16T17:51:27","slug":"sancionada-ley-de-reforma-pensional","status":"publish","type":"post","link":"https:\/\/luchonoticias.com\/editor\/sancionada-ley-de-reforma-pensional\/","title":{"rendered":"Sancionada ley de reforma pensional"},"content":{"rendered":"<p>Una verdadera fiesta se vive este martes en la Plaza de Bol\u00edvar de Bogot\u00e1, en donde el presidente Gustavo Petro sancion\u00f3 la Ley de Reforma Pensional que, por primera vez en la historia del pa\u00eds, hace justicia con la tercera edad.<\/p>\n<p>Esta es la primera y m\u00e1s importante reforma social del actual gobierno y cuyo prop\u00f3sito es eliminar la desigualdad del Sistema General de Pensiones (SGP) para que todas y todos los colombianos y colombianas, incluidos quienes nunca pudieron cotizar, tengan acceso a la protecci\u00f3n en su vejez con pensiones dignas y sostenibles, especialmente las personas de la tercera edad y los sectores m\u00e1s vulnerables.<\/p>\n<p>Al acto de sanci\u00f3n presidencial de la Ley de Reforma Pensional asistieron la vicepresidenta Francia M\u00e1rquez; el presidente de Colpensiones, Jaime Duss\u00e1n y el director de Prosperidad Social, Gustavo Bol\u00edvar.<\/p>\n<p>Adem\u00e1s, son invitados especiales todos los congresistas, incluidos los de partidos de oposici\u00f3n; el gabinete ministerial en pleno, las Superintendencias, los jefes de organismos de control (Contralor\u00eda y Procuradur\u00eda) y miles de ciudadanos que se benefician de esta iniciativa del Gobierno del Cambio.<\/p>\n<p>De esta manera, el Gobierno marca un hito hist\u00f3rico con la aprobaci\u00f3n de la Ley Pensional de 2024 \u201cpor medio de la cual se establece el Sistema de Protecci\u00f3n Social para la vejez, la invalidez y la muerte\u201d, que prioriza la dignificaci\u00f3n y superaci\u00f3n de la pobreza, al garantizar una renta solidaria digna para cerca de 3 millones de adultos mayores y trabajadores hist\u00f3ricamente marginados del sistema de pensiones.<\/p>\n<p>Se espera que en el primer a\u00f1o de vigencia de la norma la cobertura del sistema pensional pase de 24% a 53,3%, y para 2052 sean m\u00e1s de 13 millones de colombianos\/as con edad de pensi\u00f3n que puedan tener protecci\u00f3n de su vejez, con lo que la cobertura llegar\u00e1 al 87%.<\/p>\n","protected":false},"excerpt":{"rendered":"<p>La reforma prioriza la dignificaci\u00f3n y superaci\u00f3n de la pobreza al garantizar una renta solidaria digna para m\u00e1s de cerca de 3 millones de adultos mayores y trabajadores hist\u00f3ricamente marginados del sistema de pensiones.<\/p>\n","protected":false},"author":2,"featured_media":75028,"comment_status":"closed","ping_status":"open","sticky":false,"template":"","format":"standard","meta":{"footnotes":""},"categories":[28,32],"tags":[],"class_list":["post-75027","post","type-post","status-publish","format-standard","has-post-thumbnail","hentry","category-actualidad","category-nacional"],"yoast_head":"<!-- This site is optimized with the Yoast SEO plugin v26.6 - https:\/\/yoast.com\/wordpress\/plugins\/seo\/ -->\n<title>Sancionada ley de reforma pensional -<\/title>\n<meta name=\"description\" content=\"La reforma prioriza la dignificaci\u00f3n y superaci\u00f3n de la pobreza al garantizar una renta solidaria digna para m\u00e1s de cerca de 3 millones de adultos mayores y trabajadores hist\u00f3ricamente marginados del sistema de pensiones.\" \/>\n<meta name=\"robots\" content=\"index, follow, max-snippet:-1, max-image-preview:large, max-video-preview:-1\" \/>\n<link rel=\"canonical\" href=\"https:\/\/luchonoticias.com\/editor\/sancionada-ley-de-reforma-pensional\/\" \/>\n<meta property=\"og:locale\" content=\"es_ES\" \/>\n<meta property=\"og:type\" content=\"article\" \/>\n<meta property=\"og:title\" content=\"Sancionada ley de reforma pensional -\" \/>\n<meta property=\"og:description\" content=\"La reforma prioriza la dignificaci\u00f3n y superaci\u00f3n de la pobreza al garantizar una renta solidaria digna para m\u00e1s de cerca de 3 millones de adultos mayores y trabajadores hist\u00f3ricamente marginados del sistema de pensiones.\" \/>\n<meta property=\"og:url\" content=\"https:\/\/luchonoticias.com\/editor\/sancionada-ley-de-reforma-pensional\/\" \/>\n<meta property=\"article:publisher\" content=\"https:\/\/www.facebook.com\/luchonoticiasneiva\" \/>\n<meta property=\"article:published_time\" content=\"2024-07-16T17:51:27+00:00\" \/>\n<meta property=\"og:image\" content=\"https:\/\/luchonoticias.com\/editor\/wp-content\/uploads\/2024\/07\/reforma-pensional-1.jpg\" \/>\n\t<meta property=\"og:image:width\" content=\"700\" \/>\n\t<meta property=\"og:image:height\" content=\"400\" \/>\n\t<meta property=\"og:image:type\" content=\"image\/jpeg\" \/>\n<meta name=\"author\" content=\"Editor General\" \/>\n<meta name=\"twitter:card\" content=\"summary_large_image\" \/>\n<meta name=\"twitter:label1\" content=\"Escrito por\" \/>\n\t<meta name=\"twitter:data1\" content=\"Editor General\" \/>\n\t<meta name=\"twitter:label2\" content=\"Tiempo de lectura\" \/>\n\t<meta name=\"twitter:data2\" content=\"2 minutos\" \/>\n<script type=\"application\/ld+json\" class=\"yoast-schema-graph\">{\"@context\":\"https:\/\/schema.org\",\"@graph\":[{\"@type\":\"Article\",\"@id\":\"https:\/\/luchonoticias.com\/editor\/sancionada-ley-de-reforma-pensional\/#article\",\"isPartOf\":{\"@id\":\"https:\/\/luchonoticias.com\/editor\/sancionada-ley-de-reforma-pensional\/\"},\"author\":{\"name\":\"Editor General\",\"@id\":\"https:\/\/luchonoticias.com\/editor\/#\/schema\/person\/29217990ddf6f14e35912b2866d591fb\"},\"headline\":\"Sancionada ley de reforma pensional\",\"datePublished\":\"2024-07-16T17:51:27+00:00\",\"mainEntityOfPage\":{\"@id\":\"https:\/\/luchonoticias.com\/editor\/sancionada-ley-de-reforma-pensional\/\"},\"wordCount\":321,\"publisher\":{\"@id\":\"https:\/\/luchonoticias.com\/editor\/#\/schema\/person\/7a7fd911f58561fd056dbac7b55af9cd\"},\"image\":{\"@id\":\"https:\/\/luchonoticias.com\/editor\/sancionada-ley-de-reforma-pensional\/#primaryimage\"},\"thumbnailUrl\":\"https:\/\/luchonoticias.com\/editor\/wp-content\/uploads\/2024\/07\/reforma-pensional-1.jpg\",\"articleSection\":[\"Actualidad\",\"Nacional\"],\"inLanguage\":\"es\"},{\"@type\":\"WebPage\",\"@id\":\"https:\/\/luchonoticias.com\/editor\/sancionada-ley-de-reforma-pensional\/\",\"url\":\"https:\/\/luchonoticias.com\/editor\/sancionada-ley-de-reforma-pensional\/\",\"name\":\"Sancionada ley de reforma pensional -\",\"isPartOf\":{\"@id\":\"https:\/\/luchonoticias.com\/editor\/#website\"},\"primaryImageOfPage\":{\"@id\":\"https:\/\/luchonoticias.com\/editor\/sancionada-ley-de-reforma-pensional\/#primaryimage\"},\"image\":{\"@id\":\"https:\/\/luchonoticias.com\/editor\/sancionada-ley-de-reforma-pensional\/#primaryimage\"},\"thumbnailUrl\":\"https:\/\/luchonoticias.com\/editor\/wp-content\/uploads\/2024\/07\/reforma-pensional-1.jpg\",\"datePublished\":\"2024-07-16T17:51:27+00:00\",\"description\":\"La reforma prioriza la dignificaci\u00f3n y superaci\u00f3n de la pobreza al garantizar una renta solidaria digna para m\u00e1s de cerca de 3 millones de adultos mayores y trabajadores hist\u00f3ricamente marginados del sistema de pensiones.\",\"breadcrumb\":{\"@id\":\"https:\/\/luchonoticias.com\/editor\/sancionada-ley-de-reforma-pensional\/#breadcrumb\"},\"inLanguage\":\"es\",\"potentialAction\":[{\"@type\":\"ReadAction\",\"target\":[\"https:\/\/luchonoticias.com\/editor\/sancionada-ley-de-reforma-pensional\/\"]}]},{\"@type\":\"ImageObject\",\"inLanguage\":\"es\",\"@id\":\"https:\/\/luchonoticias.com\/editor\/sancionada-ley-de-reforma-pensional\/#primaryimage\",\"url\":\"https:\/\/luchonoticias.com\/editor\/wp-content\/uploads\/2024\/07\/reforma-pensional-1.jpg\",\"contentUrl\":\"https:\/\/luchonoticias.com\/editor\/wp-content\/uploads\/2024\/07\/reforma-pensional-1.jpg\",\"width\":700,\"height\":400},{\"@type\":\"BreadcrumbList\",\"@id\":\"https:\/\/luchonoticias.com\/editor\/sancionada-ley-de-reforma-pensional\/#breadcrumb\",\"itemListElement\":[{\"@type\":\"ListItem\",\"position\":1,\"name\":\"Portada\",\"item\":\"https:\/\/luchonoticias.com\/editor\/\"},{\"@type\":\"ListItem\",\"position\":2,\"name\":\"Sancionada ley de reforma pensional\"}]},{\"@type\":\"WebSite\",\"@id\":\"https:\/\/luchonoticias.com\/editor\/#website\",\"url\":\"https:\/\/luchonoticias.com\/editor\/\",\"name\":\"\",\"description\":\"\",\"publisher\":{\"@id\":\"https:\/\/luchonoticias.com\/editor\/#\/schema\/person\/7a7fd911f58561fd056dbac7b55af9cd\"},\"potentialAction\":[{\"@type\":\"SearchAction\",\"target\":{\"@type\":\"EntryPoint\",\"urlTemplate\":\"https:\/\/luchonoticias.com\/editor\/?s={search_term_string}\"},\"query-input\":{\"@type\":\"PropertyValueSpecification\",\"valueRequired\":true,\"valueName\":\"search_term_string\"}}],\"inLanguage\":\"es\"},{\"@type\":[\"Person\",\"Organization\"],\"@id\":\"https:\/\/luchonoticias.com\/editor\/#\/schema\/person\/7a7fd911f58561fd056dbac7b55af9cd\",\"name\":\"admin\",\"image\":{\"@type\":\"ImageObject\",\"inLanguage\":\"es\",\"@id\":\"https:\/\/luchonoticias.com\/editor\/#\/schema\/person\/image\/\",\"url\":\"https:\/\/luchonoticias.com\/editor\/wp-content\/uploads\/2024\/02\/cropped-cropped-logolu.webp\",\"contentUrl\":\"https:\/\/luchonoticias.com\/editor\/wp-content\/uploads\/2024\/02\/cropped-cropped-logolu.webp\",\"width\":382,\"height\":170,\"caption\":\"admin\"},\"logo\":{\"@id\":\"https:\/\/luchonoticias.com\/editor\/#\/schema\/person\/image\/\"},\"sameAs\":[\"https:\/\/www.facebook.com\/luchonoticiasneiva\"]},{\"@type\":\"Person\",\"@id\":\"https:\/\/luchonoticias.com\/editor\/#\/schema\/person\/29217990ddf6f14e35912b2866d591fb\",\"name\":\"Editor General\",\"image\":{\"@type\":\"ImageObject\",\"inLanguage\":\"es\",\"@id\":\"https:\/\/luchonoticias.com\/editor\/#\/schema\/person\/image\/\",\"url\":\"https:\/\/luchonoticias.com\/editor\/wp-content\/uploads\/2024\/02\/cropped-cropped-logolu-150x150.webp\",\"contentUrl\":\"https:\/\/luchonoticias.com\/editor\/wp-content\/uploads\/2024\/02\/cropped-cropped-logolu-150x150.webp\",\"caption\":\"Editor General\"},\"sameAs\":[\"https:\/\/luchonoticias.com\/\"],\"url\":\"https:\/\/luchonoticias.com\/editor\/author\/editor-general\/\"}]}<\/script>\n<!-- \/ Yoast SEO plugin. -->","yoast_head_json":{"title":"Sancionada ley de reforma pensional -","description":"La reforma prioriza la dignificaci\u00f3n y superaci\u00f3n de la pobreza al garantizar una renta solidaria digna para m\u00e1s de cerca de 3 millones de adultos mayores y trabajadores hist\u00f3ricamente marginados del sistema de pensiones.","robots":{"index":"index","follow":"follow","max-snippet":"max-snippet:-1","max-image-preview":"max-image-preview:large","max-video-preview":"max-video-preview:-1"},"canonical":"https:\/\/luchonoticias.com\/editor\/sancionada-ley-de-reforma-pensional\/","og_locale":"es_ES","og_type":"article","og_title":"Sancionada ley de reforma pensional -","og_description":"La reforma prioriza la dignificaci\u00f3n y superaci\u00f3n de la pobreza al garantizar una renta solidaria digna para m\u00e1s de cerca de 3 millones de adultos mayores y trabajadores hist\u00f3ricamente marginados del sistema de pensiones.","og_url":"https:\/\/luchonoticias.com\/editor\/sancionada-ley-de-reforma-pensional\/","article_publisher":"https:\/\/www.facebook.com\/luchonoticiasneiva","article_published_time":"2024-07-16T17:51:27+00:00","og_image":[{"width":700,"height":400,"url":"https:\/\/luchonoticias.com\/editor\/wp-content\/uploads\/2024\/07\/reforma-pensional-1.jpg","type":"image\/jpeg"}],"author":"Editor General","twitter_card":"summary_large_image","twitter_misc":{"Escrito por":"Editor General","Tiempo de lectura":"2 minutos"},"schema":{"@context":"https:\/\/schema.org","@graph":[{"@type":"Article","@id":"https:\/\/luchonoticias.com\/editor\/sancionada-ley-de-reforma-pensional\/#article","isPartOf":{"@id":"https:\/\/luchonoticias.com\/editor\/sancionada-ley-de-reforma-pensional\/"},"author":{"name":"Editor General","@id":"https:\/\/luchonoticias.com\/editor\/#\/schema\/person\/29217990ddf6f14e35912b2866d591fb"},"headline":"Sancionada ley de reforma pensional","datePublished":"2024-07-16T17:51:27+00:00","mainEntityOfPage":{"@id":"https:\/\/luchonoticias.com\/editor\/sancionada-ley-de-reforma-pensional\/"},"wordCount":321,"publisher":{"@id":"https:\/\/luchonoticias.com\/editor\/#\/schema\/person\/7a7fd911f58561fd056dbac7b55af9cd"},"image":{"@id":"https:\/\/luchonoticias.com\/editor\/sancionada-ley-de-reforma-pensional\/#primaryimage"},"thumbnailUrl":"https:\/\/luchonoticias.com\/editor\/wp-content\/uploads\/2024\/07\/reforma-pensional-1.jpg","articleSection":["Actualidad","Nacional"],"inLanguage":"es"},{"@type":"WebPage","@id":"https:\/\/luchonoticias.com\/editor\/sancionada-ley-de-reforma-pensional\/","url":"https:\/\/luchonoticias.com\/editor\/sancionada-ley-de-reforma-pensional\/","name":"Sancionada ley de reforma pensional -","isPartOf":{"@id":"https:\/\/luchonoticias.com\/editor\/#website"},"primaryImageOfPage":{"@id":"https:\/\/luchonoticias.com\/editor\/sancionada-ley-de-reforma-pensional\/#primaryimage"},"image":{"@id":"https:\/\/luchonoticias.com\/editor\/sancionada-ley-de-reforma-pensional\/#primaryimage"},"thumbnailUrl":"https:\/\/luchonoticias.com\/editor\/wp-content\/uploads\/2024\/07\/reforma-pensional-1.jpg","datePublished":"2024-07-16T17:51:27+00:00","description":"La reforma prioriza la dignificaci\u00f3n y superaci\u00f3n de la pobreza al garantizar una renta solidaria digna para m\u00e1s de cerca de 3 millones de adultos mayores y trabajadores hist\u00f3ricamente marginados del sistema de pensiones.","breadcrumb":{"@id":"https:\/\/luchonoticias.com\/editor\/sancionada-ley-de-reforma-pensional\/#breadcrumb"},"inLanguage":"es","potentialAction":[{"@type":"ReadAction","target":["https:\/\/luchonoticias.com\/editor\/sancionada-ley-de-reforma-pensional\/"]}]},{"@type":"ImageObject","inLanguage":"es","@id":"https:\/\/luchonoticias.com\/editor\/sancionada-ley-de-reforma-pensional\/#primaryimage","url":"https:\/\/luchonoticias.com\/editor\/wp-content\/uploads\/2024\/07\/reforma-pensional-1.jpg","contentUrl":"https:\/\/luchonoticias.com\/editor\/wp-content\/uploads\/2024\/07\/reforma-pensional-1.jpg","width":700,"height":400},{"@type":"BreadcrumbList","@id":"https:\/\/luchonoticias.com\/editor\/sancionada-ley-de-reforma-pensional\/#breadcrumb","itemListElement":[{"@type":"ListItem","position":1,"name":"Portada","item":"https:\/\/luchonoticias.com\/editor\/"},{"@type":"ListItem","position":2,"name":"Sancionada ley de reforma pensional"}]},{"@type":"WebSite","@id":"https:\/\/luchonoticias.com\/editor\/#website","url":"https:\/\/luchonoticias.com\/editor\/","name":"","description":"","publisher":{"@id":"https:\/\/luchonoticias.com\/editor\/#\/schema\/person\/7a7fd911f58561fd056dbac7b55af9cd"},"potentialAction":[{"@type":"SearchAction","target":{"@type":"EntryPoint","urlTemplate":"https:\/\/luchonoticias.com\/editor\/?s={search_term_string}"},"query-input":{"@type":"PropertyValueSpecification","valueRequired":true,"valueName":"search_term_string"}}],"inLanguage":"es"},{"@type":["Person","Organization"],"@id":"https:\/\/luchonoticias.com\/editor\/#\/schema\/person\/7a7fd911f58561fd056dbac7b55af9cd","name":"admin","image":{"@type":"ImageObject","inLanguage":"es","@id":"https:\/\/luchonoticias.com\/editor\/#\/schema\/person\/image\/","url":"https:\/\/luchonoticias.com\/editor\/wp-content\/uploads\/2024\/02\/cropped-cropped-logolu.webp","contentUrl":"https:\/\/luchonoticias.com\/editor\/wp-content\/uploads\/2024\/02\/cropped-cropped-logolu.webp","width":382,"height":170,"caption":"admin"},"logo":{"@id":"https:\/\/luchonoticias.com\/editor\/#\/schema\/person\/image\/"},"sameAs":["https:\/\/www.facebook.com\/luchonoticiasneiva"]},{"@type":"Person","@id":"https:\/\/luchonoticias.com\/editor\/#\/schema\/person\/29217990ddf6f14e35912b2866d591fb","name":"Editor General","image":{"@type":"ImageObject","inLanguage":"es","@id":"https:\/\/luchonoticias.com\/editor\/#\/schema\/person\/image\/","url":"https:\/\/luchonoticias.com\/editor\/wp-content\/uploads\/2024\/02\/cropped-cropped-logolu-150x150.webp","contentUrl":"https:\/\/luchonoticias.com\/editor\/wp-content\/uploads\/2024\/02\/cropped-cropped-logolu-150x150.webp","caption":"Editor General"},"sameAs":["https:\/\/luchonoticias.com\/"],"url":"https:\/\/luchonoticias.com\/editor\/author\/editor-general\/"}]}},"_links":{"self":[{"href":"https:\/\/luchonoticias.com\/editor\/wp-json\/wp\/v2\/posts\/75027","targetHints":{"allow":["GET"]}}],"collection":[{"href":"https:\/\/luchonoticias.com\/editor\/wp-json\/wp\/v2\/posts"}],"about":[{"href":"https:\/\/luchonoticias.com\/editor\/wp-json\/wp\/v2\/types\/post"}],"author":[{"embeddable":true,"href":"https:\/\/luchonoticias.com\/editor\/wp-json\/wp\/v2\/users\/2"}],"replies":[{"embeddable":true,"href":"https:\/\/luchonoticias.com\/editor\/wp-json\/wp\/v2\/comments?post=75027"}],"version-history":[{"count":2,"href":"https:\/\/luchonoticias.com\/editor\/wp-json\/wp\/v2\/posts\/75027\/revisions"}],"predecessor-version":[{"id":75030,"href":"https:\/\/luchonoticias.com\/editor\/wp-json\/wp\/v2\/posts\/75027\/revisions\/75030"}],"wp:featuredmedia":[{"embeddable":true,"href":"https:\/\/luchonoticias.com\/editor\/wp-json\/wp\/v2\/media\/75028"}],"wp:attachment":[{"href":"https:\/\/luchonoticias.com\/editor\/wp-json\/wp\/v2\/media?parent=75027"}],"wp:term":[{"taxonomy":"category","embeddable":true,"href":"https:\/\/luchonoticias.com\/editor\/wp-json\/wp\/v2\/categories?post=75027"},{"taxonomy":"post_tag","embeddable":true,"href":"https:\/\/luchonoticias.com\/editor\/wp-json\/wp\/v2\/tags?post=75027"}],"curies":[{"name":"wp","href":"https:\/\/api.w.org\/{rel}","templated":true}]}}