{"id":75031,"date":"2024-07-16T12:56:51","date_gmt":"2024-07-16T17:56:51","guid":{"rendered":"https:\/\/luchonoticias.com\/?p=75031"},"modified":"2024-07-16T12:56:51","modified_gmt":"2024-07-16T17:56:51","slug":"ordenan-ofensiva-a-estructuras-bajo-el-mando-de-ivan-mordisco","status":"publish","type":"post","link":"https:\/\/luchonoticias.com\/editor\/ordenan-ofensiva-a-estructuras-bajo-el-mando-de-ivan-mordisco\/","title":{"rendered":"Ordenan ofensiva a estructuras bajo el mando de &#8216;Iv\u00e1n Mordisco&#8217;"},"content":{"rendered":"<p>El ministro de Defensa, Iv\u00e1n Vel\u00e1squez, anunci\u00f3 este martes que el Gobierno Nacional da por terminado el cese al fuego y ordena ofensiva contra 24 estructuras que integraban el Estado Mayor Central de las Farc (EMC-Farc), bajo el mando de alias &#8216;Iv\u00e1n Mordisco&#8217;.<\/p>\n<p>El ministro indic\u00f3 que la decisi\u00f3n se tom\u00f3 por incumplimiento de estos frentes con los compromisos adquiridos en el marco de las mesas de di\u00e1logo de paz.<\/p>\n<p>Enfatiz\u00f3 que estas estructuras \u201cse apartaron de la oferta generosa que manten\u00eda el Gobierno Nacional en la b\u00fasqueda de la paz\u00bb.<\/p>\n<p>Asimismo, el titular de la cartera de Defensa inform\u00f3 que el Gobierno Nacional expidi\u00f3 el decreto 0888 del 15 de julio, por medio del cual se mantiene el cese al fuego de manera temporal por tres meses con 16 estructuras de los bloques &#8216;Magdalena Medio&#8217;, &#8216;comandante Gentil Duarte&#8217;, &#8216;comandante Jorge Su\u00e1rez Brice\u00f1o&#8217; y el frente &#8216;Ra\u00fal Reyes&#8217;, del Estado Mayor Central.<\/p>\n<p>Dicho cese al fuego se cumplir\u00e1 entre las 00:00 horas del 16 de julio y las 24 horas del 15 de octubre de 2024.<\/p>\n<p>\u201cLas Fuerzas Militares y la Polic\u00eda Nacional \u2014se reitera en el decreto\u2014 deben continuar cumpliendo sus obligaciones constitucionales y legales de protecci\u00f3n del territorio y de las comunidades\u00bb, manifest\u00f3 el ministro respecto de las zonas donde hacen presencia estos bloques, bajo el mando de alias &#8216;Calarc\u00e1.<\/p>\n<p>El ministro Vel\u00e1squez hizo claridad en que habr\u00e1 evaluaciones mensuales con un fortalecimiento y con una mayor eficacia del mecanismo de veedur\u00eda, monitoreo y verificaci\u00f3n sobre el cumplimiento del cese al fuego.<\/p>\n","protected":false},"excerpt":{"rendered":"<p>El ministro de Defensa, Iv\u00e1n Vel\u00e1squez, anunci\u00f3 que se mantiene cese al fuego con los frentes &#8216;Bloque Jorge Su\u00e1rez Brice\u00f1o&#8217; y &#8216;Gentil Duarte&#8217; y el frente &#8216;Ra\u00fal Reyes&#8217; del Estado Mayor Central de las FARC (EMC-FARC).<\/p>\n","protected":false},"author":2,"featured_media":75032,"comment_status":"closed","ping_status":"open","sticky":false,"template":"","format":"standard","meta":{"footnotes":""},"categories":[28,32],"tags":[],"class_list":["post-75031","post","type-post","status-publish","format-standard","has-post-thumbnail","hentry","category-actualidad","category-nacional"],"yoast_head":"<!-- This site is optimized with the Yoast SEO plugin v26.6 - https:\/\/yoast.com\/wordpress\/plugins\/seo\/ -->\n<title>Ordenan ofensiva a estructuras bajo el mando de &#039;Iv\u00e1n Mordisco&#039; -<\/title>\n<meta name=\"description\" content=\"El ministro de Defensa, Iv\u00e1n Vel\u00e1squez, anunci\u00f3 que se mantiene cese al fuego con los frentes &#039;Bloque Jorge Su\u00e1rez Brice\u00f1o&#039; y &#039;Gentil Duarte&#039; y el frente &#039;Ra\u00fal Reyes&#039; del Estado Mayor Central de las FARC (EMC-FARC).\" \/>\n<meta name=\"robots\" content=\"index, follow, max-snippet:-1, max-image-preview:large, max-video-preview:-1\" \/>\n<link rel=\"canonical\" href=\"https:\/\/luchonoticias.com\/editor\/ordenan-ofensiva-a-estructuras-bajo-el-mando-de-ivan-mordisco\/\" \/>\n<meta property=\"og:locale\" content=\"es_ES\" \/>\n<meta property=\"og:type\" content=\"article\" \/>\n<meta property=\"og:title\" content=\"Ordenan ofensiva a estructuras bajo el mando de &#039;Iv\u00e1n Mordisco&#039; -\" \/>\n<meta property=\"og:description\" content=\"El ministro de Defensa, Iv\u00e1n Vel\u00e1squez, anunci\u00f3 que se mantiene cese al fuego con los frentes &#039;Bloque Jorge Su\u00e1rez Brice\u00f1o&#039; y &#039;Gentil Duarte&#039; y el frente &#039;Ra\u00fal Reyes&#039; del Estado Mayor Central de las FARC (EMC-FARC).\" \/>\n<meta property=\"og:url\" content=\"https:\/\/luchonoticias.com\/editor\/ordenan-ofensiva-a-estructuras-bajo-el-mando-de-ivan-mordisco\/\" \/>\n<meta property=\"article:publisher\" content=\"https:\/\/www.facebook.com\/luchonoticiasneiva\" \/>\n<meta property=\"article:published_time\" content=\"2024-07-16T17:56:51+00:00\" \/>\n<meta property=\"og:image\" content=\"https:\/\/luchonoticias.com\/editor\/wp-content\/uploads\/2024\/07\/final-cese-al-fuego.jpg\" \/>\n\t<meta property=\"og:image:width\" content=\"700\" \/>\n\t<meta property=\"og:image:height\" content=\"400\" \/>\n\t<meta property=\"og:image:type\" content=\"image\/jpeg\" \/>\n<meta name=\"author\" content=\"Editor General\" \/>\n<meta name=\"twitter:card\" content=\"summary_large_image\" \/>\n<meta name=\"twitter:label1\" content=\"Escrito por\" \/>\n\t<meta name=\"twitter:data1\" content=\"Editor General\" \/>\n\t<meta name=\"twitter:label2\" content=\"Tiempo de lectura\" \/>\n\t<meta name=\"twitter:data2\" content=\"2 minutos\" \/>\n<script type=\"application\/ld+json\" class=\"yoast-schema-graph\">{\"@context\":\"https:\/\/schema.org\",\"@graph\":[{\"@type\":\"Article\",\"@id\":\"https:\/\/luchonoticias.com\/editor\/ordenan-ofensiva-a-estructuras-bajo-el-mando-de-ivan-mordisco\/#article\",\"isPartOf\":{\"@id\":\"https:\/\/luchonoticias.com\/editor\/ordenan-ofensiva-a-estructuras-bajo-el-mando-de-ivan-mordisco\/\"},\"author\":{\"name\":\"Editor General\",\"@id\":\"https:\/\/luchonoticias.com\/editor\/#\/schema\/person\/29217990ddf6f14e35912b2866d591fb\"},\"headline\":\"Ordenan ofensiva a estructuras bajo el mando de &#8216;Iv\u00e1n Mordisco&#8217;\",\"datePublished\":\"2024-07-16T17:56:51+00:00\",\"mainEntityOfPage\":{\"@id\":\"https:\/\/luchonoticias.com\/editor\/ordenan-ofensiva-a-estructuras-bajo-el-mando-de-ivan-mordisco\/\"},\"wordCount\":271,\"publisher\":{\"@id\":\"https:\/\/luchonoticias.com\/editor\/#\/schema\/person\/7a7fd911f58561fd056dbac7b55af9cd\"},\"image\":{\"@id\":\"https:\/\/luchonoticias.com\/editor\/ordenan-ofensiva-a-estructuras-bajo-el-mando-de-ivan-mordisco\/#primaryimage\"},\"thumbnailUrl\":\"https:\/\/luchonoticias.com\/editor\/wp-content\/uploads\/2024\/07\/final-cese-al-fuego.jpg\",\"articleSection\":[\"Actualidad\",\"Nacional\"],\"inLanguage\":\"es\"},{\"@type\":\"WebPage\",\"@id\":\"https:\/\/luchonoticias.com\/editor\/ordenan-ofensiva-a-estructuras-bajo-el-mando-de-ivan-mordisco\/\",\"url\":\"https:\/\/luchonoticias.com\/editor\/ordenan-ofensiva-a-estructuras-bajo-el-mando-de-ivan-mordisco\/\",\"name\":\"Ordenan ofensiva a estructuras bajo el mando de 'Iv\u00e1n Mordisco' -\",\"isPartOf\":{\"@id\":\"https:\/\/luchonoticias.com\/editor\/#website\"},\"primaryImageOfPage\":{\"@id\":\"https:\/\/luchonoticias.com\/editor\/ordenan-ofensiva-a-estructuras-bajo-el-mando-de-ivan-mordisco\/#primaryimage\"},\"image\":{\"@id\":\"https:\/\/luchonoticias.com\/editor\/ordenan-ofensiva-a-estructuras-bajo-el-mando-de-ivan-mordisco\/#primaryimage\"},\"thumbnailUrl\":\"https:\/\/luchonoticias.com\/editor\/wp-content\/uploads\/2024\/07\/final-cese-al-fuego.jpg\",\"datePublished\":\"2024-07-16T17:56:51+00:00\",\"description\":\"El ministro de Defensa, Iv\u00e1n Vel\u00e1squez, anunci\u00f3 que se mantiene cese al fuego con los frentes 'Bloque Jorge Su\u00e1rez Brice\u00f1o' y 'Gentil Duarte' y el frente 'Ra\u00fal Reyes' del Estado Mayor Central de las FARC (EMC-FARC).\",\"breadcrumb\":{\"@id\":\"https:\/\/luchonoticias.com\/editor\/ordenan-ofensiva-a-estructuras-bajo-el-mando-de-ivan-mordisco\/#breadcrumb\"},\"inLanguage\":\"es\",\"potentialAction\":[{\"@type\":\"ReadAction\",\"target\":[\"https:\/\/luchonoticias.com\/editor\/ordenan-ofensiva-a-estructuras-bajo-el-mando-de-ivan-mordisco\/\"]}]},{\"@type\":\"ImageObject\",\"inLanguage\":\"es\",\"@id\":\"https:\/\/luchonoticias.com\/editor\/ordenan-ofensiva-a-estructuras-bajo-el-mando-de-ivan-mordisco\/#primaryimage\",\"url\":\"https:\/\/luchonoticias.com\/editor\/wp-content\/uploads\/2024\/07\/final-cese-al-fuego.jpg\",\"contentUrl\":\"https:\/\/luchonoticias.com\/editor\/wp-content\/uploads\/2024\/07\/final-cese-al-fuego.jpg\",\"width\":700,\"height\":400},{\"@type\":\"BreadcrumbList\",\"@id\":\"https:\/\/luchonoticias.com\/editor\/ordenan-ofensiva-a-estructuras-bajo-el-mando-de-ivan-mordisco\/#breadcrumb\",\"itemListElement\":[{\"@type\":\"ListItem\",\"position\":1,\"name\":\"Portada\",\"item\":\"https:\/\/luchonoticias.com\/editor\/\"},{\"@type\":\"ListItem\",\"position\":2,\"name\":\"Ordenan ofensiva a estructuras bajo el mando de &#8216;Iv\u00e1n Mordisco&#8217;\"}]},{\"@type\":\"WebSite\",\"@id\":\"https:\/\/luchonoticias.com\/editor\/#website\",\"url\":\"https:\/\/luchonoticias.com\/editor\/\",\"name\":\"\",\"description\":\"\",\"publisher\":{\"@id\":\"https:\/\/luchonoticias.com\/editor\/#\/schema\/person\/7a7fd911f58561fd056dbac7b55af9cd\"},\"potentialAction\":[{\"@type\":\"SearchAction\",\"target\":{\"@type\":\"EntryPoint\",\"urlTemplate\":\"https:\/\/luchonoticias.com\/editor\/?s={search_term_string}\"},\"query-input\":{\"@type\":\"PropertyValueSpecification\",\"valueRequired\":true,\"valueName\":\"search_term_string\"}}],\"inLanguage\":\"es\"},{\"@type\":[\"Person\",\"Organization\"],\"@id\":\"https:\/\/luchonoticias.com\/editor\/#\/schema\/person\/7a7fd911f58561fd056dbac7b55af9cd\",\"name\":\"admin\",\"image\":{\"@type\":\"ImageObject\",\"inLanguage\":\"es\",\"@id\":\"https:\/\/luchonoticias.com\/editor\/#\/schema\/person\/image\/\",\"url\":\"https:\/\/luchonoticias.com\/editor\/wp-content\/uploads\/2024\/02\/cropped-cropped-logolu.webp\",\"contentUrl\":\"https:\/\/luchonoticias.com\/editor\/wp-content\/uploads\/2024\/02\/cropped-cropped-logolu.webp\",\"width\":382,\"height\":170,\"caption\":\"admin\"},\"logo\":{\"@id\":\"https:\/\/luchonoticias.com\/editor\/#\/schema\/person\/image\/\"},\"sameAs\":[\"https:\/\/www.facebook.com\/luchonoticiasneiva\"]},{\"@type\":\"Person\",\"@id\":\"https:\/\/luchonoticias.com\/editor\/#\/schema\/person\/29217990ddf6f14e35912b2866d591fb\",\"name\":\"Editor General\",\"image\":{\"@type\":\"ImageObject\",\"inLanguage\":\"es\",\"@id\":\"https:\/\/luchonoticias.com\/editor\/#\/schema\/person\/image\/\",\"url\":\"https:\/\/luchonoticias.com\/editor\/wp-content\/uploads\/2024\/02\/cropped-cropped-logolu-150x150.webp\",\"contentUrl\":\"https:\/\/luchonoticias.com\/editor\/wp-content\/uploads\/2024\/02\/cropped-cropped-logolu-150x150.webp\",\"caption\":\"Editor General\"},\"sameAs\":[\"https:\/\/luchonoticias.com\/\"],\"url\":\"https:\/\/luchonoticias.com\/editor\/author\/editor-general\/\"}]}<\/script>\n<!-- \/ Yoast SEO plugin. -->","yoast_head_json":{"title":"Ordenan ofensiva a estructuras bajo el mando de 'Iv\u00e1n Mordisco' -","description":"El ministro de Defensa, Iv\u00e1n Vel\u00e1squez, anunci\u00f3 que se mantiene cese al fuego con los frentes 'Bloque Jorge Su\u00e1rez Brice\u00f1o' y 'Gentil Duarte' y el frente 'Ra\u00fal Reyes' del Estado Mayor Central de las FARC (EMC-FARC).","robots":{"index":"index","follow":"follow","max-snippet":"max-snippet:-1","max-image-preview":"max-image-preview:large","max-video-preview":"max-video-preview:-1"},"canonical":"https:\/\/luchonoticias.com\/editor\/ordenan-ofensiva-a-estructuras-bajo-el-mando-de-ivan-mordisco\/","og_locale":"es_ES","og_type":"article","og_title":"Ordenan ofensiva a estructuras bajo el mando de 'Iv\u00e1n Mordisco' -","og_description":"El ministro de Defensa, Iv\u00e1n Vel\u00e1squez, anunci\u00f3 que se mantiene cese al fuego con los frentes 'Bloque Jorge Su\u00e1rez Brice\u00f1o' y 'Gentil Duarte' y el frente 'Ra\u00fal Reyes' del Estado Mayor Central de las FARC (EMC-FARC).","og_url":"https:\/\/luchonoticias.com\/editor\/ordenan-ofensiva-a-estructuras-bajo-el-mando-de-ivan-mordisco\/","article_publisher":"https:\/\/www.facebook.com\/luchonoticiasneiva","article_published_time":"2024-07-16T17:56:51+00:00","og_image":[{"width":700,"height":400,"url":"https:\/\/luchonoticias.com\/editor\/wp-content\/uploads\/2024\/07\/final-cese-al-fuego.jpg","type":"image\/jpeg"}],"author":"Editor General","twitter_card":"summary_large_image","twitter_misc":{"Escrito por":"Editor General","Tiempo de lectura":"2 minutos"},"schema":{"@context":"https:\/\/schema.org","@graph":[{"@type":"Article","@id":"https:\/\/luchonoticias.com\/editor\/ordenan-ofensiva-a-estructuras-bajo-el-mando-de-ivan-mordisco\/#article","isPartOf":{"@id":"https:\/\/luchonoticias.com\/editor\/ordenan-ofensiva-a-estructuras-bajo-el-mando-de-ivan-mordisco\/"},"author":{"name":"Editor General","@id":"https:\/\/luchonoticias.com\/editor\/#\/schema\/person\/29217990ddf6f14e35912b2866d591fb"},"headline":"Ordenan ofensiva a estructuras bajo el mando de &#8216;Iv\u00e1n Mordisco&#8217;","datePublished":"2024-07-16T17:56:51+00:00","mainEntityOfPage":{"@id":"https:\/\/luchonoticias.com\/editor\/ordenan-ofensiva-a-estructuras-bajo-el-mando-de-ivan-mordisco\/"},"wordCount":271,"publisher":{"@id":"https:\/\/luchonoticias.com\/editor\/#\/schema\/person\/7a7fd911f58561fd056dbac7b55af9cd"},"image":{"@id":"https:\/\/luchonoticias.com\/editor\/ordenan-ofensiva-a-estructuras-bajo-el-mando-de-ivan-mordisco\/#primaryimage"},"thumbnailUrl":"https:\/\/luchonoticias.com\/editor\/wp-content\/uploads\/2024\/07\/final-cese-al-fuego.jpg","articleSection":["Actualidad","Nacional"],"inLanguage":"es"},{"@type":"WebPage","@id":"https:\/\/luchonoticias.com\/editor\/ordenan-ofensiva-a-estructuras-bajo-el-mando-de-ivan-mordisco\/","url":"https:\/\/luchonoticias.com\/editor\/ordenan-ofensiva-a-estructuras-bajo-el-mando-de-ivan-mordisco\/","name":"Ordenan ofensiva a estructuras bajo el mando de 'Iv\u00e1n Mordisco' -","isPartOf":{"@id":"https:\/\/luchonoticias.com\/editor\/#website"},"primaryImageOfPage":{"@id":"https:\/\/luchonoticias.com\/editor\/ordenan-ofensiva-a-estructuras-bajo-el-mando-de-ivan-mordisco\/#primaryimage"},"image":{"@id":"https:\/\/luchonoticias.com\/editor\/ordenan-ofensiva-a-estructuras-bajo-el-mando-de-ivan-mordisco\/#primaryimage"},"thumbnailUrl":"https:\/\/luchonoticias.com\/editor\/wp-content\/uploads\/2024\/07\/final-cese-al-fuego.jpg","datePublished":"2024-07-16T17:56:51+00:00","description":"El ministro de Defensa, Iv\u00e1n Vel\u00e1squez, anunci\u00f3 que se mantiene cese al fuego con los frentes 'Bloque Jorge Su\u00e1rez Brice\u00f1o' y 'Gentil Duarte' y el frente 'Ra\u00fal Reyes' del Estado Mayor Central de las FARC (EMC-FARC).","breadcrumb":{"@id":"https:\/\/luchonoticias.com\/editor\/ordenan-ofensiva-a-estructuras-bajo-el-mando-de-ivan-mordisco\/#breadcrumb"},"inLanguage":"es","potentialAction":[{"@type":"ReadAction","target":["https:\/\/luchonoticias.com\/editor\/ordenan-ofensiva-a-estructuras-bajo-el-mando-de-ivan-mordisco\/"]}]},{"@type":"ImageObject","inLanguage":"es","@id":"https:\/\/luchonoticias.com\/editor\/ordenan-ofensiva-a-estructuras-bajo-el-mando-de-ivan-mordisco\/#primaryimage","url":"https:\/\/luchonoticias.com\/editor\/wp-content\/uploads\/2024\/07\/final-cese-al-fuego.jpg","contentUrl":"https:\/\/luchonoticias.com\/editor\/wp-content\/uploads\/2024\/07\/final-cese-al-fuego.jpg","width":700,"height":400},{"@type":"BreadcrumbList","@id":"https:\/\/luchonoticias.com\/editor\/ordenan-ofensiva-a-estructuras-bajo-el-mando-de-ivan-mordisco\/#breadcrumb","itemListElement":[{"@type":"ListItem","position":1,"name":"Portada","item":"https:\/\/luchonoticias.com\/editor\/"},{"@type":"ListItem","position":2,"name":"Ordenan ofensiva a estructuras bajo el mando de &#8216;Iv\u00e1n Mordisco&#8217;"}]},{"@type":"WebSite","@id":"https:\/\/luchonoticias.com\/editor\/#website","url":"https:\/\/luchonoticias.com\/editor\/","name":"","description":"","publisher":{"@id":"https:\/\/luchonoticias.com\/editor\/#\/schema\/person\/7a7fd911f58561fd056dbac7b55af9cd"},"potentialAction":[{"@type":"SearchAction","target":{"@type":"EntryPoint","urlTemplate":"https:\/\/luchonoticias.com\/editor\/?s={search_term_string}"},"query-input":{"@type":"PropertyValueSpecification","valueRequired":true,"valueName":"search_term_string"}}],"inLanguage":"es"},{"@type":["Person","Organization"],"@id":"https:\/\/luchonoticias.com\/editor\/#\/schema\/person\/7a7fd911f58561fd056dbac7b55af9cd","name":"admin","image":{"@type":"ImageObject","inLanguage":"es","@id":"https:\/\/luchonoticias.com\/editor\/#\/schema\/person\/image\/","url":"https:\/\/luchonoticias.com\/editor\/wp-content\/uploads\/2024\/02\/cropped-cropped-logolu.webp","contentUrl":"https:\/\/luchonoticias.com\/editor\/wp-content\/uploads\/2024\/02\/cropped-cropped-logolu.webp","width":382,"height":170,"caption":"admin"},"logo":{"@id":"https:\/\/luchonoticias.com\/editor\/#\/schema\/person\/image\/"},"sameAs":["https:\/\/www.facebook.com\/luchonoticiasneiva"]},{"@type":"Person","@id":"https:\/\/luchonoticias.com\/editor\/#\/schema\/person\/29217990ddf6f14e35912b2866d591fb","name":"Editor General","image":{"@type":"ImageObject","inLanguage":"es","@id":"https:\/\/luchonoticias.com\/editor\/#\/schema\/person\/image\/","url":"https:\/\/luchonoticias.com\/editor\/wp-content\/uploads\/2024\/02\/cropped-cropped-logolu-150x150.webp","contentUrl":"https:\/\/luchonoticias.com\/editor\/wp-content\/uploads\/2024\/02\/cropped-cropped-logolu-150x150.webp","caption":"Editor General"},"sameAs":["https:\/\/luchonoticias.com\/"],"url":"https:\/\/luchonoticias.com\/editor\/author\/editor-general\/"}]}},"_links":{"self":[{"href":"https:\/\/luchonoticias.com\/editor\/wp-json\/wp\/v2\/posts\/75031","targetHints":{"allow":["GET"]}}],"collection":[{"href":"https:\/\/luchonoticias.com\/editor\/wp-json\/wp\/v2\/posts"}],"about":[{"href":"https:\/\/luchonoticias.com\/editor\/wp-json\/wp\/v2\/types\/post"}],"author":[{"embeddable":true,"href":"https:\/\/luchonoticias.com\/editor\/wp-json\/wp\/v2\/users\/2"}],"replies":[{"embeddable":true,"href":"https:\/\/luchonoticias.com\/editor\/wp-json\/wp\/v2\/comments?post=75031"}],"version-history":[{"count":1,"href":"https:\/\/luchonoticias.com\/editor\/wp-json\/wp\/v2\/posts\/75031\/revisions"}],"predecessor-version":[{"id":75033,"href":"https:\/\/luchonoticias.com\/editor\/wp-json\/wp\/v2\/posts\/75031\/revisions\/75033"}],"wp:featuredmedia":[{"embeddable":true,"href":"https:\/\/luchonoticias.com\/editor\/wp-json\/wp\/v2\/media\/75032"}],"wp:attachment":[{"href":"https:\/\/luchonoticias.com\/editor\/wp-json\/wp\/v2\/media?parent=75031"}],"wp:term":[{"taxonomy":"category","embeddable":true,"href":"https:\/\/luchonoticias.com\/editor\/wp-json\/wp\/v2\/categories?post=75031"},{"taxonomy":"post_tag","embeddable":true,"href":"https:\/\/luchonoticias.com\/editor\/wp-json\/wp\/v2\/tags?post=75031"}],"curies":[{"name":"wp","href":"https:\/\/api.w.org\/{rel}","templated":true}]}}