{"id":75034,"date":"2024-07-16T19:27:32","date_gmt":"2024-07-17T00:27:32","guid":{"rendered":"https:\/\/luchonoticias.com\/?p=75034"},"modified":"2024-07-16T19:27:32","modified_gmt":"2024-07-17T00:27:32","slug":"neiva-y-su-progreso-en-competitividad-economica","status":"publish","type":"post","link":"https:\/\/luchonoticias.com\/editor\/neiva-y-su-progreso-en-competitividad-economica\/","title":{"rendered":"Neiva y su progreso en competitividad econ\u00f3mica"},"content":{"rendered":"<p>La Alcald\u00eda de Neiva llev\u00f3 a cabo la Comisi\u00f3n Municipal de Competitividad, con la participaci\u00f3n de gremios y sectores econ\u00f3micos del municipio. Durante la sesi\u00f3n, se presentaron los avances y metas establecidas en el Plan de Desarrollo, as\u00ed como los \u00edndices de competitividad que definen el progreso del Municipio y los resultados del piloto de medici\u00f3n econ\u00f3mica durante las fiestas de San Pedro, que ser\u00e1 una herramienta de toma de decisiones de ciudad.<\/p>\n<p>\u201cDando cumplimiento a la normatividad municipal, acabamos de terminar la reuni\u00f3n de la Comisi\u00f3n Municipal de Competitividad, en donde pudimos tener un orden del d\u00eda, presentamos las metas de producto que tenemos como Plan de Desarrollo y los \u00edndices de Competitividad\u201d, sostuvo el secretario de Competitividad, Edwin Valencia.<\/p>\n<p>Adem\u00e1s de presentar los indicadores de competitividad, Valencia expuso los resultados de la primera iniciativa piloto de recolecci\u00f3n de datos referente a un posible comportamiento econ\u00f3mico en temporada de San Pedro en la versi\u00f3n 63 del Festival del Bambuco.<\/p>\n<p>\u201cTambi\u00e9n tuvimos la oportunidad de dar a conocer una iniciativa que naci\u00f3 en la Secretar\u00eda de Competitividad en cuanto a unas cifras de evaluaci\u00f3n de lo que sucedi\u00f3 en San Pedro, que nos sirva como herramienta de toma de decisiones y que fue bien recibida\u201d, expres\u00f3 el secretario.<\/p>\n<p>El estudio piloto incluy\u00f3 la recolecci\u00f3n de datos primarios a trav\u00e9s de 882 encuestas, distribuidas entre 395 espectadores (residentes, visitantes y turistas) y 487 participantes de diez sectores de la econom\u00eda local, bas\u00e1ndose en la poblaci\u00f3n total del Municipio (384,242 habitantes) y el n\u00famero de hogares (84,111), seg\u00fan datos del DANE.<\/p>\n<p><strong>Resultados<\/strong><\/p>\n<p>Los resultados mostraron una percepci\u00f3n positiva de las festividades, con un 81% de los espectadores y un 64% de los sectores econ\u00f3micos calific\u00e1ndolas favorablemente.<\/p>\n<p>En cuanto a la seguridad, un 67% de los espectadores y un 63% de los sectores econ\u00f3micos consideraron que esta fue buena, gracias al refuerzo de la Polic\u00eda y el Ej\u00e9rcito.<\/p>\n<p>Asimismo, la visibilidad y movilidad durante las festividades tambi\u00e9n mejoraron, con un 77% y un 54% de los espectadores, respectivamente, valor\u00e1ndolas positivamente.<\/p>\n<p>Tambi\u00e9n el impacto econ\u00f3mico de las festividades sampedrinas present\u00f3 variaciones significativas. Sectores como el transporte (91%), gastronom\u00eda (87%), equino (67%) y vendedores ambulantes (60%) reportaron un incremento en ventas e ingresos. Sin embargo, otros sectores como el comercio formal (65%), artesanal (58%) y de est\u00e9tica (52%) experimentaron una disminuci\u00f3n en sus ingresos.<\/p>\n<p>La Alcald\u00eda de Neiva y la Secretar\u00eda de Competitividad continuar\u00e1n utilizando estos datos para tomar decisiones informadas y mejorar continuamente las festividades sampedrinas, beneficiando a la comunidad neivana.<\/p>\n","protected":false},"excerpt":{"rendered":"<p>Con el an\u00e1lisis y presentaci\u00f3n de los resultados, se busca aumentar la productividad y competitividad de las unidades productivas, a trav\u00e9s de la implementaci\u00f3n de acciones que apunten a la correcci\u00f3n de fallas de mercado.<\/p>\n","protected":false},"author":2,"featured_media":75035,"comment_status":"closed","ping_status":"open","sticky":false,"template":"","format":"standard","meta":{"footnotes":""},"categories":[31],"tags":[],"class_list":["post-75034","post","type-post","status-publish","format-standard","has-post-thumbnail","hentry","category-local"],"yoast_head":"<!-- This site is optimized with the Yoast SEO plugin v26.6 - https:\/\/yoast.com\/wordpress\/plugins\/seo\/ -->\n<title>Neiva y su progreso en competitividad econ\u00f3mica -<\/title>\n<meta name=\"description\" content=\"Con el an\u00e1lisis y presentaci\u00f3n de los resultados, se busca aumentar la productividad y competitividad de las unidades productivas, a trav\u00e9s de la implementaci\u00f3n de acciones que apunten a la correcci\u00f3n de fallas de mercado.\" \/>\n<meta name=\"robots\" content=\"index, follow, max-snippet:-1, max-image-preview:large, max-video-preview:-1\" \/>\n<link rel=\"canonical\" href=\"https:\/\/luchonoticias.com\/editor\/neiva-y-su-progreso-en-competitividad-economica\/\" \/>\n<meta property=\"og:locale\" content=\"es_ES\" \/>\n<meta property=\"og:type\" content=\"article\" \/>\n<meta property=\"og:title\" content=\"Neiva y su progreso en competitividad econ\u00f3mica -\" \/>\n<meta property=\"og:description\" content=\"Con el an\u00e1lisis y presentaci\u00f3n de los resultados, se busca aumentar la productividad y competitividad de las unidades productivas, a trav\u00e9s de la implementaci\u00f3n de acciones que apunten a la correcci\u00f3n de fallas de mercado.\" \/>\n<meta property=\"og:url\" content=\"https:\/\/luchonoticias.com\/editor\/neiva-y-su-progreso-en-competitividad-economica\/\" \/>\n<meta property=\"article:publisher\" content=\"https:\/\/www.facebook.com\/luchonoticiasneiva\" \/>\n<meta property=\"article:published_time\" content=\"2024-07-17T00:27:32+00:00\" \/>\n<meta property=\"og:image\" content=\"https:\/\/luchonoticias.com\/editor\/wp-content\/uploads\/2024\/07\/competitividad-2.jpg\" \/>\n\t<meta property=\"og:image:width\" content=\"700\" \/>\n\t<meta property=\"og:image:height\" content=\"400\" \/>\n\t<meta property=\"og:image:type\" content=\"image\/jpeg\" \/>\n<meta name=\"author\" content=\"Editor General\" \/>\n<meta name=\"twitter:card\" content=\"summary_large_image\" \/>\n<meta name=\"twitter:label1\" content=\"Escrito por\" \/>\n\t<meta name=\"twitter:data1\" content=\"Editor General\" \/>\n\t<meta name=\"twitter:label2\" content=\"Tiempo de lectura\" \/>\n\t<meta name=\"twitter:data2\" content=\"3 minutos\" \/>\n<script type=\"application\/ld+json\" class=\"yoast-schema-graph\">{\"@context\":\"https:\/\/schema.org\",\"@graph\":[{\"@type\":\"Article\",\"@id\":\"https:\/\/luchonoticias.com\/editor\/neiva-y-su-progreso-en-competitividad-economica\/#article\",\"isPartOf\":{\"@id\":\"https:\/\/luchonoticias.com\/editor\/neiva-y-su-progreso-en-competitividad-economica\/\"},\"author\":{\"name\":\"Editor General\",\"@id\":\"https:\/\/luchonoticias.com\/editor\/#\/schema\/person\/29217990ddf6f14e35912b2866d591fb\"},\"headline\":\"Neiva y su progreso en competitividad econ\u00f3mica\",\"datePublished\":\"2024-07-17T00:27:32+00:00\",\"mainEntityOfPage\":{\"@id\":\"https:\/\/luchonoticias.com\/editor\/neiva-y-su-progreso-en-competitividad-economica\/\"},\"wordCount\":446,\"publisher\":{\"@id\":\"https:\/\/luchonoticias.com\/editor\/#\/schema\/person\/7a7fd911f58561fd056dbac7b55af9cd\"},\"image\":{\"@id\":\"https:\/\/luchonoticias.com\/editor\/neiva-y-su-progreso-en-competitividad-economica\/#primaryimage\"},\"thumbnailUrl\":\"https:\/\/luchonoticias.com\/editor\/wp-content\/uploads\/2024\/07\/competitividad-2.jpg\",\"articleSection\":[\"Local\"],\"inLanguage\":\"es\"},{\"@type\":\"WebPage\",\"@id\":\"https:\/\/luchonoticias.com\/editor\/neiva-y-su-progreso-en-competitividad-economica\/\",\"url\":\"https:\/\/luchonoticias.com\/editor\/neiva-y-su-progreso-en-competitividad-economica\/\",\"name\":\"Neiva y su progreso en competitividad econ\u00f3mica -\",\"isPartOf\":{\"@id\":\"https:\/\/luchonoticias.com\/editor\/#website\"},\"primaryImageOfPage\":{\"@id\":\"https:\/\/luchonoticias.com\/editor\/neiva-y-su-progreso-en-competitividad-economica\/#primaryimage\"},\"image\":{\"@id\":\"https:\/\/luchonoticias.com\/editor\/neiva-y-su-progreso-en-competitividad-economica\/#primaryimage\"},\"thumbnailUrl\":\"https:\/\/luchonoticias.com\/editor\/wp-content\/uploads\/2024\/07\/competitividad-2.jpg\",\"datePublished\":\"2024-07-17T00:27:32+00:00\",\"description\":\"Con el an\u00e1lisis y presentaci\u00f3n de los resultados, se busca aumentar la productividad y competitividad de las unidades productivas, a trav\u00e9s de la implementaci\u00f3n de acciones que apunten a la correcci\u00f3n de fallas de mercado.\",\"breadcrumb\":{\"@id\":\"https:\/\/luchonoticias.com\/editor\/neiva-y-su-progreso-en-competitividad-economica\/#breadcrumb\"},\"inLanguage\":\"es\",\"potentialAction\":[{\"@type\":\"ReadAction\",\"target\":[\"https:\/\/luchonoticias.com\/editor\/neiva-y-su-progreso-en-competitividad-economica\/\"]}]},{\"@type\":\"ImageObject\",\"inLanguage\":\"es\",\"@id\":\"https:\/\/luchonoticias.com\/editor\/neiva-y-su-progreso-en-competitividad-economica\/#primaryimage\",\"url\":\"https:\/\/luchonoticias.com\/editor\/wp-content\/uploads\/2024\/07\/competitividad-2.jpg\",\"contentUrl\":\"https:\/\/luchonoticias.com\/editor\/wp-content\/uploads\/2024\/07\/competitividad-2.jpg\",\"width\":700,\"height\":400},{\"@type\":\"BreadcrumbList\",\"@id\":\"https:\/\/luchonoticias.com\/editor\/neiva-y-su-progreso-en-competitividad-economica\/#breadcrumb\",\"itemListElement\":[{\"@type\":\"ListItem\",\"position\":1,\"name\":\"Portada\",\"item\":\"https:\/\/luchonoticias.com\/editor\/\"},{\"@type\":\"ListItem\",\"position\":2,\"name\":\"Neiva y su progreso en competitividad econ\u00f3mica\"}]},{\"@type\":\"WebSite\",\"@id\":\"https:\/\/luchonoticias.com\/editor\/#website\",\"url\":\"https:\/\/luchonoticias.com\/editor\/\",\"name\":\"\",\"description\":\"\",\"publisher\":{\"@id\":\"https:\/\/luchonoticias.com\/editor\/#\/schema\/person\/7a7fd911f58561fd056dbac7b55af9cd\"},\"potentialAction\":[{\"@type\":\"SearchAction\",\"target\":{\"@type\":\"EntryPoint\",\"urlTemplate\":\"https:\/\/luchonoticias.com\/editor\/?s={search_term_string}\"},\"query-input\":{\"@type\":\"PropertyValueSpecification\",\"valueRequired\":true,\"valueName\":\"search_term_string\"}}],\"inLanguage\":\"es\"},{\"@type\":[\"Person\",\"Organization\"],\"@id\":\"https:\/\/luchonoticias.com\/editor\/#\/schema\/person\/7a7fd911f58561fd056dbac7b55af9cd\",\"name\":\"admin\",\"image\":{\"@type\":\"ImageObject\",\"inLanguage\":\"es\",\"@id\":\"https:\/\/luchonoticias.com\/editor\/#\/schema\/person\/image\/\",\"url\":\"https:\/\/luchonoticias.com\/editor\/wp-content\/uploads\/2024\/02\/cropped-cropped-logolu.webp\",\"contentUrl\":\"https:\/\/luchonoticias.com\/editor\/wp-content\/uploads\/2024\/02\/cropped-cropped-logolu.webp\",\"width\":382,\"height\":170,\"caption\":\"admin\"},\"logo\":{\"@id\":\"https:\/\/luchonoticias.com\/editor\/#\/schema\/person\/image\/\"},\"sameAs\":[\"https:\/\/www.facebook.com\/luchonoticiasneiva\"]},{\"@type\":\"Person\",\"@id\":\"https:\/\/luchonoticias.com\/editor\/#\/schema\/person\/29217990ddf6f14e35912b2866d591fb\",\"name\":\"Editor General\",\"image\":{\"@type\":\"ImageObject\",\"inLanguage\":\"es\",\"@id\":\"https:\/\/luchonoticias.com\/editor\/#\/schema\/person\/image\/\",\"url\":\"https:\/\/luchonoticias.com\/editor\/wp-content\/uploads\/2024\/02\/cropped-cropped-logolu-150x150.webp\",\"contentUrl\":\"https:\/\/luchonoticias.com\/editor\/wp-content\/uploads\/2024\/02\/cropped-cropped-logolu-150x150.webp\",\"caption\":\"Editor General\"},\"sameAs\":[\"https:\/\/luchonoticias.com\/\"],\"url\":\"https:\/\/luchonoticias.com\/editor\/author\/editor-general\/\"}]}<\/script>\n<!-- \/ Yoast SEO plugin. -->","yoast_head_json":{"title":"Neiva y su progreso en competitividad econ\u00f3mica -","description":"Con el an\u00e1lisis y presentaci\u00f3n de los resultados, se busca aumentar la productividad y competitividad de las unidades productivas, a trav\u00e9s de la implementaci\u00f3n de acciones que apunten a la correcci\u00f3n de fallas de mercado.","robots":{"index":"index","follow":"follow","max-snippet":"max-snippet:-1","max-image-preview":"max-image-preview:large","max-video-preview":"max-video-preview:-1"},"canonical":"https:\/\/luchonoticias.com\/editor\/neiva-y-su-progreso-en-competitividad-economica\/","og_locale":"es_ES","og_type":"article","og_title":"Neiva y su progreso en competitividad econ\u00f3mica -","og_description":"Con el an\u00e1lisis y presentaci\u00f3n de los resultados, se busca aumentar la productividad y competitividad de las unidades productivas, a trav\u00e9s de la implementaci\u00f3n de acciones que apunten a la correcci\u00f3n de fallas de mercado.","og_url":"https:\/\/luchonoticias.com\/editor\/neiva-y-su-progreso-en-competitividad-economica\/","article_publisher":"https:\/\/www.facebook.com\/luchonoticiasneiva","article_published_time":"2024-07-17T00:27:32+00:00","og_image":[{"width":700,"height":400,"url":"https:\/\/luchonoticias.com\/editor\/wp-content\/uploads\/2024\/07\/competitividad-2.jpg","type":"image\/jpeg"}],"author":"Editor General","twitter_card":"summary_large_image","twitter_misc":{"Escrito por":"Editor General","Tiempo de lectura":"3 minutos"},"schema":{"@context":"https:\/\/schema.org","@graph":[{"@type":"Article","@id":"https:\/\/luchonoticias.com\/editor\/neiva-y-su-progreso-en-competitividad-economica\/#article","isPartOf":{"@id":"https:\/\/luchonoticias.com\/editor\/neiva-y-su-progreso-en-competitividad-economica\/"},"author":{"name":"Editor General","@id":"https:\/\/luchonoticias.com\/editor\/#\/schema\/person\/29217990ddf6f14e35912b2866d591fb"},"headline":"Neiva y su progreso en competitividad econ\u00f3mica","datePublished":"2024-07-17T00:27:32+00:00","mainEntityOfPage":{"@id":"https:\/\/luchonoticias.com\/editor\/neiva-y-su-progreso-en-competitividad-economica\/"},"wordCount":446,"publisher":{"@id":"https:\/\/luchonoticias.com\/editor\/#\/schema\/person\/7a7fd911f58561fd056dbac7b55af9cd"},"image":{"@id":"https:\/\/luchonoticias.com\/editor\/neiva-y-su-progreso-en-competitividad-economica\/#primaryimage"},"thumbnailUrl":"https:\/\/luchonoticias.com\/editor\/wp-content\/uploads\/2024\/07\/competitividad-2.jpg","articleSection":["Local"],"inLanguage":"es"},{"@type":"WebPage","@id":"https:\/\/luchonoticias.com\/editor\/neiva-y-su-progreso-en-competitividad-economica\/","url":"https:\/\/luchonoticias.com\/editor\/neiva-y-su-progreso-en-competitividad-economica\/","name":"Neiva y su progreso en competitividad econ\u00f3mica -","isPartOf":{"@id":"https:\/\/luchonoticias.com\/editor\/#website"},"primaryImageOfPage":{"@id":"https:\/\/luchonoticias.com\/editor\/neiva-y-su-progreso-en-competitividad-economica\/#primaryimage"},"image":{"@id":"https:\/\/luchonoticias.com\/editor\/neiva-y-su-progreso-en-competitividad-economica\/#primaryimage"},"thumbnailUrl":"https:\/\/luchonoticias.com\/editor\/wp-content\/uploads\/2024\/07\/competitividad-2.jpg","datePublished":"2024-07-17T00:27:32+00:00","description":"Con el an\u00e1lisis y presentaci\u00f3n de los resultados, se busca aumentar la productividad y competitividad de las unidades productivas, a trav\u00e9s de la implementaci\u00f3n de acciones que apunten a la correcci\u00f3n de fallas de mercado.","breadcrumb":{"@id":"https:\/\/luchonoticias.com\/editor\/neiva-y-su-progreso-en-competitividad-economica\/#breadcrumb"},"inLanguage":"es","potentialAction":[{"@type":"ReadAction","target":["https:\/\/luchonoticias.com\/editor\/neiva-y-su-progreso-en-competitividad-economica\/"]}]},{"@type":"ImageObject","inLanguage":"es","@id":"https:\/\/luchonoticias.com\/editor\/neiva-y-su-progreso-en-competitividad-economica\/#primaryimage","url":"https:\/\/luchonoticias.com\/editor\/wp-content\/uploads\/2024\/07\/competitividad-2.jpg","contentUrl":"https:\/\/luchonoticias.com\/editor\/wp-content\/uploads\/2024\/07\/competitividad-2.jpg","width":700,"height":400},{"@type":"BreadcrumbList","@id":"https:\/\/luchonoticias.com\/editor\/neiva-y-su-progreso-en-competitividad-economica\/#breadcrumb","itemListElement":[{"@type":"ListItem","position":1,"name":"Portada","item":"https:\/\/luchonoticias.com\/editor\/"},{"@type":"ListItem","position":2,"name":"Neiva y su progreso en competitividad econ\u00f3mica"}]},{"@type":"WebSite","@id":"https:\/\/luchonoticias.com\/editor\/#website","url":"https:\/\/luchonoticias.com\/editor\/","name":"","description":"","publisher":{"@id":"https:\/\/luchonoticias.com\/editor\/#\/schema\/person\/7a7fd911f58561fd056dbac7b55af9cd"},"potentialAction":[{"@type":"SearchAction","target":{"@type":"EntryPoint","urlTemplate":"https:\/\/luchonoticias.com\/editor\/?s={search_term_string}"},"query-input":{"@type":"PropertyValueSpecification","valueRequired":true,"valueName":"search_term_string"}}],"inLanguage":"es"},{"@type":["Person","Organization"],"@id":"https:\/\/luchonoticias.com\/editor\/#\/schema\/person\/7a7fd911f58561fd056dbac7b55af9cd","name":"admin","image":{"@type":"ImageObject","inLanguage":"es","@id":"https:\/\/luchonoticias.com\/editor\/#\/schema\/person\/image\/","url":"https:\/\/luchonoticias.com\/editor\/wp-content\/uploads\/2024\/02\/cropped-cropped-logolu.webp","contentUrl":"https:\/\/luchonoticias.com\/editor\/wp-content\/uploads\/2024\/02\/cropped-cropped-logolu.webp","width":382,"height":170,"caption":"admin"},"logo":{"@id":"https:\/\/luchonoticias.com\/editor\/#\/schema\/person\/image\/"},"sameAs":["https:\/\/www.facebook.com\/luchonoticiasneiva"]},{"@type":"Person","@id":"https:\/\/luchonoticias.com\/editor\/#\/schema\/person\/29217990ddf6f14e35912b2866d591fb","name":"Editor General","image":{"@type":"ImageObject","inLanguage":"es","@id":"https:\/\/luchonoticias.com\/editor\/#\/schema\/person\/image\/","url":"https:\/\/luchonoticias.com\/editor\/wp-content\/uploads\/2024\/02\/cropped-cropped-logolu-150x150.webp","contentUrl":"https:\/\/luchonoticias.com\/editor\/wp-content\/uploads\/2024\/02\/cropped-cropped-logolu-150x150.webp","caption":"Editor General"},"sameAs":["https:\/\/luchonoticias.com\/"],"url":"https:\/\/luchonoticias.com\/editor\/author\/editor-general\/"}]}},"_links":{"self":[{"href":"https:\/\/luchonoticias.com\/editor\/wp-json\/wp\/v2\/posts\/75034","targetHints":{"allow":["GET"]}}],"collection":[{"href":"https:\/\/luchonoticias.com\/editor\/wp-json\/wp\/v2\/posts"}],"about":[{"href":"https:\/\/luchonoticias.com\/editor\/wp-json\/wp\/v2\/types\/post"}],"author":[{"embeddable":true,"href":"https:\/\/luchonoticias.com\/editor\/wp-json\/wp\/v2\/users\/2"}],"replies":[{"embeddable":true,"href":"https:\/\/luchonoticias.com\/editor\/wp-json\/wp\/v2\/comments?post=75034"}],"version-history":[{"count":2,"href":"https:\/\/luchonoticias.com\/editor\/wp-json\/wp\/v2\/posts\/75034\/revisions"}],"predecessor-version":[{"id":75037,"href":"https:\/\/luchonoticias.com\/editor\/wp-json\/wp\/v2\/posts\/75034\/revisions\/75037"}],"wp:featuredmedia":[{"embeddable":true,"href":"https:\/\/luchonoticias.com\/editor\/wp-json\/wp\/v2\/media\/75035"}],"wp:attachment":[{"href":"https:\/\/luchonoticias.com\/editor\/wp-json\/wp\/v2\/media?parent=75034"}],"wp:term":[{"taxonomy":"category","embeddable":true,"href":"https:\/\/luchonoticias.com\/editor\/wp-json\/wp\/v2\/categories?post=75034"},{"taxonomy":"post_tag","embeddable":true,"href":"https:\/\/luchonoticias.com\/editor\/wp-json\/wp\/v2\/tags?post=75034"}],"curies":[{"name":"wp","href":"https:\/\/api.w.org\/{rel}","templated":true}]}}