{"id":75041,"date":"2024-07-17T04:39:11","date_gmt":"2024-07-17T09:39:11","guid":{"rendered":"https:\/\/luchonoticias.com\/?p=75041"},"modified":"2024-07-17T04:39:11","modified_gmt":"2024-07-17T09:39:11","slug":"definido-plan-de-contingencia-contra-la-fiebre-amarilla","status":"publish","type":"post","link":"https:\/\/luchonoticias.com\/editor\/definido-plan-de-contingencia-contra-la-fiebre-amarilla\/","title":{"rendered":"Definido plan de contingencia contra la fiebre amarilla"},"content":{"rendered":"<p>Una intensa jornada de capacitaci\u00f3n cumplieron enlaces de las entidades de salud de los distintos municipios del departamento con el prop\u00f3sito de coordinar acciones, unificar criterios y definir protocolos para actuar frente a la aparici\u00f3n de casos de Fiebre Amarilla.<\/p>\n<p>La actividad liderada por funcionarios de la Secretar\u00eda de Salud es una respuesta inmediata tras las declaratoria de la alerta roja, al confirmarse el primer caso de la enfermedad en territorio huilense.<\/p>\n<p>Seg\u00fan se inform\u00f3 es necesario actuar con prontitud haciendo un llamado a la ciudadan\u00eda para que se vacune y asistan a los centros de salud para colocarse el biol\u00f3gico, pero adem\u00e1s se hace imperativo adelantar un trabajo coordinado de todos los entes comprometidos con la salud en el Huila para que la situaci\u00f3n presentada no pase de ser un hecho aislado ocurrido en el \u00e1rea rural dispersa de nuestra regi\u00f3n.<\/p>\n<p>\u201cHemos iniciado un proceso de capacitaci\u00f3n a m\u00e9dicos y grupo especial de salud de los distintos municipios en la gu\u00eda y lineamientos nacionales para poder realizar una adecuada atenci\u00f3n a los pacientes que probablemente podamos tener en el departamento del Huila por Fiebre Amarilla. Nuestra idea es poder fortalecer la capacidad de diagn\u00f3stico y de respuesta desde el nivel hospitalario y toda la red de salud tanto p\u00fablica como privada del departamento\u201d, explic\u00f3 Mar\u00eda Clemencia Rojas, profesional a cargo del Plan de Contingencia para la Fiebre Amarilla.<\/p>\n<p>La funcionaria de la secretaria de Salud del Huila, dijo que tras la declaratoria de la alerta roja han sido priorizados siete municipios del departamento sobre los cuales se ejerce una vigilancia especial de monitoreo, seguimiento y control.<\/p>\n<p>\u201cHay una decisi\u00f3n de las autoridades y es priorizar siete municipios, entendiendo la movilidad de la poblaci\u00f3n y es por ello fundamental que los trabajadores de la salud tengan pleno conocimiento sobre los procesos que deben seguirse para el manejo de estos pacientes. Suaza, Rivera, Campoalegre, Neiva, el \u00e1rea rural dispersa, Agrado, Guadalupe, zonas que est\u00e1n conectadas con el vecino departamento del Caquet\u00e1\u201d, explic\u00f3 la profesional a cargo del Plan de Contingencia para la Fiebre Amarilla.<\/p>\n<p><strong>S\u00edntomas de la enfermedad<\/strong><\/p>\n<p>Seg\u00fan se inform\u00f3 la sintomatolog\u00eda de la Fiebre Amarilla es muy similar a la del dengue que se presenta con fiebre, escalofr\u00edo, malestar general en el cuerpo, entre otros.<\/p>\n<p>\u201cLa gran diferencia est\u00e1 es que las personas que tienen la enfermedad suelen presentar un color amarillento en la piel, signos hemorr\u00e1gicos, da\u00f1o renal y hep\u00e1tico. Es muy importante tener en cuenta la procedencia del paciente. Los primeros datos de nuestros expertos nos indican que la enfermedad est\u00e1 en el \u00e1rea rural dispersa y ello implica un estudio profundo de los casos y de los pacientes, para de esa manera poder poner en marcha las tareas de localizaci\u00f3n, contenci\u00f3n etc. En la zona urbana hay niveles de tranquilidad, lo que no quiere decir que no se puedan presentar casos. Hay que estar muy pendientes de los caficultores, ganaderos, poblaci\u00f3n del campo y nos corresponde hacer un trabajo especial con todos ellos para que se vacunen. Igual el llamado es para toda la poblaci\u00f3n\u201d, manifest\u00f3 la doctora Mar\u00eda Clemencia Rojas.<\/p>\n<p>De igual manera se hizo \u00e9nfasis en que a la fecha solo se ha reportado un caso de la enfermedad en el departamento, que hay seguimiento constante, pero se hace necesario que la comunidad comprenda la importancia de vacunarse para minimizar el impacto que esta situaci\u00f3n pueda tener en la poblaci\u00f3n.<\/p>\n","protected":false},"excerpt":{"rendered":"<p>Aprovechar las jornadas de vacunaci\u00f3n, acudir al m\u00e9dico ante la aparici\u00f3n de s\u00edntomas, reportar con prontitud los casos confirmados son algunas de las recomendaciones que las autoridades de salud del Huila les solicitan a los enlaces de los distintos municipios, esto con la idea de ejercer monitoreo permanente y evitar la propagaci\u00f3n de la enfermedad.<\/p>\n","protected":false},"author":2,"featured_media":75042,"comment_status":"closed","ping_status":"open","sticky":false,"template":"","format":"standard","meta":{"footnotes":""},"categories":[33],"tags":[],"class_list":["post-75041","post","type-post","status-publish","format-standard","has-post-thumbnail","hentry","category-huila"],"yoast_head":"<!-- This site is optimized with the Yoast SEO plugin v26.6 - https:\/\/yoast.com\/wordpress\/plugins\/seo\/ -->\n<title>Definido plan de contingencia contra la fiebre amarilla -<\/title>\n<meta name=\"description\" content=\"Aprovechar las jornadas de vacunaci\u00f3n, acudir al m\u00e9dico ante la aparici\u00f3n de s\u00edntomas, reportar con prontitud los casos confirmados son algunas de las recomendaciones que las autoridades de salud del Huila les solicitan a los enlaces de los distintos municipios, esto con la idea de ejercer monitoreo permanente y evitar la propagaci\u00f3n de la enfermedad.\" \/>\n<meta name=\"robots\" content=\"index, follow, max-snippet:-1, max-image-preview:large, max-video-preview:-1\" \/>\n<link rel=\"canonical\" href=\"https:\/\/luchonoticias.com\/editor\/definido-plan-de-contingencia-contra-la-fiebre-amarilla\/\" \/>\n<meta property=\"og:locale\" content=\"es_ES\" \/>\n<meta property=\"og:type\" content=\"article\" \/>\n<meta property=\"og:title\" content=\"Definido plan de contingencia contra la fiebre amarilla -\" \/>\n<meta property=\"og:description\" content=\"Aprovechar las jornadas de vacunaci\u00f3n, acudir al m\u00e9dico ante la aparici\u00f3n de s\u00edntomas, reportar con prontitud los casos confirmados son algunas de las recomendaciones que las autoridades de salud del Huila les solicitan a los enlaces de los distintos municipios, esto con la idea de ejercer monitoreo permanente y evitar la propagaci\u00f3n de la enfermedad.\" \/>\n<meta property=\"og:url\" content=\"https:\/\/luchonoticias.com\/editor\/definido-plan-de-contingencia-contra-la-fiebre-amarilla\/\" \/>\n<meta property=\"article:publisher\" content=\"https:\/\/www.facebook.com\/luchonoticiasneiva\" \/>\n<meta property=\"article:published_time\" content=\"2024-07-17T09:39:11+00:00\" \/>\n<meta property=\"og:image\" content=\"https:\/\/luchonoticias.com\/editor\/wp-content\/uploads\/2024\/07\/fiebre-amarilla.jpg\" \/>\n\t<meta property=\"og:image:width\" content=\"700\" \/>\n\t<meta property=\"og:image:height\" content=\"400\" \/>\n\t<meta property=\"og:image:type\" content=\"image\/jpeg\" \/>\n<meta name=\"author\" content=\"Editor General\" \/>\n<meta name=\"twitter:card\" content=\"summary_large_image\" \/>\n<meta name=\"twitter:label1\" content=\"Escrito por\" \/>\n\t<meta name=\"twitter:data1\" content=\"Editor General\" \/>\n\t<meta name=\"twitter:label2\" content=\"Tiempo de lectura\" \/>\n\t<meta name=\"twitter:data2\" content=\"3 minutos\" \/>\n<script type=\"application\/ld+json\" class=\"yoast-schema-graph\">{\"@context\":\"https:\/\/schema.org\",\"@graph\":[{\"@type\":\"Article\",\"@id\":\"https:\/\/luchonoticias.com\/editor\/definido-plan-de-contingencia-contra-la-fiebre-amarilla\/#article\",\"isPartOf\":{\"@id\":\"https:\/\/luchonoticias.com\/editor\/definido-plan-de-contingencia-contra-la-fiebre-amarilla\/\"},\"author\":{\"name\":\"Editor General\",\"@id\":\"https:\/\/luchonoticias.com\/editor\/#\/schema\/person\/29217990ddf6f14e35912b2866d591fb\"},\"headline\":\"Definido plan de contingencia contra la fiebre amarilla\",\"datePublished\":\"2024-07-17T09:39:11+00:00\",\"mainEntityOfPage\":{\"@id\":\"https:\/\/luchonoticias.com\/editor\/definido-plan-de-contingencia-contra-la-fiebre-amarilla\/\"},\"wordCount\":608,\"publisher\":{\"@id\":\"https:\/\/luchonoticias.com\/editor\/#\/schema\/person\/7a7fd911f58561fd056dbac7b55af9cd\"},\"image\":{\"@id\":\"https:\/\/luchonoticias.com\/editor\/definido-plan-de-contingencia-contra-la-fiebre-amarilla\/#primaryimage\"},\"thumbnailUrl\":\"https:\/\/luchonoticias.com\/editor\/wp-content\/uploads\/2024\/07\/fiebre-amarilla.jpg\",\"articleSection\":[\"Huila\"],\"inLanguage\":\"es\"},{\"@type\":\"WebPage\",\"@id\":\"https:\/\/luchonoticias.com\/editor\/definido-plan-de-contingencia-contra-la-fiebre-amarilla\/\",\"url\":\"https:\/\/luchonoticias.com\/editor\/definido-plan-de-contingencia-contra-la-fiebre-amarilla\/\",\"name\":\"Definido plan de contingencia contra la fiebre amarilla -\",\"isPartOf\":{\"@id\":\"https:\/\/luchonoticias.com\/editor\/#website\"},\"primaryImageOfPage\":{\"@id\":\"https:\/\/luchonoticias.com\/editor\/definido-plan-de-contingencia-contra-la-fiebre-amarilla\/#primaryimage\"},\"image\":{\"@id\":\"https:\/\/luchonoticias.com\/editor\/definido-plan-de-contingencia-contra-la-fiebre-amarilla\/#primaryimage\"},\"thumbnailUrl\":\"https:\/\/luchonoticias.com\/editor\/wp-content\/uploads\/2024\/07\/fiebre-amarilla.jpg\",\"datePublished\":\"2024-07-17T09:39:11+00:00\",\"description\":\"Aprovechar las jornadas de vacunaci\u00f3n, acudir al m\u00e9dico ante la aparici\u00f3n de s\u00edntomas, reportar con prontitud los casos confirmados son algunas de las recomendaciones que las autoridades de salud del Huila les solicitan a los enlaces de los distintos municipios, esto con la idea de ejercer monitoreo permanente y evitar la propagaci\u00f3n de la enfermedad.\",\"breadcrumb\":{\"@id\":\"https:\/\/luchonoticias.com\/editor\/definido-plan-de-contingencia-contra-la-fiebre-amarilla\/#breadcrumb\"},\"inLanguage\":\"es\",\"potentialAction\":[{\"@type\":\"ReadAction\",\"target\":[\"https:\/\/luchonoticias.com\/editor\/definido-plan-de-contingencia-contra-la-fiebre-amarilla\/\"]}]},{\"@type\":\"ImageObject\",\"inLanguage\":\"es\",\"@id\":\"https:\/\/luchonoticias.com\/editor\/definido-plan-de-contingencia-contra-la-fiebre-amarilla\/#primaryimage\",\"url\":\"https:\/\/luchonoticias.com\/editor\/wp-content\/uploads\/2024\/07\/fiebre-amarilla.jpg\",\"contentUrl\":\"https:\/\/luchonoticias.com\/editor\/wp-content\/uploads\/2024\/07\/fiebre-amarilla.jpg\",\"width\":700,\"height\":400},{\"@type\":\"BreadcrumbList\",\"@id\":\"https:\/\/luchonoticias.com\/editor\/definido-plan-de-contingencia-contra-la-fiebre-amarilla\/#breadcrumb\",\"itemListElement\":[{\"@type\":\"ListItem\",\"position\":1,\"name\":\"Portada\",\"item\":\"https:\/\/luchonoticias.com\/editor\/\"},{\"@type\":\"ListItem\",\"position\":2,\"name\":\"Definido plan de contingencia contra la fiebre amarilla\"}]},{\"@type\":\"WebSite\",\"@id\":\"https:\/\/luchonoticias.com\/editor\/#website\",\"url\":\"https:\/\/luchonoticias.com\/editor\/\",\"name\":\"\",\"description\":\"\",\"publisher\":{\"@id\":\"https:\/\/luchonoticias.com\/editor\/#\/schema\/person\/7a7fd911f58561fd056dbac7b55af9cd\"},\"potentialAction\":[{\"@type\":\"SearchAction\",\"target\":{\"@type\":\"EntryPoint\",\"urlTemplate\":\"https:\/\/luchonoticias.com\/editor\/?s={search_term_string}\"},\"query-input\":{\"@type\":\"PropertyValueSpecification\",\"valueRequired\":true,\"valueName\":\"search_term_string\"}}],\"inLanguage\":\"es\"},{\"@type\":[\"Person\",\"Organization\"],\"@id\":\"https:\/\/luchonoticias.com\/editor\/#\/schema\/person\/7a7fd911f58561fd056dbac7b55af9cd\",\"name\":\"admin\",\"image\":{\"@type\":\"ImageObject\",\"inLanguage\":\"es\",\"@id\":\"https:\/\/luchonoticias.com\/editor\/#\/schema\/person\/image\/\",\"url\":\"https:\/\/luchonoticias.com\/editor\/wp-content\/uploads\/2024\/02\/cropped-cropped-logolu.webp\",\"contentUrl\":\"https:\/\/luchonoticias.com\/editor\/wp-content\/uploads\/2024\/02\/cropped-cropped-logolu.webp\",\"width\":382,\"height\":170,\"caption\":\"admin\"},\"logo\":{\"@id\":\"https:\/\/luchonoticias.com\/editor\/#\/schema\/person\/image\/\"},\"sameAs\":[\"https:\/\/www.facebook.com\/luchonoticiasneiva\"]},{\"@type\":\"Person\",\"@id\":\"https:\/\/luchonoticias.com\/editor\/#\/schema\/person\/29217990ddf6f14e35912b2866d591fb\",\"name\":\"Editor General\",\"image\":{\"@type\":\"ImageObject\",\"inLanguage\":\"es\",\"@id\":\"https:\/\/luchonoticias.com\/editor\/#\/schema\/person\/image\/\",\"url\":\"https:\/\/luchonoticias.com\/editor\/wp-content\/uploads\/2024\/02\/cropped-cropped-logolu-150x150.webp\",\"contentUrl\":\"https:\/\/luchonoticias.com\/editor\/wp-content\/uploads\/2024\/02\/cropped-cropped-logolu-150x150.webp\",\"caption\":\"Editor General\"},\"sameAs\":[\"https:\/\/luchonoticias.com\/\"],\"url\":\"https:\/\/luchonoticias.com\/editor\/author\/editor-general\/\"}]}<\/script>\n<!-- \/ Yoast SEO plugin. -->","yoast_head_json":{"title":"Definido plan de contingencia contra la fiebre amarilla -","description":"Aprovechar las jornadas de vacunaci\u00f3n, acudir al m\u00e9dico ante la aparici\u00f3n de s\u00edntomas, reportar con prontitud los casos confirmados son algunas de las recomendaciones que las autoridades de salud del Huila les solicitan a los enlaces de los distintos municipios, esto con la idea de ejercer monitoreo permanente y evitar la propagaci\u00f3n de la enfermedad.","robots":{"index":"index","follow":"follow","max-snippet":"max-snippet:-1","max-image-preview":"max-image-preview:large","max-video-preview":"max-video-preview:-1"},"canonical":"https:\/\/luchonoticias.com\/editor\/definido-plan-de-contingencia-contra-la-fiebre-amarilla\/","og_locale":"es_ES","og_type":"article","og_title":"Definido plan de contingencia contra la fiebre amarilla -","og_description":"Aprovechar las jornadas de vacunaci\u00f3n, acudir al m\u00e9dico ante la aparici\u00f3n de s\u00edntomas, reportar con prontitud los casos confirmados son algunas de las recomendaciones que las autoridades de salud del Huila les solicitan a los enlaces de los distintos municipios, esto con la idea de ejercer monitoreo permanente y evitar la propagaci\u00f3n de la enfermedad.","og_url":"https:\/\/luchonoticias.com\/editor\/definido-plan-de-contingencia-contra-la-fiebre-amarilla\/","article_publisher":"https:\/\/www.facebook.com\/luchonoticiasneiva","article_published_time":"2024-07-17T09:39:11+00:00","og_image":[{"width":700,"height":400,"url":"https:\/\/luchonoticias.com\/editor\/wp-content\/uploads\/2024\/07\/fiebre-amarilla.jpg","type":"image\/jpeg"}],"author":"Editor General","twitter_card":"summary_large_image","twitter_misc":{"Escrito por":"Editor General","Tiempo de lectura":"3 minutos"},"schema":{"@context":"https:\/\/schema.org","@graph":[{"@type":"Article","@id":"https:\/\/luchonoticias.com\/editor\/definido-plan-de-contingencia-contra-la-fiebre-amarilla\/#article","isPartOf":{"@id":"https:\/\/luchonoticias.com\/editor\/definido-plan-de-contingencia-contra-la-fiebre-amarilla\/"},"author":{"name":"Editor General","@id":"https:\/\/luchonoticias.com\/editor\/#\/schema\/person\/29217990ddf6f14e35912b2866d591fb"},"headline":"Definido plan de contingencia contra la fiebre amarilla","datePublished":"2024-07-17T09:39:11+00:00","mainEntityOfPage":{"@id":"https:\/\/luchonoticias.com\/editor\/definido-plan-de-contingencia-contra-la-fiebre-amarilla\/"},"wordCount":608,"publisher":{"@id":"https:\/\/luchonoticias.com\/editor\/#\/schema\/person\/7a7fd911f58561fd056dbac7b55af9cd"},"image":{"@id":"https:\/\/luchonoticias.com\/editor\/definido-plan-de-contingencia-contra-la-fiebre-amarilla\/#primaryimage"},"thumbnailUrl":"https:\/\/luchonoticias.com\/editor\/wp-content\/uploads\/2024\/07\/fiebre-amarilla.jpg","articleSection":["Huila"],"inLanguage":"es"},{"@type":"WebPage","@id":"https:\/\/luchonoticias.com\/editor\/definido-plan-de-contingencia-contra-la-fiebre-amarilla\/","url":"https:\/\/luchonoticias.com\/editor\/definido-plan-de-contingencia-contra-la-fiebre-amarilla\/","name":"Definido plan de contingencia contra la fiebre amarilla -","isPartOf":{"@id":"https:\/\/luchonoticias.com\/editor\/#website"},"primaryImageOfPage":{"@id":"https:\/\/luchonoticias.com\/editor\/definido-plan-de-contingencia-contra-la-fiebre-amarilla\/#primaryimage"},"image":{"@id":"https:\/\/luchonoticias.com\/editor\/definido-plan-de-contingencia-contra-la-fiebre-amarilla\/#primaryimage"},"thumbnailUrl":"https:\/\/luchonoticias.com\/editor\/wp-content\/uploads\/2024\/07\/fiebre-amarilla.jpg","datePublished":"2024-07-17T09:39:11+00:00","description":"Aprovechar las jornadas de vacunaci\u00f3n, acudir al m\u00e9dico ante la aparici\u00f3n de s\u00edntomas, reportar con prontitud los casos confirmados son algunas de las recomendaciones que las autoridades de salud del Huila les solicitan a los enlaces de los distintos municipios, esto con la idea de ejercer monitoreo permanente y evitar la propagaci\u00f3n de la enfermedad.","breadcrumb":{"@id":"https:\/\/luchonoticias.com\/editor\/definido-plan-de-contingencia-contra-la-fiebre-amarilla\/#breadcrumb"},"inLanguage":"es","potentialAction":[{"@type":"ReadAction","target":["https:\/\/luchonoticias.com\/editor\/definido-plan-de-contingencia-contra-la-fiebre-amarilla\/"]}]},{"@type":"ImageObject","inLanguage":"es","@id":"https:\/\/luchonoticias.com\/editor\/definido-plan-de-contingencia-contra-la-fiebre-amarilla\/#primaryimage","url":"https:\/\/luchonoticias.com\/editor\/wp-content\/uploads\/2024\/07\/fiebre-amarilla.jpg","contentUrl":"https:\/\/luchonoticias.com\/editor\/wp-content\/uploads\/2024\/07\/fiebre-amarilla.jpg","width":700,"height":400},{"@type":"BreadcrumbList","@id":"https:\/\/luchonoticias.com\/editor\/definido-plan-de-contingencia-contra-la-fiebre-amarilla\/#breadcrumb","itemListElement":[{"@type":"ListItem","position":1,"name":"Portada","item":"https:\/\/luchonoticias.com\/editor\/"},{"@type":"ListItem","position":2,"name":"Definido plan de contingencia contra la fiebre amarilla"}]},{"@type":"WebSite","@id":"https:\/\/luchonoticias.com\/editor\/#website","url":"https:\/\/luchonoticias.com\/editor\/","name":"","description":"","publisher":{"@id":"https:\/\/luchonoticias.com\/editor\/#\/schema\/person\/7a7fd911f58561fd056dbac7b55af9cd"},"potentialAction":[{"@type":"SearchAction","target":{"@type":"EntryPoint","urlTemplate":"https:\/\/luchonoticias.com\/editor\/?s={search_term_string}"},"query-input":{"@type":"PropertyValueSpecification","valueRequired":true,"valueName":"search_term_string"}}],"inLanguage":"es"},{"@type":["Person","Organization"],"@id":"https:\/\/luchonoticias.com\/editor\/#\/schema\/person\/7a7fd911f58561fd056dbac7b55af9cd","name":"admin","image":{"@type":"ImageObject","inLanguage":"es","@id":"https:\/\/luchonoticias.com\/editor\/#\/schema\/person\/image\/","url":"https:\/\/luchonoticias.com\/editor\/wp-content\/uploads\/2024\/02\/cropped-cropped-logolu.webp","contentUrl":"https:\/\/luchonoticias.com\/editor\/wp-content\/uploads\/2024\/02\/cropped-cropped-logolu.webp","width":382,"height":170,"caption":"admin"},"logo":{"@id":"https:\/\/luchonoticias.com\/editor\/#\/schema\/person\/image\/"},"sameAs":["https:\/\/www.facebook.com\/luchonoticiasneiva"]},{"@type":"Person","@id":"https:\/\/luchonoticias.com\/editor\/#\/schema\/person\/29217990ddf6f14e35912b2866d591fb","name":"Editor General","image":{"@type":"ImageObject","inLanguage":"es","@id":"https:\/\/luchonoticias.com\/editor\/#\/schema\/person\/image\/","url":"https:\/\/luchonoticias.com\/editor\/wp-content\/uploads\/2024\/02\/cropped-cropped-logolu-150x150.webp","contentUrl":"https:\/\/luchonoticias.com\/editor\/wp-content\/uploads\/2024\/02\/cropped-cropped-logolu-150x150.webp","caption":"Editor General"},"sameAs":["https:\/\/luchonoticias.com\/"],"url":"https:\/\/luchonoticias.com\/editor\/author\/editor-general\/"}]}},"_links":{"self":[{"href":"https:\/\/luchonoticias.com\/editor\/wp-json\/wp\/v2\/posts\/75041","targetHints":{"allow":["GET"]}}],"collection":[{"href":"https:\/\/luchonoticias.com\/editor\/wp-json\/wp\/v2\/posts"}],"about":[{"href":"https:\/\/luchonoticias.com\/editor\/wp-json\/wp\/v2\/types\/post"}],"author":[{"embeddable":true,"href":"https:\/\/luchonoticias.com\/editor\/wp-json\/wp\/v2\/users\/2"}],"replies":[{"embeddable":true,"href":"https:\/\/luchonoticias.com\/editor\/wp-json\/wp\/v2\/comments?post=75041"}],"version-history":[{"count":2,"href":"https:\/\/luchonoticias.com\/editor\/wp-json\/wp\/v2\/posts\/75041\/revisions"}],"predecessor-version":[{"id":75044,"href":"https:\/\/luchonoticias.com\/editor\/wp-json\/wp\/v2\/posts\/75041\/revisions\/75044"}],"wp:featuredmedia":[{"embeddable":true,"href":"https:\/\/luchonoticias.com\/editor\/wp-json\/wp\/v2\/media\/75042"}],"wp:attachment":[{"href":"https:\/\/luchonoticias.com\/editor\/wp-json\/wp\/v2\/media?parent=75041"}],"wp:term":[{"taxonomy":"category","embeddable":true,"href":"https:\/\/luchonoticias.com\/editor\/wp-json\/wp\/v2\/categories?post=75041"},{"taxonomy":"post_tag","embeddable":true,"href":"https:\/\/luchonoticias.com\/editor\/wp-json\/wp\/v2\/tags?post=75041"}],"curies":[{"name":"wp","href":"https:\/\/api.w.org\/{rel}","templated":true}]}}