{"id":75045,"date":"2024-07-17T04:44:49","date_gmt":"2024-07-17T09:44:49","guid":{"rendered":"https:\/\/luchonoticias.com\/?p=75045"},"modified":"2024-07-17T04:44:49","modified_gmt":"2024-07-17T09:44:49","slug":"se-viene-dia-sin-carro-en-neiva","status":"publish","type":"post","link":"https:\/\/luchonoticias.com\/editor\/se-viene-dia-sin-carro-en-neiva\/","title":{"rendered":"Se viene D\u00eda sin Carro en Neiva"},"content":{"rendered":"<p>Con la finalidad de reducir los \u00edndices de contaminaci\u00f3n e incentivar el uso del transporte p\u00fablico y alternativo, la Alcald\u00eda de Neiva invita a la ciudadan\u00eda a acogerse al Decreto 0889 de 2023, por medio del cual se reconocen los d\u00edas de prevalencia del uso de la bicicleta y la no circulaci\u00f3n de automotores, motociclos, mototriciclos y motocicletas en pro del medio ambiente.<\/p>\n<p>Tal y como se establece en la normativa, el d\u00eda sin carro y sin moto de car\u00e1cter obligatorio se desarrollar\u00e1 el \u00faltimo jueves del mes de julio y tendr\u00e1 consigo aportes significativos desde la Administraci\u00f3n Municipal, para incentivar a la comunidad a hacer deporte o movilizarse en transporte p\u00fablico tipo individual y colectivo.<\/p>\n<p>Por lo anterior, a trav\u00e9s del Comit\u00e9 de la Bicicleta, quedaron establecidos puntos de V\u00edas Activas Saludables, para motivar la recreaci\u00f3n y las pausas activas para todos aquellos que se movilicen a pie, en bicicleta o en transporte alternativo.<\/p>\n<p><strong>Disposiciones de seguridad, control y movilidad<\/strong><\/p>\n<p>Para dar garant\u00edas durante la jornada, la Secretar\u00eda de Movilidad tendr\u00e1 a disposici\u00f3n once puntos fijos de control al tr\u00e1fico y personal m\u00f3vil en la ciudad, con el objetivo de que todos los neivanos acaten la medida.<\/p>\n<p>Por su parte la Secretar\u00eda de Medio Ambiente realizar\u00e1 junto a la Corporaci\u00f3n Aut\u00f3noma del Alto Magdalena, CAM, mediciones de ruido y calidad de aire antes y durante este d\u00eda, con la finalidad de verificar los beneficios del d\u00eda sin carro y sin moto para con la ciudad y sus habitantes.<\/p>\n<p>Asimismo, la Polic\u00eda Nacional dispondr\u00e1 de personal en v\u00eda para proveer seguridad para las personas que decidan movilizarse en transporte alternativo.<\/p>\n<p>La jornada a desarrollarse el pr\u00f3ximo jueves 25 de julio, dar\u00e1 inicio a las 6:00 a.m. y finalizar\u00e1 a las 6:00 p.m., dentro de los compromisos el Sistema Estrat\u00e9gico de Transporte MIGO, estableci\u00f3 media hora adicional para el tr\u00e1nsito de las rutas, garantizando que la ciudadan\u00eda pueda usar ese d\u00eda el transporte p\u00fablico.<\/p>\n<p><strong>Sanciones<\/strong><\/p>\n<p>C14: Transitar por lugares en horarios prohibidos.<\/p>\n<p>Multa: 572.519 pesos.<\/p>\n<p>Inmovilizaci\u00f3n del veh\u00edculo.<\/p>\n<p><strong>Excepciones<\/strong><\/p>\n<p>\u2022 Veh\u00edculos de transporte p\u00fablico.<br \/>\n\u2022 Veh\u00edculos conducidos por personas en condici\u00f3n de discapacidad o para su transporte.<br \/>\n\u2022 Veh\u00edculos de los organismos de socorro y emergencia.<br \/>\n\u2022 Veh\u00edculos de propiedad de las fuerzas militares y fuerza p\u00fablica.<br \/>\n\u2022 Transporte escolar y mensajer\u00eda.<br \/>\n\u2022 Veh\u00edculos y motocicletas que est\u00e9n al servicio de actividades de seguridad, vigilancia y protecci\u00f3n privada.<br \/>\n\u2022 Veh\u00edculos vinculados a medios de comunicaci\u00f3n.<br \/>\n\u2022 Veh\u00edculos propulsados por motores el\u00e9ctricos y\/o h\u00edbridos.<\/p>\n<p>Todos debidamente identificados y utilizados solo para el desarrollo de las actividades propias a las que correspondan.<\/p>\n<p>&nbsp;<\/p>\n<p>FOTO: Ilustraci\u00f3n.<\/p>\n","protected":false},"excerpt":{"rendered":"<p>Haciendo cumplimiento al Decreto 0889 de 2023, la Administraci\u00f3n Municipal informa a la comunidad sobre el primer d\u00eda sin carro y sin moto obligatorio, que se llevar\u00e1 a cabo el pr\u00f3ximo jueves 25 de julio.<\/p>\n","protected":false},"author":2,"featured_media":71627,"comment_status":"closed","ping_status":"open","sticky":false,"template":"","format":"standard","meta":{"footnotes":""},"categories":[31],"tags":[],"class_list":["post-75045","post","type-post","status-publish","format-standard","has-post-thumbnail","hentry","category-local"],"yoast_head":"<!-- This site is optimized with the Yoast SEO plugin v26.6 - https:\/\/yoast.com\/wordpress\/plugins\/seo\/ -->\n<title>Se viene D\u00eda sin Carro en Neiva -<\/title>\n<meta name=\"description\" content=\"Haciendo cumplimiento al Decreto 0889 de 2023, la Administraci\u00f3n Municipal informa a la comunidad sobre el primer d\u00eda sin carro y sin moto obligatorio, que se llevar\u00e1 a cabo el pr\u00f3ximo jueves 25 de julio.\" \/>\n<meta name=\"robots\" content=\"index, follow, max-snippet:-1, max-image-preview:large, max-video-preview:-1\" \/>\n<link rel=\"canonical\" href=\"https:\/\/luchonoticias.com\/editor\/se-viene-dia-sin-carro-en-neiva\/\" \/>\n<meta property=\"og:locale\" content=\"es_ES\" \/>\n<meta property=\"og:type\" content=\"article\" \/>\n<meta property=\"og:title\" content=\"Se viene D\u00eda sin Carro en Neiva -\" \/>\n<meta property=\"og:description\" content=\"Haciendo cumplimiento al Decreto 0889 de 2023, la Administraci\u00f3n Municipal informa a la comunidad sobre el primer d\u00eda sin carro y sin moto obligatorio, que se llevar\u00e1 a cabo el pr\u00f3ximo jueves 25 de julio.\" \/>\n<meta property=\"og:url\" content=\"https:\/\/luchonoticias.com\/editor\/se-viene-dia-sin-carro-en-neiva\/\" \/>\n<meta property=\"article:publisher\" content=\"https:\/\/www.facebook.com\/luchonoticiasneiva\" \/>\n<meta property=\"article:published_time\" content=\"2024-07-17T09:44:49+00:00\" \/>\n<meta property=\"og:image\" content=\"https:\/\/luchonoticias.com\/editor\/wp-content\/uploads\/2024\/04\/Cero-decesos-en-Neiva.jpg\" \/>\n\t<meta property=\"og:image:width\" content=\"700\" \/>\n\t<meta property=\"og:image:height\" content=\"400\" \/>\n\t<meta property=\"og:image:type\" content=\"image\/jpeg\" \/>\n<meta name=\"author\" content=\"Editor General\" \/>\n<meta name=\"twitter:card\" content=\"summary_large_image\" \/>\n<meta name=\"twitter:label1\" content=\"Escrito por\" \/>\n\t<meta name=\"twitter:data1\" content=\"Editor General\" \/>\n\t<meta name=\"twitter:label2\" content=\"Tiempo de lectura\" \/>\n\t<meta name=\"twitter:data2\" content=\"3 minutos\" \/>\n<script type=\"application\/ld+json\" class=\"yoast-schema-graph\">{\"@context\":\"https:\/\/schema.org\",\"@graph\":[{\"@type\":\"Article\",\"@id\":\"https:\/\/luchonoticias.com\/editor\/se-viene-dia-sin-carro-en-neiva\/#article\",\"isPartOf\":{\"@id\":\"https:\/\/luchonoticias.com\/editor\/se-viene-dia-sin-carro-en-neiva\/\"},\"author\":{\"name\":\"Editor General\",\"@id\":\"https:\/\/luchonoticias.com\/editor\/#\/schema\/person\/29217990ddf6f14e35912b2866d591fb\"},\"headline\":\"Se viene D\u00eda sin Carro en Neiva\",\"datePublished\":\"2024-07-17T09:44:49+00:00\",\"mainEntityOfPage\":{\"@id\":\"https:\/\/luchonoticias.com\/editor\/se-viene-dia-sin-carro-en-neiva\/\"},\"wordCount\":479,\"publisher\":{\"@id\":\"https:\/\/luchonoticias.com\/editor\/#\/schema\/person\/7a7fd911f58561fd056dbac7b55af9cd\"},\"image\":{\"@id\":\"https:\/\/luchonoticias.com\/editor\/se-viene-dia-sin-carro-en-neiva\/#primaryimage\"},\"thumbnailUrl\":\"https:\/\/luchonoticias.com\/editor\/wp-content\/uploads\/2024\/04\/Cero-decesos-en-Neiva.jpg\",\"articleSection\":[\"Local\"],\"inLanguage\":\"es\"},{\"@type\":\"WebPage\",\"@id\":\"https:\/\/luchonoticias.com\/editor\/se-viene-dia-sin-carro-en-neiva\/\",\"url\":\"https:\/\/luchonoticias.com\/editor\/se-viene-dia-sin-carro-en-neiva\/\",\"name\":\"Se viene D\u00eda sin Carro en Neiva -\",\"isPartOf\":{\"@id\":\"https:\/\/luchonoticias.com\/editor\/#website\"},\"primaryImageOfPage\":{\"@id\":\"https:\/\/luchonoticias.com\/editor\/se-viene-dia-sin-carro-en-neiva\/#primaryimage\"},\"image\":{\"@id\":\"https:\/\/luchonoticias.com\/editor\/se-viene-dia-sin-carro-en-neiva\/#primaryimage\"},\"thumbnailUrl\":\"https:\/\/luchonoticias.com\/editor\/wp-content\/uploads\/2024\/04\/Cero-decesos-en-Neiva.jpg\",\"datePublished\":\"2024-07-17T09:44:49+00:00\",\"description\":\"Haciendo cumplimiento al Decreto 0889 de 2023, la Administraci\u00f3n Municipal informa a la comunidad sobre el primer d\u00eda sin carro y sin moto obligatorio, que se llevar\u00e1 a cabo el pr\u00f3ximo jueves 25 de julio.\",\"breadcrumb\":{\"@id\":\"https:\/\/luchonoticias.com\/editor\/se-viene-dia-sin-carro-en-neiva\/#breadcrumb\"},\"inLanguage\":\"es\",\"potentialAction\":[{\"@type\":\"ReadAction\",\"target\":[\"https:\/\/luchonoticias.com\/editor\/se-viene-dia-sin-carro-en-neiva\/\"]}]},{\"@type\":\"ImageObject\",\"inLanguage\":\"es\",\"@id\":\"https:\/\/luchonoticias.com\/editor\/se-viene-dia-sin-carro-en-neiva\/#primaryimage\",\"url\":\"https:\/\/luchonoticias.com\/editor\/wp-content\/uploads\/2024\/04\/Cero-decesos-en-Neiva.jpg\",\"contentUrl\":\"https:\/\/luchonoticias.com\/editor\/wp-content\/uploads\/2024\/04\/Cero-decesos-en-Neiva.jpg\",\"width\":700,\"height\":400},{\"@type\":\"BreadcrumbList\",\"@id\":\"https:\/\/luchonoticias.com\/editor\/se-viene-dia-sin-carro-en-neiva\/#breadcrumb\",\"itemListElement\":[{\"@type\":\"ListItem\",\"position\":1,\"name\":\"Portada\",\"item\":\"https:\/\/luchonoticias.com\/editor\/\"},{\"@type\":\"ListItem\",\"position\":2,\"name\":\"Se viene D\u00eda sin Carro en Neiva\"}]},{\"@type\":\"WebSite\",\"@id\":\"https:\/\/luchonoticias.com\/editor\/#website\",\"url\":\"https:\/\/luchonoticias.com\/editor\/\",\"name\":\"\",\"description\":\"\",\"publisher\":{\"@id\":\"https:\/\/luchonoticias.com\/editor\/#\/schema\/person\/7a7fd911f58561fd056dbac7b55af9cd\"},\"potentialAction\":[{\"@type\":\"SearchAction\",\"target\":{\"@type\":\"EntryPoint\",\"urlTemplate\":\"https:\/\/luchonoticias.com\/editor\/?s={search_term_string}\"},\"query-input\":{\"@type\":\"PropertyValueSpecification\",\"valueRequired\":true,\"valueName\":\"search_term_string\"}}],\"inLanguage\":\"es\"},{\"@type\":[\"Person\",\"Organization\"],\"@id\":\"https:\/\/luchonoticias.com\/editor\/#\/schema\/person\/7a7fd911f58561fd056dbac7b55af9cd\",\"name\":\"admin\",\"image\":{\"@type\":\"ImageObject\",\"inLanguage\":\"es\",\"@id\":\"https:\/\/luchonoticias.com\/editor\/#\/schema\/person\/image\/\",\"url\":\"https:\/\/luchonoticias.com\/editor\/wp-content\/uploads\/2024\/02\/cropped-cropped-logolu.webp\",\"contentUrl\":\"https:\/\/luchonoticias.com\/editor\/wp-content\/uploads\/2024\/02\/cropped-cropped-logolu.webp\",\"width\":382,\"height\":170,\"caption\":\"admin\"},\"logo\":{\"@id\":\"https:\/\/luchonoticias.com\/editor\/#\/schema\/person\/image\/\"},\"sameAs\":[\"https:\/\/www.facebook.com\/luchonoticiasneiva\"]},{\"@type\":\"Person\",\"@id\":\"https:\/\/luchonoticias.com\/editor\/#\/schema\/person\/29217990ddf6f14e35912b2866d591fb\",\"name\":\"Editor General\",\"image\":{\"@type\":\"ImageObject\",\"inLanguage\":\"es\",\"@id\":\"https:\/\/luchonoticias.com\/editor\/#\/schema\/person\/image\/\",\"url\":\"https:\/\/luchonoticias.com\/editor\/wp-content\/uploads\/2024\/02\/cropped-cropped-logolu-150x150.webp\",\"contentUrl\":\"https:\/\/luchonoticias.com\/editor\/wp-content\/uploads\/2024\/02\/cropped-cropped-logolu-150x150.webp\",\"caption\":\"Editor General\"},\"sameAs\":[\"https:\/\/luchonoticias.com\/\"],\"url\":\"https:\/\/luchonoticias.com\/editor\/author\/editor-general\/\"}]}<\/script>\n<!-- \/ Yoast SEO plugin. -->","yoast_head_json":{"title":"Se viene D\u00eda sin Carro en Neiva -","description":"Haciendo cumplimiento al Decreto 0889 de 2023, la Administraci\u00f3n Municipal informa a la comunidad sobre el primer d\u00eda sin carro y sin moto obligatorio, que se llevar\u00e1 a cabo el pr\u00f3ximo jueves 25 de julio.","robots":{"index":"index","follow":"follow","max-snippet":"max-snippet:-1","max-image-preview":"max-image-preview:large","max-video-preview":"max-video-preview:-1"},"canonical":"https:\/\/luchonoticias.com\/editor\/se-viene-dia-sin-carro-en-neiva\/","og_locale":"es_ES","og_type":"article","og_title":"Se viene D\u00eda sin Carro en Neiva -","og_description":"Haciendo cumplimiento al Decreto 0889 de 2023, la Administraci\u00f3n Municipal informa a la comunidad sobre el primer d\u00eda sin carro y sin moto obligatorio, que se llevar\u00e1 a cabo el pr\u00f3ximo jueves 25 de julio.","og_url":"https:\/\/luchonoticias.com\/editor\/se-viene-dia-sin-carro-en-neiva\/","article_publisher":"https:\/\/www.facebook.com\/luchonoticiasneiva","article_published_time":"2024-07-17T09:44:49+00:00","og_image":[{"width":700,"height":400,"url":"https:\/\/luchonoticias.com\/editor\/wp-content\/uploads\/2024\/04\/Cero-decesos-en-Neiva.jpg","type":"image\/jpeg"}],"author":"Editor General","twitter_card":"summary_large_image","twitter_misc":{"Escrito por":"Editor General","Tiempo de lectura":"3 minutos"},"schema":{"@context":"https:\/\/schema.org","@graph":[{"@type":"Article","@id":"https:\/\/luchonoticias.com\/editor\/se-viene-dia-sin-carro-en-neiva\/#article","isPartOf":{"@id":"https:\/\/luchonoticias.com\/editor\/se-viene-dia-sin-carro-en-neiva\/"},"author":{"name":"Editor General","@id":"https:\/\/luchonoticias.com\/editor\/#\/schema\/person\/29217990ddf6f14e35912b2866d591fb"},"headline":"Se viene D\u00eda sin Carro en Neiva","datePublished":"2024-07-17T09:44:49+00:00","mainEntityOfPage":{"@id":"https:\/\/luchonoticias.com\/editor\/se-viene-dia-sin-carro-en-neiva\/"},"wordCount":479,"publisher":{"@id":"https:\/\/luchonoticias.com\/editor\/#\/schema\/person\/7a7fd911f58561fd056dbac7b55af9cd"},"image":{"@id":"https:\/\/luchonoticias.com\/editor\/se-viene-dia-sin-carro-en-neiva\/#primaryimage"},"thumbnailUrl":"https:\/\/luchonoticias.com\/editor\/wp-content\/uploads\/2024\/04\/Cero-decesos-en-Neiva.jpg","articleSection":["Local"],"inLanguage":"es"},{"@type":"WebPage","@id":"https:\/\/luchonoticias.com\/editor\/se-viene-dia-sin-carro-en-neiva\/","url":"https:\/\/luchonoticias.com\/editor\/se-viene-dia-sin-carro-en-neiva\/","name":"Se viene D\u00eda sin Carro en Neiva -","isPartOf":{"@id":"https:\/\/luchonoticias.com\/editor\/#website"},"primaryImageOfPage":{"@id":"https:\/\/luchonoticias.com\/editor\/se-viene-dia-sin-carro-en-neiva\/#primaryimage"},"image":{"@id":"https:\/\/luchonoticias.com\/editor\/se-viene-dia-sin-carro-en-neiva\/#primaryimage"},"thumbnailUrl":"https:\/\/luchonoticias.com\/editor\/wp-content\/uploads\/2024\/04\/Cero-decesos-en-Neiva.jpg","datePublished":"2024-07-17T09:44:49+00:00","description":"Haciendo cumplimiento al Decreto 0889 de 2023, la Administraci\u00f3n Municipal informa a la comunidad sobre el primer d\u00eda sin carro y sin moto obligatorio, que se llevar\u00e1 a cabo el pr\u00f3ximo jueves 25 de julio.","breadcrumb":{"@id":"https:\/\/luchonoticias.com\/editor\/se-viene-dia-sin-carro-en-neiva\/#breadcrumb"},"inLanguage":"es","potentialAction":[{"@type":"ReadAction","target":["https:\/\/luchonoticias.com\/editor\/se-viene-dia-sin-carro-en-neiva\/"]}]},{"@type":"ImageObject","inLanguage":"es","@id":"https:\/\/luchonoticias.com\/editor\/se-viene-dia-sin-carro-en-neiva\/#primaryimage","url":"https:\/\/luchonoticias.com\/editor\/wp-content\/uploads\/2024\/04\/Cero-decesos-en-Neiva.jpg","contentUrl":"https:\/\/luchonoticias.com\/editor\/wp-content\/uploads\/2024\/04\/Cero-decesos-en-Neiva.jpg","width":700,"height":400},{"@type":"BreadcrumbList","@id":"https:\/\/luchonoticias.com\/editor\/se-viene-dia-sin-carro-en-neiva\/#breadcrumb","itemListElement":[{"@type":"ListItem","position":1,"name":"Portada","item":"https:\/\/luchonoticias.com\/editor\/"},{"@type":"ListItem","position":2,"name":"Se viene D\u00eda sin Carro en Neiva"}]},{"@type":"WebSite","@id":"https:\/\/luchonoticias.com\/editor\/#website","url":"https:\/\/luchonoticias.com\/editor\/","name":"","description":"","publisher":{"@id":"https:\/\/luchonoticias.com\/editor\/#\/schema\/person\/7a7fd911f58561fd056dbac7b55af9cd"},"potentialAction":[{"@type":"SearchAction","target":{"@type":"EntryPoint","urlTemplate":"https:\/\/luchonoticias.com\/editor\/?s={search_term_string}"},"query-input":{"@type":"PropertyValueSpecification","valueRequired":true,"valueName":"search_term_string"}}],"inLanguage":"es"},{"@type":["Person","Organization"],"@id":"https:\/\/luchonoticias.com\/editor\/#\/schema\/person\/7a7fd911f58561fd056dbac7b55af9cd","name":"admin","image":{"@type":"ImageObject","inLanguage":"es","@id":"https:\/\/luchonoticias.com\/editor\/#\/schema\/person\/image\/","url":"https:\/\/luchonoticias.com\/editor\/wp-content\/uploads\/2024\/02\/cropped-cropped-logolu.webp","contentUrl":"https:\/\/luchonoticias.com\/editor\/wp-content\/uploads\/2024\/02\/cropped-cropped-logolu.webp","width":382,"height":170,"caption":"admin"},"logo":{"@id":"https:\/\/luchonoticias.com\/editor\/#\/schema\/person\/image\/"},"sameAs":["https:\/\/www.facebook.com\/luchonoticiasneiva"]},{"@type":"Person","@id":"https:\/\/luchonoticias.com\/editor\/#\/schema\/person\/29217990ddf6f14e35912b2866d591fb","name":"Editor General","image":{"@type":"ImageObject","inLanguage":"es","@id":"https:\/\/luchonoticias.com\/editor\/#\/schema\/person\/image\/","url":"https:\/\/luchonoticias.com\/editor\/wp-content\/uploads\/2024\/02\/cropped-cropped-logolu-150x150.webp","contentUrl":"https:\/\/luchonoticias.com\/editor\/wp-content\/uploads\/2024\/02\/cropped-cropped-logolu-150x150.webp","caption":"Editor General"},"sameAs":["https:\/\/luchonoticias.com\/"],"url":"https:\/\/luchonoticias.com\/editor\/author\/editor-general\/"}]}},"_links":{"self":[{"href":"https:\/\/luchonoticias.com\/editor\/wp-json\/wp\/v2\/posts\/75045","targetHints":{"allow":["GET"]}}],"collection":[{"href":"https:\/\/luchonoticias.com\/editor\/wp-json\/wp\/v2\/posts"}],"about":[{"href":"https:\/\/luchonoticias.com\/editor\/wp-json\/wp\/v2\/types\/post"}],"author":[{"embeddable":true,"href":"https:\/\/luchonoticias.com\/editor\/wp-json\/wp\/v2\/users\/2"}],"replies":[{"embeddable":true,"href":"https:\/\/luchonoticias.com\/editor\/wp-json\/wp\/v2\/comments?post=75045"}],"version-history":[{"count":2,"href":"https:\/\/luchonoticias.com\/editor\/wp-json\/wp\/v2\/posts\/75045\/revisions"}],"predecessor-version":[{"id":75047,"href":"https:\/\/luchonoticias.com\/editor\/wp-json\/wp\/v2\/posts\/75045\/revisions\/75047"}],"wp:featuredmedia":[{"embeddable":true,"href":"https:\/\/luchonoticias.com\/editor\/wp-json\/wp\/v2\/media\/71627"}],"wp:attachment":[{"href":"https:\/\/luchonoticias.com\/editor\/wp-json\/wp\/v2\/media?parent=75045"}],"wp:term":[{"taxonomy":"category","embeddable":true,"href":"https:\/\/luchonoticias.com\/editor\/wp-json\/wp\/v2\/categories?post=75045"},{"taxonomy":"post_tag","embeddable":true,"href":"https:\/\/luchonoticias.com\/editor\/wp-json\/wp\/v2\/tags?post=75045"}],"curies":[{"name":"wp","href":"https:\/\/api.w.org\/{rel}","templated":true}]}}