{"id":75048,"date":"2024-07-17T04:49:48","date_gmt":"2024-07-17T09:49:48","guid":{"rendered":"https:\/\/luchonoticias.com\/?p=75048"},"modified":"2024-07-17T04:49:48","modified_gmt":"2024-07-17T09:49:48","slug":"la-gran-apuesta-de-mercado-libre-en-colombia","status":"publish","type":"post","link":"https:\/\/luchonoticias.com\/editor\/la-gran-apuesta-de-mercado-libre-en-colombia\/","title":{"rendered":"La gran apuesta de Mercado Libre en Colombia"},"content":{"rendered":"<p>Como parte de su estrategia de crecimiento y expansi\u00f3n en Latinoam\u00e9rica, para\u00a0finales de 2024 la compa\u00f1\u00eda Mercado Libre, el e-commerce l\u00edder en la regi\u00f3n, habr\u00e1 contratado\u00a0a m\u00e1s de 900 personas, alcanzando un total de m\u00e1s de 5.300 empleados en Colombia.<\/p>\n<p>Las nuevas contrataciones se centrar\u00e1n en tecnolog\u00eda, con un aumento del 50 % respecto al a\u00f1o pasado, as\u00ed como en log\u00edstica, \u00e1reas comerciales, marketing, producto, administraci\u00f3n, finanzas y gesti\u00f3n de personas.<\/p>\n<p>Con una visi\u00f3n que busca reafirmar su compromiso con Colombia, esta multinacional recientemente anunci\u00f3 una inversi\u00f3n que asciende los $300 millones de d\u00f3lares, capital destinado al desarrollo de soluciones tecnol\u00f3gicas y log\u00edsticas, consolidando a Mercado Libre en el ecosistema de e-commerce en Colombia y Am\u00e9rica Latina.<\/p>\n<p>Esta cifra representa tambi\u00e9n la mayor inversi\u00f3n de esta multinacional de servicios en el pa\u00eds, hasta la fecha.<\/p>\n<p>El ministro de Comercio, Industria y Turismo, Luis Carlos Reyes Hern\u00e1ndez, resalt\u00f3 que \u201cen el gobierno del presidente Gustavo Petro Urrego impulsamos una econom\u00eda descarbonizada, que nos permita avanzar en la transici\u00f3n energ\u00e9tica. Por eso apoyamos este tipo de inversiones en sectores de servicios y econom\u00eda digital, que tienen un impacto positivo y abren nuevas oportunidades de desarrollo para el pa\u00eds\u201d.<\/p>\n<p>El alto funcionario agreg\u00f3 que \u201ces estrat\u00e9gico trabajar de manera coordinada entre el Estado y la empresa privada para sacar adelante grandes proyectos y lograr las metas que nos hemos propuesto como pa\u00eds\u201d.<\/p>\n<p>Por su parte la presidenta de ProColombia, Carmen Caballero, explic\u00f3 que desde la entidad \u201ccelebramos estas iniciativas que son testimonio del atractivo de Colombia como destino para la inversi\u00f3n extranjera y de las oportunidades que nuestro territorio tiene por ofrecer. Estamos seguros de que esta nueva apuesta de Mercado Libre en El Pa\u00eds de la Belleza contribuir\u00e1 de manera sustancial al crecimiento de la econom\u00eda digital, al bienestar de nuestras peque\u00f1as y medianas empresas y al desarrollo de las capacidades humanas\u00bb.<\/p>\n<p>A su vez, la gerente General de Mercado Libre Colombia, Lina Monsalve, asegur\u00f3 que \u00abnos sentimos felices de anunciar esta importante expansi\u00f3n, que contribuir\u00e1 al desarrollo del pa\u00eds con fuerza laboral en \u00e1reas clave. Valoramos el talento excepcional de los colombianos, quienes han sido fundamentales para liderar la transformaci\u00f3n de la econom\u00eda digital no solo del pa\u00eds sino de la regi\u00f3n\u00bb.<\/p>\n<p>M\u00e1s de 28.000 peque\u00f1as y medianas empresas en Colombia dependen de Mercado Libre como su principal fuente de ingresos. El 40 % de estas Pymes han generado entre 1 y 5 empleos en los \u00faltimos tres a\u00f1os, lo que muestra el impacto positivo del marketplace en el desarrollo econ\u00f3mico del pa\u00eds.<\/p>\n","protected":false},"excerpt":{"rendered":"<p>Se trata de la mayor inversi\u00f3n de la compa\u00f1\u00eda en el pa\u00eds hasta la fecha. <\/p>\n","protected":false},"author":2,"featured_media":75049,"comment_status":"closed","ping_status":"open","sticky":false,"template":"","format":"standard","meta":{"footnotes":""},"categories":[28,32],"tags":[],"class_list":["post-75048","post","type-post","status-publish","format-standard","has-post-thumbnail","hentry","category-actualidad","category-nacional"],"yoast_head":"<!-- This site is optimized with the Yoast SEO plugin v26.6 - https:\/\/yoast.com\/wordpress\/plugins\/seo\/ -->\n<title>La gran apuesta de Mercado Libre en Colombia -<\/title>\n<meta name=\"description\" content=\"Se trata de la mayor inversi\u00f3n de la compa\u00f1\u00eda en el pa\u00eds hasta la fecha.\" \/>\n<meta name=\"robots\" content=\"index, follow, max-snippet:-1, max-image-preview:large, max-video-preview:-1\" \/>\n<link rel=\"canonical\" href=\"https:\/\/luchonoticias.com\/editor\/la-gran-apuesta-de-mercado-libre-en-colombia\/\" \/>\n<meta property=\"og:locale\" content=\"es_ES\" \/>\n<meta property=\"og:type\" content=\"article\" \/>\n<meta property=\"og:title\" content=\"La gran apuesta de Mercado Libre en Colombia -\" \/>\n<meta property=\"og:description\" content=\"Se trata de la mayor inversi\u00f3n de la compa\u00f1\u00eda en el pa\u00eds hasta la fecha.\" \/>\n<meta property=\"og:url\" content=\"https:\/\/luchonoticias.com\/editor\/la-gran-apuesta-de-mercado-libre-en-colombia\/\" \/>\n<meta property=\"article:publisher\" content=\"https:\/\/www.facebook.com\/luchonoticiasneiva\" \/>\n<meta property=\"article:published_time\" content=\"2024-07-17T09:49:48+00:00\" \/>\n<meta property=\"og:image\" content=\"https:\/\/luchonoticias.com\/editor\/wp-content\/uploads\/2024\/07\/mercado-libre.jpg\" \/>\n\t<meta property=\"og:image:width\" content=\"700\" \/>\n\t<meta property=\"og:image:height\" content=\"400\" \/>\n\t<meta property=\"og:image:type\" content=\"image\/jpeg\" \/>\n<meta name=\"author\" content=\"Editor General\" \/>\n<meta name=\"twitter:card\" content=\"summary_large_image\" \/>\n<meta name=\"twitter:label1\" content=\"Escrito por\" \/>\n\t<meta name=\"twitter:data1\" content=\"Editor General\" \/>\n\t<meta name=\"twitter:label2\" content=\"Tiempo de lectura\" \/>\n\t<meta name=\"twitter:data2\" content=\"3 minutos\" \/>\n<script type=\"application\/ld+json\" class=\"yoast-schema-graph\">{\"@context\":\"https:\/\/schema.org\",\"@graph\":[{\"@type\":\"Article\",\"@id\":\"https:\/\/luchonoticias.com\/editor\/la-gran-apuesta-de-mercado-libre-en-colombia\/#article\",\"isPartOf\":{\"@id\":\"https:\/\/luchonoticias.com\/editor\/la-gran-apuesta-de-mercado-libre-en-colombia\/\"},\"author\":{\"name\":\"Editor General\",\"@id\":\"https:\/\/luchonoticias.com\/editor\/#\/schema\/person\/29217990ddf6f14e35912b2866d591fb\"},\"headline\":\"La gran apuesta de Mercado Libre en Colombia\",\"datePublished\":\"2024-07-17T09:49:48+00:00\",\"mainEntityOfPage\":{\"@id\":\"https:\/\/luchonoticias.com\/editor\/la-gran-apuesta-de-mercado-libre-en-colombia\/\"},\"wordCount\":466,\"publisher\":{\"@id\":\"https:\/\/luchonoticias.com\/editor\/#\/schema\/person\/7a7fd911f58561fd056dbac7b55af9cd\"},\"image\":{\"@id\":\"https:\/\/luchonoticias.com\/editor\/la-gran-apuesta-de-mercado-libre-en-colombia\/#primaryimage\"},\"thumbnailUrl\":\"https:\/\/luchonoticias.com\/editor\/wp-content\/uploads\/2024\/07\/mercado-libre.jpg\",\"articleSection\":[\"Actualidad\",\"Nacional\"],\"inLanguage\":\"es\"},{\"@type\":\"WebPage\",\"@id\":\"https:\/\/luchonoticias.com\/editor\/la-gran-apuesta-de-mercado-libre-en-colombia\/\",\"url\":\"https:\/\/luchonoticias.com\/editor\/la-gran-apuesta-de-mercado-libre-en-colombia\/\",\"name\":\"La gran apuesta de Mercado Libre en Colombia -\",\"isPartOf\":{\"@id\":\"https:\/\/luchonoticias.com\/editor\/#website\"},\"primaryImageOfPage\":{\"@id\":\"https:\/\/luchonoticias.com\/editor\/la-gran-apuesta-de-mercado-libre-en-colombia\/#primaryimage\"},\"image\":{\"@id\":\"https:\/\/luchonoticias.com\/editor\/la-gran-apuesta-de-mercado-libre-en-colombia\/#primaryimage\"},\"thumbnailUrl\":\"https:\/\/luchonoticias.com\/editor\/wp-content\/uploads\/2024\/07\/mercado-libre.jpg\",\"datePublished\":\"2024-07-17T09:49:48+00:00\",\"description\":\"Se trata de la mayor inversi\u00f3n de la compa\u00f1\u00eda en el pa\u00eds hasta la fecha.\",\"breadcrumb\":{\"@id\":\"https:\/\/luchonoticias.com\/editor\/la-gran-apuesta-de-mercado-libre-en-colombia\/#breadcrumb\"},\"inLanguage\":\"es\",\"potentialAction\":[{\"@type\":\"ReadAction\",\"target\":[\"https:\/\/luchonoticias.com\/editor\/la-gran-apuesta-de-mercado-libre-en-colombia\/\"]}]},{\"@type\":\"ImageObject\",\"inLanguage\":\"es\",\"@id\":\"https:\/\/luchonoticias.com\/editor\/la-gran-apuesta-de-mercado-libre-en-colombia\/#primaryimage\",\"url\":\"https:\/\/luchonoticias.com\/editor\/wp-content\/uploads\/2024\/07\/mercado-libre.jpg\",\"contentUrl\":\"https:\/\/luchonoticias.com\/editor\/wp-content\/uploads\/2024\/07\/mercado-libre.jpg\",\"width\":700,\"height\":400},{\"@type\":\"BreadcrumbList\",\"@id\":\"https:\/\/luchonoticias.com\/editor\/la-gran-apuesta-de-mercado-libre-en-colombia\/#breadcrumb\",\"itemListElement\":[{\"@type\":\"ListItem\",\"position\":1,\"name\":\"Portada\",\"item\":\"https:\/\/luchonoticias.com\/editor\/\"},{\"@type\":\"ListItem\",\"position\":2,\"name\":\"La gran apuesta de Mercado Libre en Colombia\"}]},{\"@type\":\"WebSite\",\"@id\":\"https:\/\/luchonoticias.com\/editor\/#website\",\"url\":\"https:\/\/luchonoticias.com\/editor\/\",\"name\":\"\",\"description\":\"\",\"publisher\":{\"@id\":\"https:\/\/luchonoticias.com\/editor\/#\/schema\/person\/7a7fd911f58561fd056dbac7b55af9cd\"},\"potentialAction\":[{\"@type\":\"SearchAction\",\"target\":{\"@type\":\"EntryPoint\",\"urlTemplate\":\"https:\/\/luchonoticias.com\/editor\/?s={search_term_string}\"},\"query-input\":{\"@type\":\"PropertyValueSpecification\",\"valueRequired\":true,\"valueName\":\"search_term_string\"}}],\"inLanguage\":\"es\"},{\"@type\":[\"Person\",\"Organization\"],\"@id\":\"https:\/\/luchonoticias.com\/editor\/#\/schema\/person\/7a7fd911f58561fd056dbac7b55af9cd\",\"name\":\"admin\",\"image\":{\"@type\":\"ImageObject\",\"inLanguage\":\"es\",\"@id\":\"https:\/\/luchonoticias.com\/editor\/#\/schema\/person\/image\/\",\"url\":\"https:\/\/luchonoticias.com\/editor\/wp-content\/uploads\/2024\/02\/cropped-cropped-logolu.webp\",\"contentUrl\":\"https:\/\/luchonoticias.com\/editor\/wp-content\/uploads\/2024\/02\/cropped-cropped-logolu.webp\",\"width\":382,\"height\":170,\"caption\":\"admin\"},\"logo\":{\"@id\":\"https:\/\/luchonoticias.com\/editor\/#\/schema\/person\/image\/\"},\"sameAs\":[\"https:\/\/www.facebook.com\/luchonoticiasneiva\"]},{\"@type\":\"Person\",\"@id\":\"https:\/\/luchonoticias.com\/editor\/#\/schema\/person\/29217990ddf6f14e35912b2866d591fb\",\"name\":\"Editor General\",\"image\":{\"@type\":\"ImageObject\",\"inLanguage\":\"es\",\"@id\":\"https:\/\/luchonoticias.com\/editor\/#\/schema\/person\/image\/\",\"url\":\"https:\/\/luchonoticias.com\/editor\/wp-content\/uploads\/2024\/02\/cropped-cropped-logolu-150x150.webp\",\"contentUrl\":\"https:\/\/luchonoticias.com\/editor\/wp-content\/uploads\/2024\/02\/cropped-cropped-logolu-150x150.webp\",\"caption\":\"Editor General\"},\"sameAs\":[\"https:\/\/luchonoticias.com\/\"],\"url\":\"https:\/\/luchonoticias.com\/editor\/author\/editor-general\/\"}]}<\/script>\n<!-- \/ Yoast SEO plugin. -->","yoast_head_json":{"title":"La gran apuesta de Mercado Libre en Colombia -","description":"Se trata de la mayor inversi\u00f3n de la compa\u00f1\u00eda en el pa\u00eds hasta la fecha.","robots":{"index":"index","follow":"follow","max-snippet":"max-snippet:-1","max-image-preview":"max-image-preview:large","max-video-preview":"max-video-preview:-1"},"canonical":"https:\/\/luchonoticias.com\/editor\/la-gran-apuesta-de-mercado-libre-en-colombia\/","og_locale":"es_ES","og_type":"article","og_title":"La gran apuesta de Mercado Libre en Colombia -","og_description":"Se trata de la mayor inversi\u00f3n de la compa\u00f1\u00eda en el pa\u00eds hasta la fecha.","og_url":"https:\/\/luchonoticias.com\/editor\/la-gran-apuesta-de-mercado-libre-en-colombia\/","article_publisher":"https:\/\/www.facebook.com\/luchonoticiasneiva","article_published_time":"2024-07-17T09:49:48+00:00","og_image":[{"width":700,"height":400,"url":"https:\/\/luchonoticias.com\/editor\/wp-content\/uploads\/2024\/07\/mercado-libre.jpg","type":"image\/jpeg"}],"author":"Editor General","twitter_card":"summary_large_image","twitter_misc":{"Escrito por":"Editor General","Tiempo de lectura":"3 minutos"},"schema":{"@context":"https:\/\/schema.org","@graph":[{"@type":"Article","@id":"https:\/\/luchonoticias.com\/editor\/la-gran-apuesta-de-mercado-libre-en-colombia\/#article","isPartOf":{"@id":"https:\/\/luchonoticias.com\/editor\/la-gran-apuesta-de-mercado-libre-en-colombia\/"},"author":{"name":"Editor General","@id":"https:\/\/luchonoticias.com\/editor\/#\/schema\/person\/29217990ddf6f14e35912b2866d591fb"},"headline":"La gran apuesta de Mercado Libre en Colombia","datePublished":"2024-07-17T09:49:48+00:00","mainEntityOfPage":{"@id":"https:\/\/luchonoticias.com\/editor\/la-gran-apuesta-de-mercado-libre-en-colombia\/"},"wordCount":466,"publisher":{"@id":"https:\/\/luchonoticias.com\/editor\/#\/schema\/person\/7a7fd911f58561fd056dbac7b55af9cd"},"image":{"@id":"https:\/\/luchonoticias.com\/editor\/la-gran-apuesta-de-mercado-libre-en-colombia\/#primaryimage"},"thumbnailUrl":"https:\/\/luchonoticias.com\/editor\/wp-content\/uploads\/2024\/07\/mercado-libre.jpg","articleSection":["Actualidad","Nacional"],"inLanguage":"es"},{"@type":"WebPage","@id":"https:\/\/luchonoticias.com\/editor\/la-gran-apuesta-de-mercado-libre-en-colombia\/","url":"https:\/\/luchonoticias.com\/editor\/la-gran-apuesta-de-mercado-libre-en-colombia\/","name":"La gran apuesta de Mercado Libre en Colombia -","isPartOf":{"@id":"https:\/\/luchonoticias.com\/editor\/#website"},"primaryImageOfPage":{"@id":"https:\/\/luchonoticias.com\/editor\/la-gran-apuesta-de-mercado-libre-en-colombia\/#primaryimage"},"image":{"@id":"https:\/\/luchonoticias.com\/editor\/la-gran-apuesta-de-mercado-libre-en-colombia\/#primaryimage"},"thumbnailUrl":"https:\/\/luchonoticias.com\/editor\/wp-content\/uploads\/2024\/07\/mercado-libre.jpg","datePublished":"2024-07-17T09:49:48+00:00","description":"Se trata de la mayor inversi\u00f3n de la compa\u00f1\u00eda en el pa\u00eds hasta la fecha.","breadcrumb":{"@id":"https:\/\/luchonoticias.com\/editor\/la-gran-apuesta-de-mercado-libre-en-colombia\/#breadcrumb"},"inLanguage":"es","potentialAction":[{"@type":"ReadAction","target":["https:\/\/luchonoticias.com\/editor\/la-gran-apuesta-de-mercado-libre-en-colombia\/"]}]},{"@type":"ImageObject","inLanguage":"es","@id":"https:\/\/luchonoticias.com\/editor\/la-gran-apuesta-de-mercado-libre-en-colombia\/#primaryimage","url":"https:\/\/luchonoticias.com\/editor\/wp-content\/uploads\/2024\/07\/mercado-libre.jpg","contentUrl":"https:\/\/luchonoticias.com\/editor\/wp-content\/uploads\/2024\/07\/mercado-libre.jpg","width":700,"height":400},{"@type":"BreadcrumbList","@id":"https:\/\/luchonoticias.com\/editor\/la-gran-apuesta-de-mercado-libre-en-colombia\/#breadcrumb","itemListElement":[{"@type":"ListItem","position":1,"name":"Portada","item":"https:\/\/luchonoticias.com\/editor\/"},{"@type":"ListItem","position":2,"name":"La gran apuesta de Mercado Libre en Colombia"}]},{"@type":"WebSite","@id":"https:\/\/luchonoticias.com\/editor\/#website","url":"https:\/\/luchonoticias.com\/editor\/","name":"","description":"","publisher":{"@id":"https:\/\/luchonoticias.com\/editor\/#\/schema\/person\/7a7fd911f58561fd056dbac7b55af9cd"},"potentialAction":[{"@type":"SearchAction","target":{"@type":"EntryPoint","urlTemplate":"https:\/\/luchonoticias.com\/editor\/?s={search_term_string}"},"query-input":{"@type":"PropertyValueSpecification","valueRequired":true,"valueName":"search_term_string"}}],"inLanguage":"es"},{"@type":["Person","Organization"],"@id":"https:\/\/luchonoticias.com\/editor\/#\/schema\/person\/7a7fd911f58561fd056dbac7b55af9cd","name":"admin","image":{"@type":"ImageObject","inLanguage":"es","@id":"https:\/\/luchonoticias.com\/editor\/#\/schema\/person\/image\/","url":"https:\/\/luchonoticias.com\/editor\/wp-content\/uploads\/2024\/02\/cropped-cropped-logolu.webp","contentUrl":"https:\/\/luchonoticias.com\/editor\/wp-content\/uploads\/2024\/02\/cropped-cropped-logolu.webp","width":382,"height":170,"caption":"admin"},"logo":{"@id":"https:\/\/luchonoticias.com\/editor\/#\/schema\/person\/image\/"},"sameAs":["https:\/\/www.facebook.com\/luchonoticiasneiva"]},{"@type":"Person","@id":"https:\/\/luchonoticias.com\/editor\/#\/schema\/person\/29217990ddf6f14e35912b2866d591fb","name":"Editor General","image":{"@type":"ImageObject","inLanguage":"es","@id":"https:\/\/luchonoticias.com\/editor\/#\/schema\/person\/image\/","url":"https:\/\/luchonoticias.com\/editor\/wp-content\/uploads\/2024\/02\/cropped-cropped-logolu-150x150.webp","contentUrl":"https:\/\/luchonoticias.com\/editor\/wp-content\/uploads\/2024\/02\/cropped-cropped-logolu-150x150.webp","caption":"Editor General"},"sameAs":["https:\/\/luchonoticias.com\/"],"url":"https:\/\/luchonoticias.com\/editor\/author\/editor-general\/"}]}},"_links":{"self":[{"href":"https:\/\/luchonoticias.com\/editor\/wp-json\/wp\/v2\/posts\/75048","targetHints":{"allow":["GET"]}}],"collection":[{"href":"https:\/\/luchonoticias.com\/editor\/wp-json\/wp\/v2\/posts"}],"about":[{"href":"https:\/\/luchonoticias.com\/editor\/wp-json\/wp\/v2\/types\/post"}],"author":[{"embeddable":true,"href":"https:\/\/luchonoticias.com\/editor\/wp-json\/wp\/v2\/users\/2"}],"replies":[{"embeddable":true,"href":"https:\/\/luchonoticias.com\/editor\/wp-json\/wp\/v2\/comments?post=75048"}],"version-history":[{"count":1,"href":"https:\/\/luchonoticias.com\/editor\/wp-json\/wp\/v2\/posts\/75048\/revisions"}],"predecessor-version":[{"id":75050,"href":"https:\/\/luchonoticias.com\/editor\/wp-json\/wp\/v2\/posts\/75048\/revisions\/75050"}],"wp:featuredmedia":[{"embeddable":true,"href":"https:\/\/luchonoticias.com\/editor\/wp-json\/wp\/v2\/media\/75049"}],"wp:attachment":[{"href":"https:\/\/luchonoticias.com\/editor\/wp-json\/wp\/v2\/media?parent=75048"}],"wp:term":[{"taxonomy":"category","embeddable":true,"href":"https:\/\/luchonoticias.com\/editor\/wp-json\/wp\/v2\/categories?post=75048"},{"taxonomy":"post_tag","embeddable":true,"href":"https:\/\/luchonoticias.com\/editor\/wp-json\/wp\/v2\/tags?post=75048"}],"curies":[{"name":"wp","href":"https:\/\/api.w.org\/{rel}","templated":true}]}}