{"id":75051,"date":"2024-07-17T04:55:58","date_gmt":"2024-07-17T09:55:58","guid":{"rendered":"https:\/\/luchonoticias.com\/?p=75051"},"modified":"2024-07-17T04:55:58","modified_gmt":"2024-07-17T09:55:58","slug":"apoteosica-presentacion-de-falcao-como-jugador-de-millonarios","status":"publish","type":"post","link":"https:\/\/luchonoticias.com\/editor\/apoteosica-presentacion-de-falcao-como-jugador-de-millonarios\/","title":{"rendered":"Apote\u00f3sica presentaci\u00f3n de Falcao como jugador de Millonarios"},"content":{"rendered":"<p>El sue\u00f1o de ni\u00f1o por fin se hizo realidad para el\u00a0delantero Radamel Falcao Garc\u00eda, que se visti\u00f3 con la camiseta del club de sus amores, Millonarios, en la que ser\u00e1 su nueva casa: el estadio Nemesio Camacho El Camp\u00edn.<\/p>\n<p>A sus 37 a\u00f1os,\u00a0<b>el Tigre fue presentado en sociedad como el flamante refuerzo del equipo albiazul,<\/b>\u00a0de cara a su participaci\u00f3n en la Liga Colombiana del segundo semestre y la Copa Colombia, torneo en el que los capitalinos arrancar\u00e1n desde los octavos de final.<\/p>\n<p>Un total de 25.539 personas fueron testigo de un acto lleno de colorido en las tribunas, m\u00fasica y la\u00a0presencia de los nuevos compa\u00f1eros del atacante,\u00a0que tras una carrera de casi dos d\u00e9cadas en el exterior tendr\u00e1 su esperado desenlace.<\/p>\n<p>Con show de una reconocida banda latinoamericana,\u00a0<b>como los Pibes Chorros representantes de la cumbia villera argentina,<\/b> adem\u00e1s de la invitaci\u00f3n especial a Alexy Hern\u00e1ndez, la compositora del viral tema \u2018Viva Colombia, viva Falcao\u2019, se llev\u00f3 a cabo este evento, en el que adem\u00e1s recibi\u00f3 formalmente la banda de capit\u00e1n.<\/p>\n<p><b>Con el 9 en su espalda, el n\u00famero que lo ha caracterizado durante gran parte de su carrera,<\/b>\u00a0y que se agot\u00f3 en cuesti\u00f3n de horas en las tiendas oficiales de la instituci\u00f3n, Falcao pis\u00f3 el gramado en el que actuar\u00e1 con los colores que, cuando era canterano, so\u00f1\u00f3 vestir.<\/p>\n<p>Las negociaciones que adelant\u00f3 la dirigencia para contar por sus servicios<b>, tras al menos dos intentos fallidos,<\/b>\u00a0pudieron concretarse y por ello el delantero firm\u00f3 por seis meses con los embajadores, con los que espera dejar huella en el FPC.<\/p>\n<p>Con informaci\u00f3n de BLU Radio<\/p>\n","protected":false},"excerpt":{"rendered":"<p>El sue\u00f1o de ni\u00f1o por fin se hizo realidad para el\u00a0delantero Radamel Falcao Garc\u00eda, que se visti\u00f3 con la camiseta del club de sus amores, Millonarios, en la que ser\u00e1 su nueva casa: el estadio Nemesio Camacho El Camp\u00edn.<\/p>\n","protected":false},"author":2,"featured_media":75052,"comment_status":"closed","ping_status":"open","sticky":false,"template":"","format":"standard","meta":{"footnotes":""},"categories":[34],"tags":[],"class_list":["post-75051","post","type-post","status-publish","format-standard","has-post-thumbnail","hentry","category-deportes"],"yoast_head":"<!-- This site is optimized with the Yoast SEO plugin v26.6 - https:\/\/yoast.com\/wordpress\/plugins\/seo\/ -->\n<title>Apote\u00f3sica presentaci\u00f3n de Falcao como jugador de Millonarios -<\/title>\n<meta name=\"description\" content=\"El sue\u00f1o de ni\u00f1o por fin se hizo realidad para el\u00a0delantero Radamel Falcao Garc\u00eda, que se visti\u00f3 con la camiseta del club de sus amores, Millonarios, en la que ser\u00e1 su nueva casa: el estadio Nemesio Camacho El Camp\u00edn.\" \/>\n<meta name=\"robots\" content=\"index, follow, max-snippet:-1, max-image-preview:large, max-video-preview:-1\" \/>\n<link rel=\"canonical\" href=\"https:\/\/luchonoticias.com\/editor\/apoteosica-presentacion-de-falcao-como-jugador-de-millonarios\/\" \/>\n<meta property=\"og:locale\" content=\"es_ES\" \/>\n<meta property=\"og:type\" content=\"article\" \/>\n<meta property=\"og:title\" content=\"Apote\u00f3sica presentaci\u00f3n de Falcao como jugador de Millonarios -\" \/>\n<meta property=\"og:description\" content=\"El sue\u00f1o de ni\u00f1o por fin se hizo realidad para el\u00a0delantero Radamel Falcao Garc\u00eda, que se visti\u00f3 con la camiseta del club de sus amores, Millonarios, en la que ser\u00e1 su nueva casa: el estadio Nemesio Camacho El Camp\u00edn.\" \/>\n<meta property=\"og:url\" content=\"https:\/\/luchonoticias.com\/editor\/apoteosica-presentacion-de-falcao-como-jugador-de-millonarios\/\" \/>\n<meta property=\"article:publisher\" content=\"https:\/\/www.facebook.com\/luchonoticiasneiva\" \/>\n<meta property=\"article:published_time\" content=\"2024-07-17T09:55:58+00:00\" \/>\n<meta property=\"og:image\" content=\"https:\/\/luchonoticias.com\/editor\/wp-content\/uploads\/2024\/07\/falcao-2.jpg\" \/>\n\t<meta property=\"og:image:width\" content=\"700\" \/>\n\t<meta property=\"og:image:height\" content=\"400\" \/>\n\t<meta property=\"og:image:type\" content=\"image\/jpeg\" \/>\n<meta name=\"author\" content=\"Editor General\" \/>\n<meta name=\"twitter:card\" content=\"summary_large_image\" \/>\n<meta name=\"twitter:label1\" content=\"Escrito por\" \/>\n\t<meta name=\"twitter:data1\" content=\"Editor General\" \/>\n\t<meta name=\"twitter:label2\" content=\"Tiempo de lectura\" \/>\n\t<meta name=\"twitter:data2\" content=\"2 minutos\" \/>\n<script type=\"application\/ld+json\" class=\"yoast-schema-graph\">{\"@context\":\"https:\/\/schema.org\",\"@graph\":[{\"@type\":\"Article\",\"@id\":\"https:\/\/luchonoticias.com\/editor\/apoteosica-presentacion-de-falcao-como-jugador-de-millonarios\/#article\",\"isPartOf\":{\"@id\":\"https:\/\/luchonoticias.com\/editor\/apoteosica-presentacion-de-falcao-como-jugador-de-millonarios\/\"},\"author\":{\"name\":\"Editor General\",\"@id\":\"https:\/\/luchonoticias.com\/editor\/#\/schema\/person\/29217990ddf6f14e35912b2866d591fb\"},\"headline\":\"Apote\u00f3sica presentaci\u00f3n de Falcao como jugador de Millonarios\",\"datePublished\":\"2024-07-17T09:55:58+00:00\",\"mainEntityOfPage\":{\"@id\":\"https:\/\/luchonoticias.com\/editor\/apoteosica-presentacion-de-falcao-como-jugador-de-millonarios\/\"},\"wordCount\":297,\"publisher\":{\"@id\":\"https:\/\/luchonoticias.com\/editor\/#\/schema\/person\/7a7fd911f58561fd056dbac7b55af9cd\"},\"image\":{\"@id\":\"https:\/\/luchonoticias.com\/editor\/apoteosica-presentacion-de-falcao-como-jugador-de-millonarios\/#primaryimage\"},\"thumbnailUrl\":\"https:\/\/luchonoticias.com\/editor\/wp-content\/uploads\/2024\/07\/falcao-2.jpg\",\"articleSection\":[\"Deportes\"],\"inLanguage\":\"es\"},{\"@type\":\"WebPage\",\"@id\":\"https:\/\/luchonoticias.com\/editor\/apoteosica-presentacion-de-falcao-como-jugador-de-millonarios\/\",\"url\":\"https:\/\/luchonoticias.com\/editor\/apoteosica-presentacion-de-falcao-como-jugador-de-millonarios\/\",\"name\":\"Apote\u00f3sica presentaci\u00f3n de Falcao como jugador de Millonarios -\",\"isPartOf\":{\"@id\":\"https:\/\/luchonoticias.com\/editor\/#website\"},\"primaryImageOfPage\":{\"@id\":\"https:\/\/luchonoticias.com\/editor\/apoteosica-presentacion-de-falcao-como-jugador-de-millonarios\/#primaryimage\"},\"image\":{\"@id\":\"https:\/\/luchonoticias.com\/editor\/apoteosica-presentacion-de-falcao-como-jugador-de-millonarios\/#primaryimage\"},\"thumbnailUrl\":\"https:\/\/luchonoticias.com\/editor\/wp-content\/uploads\/2024\/07\/falcao-2.jpg\",\"datePublished\":\"2024-07-17T09:55:58+00:00\",\"description\":\"El sue\u00f1o de ni\u00f1o por fin se hizo realidad para el\u00a0delantero Radamel Falcao Garc\u00eda, que se visti\u00f3 con la camiseta del club de sus amores, Millonarios, en la que ser\u00e1 su nueva casa: el estadio Nemesio Camacho El Camp\u00edn.\",\"breadcrumb\":{\"@id\":\"https:\/\/luchonoticias.com\/editor\/apoteosica-presentacion-de-falcao-como-jugador-de-millonarios\/#breadcrumb\"},\"inLanguage\":\"es\",\"potentialAction\":[{\"@type\":\"ReadAction\",\"target\":[\"https:\/\/luchonoticias.com\/editor\/apoteosica-presentacion-de-falcao-como-jugador-de-millonarios\/\"]}]},{\"@type\":\"ImageObject\",\"inLanguage\":\"es\",\"@id\":\"https:\/\/luchonoticias.com\/editor\/apoteosica-presentacion-de-falcao-como-jugador-de-millonarios\/#primaryimage\",\"url\":\"https:\/\/luchonoticias.com\/editor\/wp-content\/uploads\/2024\/07\/falcao-2.jpg\",\"contentUrl\":\"https:\/\/luchonoticias.com\/editor\/wp-content\/uploads\/2024\/07\/falcao-2.jpg\",\"width\":700,\"height\":400},{\"@type\":\"BreadcrumbList\",\"@id\":\"https:\/\/luchonoticias.com\/editor\/apoteosica-presentacion-de-falcao-como-jugador-de-millonarios\/#breadcrumb\",\"itemListElement\":[{\"@type\":\"ListItem\",\"position\":1,\"name\":\"Portada\",\"item\":\"https:\/\/luchonoticias.com\/editor\/\"},{\"@type\":\"ListItem\",\"position\":2,\"name\":\"Apote\u00f3sica presentaci\u00f3n de Falcao como jugador de Millonarios\"}]},{\"@type\":\"WebSite\",\"@id\":\"https:\/\/luchonoticias.com\/editor\/#website\",\"url\":\"https:\/\/luchonoticias.com\/editor\/\",\"name\":\"\",\"description\":\"\",\"publisher\":{\"@id\":\"https:\/\/luchonoticias.com\/editor\/#\/schema\/person\/7a7fd911f58561fd056dbac7b55af9cd\"},\"potentialAction\":[{\"@type\":\"SearchAction\",\"target\":{\"@type\":\"EntryPoint\",\"urlTemplate\":\"https:\/\/luchonoticias.com\/editor\/?s={search_term_string}\"},\"query-input\":{\"@type\":\"PropertyValueSpecification\",\"valueRequired\":true,\"valueName\":\"search_term_string\"}}],\"inLanguage\":\"es\"},{\"@type\":[\"Person\",\"Organization\"],\"@id\":\"https:\/\/luchonoticias.com\/editor\/#\/schema\/person\/7a7fd911f58561fd056dbac7b55af9cd\",\"name\":\"admin\",\"image\":{\"@type\":\"ImageObject\",\"inLanguage\":\"es\",\"@id\":\"https:\/\/luchonoticias.com\/editor\/#\/schema\/person\/image\/\",\"url\":\"https:\/\/luchonoticias.com\/editor\/wp-content\/uploads\/2024\/02\/cropped-cropped-logolu.webp\",\"contentUrl\":\"https:\/\/luchonoticias.com\/editor\/wp-content\/uploads\/2024\/02\/cropped-cropped-logolu.webp\",\"width\":382,\"height\":170,\"caption\":\"admin\"},\"logo\":{\"@id\":\"https:\/\/luchonoticias.com\/editor\/#\/schema\/person\/image\/\"},\"sameAs\":[\"https:\/\/www.facebook.com\/luchonoticiasneiva\"]},{\"@type\":\"Person\",\"@id\":\"https:\/\/luchonoticias.com\/editor\/#\/schema\/person\/29217990ddf6f14e35912b2866d591fb\",\"name\":\"Editor General\",\"image\":{\"@type\":\"ImageObject\",\"inLanguage\":\"es\",\"@id\":\"https:\/\/luchonoticias.com\/editor\/#\/schema\/person\/image\/\",\"url\":\"https:\/\/luchonoticias.com\/editor\/wp-content\/uploads\/2024\/02\/cropped-cropped-logolu-150x150.webp\",\"contentUrl\":\"https:\/\/luchonoticias.com\/editor\/wp-content\/uploads\/2024\/02\/cropped-cropped-logolu-150x150.webp\",\"caption\":\"Editor General\"},\"sameAs\":[\"https:\/\/luchonoticias.com\/\"],\"url\":\"https:\/\/luchonoticias.com\/editor\/author\/editor-general\/\"}]}<\/script>\n<!-- \/ Yoast SEO plugin. -->","yoast_head_json":{"title":"Apote\u00f3sica presentaci\u00f3n de Falcao como jugador de Millonarios -","description":"El sue\u00f1o de ni\u00f1o por fin se hizo realidad para el\u00a0delantero Radamel Falcao Garc\u00eda, que se visti\u00f3 con la camiseta del club de sus amores, Millonarios, en la que ser\u00e1 su nueva casa: el estadio Nemesio Camacho El Camp\u00edn.","robots":{"index":"index","follow":"follow","max-snippet":"max-snippet:-1","max-image-preview":"max-image-preview:large","max-video-preview":"max-video-preview:-1"},"canonical":"https:\/\/luchonoticias.com\/editor\/apoteosica-presentacion-de-falcao-como-jugador-de-millonarios\/","og_locale":"es_ES","og_type":"article","og_title":"Apote\u00f3sica presentaci\u00f3n de Falcao como jugador de Millonarios -","og_description":"El sue\u00f1o de ni\u00f1o por fin se hizo realidad para el\u00a0delantero Radamel Falcao Garc\u00eda, que se visti\u00f3 con la camiseta del club de sus amores, Millonarios, en la que ser\u00e1 su nueva casa: el estadio Nemesio Camacho El Camp\u00edn.","og_url":"https:\/\/luchonoticias.com\/editor\/apoteosica-presentacion-de-falcao-como-jugador-de-millonarios\/","article_publisher":"https:\/\/www.facebook.com\/luchonoticiasneiva","article_published_time":"2024-07-17T09:55:58+00:00","og_image":[{"width":700,"height":400,"url":"https:\/\/luchonoticias.com\/editor\/wp-content\/uploads\/2024\/07\/falcao-2.jpg","type":"image\/jpeg"}],"author":"Editor General","twitter_card":"summary_large_image","twitter_misc":{"Escrito por":"Editor General","Tiempo de lectura":"2 minutos"},"schema":{"@context":"https:\/\/schema.org","@graph":[{"@type":"Article","@id":"https:\/\/luchonoticias.com\/editor\/apoteosica-presentacion-de-falcao-como-jugador-de-millonarios\/#article","isPartOf":{"@id":"https:\/\/luchonoticias.com\/editor\/apoteosica-presentacion-de-falcao-como-jugador-de-millonarios\/"},"author":{"name":"Editor General","@id":"https:\/\/luchonoticias.com\/editor\/#\/schema\/person\/29217990ddf6f14e35912b2866d591fb"},"headline":"Apote\u00f3sica presentaci\u00f3n de Falcao como jugador de Millonarios","datePublished":"2024-07-17T09:55:58+00:00","mainEntityOfPage":{"@id":"https:\/\/luchonoticias.com\/editor\/apoteosica-presentacion-de-falcao-como-jugador-de-millonarios\/"},"wordCount":297,"publisher":{"@id":"https:\/\/luchonoticias.com\/editor\/#\/schema\/person\/7a7fd911f58561fd056dbac7b55af9cd"},"image":{"@id":"https:\/\/luchonoticias.com\/editor\/apoteosica-presentacion-de-falcao-como-jugador-de-millonarios\/#primaryimage"},"thumbnailUrl":"https:\/\/luchonoticias.com\/editor\/wp-content\/uploads\/2024\/07\/falcao-2.jpg","articleSection":["Deportes"],"inLanguage":"es"},{"@type":"WebPage","@id":"https:\/\/luchonoticias.com\/editor\/apoteosica-presentacion-de-falcao-como-jugador-de-millonarios\/","url":"https:\/\/luchonoticias.com\/editor\/apoteosica-presentacion-de-falcao-como-jugador-de-millonarios\/","name":"Apote\u00f3sica presentaci\u00f3n de Falcao como jugador de Millonarios -","isPartOf":{"@id":"https:\/\/luchonoticias.com\/editor\/#website"},"primaryImageOfPage":{"@id":"https:\/\/luchonoticias.com\/editor\/apoteosica-presentacion-de-falcao-como-jugador-de-millonarios\/#primaryimage"},"image":{"@id":"https:\/\/luchonoticias.com\/editor\/apoteosica-presentacion-de-falcao-como-jugador-de-millonarios\/#primaryimage"},"thumbnailUrl":"https:\/\/luchonoticias.com\/editor\/wp-content\/uploads\/2024\/07\/falcao-2.jpg","datePublished":"2024-07-17T09:55:58+00:00","description":"El sue\u00f1o de ni\u00f1o por fin se hizo realidad para el\u00a0delantero Radamel Falcao Garc\u00eda, que se visti\u00f3 con la camiseta del club de sus amores, Millonarios, en la que ser\u00e1 su nueva casa: el estadio Nemesio Camacho El Camp\u00edn.","breadcrumb":{"@id":"https:\/\/luchonoticias.com\/editor\/apoteosica-presentacion-de-falcao-como-jugador-de-millonarios\/#breadcrumb"},"inLanguage":"es","potentialAction":[{"@type":"ReadAction","target":["https:\/\/luchonoticias.com\/editor\/apoteosica-presentacion-de-falcao-como-jugador-de-millonarios\/"]}]},{"@type":"ImageObject","inLanguage":"es","@id":"https:\/\/luchonoticias.com\/editor\/apoteosica-presentacion-de-falcao-como-jugador-de-millonarios\/#primaryimage","url":"https:\/\/luchonoticias.com\/editor\/wp-content\/uploads\/2024\/07\/falcao-2.jpg","contentUrl":"https:\/\/luchonoticias.com\/editor\/wp-content\/uploads\/2024\/07\/falcao-2.jpg","width":700,"height":400},{"@type":"BreadcrumbList","@id":"https:\/\/luchonoticias.com\/editor\/apoteosica-presentacion-de-falcao-como-jugador-de-millonarios\/#breadcrumb","itemListElement":[{"@type":"ListItem","position":1,"name":"Portada","item":"https:\/\/luchonoticias.com\/editor\/"},{"@type":"ListItem","position":2,"name":"Apote\u00f3sica presentaci\u00f3n de Falcao como jugador de Millonarios"}]},{"@type":"WebSite","@id":"https:\/\/luchonoticias.com\/editor\/#website","url":"https:\/\/luchonoticias.com\/editor\/","name":"","description":"","publisher":{"@id":"https:\/\/luchonoticias.com\/editor\/#\/schema\/person\/7a7fd911f58561fd056dbac7b55af9cd"},"potentialAction":[{"@type":"SearchAction","target":{"@type":"EntryPoint","urlTemplate":"https:\/\/luchonoticias.com\/editor\/?s={search_term_string}"},"query-input":{"@type":"PropertyValueSpecification","valueRequired":true,"valueName":"search_term_string"}}],"inLanguage":"es"},{"@type":["Person","Organization"],"@id":"https:\/\/luchonoticias.com\/editor\/#\/schema\/person\/7a7fd911f58561fd056dbac7b55af9cd","name":"admin","image":{"@type":"ImageObject","inLanguage":"es","@id":"https:\/\/luchonoticias.com\/editor\/#\/schema\/person\/image\/","url":"https:\/\/luchonoticias.com\/editor\/wp-content\/uploads\/2024\/02\/cropped-cropped-logolu.webp","contentUrl":"https:\/\/luchonoticias.com\/editor\/wp-content\/uploads\/2024\/02\/cropped-cropped-logolu.webp","width":382,"height":170,"caption":"admin"},"logo":{"@id":"https:\/\/luchonoticias.com\/editor\/#\/schema\/person\/image\/"},"sameAs":["https:\/\/www.facebook.com\/luchonoticiasneiva"]},{"@type":"Person","@id":"https:\/\/luchonoticias.com\/editor\/#\/schema\/person\/29217990ddf6f14e35912b2866d591fb","name":"Editor General","image":{"@type":"ImageObject","inLanguage":"es","@id":"https:\/\/luchonoticias.com\/editor\/#\/schema\/person\/image\/","url":"https:\/\/luchonoticias.com\/editor\/wp-content\/uploads\/2024\/02\/cropped-cropped-logolu-150x150.webp","contentUrl":"https:\/\/luchonoticias.com\/editor\/wp-content\/uploads\/2024\/02\/cropped-cropped-logolu-150x150.webp","caption":"Editor General"},"sameAs":["https:\/\/luchonoticias.com\/"],"url":"https:\/\/luchonoticias.com\/editor\/author\/editor-general\/"}]}},"_links":{"self":[{"href":"https:\/\/luchonoticias.com\/editor\/wp-json\/wp\/v2\/posts\/75051","targetHints":{"allow":["GET"]}}],"collection":[{"href":"https:\/\/luchonoticias.com\/editor\/wp-json\/wp\/v2\/posts"}],"about":[{"href":"https:\/\/luchonoticias.com\/editor\/wp-json\/wp\/v2\/types\/post"}],"author":[{"embeddable":true,"href":"https:\/\/luchonoticias.com\/editor\/wp-json\/wp\/v2\/users\/2"}],"replies":[{"embeddable":true,"href":"https:\/\/luchonoticias.com\/editor\/wp-json\/wp\/v2\/comments?post=75051"}],"version-history":[{"count":1,"href":"https:\/\/luchonoticias.com\/editor\/wp-json\/wp\/v2\/posts\/75051\/revisions"}],"predecessor-version":[{"id":75053,"href":"https:\/\/luchonoticias.com\/editor\/wp-json\/wp\/v2\/posts\/75051\/revisions\/75053"}],"wp:featuredmedia":[{"embeddable":true,"href":"https:\/\/luchonoticias.com\/editor\/wp-json\/wp\/v2\/media\/75052"}],"wp:attachment":[{"href":"https:\/\/luchonoticias.com\/editor\/wp-json\/wp\/v2\/media?parent=75051"}],"wp:term":[{"taxonomy":"category","embeddable":true,"href":"https:\/\/luchonoticias.com\/editor\/wp-json\/wp\/v2\/categories?post=75051"},{"taxonomy":"post_tag","embeddable":true,"href":"https:\/\/luchonoticias.com\/editor\/wp-json\/wp\/v2\/tags?post=75051"}],"curies":[{"name":"wp","href":"https:\/\/api.w.org\/{rel}","templated":true}]}}