{"id":75054,"date":"2024-07-17T04:59:31","date_gmt":"2024-07-17T09:59:31","guid":{"rendered":"https:\/\/luchonoticias.com\/?p=75054"},"modified":"2024-07-17T04:59:31","modified_gmt":"2024-07-17T09:59:31","slug":"positivos-numeros-de-produccion-de-manufacturas-en-colombia","status":"publish","type":"post","link":"https:\/\/luchonoticias.com\/editor\/positivos-numeros-de-produccion-de-manufacturas-en-colombia\/","title":{"rendered":"Positivos n\u00fameros de producci\u00f3n de manufacturas en Colombia"},"content":{"rendered":"<p>La Encuesta Mensual Manufacturera con Enfoque Territorial de mayo, publicada esta semana por el DANE, revel\u00f3 que algunas regiones del pa\u00eds obtuvieron resultados positivos en la producci\u00f3n, ventas y generaci\u00f3n de empleo en este importante rengl\u00f3n de la econom\u00eda nacional.<\/p>\n<p>De los 14 departamentos representados por la encuesta, cinco registraron aumentos en su producci\u00f3n real, y de este grupo destaca el comportamiento de Risaralda, que tuvo una variaci\u00f3n positiva del 18 %, frente al mismo mes del a\u00f1o pasado.<\/p>\n<p>En este departamento aumentaron las ventas en mayo un 11,8 %; mientras que el personal ocupado aument\u00f3 en 5,6 %, de acuerdo con el informe del DANE.<\/p>\n<p>Otra de las regiones que mostr\u00f3 un buen comportamiento en la Encuesta Mensual Manufacturera fue Santander, que report\u00f3 una variaci\u00f3n de 4,8 % en mayo. En cuanto a las ventas, cabe destacar que tuvieron un aumento de 4,5 % y no hubo ning\u00fan cambio en el personal ocupado.<\/p>\n<p>Boyac\u00e1, por su parte, mostr\u00f3 un aumento en la producci\u00f3n del 3,7 % y en las ventas, el salto fue del 6,5 %; mientras que en la medici\u00f3n de personal ocupado, el cambio fue de 0,7 % para mayo.<\/p>\n<p>En Bol\u00edvar tambi\u00e9n hubo un resultado positivo, pues en el quinto mes del a\u00f1o este departamento tuvo un aumento en su producci\u00f3n del 2,7 %, la misma variaci\u00f3n que tuvo en sus ventas. En cuanto a Cundinamarca, la variaci\u00f3n en la producci\u00f3n mostr\u00f3 un leve avance del 0,6 %.<\/p>\n<p>Vale destacar que el departamento de C\u00f3rdoba mostr\u00f3 un balance positivo en el \u00edtem de ventas, en el que tuvo una variaci\u00f3n del 10,7 %; mientras que el Tolima tuvo un buen comportamiento en personal ocupado, en el que mostr\u00f3 un avance del 3,6 % frente a mayo de 2023.<\/p>\n<p>En lo corrido del a\u00f1o (enero-mayo), Risaralda (7,7 %), Boyac\u00e1 (2,7 %) y Santander (1,1 %) son los tres departamentos que muestran un comportamiento positivo frente al mismo periodo de 2023, tanto en producci\u00f3n, como en ventas, que tuvieron un avance del 6,5 %, 3,5 % y 2,8 %, respectivamente.<\/p>\n<p>Por \u00faltimo, en la variaci\u00f3n de 12 meses, Boyac\u00e1 muestra el mejor resultado en producci\u00f3n, con un aumento del 3,5 %.<\/p>\n<p><strong>Pereira encabeza en ciudades<\/strong><\/p>\n<p>En cuanto a las ciudades (se miden 10) cabe mencionar que Pereira obtuvo el mejor desempe\u00f1o para el quinto mes del a\u00f1o, pues en la capital risaraldense la variaci\u00f3n en la producci\u00f3n manufacturera aument\u00f3 en un 27,6 %; por su parte, las ventas mostraron un aumento del 18,8 % y el personal ocupado, un 12,2 %.<\/p>\n<p>En el Valle del Cauca, Cali y Yumbo mostraron tambi\u00e9n un comportamiento positivo. La capital del departamento tuvo un aumento en su producci\u00f3n del 5 %, mientras que en Yumbo la variaci\u00f3n fue del 4,6 %. Por su parte, las ventas crecieron 2,5 % y 3,4 %, respectivamente.<\/p>\n<p>Medell\u00edn fue otra de las ciudades que tambi\u00e9n tuvo una variaci\u00f3n positiva en su producci\u00f3n, aunque marginal, pues lleg\u00f3 al 0,3 %.<\/p>\n<p>En lo corrido del a\u00f1o, Pereira (12,7 %) y Cali (5,3 %) son las ciudades que muestran un comportamiento positivo en la producci\u00f3n de manufacturas y en ventas (10,4 % y 1,9 %, respectivamente).<\/p>\n","protected":false},"excerpt":{"rendered":"<p>En lo corrido del a\u00f1o hasta mayo, Risaralda registr\u00f3 una variaci\u00f3n de 7,7 % en la producci\u00f3n, la cual es la m\u00e1s alta de todo el pa\u00eds.<\/p>\n","protected":false},"author":2,"featured_media":75055,"comment_status":"closed","ping_status":"open","sticky":false,"template":"","format":"standard","meta":{"footnotes":""},"categories":[28,32],"tags":[],"class_list":["post-75054","post","type-post","status-publish","format-standard","has-post-thumbnail","hentry","category-actualidad","category-nacional"],"yoast_head":"<!-- This site is optimized with the Yoast SEO plugin v26.6 - https:\/\/yoast.com\/wordpress\/plugins\/seo\/ -->\n<title>Positivos n\u00fameros de producci\u00f3n de manufacturas en Colombia -<\/title>\n<meta name=\"description\" content=\"En lo corrido del a\u00f1o hasta mayo, Risaralda registr\u00f3 una variaci\u00f3n de 7,7 % en la producci\u00f3n, la cual es la m\u00e1s alta de todo el pa\u00eds.\" \/>\n<meta name=\"robots\" content=\"index, follow, max-snippet:-1, max-image-preview:large, max-video-preview:-1\" \/>\n<link rel=\"canonical\" href=\"https:\/\/luchonoticias.com\/editor\/positivos-numeros-de-produccion-de-manufacturas-en-colombia\/\" \/>\n<meta property=\"og:locale\" content=\"es_ES\" \/>\n<meta property=\"og:type\" content=\"article\" \/>\n<meta property=\"og:title\" content=\"Positivos n\u00fameros de producci\u00f3n de manufacturas en Colombia -\" \/>\n<meta property=\"og:description\" content=\"En lo corrido del a\u00f1o hasta mayo, Risaralda registr\u00f3 una variaci\u00f3n de 7,7 % en la producci\u00f3n, la cual es la m\u00e1s alta de todo el pa\u00eds.\" \/>\n<meta property=\"og:url\" content=\"https:\/\/luchonoticias.com\/editor\/positivos-numeros-de-produccion-de-manufacturas-en-colombia\/\" \/>\n<meta property=\"article:publisher\" content=\"https:\/\/www.facebook.com\/luchonoticiasneiva\" \/>\n<meta property=\"article:published_time\" content=\"2024-07-17T09:59:31+00:00\" \/>\n<meta property=\"og:image\" content=\"https:\/\/luchonoticias.com\/editor\/wp-content\/uploads\/2024\/07\/manufacturas.jpg\" \/>\n\t<meta property=\"og:image:width\" content=\"700\" \/>\n\t<meta property=\"og:image:height\" content=\"400\" \/>\n\t<meta property=\"og:image:type\" content=\"image\/jpeg\" \/>\n<meta name=\"author\" content=\"Editor General\" \/>\n<meta name=\"twitter:card\" content=\"summary_large_image\" \/>\n<meta name=\"twitter:label1\" content=\"Escrito por\" \/>\n\t<meta name=\"twitter:data1\" content=\"Editor General\" \/>\n\t<meta name=\"twitter:label2\" content=\"Tiempo de lectura\" \/>\n\t<meta name=\"twitter:data2\" content=\"3 minutos\" \/>\n<script type=\"application\/ld+json\" class=\"yoast-schema-graph\">{\"@context\":\"https:\/\/schema.org\",\"@graph\":[{\"@type\":\"Article\",\"@id\":\"https:\/\/luchonoticias.com\/editor\/positivos-numeros-de-produccion-de-manufacturas-en-colombia\/#article\",\"isPartOf\":{\"@id\":\"https:\/\/luchonoticias.com\/editor\/positivos-numeros-de-produccion-de-manufacturas-en-colombia\/\"},\"author\":{\"name\":\"Editor General\",\"@id\":\"https:\/\/luchonoticias.com\/editor\/#\/schema\/person\/29217990ddf6f14e35912b2866d591fb\"},\"headline\":\"Positivos n\u00fameros de producci\u00f3n de manufacturas en Colombia\",\"datePublished\":\"2024-07-17T09:59:31+00:00\",\"mainEntityOfPage\":{\"@id\":\"https:\/\/luchonoticias.com\/editor\/positivos-numeros-de-produccion-de-manufacturas-en-colombia\/\"},\"wordCount\":508,\"publisher\":{\"@id\":\"https:\/\/luchonoticias.com\/editor\/#\/schema\/person\/7a7fd911f58561fd056dbac7b55af9cd\"},\"image\":{\"@id\":\"https:\/\/luchonoticias.com\/editor\/positivos-numeros-de-produccion-de-manufacturas-en-colombia\/#primaryimage\"},\"thumbnailUrl\":\"https:\/\/luchonoticias.com\/editor\/wp-content\/uploads\/2024\/07\/manufacturas.jpg\",\"articleSection\":[\"Actualidad\",\"Nacional\"],\"inLanguage\":\"es\"},{\"@type\":\"WebPage\",\"@id\":\"https:\/\/luchonoticias.com\/editor\/positivos-numeros-de-produccion-de-manufacturas-en-colombia\/\",\"url\":\"https:\/\/luchonoticias.com\/editor\/positivos-numeros-de-produccion-de-manufacturas-en-colombia\/\",\"name\":\"Positivos n\u00fameros de producci\u00f3n de manufacturas en Colombia -\",\"isPartOf\":{\"@id\":\"https:\/\/luchonoticias.com\/editor\/#website\"},\"primaryImageOfPage\":{\"@id\":\"https:\/\/luchonoticias.com\/editor\/positivos-numeros-de-produccion-de-manufacturas-en-colombia\/#primaryimage\"},\"image\":{\"@id\":\"https:\/\/luchonoticias.com\/editor\/positivos-numeros-de-produccion-de-manufacturas-en-colombia\/#primaryimage\"},\"thumbnailUrl\":\"https:\/\/luchonoticias.com\/editor\/wp-content\/uploads\/2024\/07\/manufacturas.jpg\",\"datePublished\":\"2024-07-17T09:59:31+00:00\",\"description\":\"En lo corrido del a\u00f1o hasta mayo, Risaralda registr\u00f3 una variaci\u00f3n de 7,7 % en la producci\u00f3n, la cual es la m\u00e1s alta de todo el pa\u00eds.\",\"breadcrumb\":{\"@id\":\"https:\/\/luchonoticias.com\/editor\/positivos-numeros-de-produccion-de-manufacturas-en-colombia\/#breadcrumb\"},\"inLanguage\":\"es\",\"potentialAction\":[{\"@type\":\"ReadAction\",\"target\":[\"https:\/\/luchonoticias.com\/editor\/positivos-numeros-de-produccion-de-manufacturas-en-colombia\/\"]}]},{\"@type\":\"ImageObject\",\"inLanguage\":\"es\",\"@id\":\"https:\/\/luchonoticias.com\/editor\/positivos-numeros-de-produccion-de-manufacturas-en-colombia\/#primaryimage\",\"url\":\"https:\/\/luchonoticias.com\/editor\/wp-content\/uploads\/2024\/07\/manufacturas.jpg\",\"contentUrl\":\"https:\/\/luchonoticias.com\/editor\/wp-content\/uploads\/2024\/07\/manufacturas.jpg\",\"width\":700,\"height\":400},{\"@type\":\"BreadcrumbList\",\"@id\":\"https:\/\/luchonoticias.com\/editor\/positivos-numeros-de-produccion-de-manufacturas-en-colombia\/#breadcrumb\",\"itemListElement\":[{\"@type\":\"ListItem\",\"position\":1,\"name\":\"Portada\",\"item\":\"https:\/\/luchonoticias.com\/editor\/\"},{\"@type\":\"ListItem\",\"position\":2,\"name\":\"Positivos n\u00fameros de producci\u00f3n de manufacturas en Colombia\"}]},{\"@type\":\"WebSite\",\"@id\":\"https:\/\/luchonoticias.com\/editor\/#website\",\"url\":\"https:\/\/luchonoticias.com\/editor\/\",\"name\":\"\",\"description\":\"\",\"publisher\":{\"@id\":\"https:\/\/luchonoticias.com\/editor\/#\/schema\/person\/7a7fd911f58561fd056dbac7b55af9cd\"},\"potentialAction\":[{\"@type\":\"SearchAction\",\"target\":{\"@type\":\"EntryPoint\",\"urlTemplate\":\"https:\/\/luchonoticias.com\/editor\/?s={search_term_string}\"},\"query-input\":{\"@type\":\"PropertyValueSpecification\",\"valueRequired\":true,\"valueName\":\"search_term_string\"}}],\"inLanguage\":\"es\"},{\"@type\":[\"Person\",\"Organization\"],\"@id\":\"https:\/\/luchonoticias.com\/editor\/#\/schema\/person\/7a7fd911f58561fd056dbac7b55af9cd\",\"name\":\"admin\",\"image\":{\"@type\":\"ImageObject\",\"inLanguage\":\"es\",\"@id\":\"https:\/\/luchonoticias.com\/editor\/#\/schema\/person\/image\/\",\"url\":\"https:\/\/luchonoticias.com\/editor\/wp-content\/uploads\/2024\/02\/cropped-cropped-logolu.webp\",\"contentUrl\":\"https:\/\/luchonoticias.com\/editor\/wp-content\/uploads\/2024\/02\/cropped-cropped-logolu.webp\",\"width\":382,\"height\":170,\"caption\":\"admin\"},\"logo\":{\"@id\":\"https:\/\/luchonoticias.com\/editor\/#\/schema\/person\/image\/\"},\"sameAs\":[\"https:\/\/www.facebook.com\/luchonoticiasneiva\"]},{\"@type\":\"Person\",\"@id\":\"https:\/\/luchonoticias.com\/editor\/#\/schema\/person\/29217990ddf6f14e35912b2866d591fb\",\"name\":\"Editor General\",\"image\":{\"@type\":\"ImageObject\",\"inLanguage\":\"es\",\"@id\":\"https:\/\/luchonoticias.com\/editor\/#\/schema\/person\/image\/\",\"url\":\"https:\/\/luchonoticias.com\/editor\/wp-content\/uploads\/2024\/02\/cropped-cropped-logolu-150x150.webp\",\"contentUrl\":\"https:\/\/luchonoticias.com\/editor\/wp-content\/uploads\/2024\/02\/cropped-cropped-logolu-150x150.webp\",\"caption\":\"Editor General\"},\"sameAs\":[\"https:\/\/luchonoticias.com\/\"],\"url\":\"https:\/\/luchonoticias.com\/editor\/author\/editor-general\/\"}]}<\/script>\n<!-- \/ Yoast SEO plugin. -->","yoast_head_json":{"title":"Positivos n\u00fameros de producci\u00f3n de manufacturas en Colombia -","description":"En lo corrido del a\u00f1o hasta mayo, Risaralda registr\u00f3 una variaci\u00f3n de 7,7 % en la producci\u00f3n, la cual es la m\u00e1s alta de todo el pa\u00eds.","robots":{"index":"index","follow":"follow","max-snippet":"max-snippet:-1","max-image-preview":"max-image-preview:large","max-video-preview":"max-video-preview:-1"},"canonical":"https:\/\/luchonoticias.com\/editor\/positivos-numeros-de-produccion-de-manufacturas-en-colombia\/","og_locale":"es_ES","og_type":"article","og_title":"Positivos n\u00fameros de producci\u00f3n de manufacturas en Colombia -","og_description":"En lo corrido del a\u00f1o hasta mayo, Risaralda registr\u00f3 una variaci\u00f3n de 7,7 % en la producci\u00f3n, la cual es la m\u00e1s alta de todo el pa\u00eds.","og_url":"https:\/\/luchonoticias.com\/editor\/positivos-numeros-de-produccion-de-manufacturas-en-colombia\/","article_publisher":"https:\/\/www.facebook.com\/luchonoticiasneiva","article_published_time":"2024-07-17T09:59:31+00:00","og_image":[{"width":700,"height":400,"url":"https:\/\/luchonoticias.com\/editor\/wp-content\/uploads\/2024\/07\/manufacturas.jpg","type":"image\/jpeg"}],"author":"Editor General","twitter_card":"summary_large_image","twitter_misc":{"Escrito por":"Editor General","Tiempo de lectura":"3 minutos"},"schema":{"@context":"https:\/\/schema.org","@graph":[{"@type":"Article","@id":"https:\/\/luchonoticias.com\/editor\/positivos-numeros-de-produccion-de-manufacturas-en-colombia\/#article","isPartOf":{"@id":"https:\/\/luchonoticias.com\/editor\/positivos-numeros-de-produccion-de-manufacturas-en-colombia\/"},"author":{"name":"Editor General","@id":"https:\/\/luchonoticias.com\/editor\/#\/schema\/person\/29217990ddf6f14e35912b2866d591fb"},"headline":"Positivos n\u00fameros de producci\u00f3n de manufacturas en Colombia","datePublished":"2024-07-17T09:59:31+00:00","mainEntityOfPage":{"@id":"https:\/\/luchonoticias.com\/editor\/positivos-numeros-de-produccion-de-manufacturas-en-colombia\/"},"wordCount":508,"publisher":{"@id":"https:\/\/luchonoticias.com\/editor\/#\/schema\/person\/7a7fd911f58561fd056dbac7b55af9cd"},"image":{"@id":"https:\/\/luchonoticias.com\/editor\/positivos-numeros-de-produccion-de-manufacturas-en-colombia\/#primaryimage"},"thumbnailUrl":"https:\/\/luchonoticias.com\/editor\/wp-content\/uploads\/2024\/07\/manufacturas.jpg","articleSection":["Actualidad","Nacional"],"inLanguage":"es"},{"@type":"WebPage","@id":"https:\/\/luchonoticias.com\/editor\/positivos-numeros-de-produccion-de-manufacturas-en-colombia\/","url":"https:\/\/luchonoticias.com\/editor\/positivos-numeros-de-produccion-de-manufacturas-en-colombia\/","name":"Positivos n\u00fameros de producci\u00f3n de manufacturas en Colombia -","isPartOf":{"@id":"https:\/\/luchonoticias.com\/editor\/#website"},"primaryImageOfPage":{"@id":"https:\/\/luchonoticias.com\/editor\/positivos-numeros-de-produccion-de-manufacturas-en-colombia\/#primaryimage"},"image":{"@id":"https:\/\/luchonoticias.com\/editor\/positivos-numeros-de-produccion-de-manufacturas-en-colombia\/#primaryimage"},"thumbnailUrl":"https:\/\/luchonoticias.com\/editor\/wp-content\/uploads\/2024\/07\/manufacturas.jpg","datePublished":"2024-07-17T09:59:31+00:00","description":"En lo corrido del a\u00f1o hasta mayo, Risaralda registr\u00f3 una variaci\u00f3n de 7,7 % en la producci\u00f3n, la cual es la m\u00e1s alta de todo el pa\u00eds.","breadcrumb":{"@id":"https:\/\/luchonoticias.com\/editor\/positivos-numeros-de-produccion-de-manufacturas-en-colombia\/#breadcrumb"},"inLanguage":"es","potentialAction":[{"@type":"ReadAction","target":["https:\/\/luchonoticias.com\/editor\/positivos-numeros-de-produccion-de-manufacturas-en-colombia\/"]}]},{"@type":"ImageObject","inLanguage":"es","@id":"https:\/\/luchonoticias.com\/editor\/positivos-numeros-de-produccion-de-manufacturas-en-colombia\/#primaryimage","url":"https:\/\/luchonoticias.com\/editor\/wp-content\/uploads\/2024\/07\/manufacturas.jpg","contentUrl":"https:\/\/luchonoticias.com\/editor\/wp-content\/uploads\/2024\/07\/manufacturas.jpg","width":700,"height":400},{"@type":"BreadcrumbList","@id":"https:\/\/luchonoticias.com\/editor\/positivos-numeros-de-produccion-de-manufacturas-en-colombia\/#breadcrumb","itemListElement":[{"@type":"ListItem","position":1,"name":"Portada","item":"https:\/\/luchonoticias.com\/editor\/"},{"@type":"ListItem","position":2,"name":"Positivos n\u00fameros de producci\u00f3n de manufacturas en Colombia"}]},{"@type":"WebSite","@id":"https:\/\/luchonoticias.com\/editor\/#website","url":"https:\/\/luchonoticias.com\/editor\/","name":"","description":"","publisher":{"@id":"https:\/\/luchonoticias.com\/editor\/#\/schema\/person\/7a7fd911f58561fd056dbac7b55af9cd"},"potentialAction":[{"@type":"SearchAction","target":{"@type":"EntryPoint","urlTemplate":"https:\/\/luchonoticias.com\/editor\/?s={search_term_string}"},"query-input":{"@type":"PropertyValueSpecification","valueRequired":true,"valueName":"search_term_string"}}],"inLanguage":"es"},{"@type":["Person","Organization"],"@id":"https:\/\/luchonoticias.com\/editor\/#\/schema\/person\/7a7fd911f58561fd056dbac7b55af9cd","name":"admin","image":{"@type":"ImageObject","inLanguage":"es","@id":"https:\/\/luchonoticias.com\/editor\/#\/schema\/person\/image\/","url":"https:\/\/luchonoticias.com\/editor\/wp-content\/uploads\/2024\/02\/cropped-cropped-logolu.webp","contentUrl":"https:\/\/luchonoticias.com\/editor\/wp-content\/uploads\/2024\/02\/cropped-cropped-logolu.webp","width":382,"height":170,"caption":"admin"},"logo":{"@id":"https:\/\/luchonoticias.com\/editor\/#\/schema\/person\/image\/"},"sameAs":["https:\/\/www.facebook.com\/luchonoticiasneiva"]},{"@type":"Person","@id":"https:\/\/luchonoticias.com\/editor\/#\/schema\/person\/29217990ddf6f14e35912b2866d591fb","name":"Editor General","image":{"@type":"ImageObject","inLanguage":"es","@id":"https:\/\/luchonoticias.com\/editor\/#\/schema\/person\/image\/","url":"https:\/\/luchonoticias.com\/editor\/wp-content\/uploads\/2024\/02\/cropped-cropped-logolu-150x150.webp","contentUrl":"https:\/\/luchonoticias.com\/editor\/wp-content\/uploads\/2024\/02\/cropped-cropped-logolu-150x150.webp","caption":"Editor General"},"sameAs":["https:\/\/luchonoticias.com\/"],"url":"https:\/\/luchonoticias.com\/editor\/author\/editor-general\/"}]}},"_links":{"self":[{"href":"https:\/\/luchonoticias.com\/editor\/wp-json\/wp\/v2\/posts\/75054","targetHints":{"allow":["GET"]}}],"collection":[{"href":"https:\/\/luchonoticias.com\/editor\/wp-json\/wp\/v2\/posts"}],"about":[{"href":"https:\/\/luchonoticias.com\/editor\/wp-json\/wp\/v2\/types\/post"}],"author":[{"embeddable":true,"href":"https:\/\/luchonoticias.com\/editor\/wp-json\/wp\/v2\/users\/2"}],"replies":[{"embeddable":true,"href":"https:\/\/luchonoticias.com\/editor\/wp-json\/wp\/v2\/comments?post=75054"}],"version-history":[{"count":2,"href":"https:\/\/luchonoticias.com\/editor\/wp-json\/wp\/v2\/posts\/75054\/revisions"}],"predecessor-version":[{"id":75057,"href":"https:\/\/luchonoticias.com\/editor\/wp-json\/wp\/v2\/posts\/75054\/revisions\/75057"}],"wp:featuredmedia":[{"embeddable":true,"href":"https:\/\/luchonoticias.com\/editor\/wp-json\/wp\/v2\/media\/75055"}],"wp:attachment":[{"href":"https:\/\/luchonoticias.com\/editor\/wp-json\/wp\/v2\/media?parent=75054"}],"wp:term":[{"taxonomy":"category","embeddable":true,"href":"https:\/\/luchonoticias.com\/editor\/wp-json\/wp\/v2\/categories?post=75054"},{"taxonomy":"post_tag","embeddable":true,"href":"https:\/\/luchonoticias.com\/editor\/wp-json\/wp\/v2\/tags?post=75054"}],"curies":[{"name":"wp","href":"https:\/\/api.w.org\/{rel}","templated":true}]}}