{"id":75073,"date":"2024-07-18T04:23:51","date_gmt":"2024-07-18T09:23:51","guid":{"rendered":"https:\/\/luchonoticias.com\/?p=75073"},"modified":"2024-07-18T04:23:51","modified_gmt":"2024-07-18T09:23:51","slug":"capacitaciones-en-el-huila-para-producir-cafe-libre-de-deforestacion","status":"publish","type":"post","link":"https:\/\/luchonoticias.com\/editor\/capacitaciones-en-el-huila-para-producir-cafe-libre-de-deforestacion\/","title":{"rendered":"Capacitaciones en el Huila para producir caf\u00e9 libre de deforestaci\u00f3n"},"content":{"rendered":"<p>Teniendo en cuenta que a partir del 01 de enero de 2025 iniciar\u00e1 la aplicaci\u00f3n del reglamento 1115 EUDR que establece que todos los productos y subproductos de 6 cadenas de valor, entre ellas la de caf\u00e9, deben lograrse sin generar deforestaci\u00f3n o degradaci\u00f3n forestal, se vienen adelantando acciones conjuntas para capacitar a los actores de la caficultura huilense en torno a los alcances y la aplicaci\u00f3n de la medida.<\/p>\n<p>Con ese prop\u00f3sito se vienen adelantando una serie de talleres en los municipios cabeza de subregiones, como es el caso de La Plata y Neiva, en los cuales se dieron a conocer las oportunidades, retos, y desaf\u00edos frente a la norma, mientras que, en Pitalito y Garz\u00f3n, este ejercicio se cumplir\u00e1 este jueves 18 y viernes 19 de julio, en las instalaciones de la C\u00e1mara de Comercio del Huila.<\/p>\n<p>Para el gobierno Huila Grande, es de vital importancia que todos los eslabones de la cadena de valor del caf\u00e9 (productores, comercializadores, transformadores, y exportadores), participen de estas jornadas de socializaci\u00f3n, pues el cumplimiento del reglamento 1115 ser\u00e1 requisito indispensable a la hora de exportar los productos cobijados con la medida, a los pa\u00edses de la Uni\u00f3n Europea, como lo ha expresado en varias oportunidades el secretario de Agricultura, ingeniero Carlos Alberto Cuellar.<\/p>\n<p>El reglamento 1115 EUDR fue redactado por el Parlamento Europeo y del Consejo, teniendo en cuenta que es el mayor consumidor de materias primas, que en muchos casos para ser conseguidas atentan contra el medio ambiente, principalmente con procesos de deforestaci\u00f3n o degradaci\u00f3n forestal en los pa\u00edses productores, entre ellos Colombia como exportador de caf\u00e9 y cacao.<\/p>\n<p>Con esta medida que qued\u00f3 en firme con la suscripci\u00f3n del pacto verde, se busca reducir dr\u00e1sticamente el impacto de la deforestaci\u00f3n, y luchar contra el cambio clim\u00e1tico y la p\u00e9rdida de la biodiversidad. En ese sentido se promulgaron leyes que regulan las obligaciones de las empresas europeas a cerca de la debida diligencia y el acceso a los mercados de determinados productos para que cumplan las obligaciones sociales, medioambientales, y clim\u00e1ticas.<\/p>\n<p>Es de resaltar que el reglamento 1115 EUDR cobija las cadenas de valor de caf\u00e9, cacao, palma de aceite, ganader\u00eda, soja, y caucho, las cuales dentro de sus actividades productivas no deben haber generado, ni generar deforestaci\u00f3n o degradaci\u00f3n forestal a partir del a\u00f1o 2020, tema que es vigilado dr\u00e1sticamente ara el ingreso de productos al mercado de la Uni\u00f3n Europea.<\/p>\n","protected":false},"excerpt":{"rendered":"<p>En los municipios de Pitalito y Garz\u00f3n se adelantar\u00e1n este jueves y viernes, los talleres para socializar los alcances del reglamento 1115, actividades enmarcadas dentro del piloto liderado por la Gobernaci\u00f3n del Huila, la Uni\u00f3n Europea, y la Federaci\u00f3n Nacional de Cafeteros, para facilitar la implementaci\u00f3n de la medida.<\/p>\n","protected":false},"author":2,"featured_media":75074,"comment_status":"closed","ping_status":"open","sticky":false,"template":"","format":"standard","meta":{"footnotes":""},"categories":[33],"tags":[],"class_list":["post-75073","post","type-post","status-publish","format-standard","has-post-thumbnail","hentry","category-huila"],"yoast_head":"<!-- This site is optimized with the Yoast SEO plugin v26.6 - https:\/\/yoast.com\/wordpress\/plugins\/seo\/ -->\n<title>Capacitaciones en el Huila para producir caf\u00e9 libre de deforestaci\u00f3n -<\/title>\n<meta name=\"description\" content=\"En los municipios de Pitalito y Garz\u00f3n se adelantar\u00e1n este jueves y viernes, los talleres para socializar los alcances del reglamento 1115, actividades enmarcadas dentro del piloto liderado por la Gobernaci\u00f3n del Huila, la Uni\u00f3n Europea, y la Federaci\u00f3n Nacional de Cafeteros, para facilitar la implementaci\u00f3n de la medida.\" \/>\n<meta name=\"robots\" content=\"index, follow, max-snippet:-1, max-image-preview:large, max-video-preview:-1\" \/>\n<link rel=\"canonical\" href=\"https:\/\/luchonoticias.com\/editor\/capacitaciones-en-el-huila-para-producir-cafe-libre-de-deforestacion\/\" \/>\n<meta property=\"og:locale\" content=\"es_ES\" \/>\n<meta property=\"og:type\" content=\"article\" \/>\n<meta property=\"og:title\" content=\"Capacitaciones en el Huila para producir caf\u00e9 libre de deforestaci\u00f3n -\" \/>\n<meta property=\"og:description\" content=\"En los municipios de Pitalito y Garz\u00f3n se adelantar\u00e1n este jueves y viernes, los talleres para socializar los alcances del reglamento 1115, actividades enmarcadas dentro del piloto liderado por la Gobernaci\u00f3n del Huila, la Uni\u00f3n Europea, y la Federaci\u00f3n Nacional de Cafeteros, para facilitar la implementaci\u00f3n de la medida.\" \/>\n<meta property=\"og:url\" content=\"https:\/\/luchonoticias.com\/editor\/capacitaciones-en-el-huila-para-producir-cafe-libre-de-deforestacion\/\" \/>\n<meta property=\"article:publisher\" content=\"https:\/\/www.facebook.com\/luchonoticiasneiva\" \/>\n<meta property=\"article:published_time\" content=\"2024-07-18T09:23:51+00:00\" \/>\n<meta property=\"og:image\" content=\"https:\/\/luchonoticias.com\/editor\/wp-content\/uploads\/2024\/07\/cafe-2.jpg\" \/>\n\t<meta property=\"og:image:width\" content=\"700\" \/>\n\t<meta property=\"og:image:height\" content=\"400\" \/>\n\t<meta property=\"og:image:type\" content=\"image\/jpeg\" \/>\n<meta name=\"author\" content=\"Editor General\" \/>\n<meta name=\"twitter:card\" content=\"summary_large_image\" \/>\n<meta name=\"twitter:label1\" content=\"Escrito por\" \/>\n\t<meta name=\"twitter:data1\" content=\"Editor General\" \/>\n\t<meta name=\"twitter:label2\" content=\"Tiempo de lectura\" \/>\n\t<meta name=\"twitter:data2\" content=\"3 minutos\" \/>\n<script type=\"application\/ld+json\" class=\"yoast-schema-graph\">{\"@context\":\"https:\/\/schema.org\",\"@graph\":[{\"@type\":\"Article\",\"@id\":\"https:\/\/luchonoticias.com\/editor\/capacitaciones-en-el-huila-para-producir-cafe-libre-de-deforestacion\/#article\",\"isPartOf\":{\"@id\":\"https:\/\/luchonoticias.com\/editor\/capacitaciones-en-el-huila-para-producir-cafe-libre-de-deforestacion\/\"},\"author\":{\"name\":\"Editor General\",\"@id\":\"https:\/\/luchonoticias.com\/editor\/#\/schema\/person\/29217990ddf6f14e35912b2866d591fb\"},\"headline\":\"Capacitaciones en el Huila para producir caf\u00e9 libre de deforestaci\u00f3n\",\"datePublished\":\"2024-07-18T09:23:51+00:00\",\"mainEntityOfPage\":{\"@id\":\"https:\/\/luchonoticias.com\/editor\/capacitaciones-en-el-huila-para-producir-cafe-libre-de-deforestacion\/\"},\"wordCount\":429,\"publisher\":{\"@id\":\"https:\/\/luchonoticias.com\/editor\/#\/schema\/person\/7a7fd911f58561fd056dbac7b55af9cd\"},\"image\":{\"@id\":\"https:\/\/luchonoticias.com\/editor\/capacitaciones-en-el-huila-para-producir-cafe-libre-de-deforestacion\/#primaryimage\"},\"thumbnailUrl\":\"https:\/\/luchonoticias.com\/editor\/wp-content\/uploads\/2024\/07\/cafe-2.jpg\",\"articleSection\":[\"Huila\"],\"inLanguage\":\"es\"},{\"@type\":\"WebPage\",\"@id\":\"https:\/\/luchonoticias.com\/editor\/capacitaciones-en-el-huila-para-producir-cafe-libre-de-deforestacion\/\",\"url\":\"https:\/\/luchonoticias.com\/editor\/capacitaciones-en-el-huila-para-producir-cafe-libre-de-deforestacion\/\",\"name\":\"Capacitaciones en el Huila para producir caf\u00e9 libre de deforestaci\u00f3n -\",\"isPartOf\":{\"@id\":\"https:\/\/luchonoticias.com\/editor\/#website\"},\"primaryImageOfPage\":{\"@id\":\"https:\/\/luchonoticias.com\/editor\/capacitaciones-en-el-huila-para-producir-cafe-libre-de-deforestacion\/#primaryimage\"},\"image\":{\"@id\":\"https:\/\/luchonoticias.com\/editor\/capacitaciones-en-el-huila-para-producir-cafe-libre-de-deforestacion\/#primaryimage\"},\"thumbnailUrl\":\"https:\/\/luchonoticias.com\/editor\/wp-content\/uploads\/2024\/07\/cafe-2.jpg\",\"datePublished\":\"2024-07-18T09:23:51+00:00\",\"description\":\"En los municipios de Pitalito y Garz\u00f3n se adelantar\u00e1n este jueves y viernes, los talleres para socializar los alcances del reglamento 1115, actividades enmarcadas dentro del piloto liderado por la Gobernaci\u00f3n del Huila, la Uni\u00f3n Europea, y la Federaci\u00f3n Nacional de Cafeteros, para facilitar la implementaci\u00f3n de la medida.\",\"breadcrumb\":{\"@id\":\"https:\/\/luchonoticias.com\/editor\/capacitaciones-en-el-huila-para-producir-cafe-libre-de-deforestacion\/#breadcrumb\"},\"inLanguage\":\"es\",\"potentialAction\":[{\"@type\":\"ReadAction\",\"target\":[\"https:\/\/luchonoticias.com\/editor\/capacitaciones-en-el-huila-para-producir-cafe-libre-de-deforestacion\/\"]}]},{\"@type\":\"ImageObject\",\"inLanguage\":\"es\",\"@id\":\"https:\/\/luchonoticias.com\/editor\/capacitaciones-en-el-huila-para-producir-cafe-libre-de-deforestacion\/#primaryimage\",\"url\":\"https:\/\/luchonoticias.com\/editor\/wp-content\/uploads\/2024\/07\/cafe-2.jpg\",\"contentUrl\":\"https:\/\/luchonoticias.com\/editor\/wp-content\/uploads\/2024\/07\/cafe-2.jpg\",\"width\":700,\"height\":400},{\"@type\":\"BreadcrumbList\",\"@id\":\"https:\/\/luchonoticias.com\/editor\/capacitaciones-en-el-huila-para-producir-cafe-libre-de-deforestacion\/#breadcrumb\",\"itemListElement\":[{\"@type\":\"ListItem\",\"position\":1,\"name\":\"Portada\",\"item\":\"https:\/\/luchonoticias.com\/editor\/\"},{\"@type\":\"ListItem\",\"position\":2,\"name\":\"Capacitaciones en el Huila para producir caf\u00e9 libre de deforestaci\u00f3n\"}]},{\"@type\":\"WebSite\",\"@id\":\"https:\/\/luchonoticias.com\/editor\/#website\",\"url\":\"https:\/\/luchonoticias.com\/editor\/\",\"name\":\"\",\"description\":\"\",\"publisher\":{\"@id\":\"https:\/\/luchonoticias.com\/editor\/#\/schema\/person\/7a7fd911f58561fd056dbac7b55af9cd\"},\"potentialAction\":[{\"@type\":\"SearchAction\",\"target\":{\"@type\":\"EntryPoint\",\"urlTemplate\":\"https:\/\/luchonoticias.com\/editor\/?s={search_term_string}\"},\"query-input\":{\"@type\":\"PropertyValueSpecification\",\"valueRequired\":true,\"valueName\":\"search_term_string\"}}],\"inLanguage\":\"es\"},{\"@type\":[\"Person\",\"Organization\"],\"@id\":\"https:\/\/luchonoticias.com\/editor\/#\/schema\/person\/7a7fd911f58561fd056dbac7b55af9cd\",\"name\":\"admin\",\"image\":{\"@type\":\"ImageObject\",\"inLanguage\":\"es\",\"@id\":\"https:\/\/luchonoticias.com\/editor\/#\/schema\/person\/image\/\",\"url\":\"https:\/\/luchonoticias.com\/editor\/wp-content\/uploads\/2024\/02\/cropped-cropped-logolu.webp\",\"contentUrl\":\"https:\/\/luchonoticias.com\/editor\/wp-content\/uploads\/2024\/02\/cropped-cropped-logolu.webp\",\"width\":382,\"height\":170,\"caption\":\"admin\"},\"logo\":{\"@id\":\"https:\/\/luchonoticias.com\/editor\/#\/schema\/person\/image\/\"},\"sameAs\":[\"https:\/\/www.facebook.com\/luchonoticiasneiva\"]},{\"@type\":\"Person\",\"@id\":\"https:\/\/luchonoticias.com\/editor\/#\/schema\/person\/29217990ddf6f14e35912b2866d591fb\",\"name\":\"Editor General\",\"image\":{\"@type\":\"ImageObject\",\"inLanguage\":\"es\",\"@id\":\"https:\/\/luchonoticias.com\/editor\/#\/schema\/person\/image\/\",\"url\":\"https:\/\/luchonoticias.com\/editor\/wp-content\/uploads\/2024\/02\/cropped-cropped-logolu-150x150.webp\",\"contentUrl\":\"https:\/\/luchonoticias.com\/editor\/wp-content\/uploads\/2024\/02\/cropped-cropped-logolu-150x150.webp\",\"caption\":\"Editor General\"},\"sameAs\":[\"https:\/\/luchonoticias.com\/\"],\"url\":\"https:\/\/luchonoticias.com\/editor\/author\/editor-general\/\"}]}<\/script>\n<!-- \/ Yoast SEO plugin. -->","yoast_head_json":{"title":"Capacitaciones en el Huila para producir caf\u00e9 libre de deforestaci\u00f3n -","description":"En los municipios de Pitalito y Garz\u00f3n se adelantar\u00e1n este jueves y viernes, los talleres para socializar los alcances del reglamento 1115, actividades enmarcadas dentro del piloto liderado por la Gobernaci\u00f3n del Huila, la Uni\u00f3n Europea, y la Federaci\u00f3n Nacional de Cafeteros, para facilitar la implementaci\u00f3n de la medida.","robots":{"index":"index","follow":"follow","max-snippet":"max-snippet:-1","max-image-preview":"max-image-preview:large","max-video-preview":"max-video-preview:-1"},"canonical":"https:\/\/luchonoticias.com\/editor\/capacitaciones-en-el-huila-para-producir-cafe-libre-de-deforestacion\/","og_locale":"es_ES","og_type":"article","og_title":"Capacitaciones en el Huila para producir caf\u00e9 libre de deforestaci\u00f3n -","og_description":"En los municipios de Pitalito y Garz\u00f3n se adelantar\u00e1n este jueves y viernes, los talleres para socializar los alcances del reglamento 1115, actividades enmarcadas dentro del piloto liderado por la Gobernaci\u00f3n del Huila, la Uni\u00f3n Europea, y la Federaci\u00f3n Nacional de Cafeteros, para facilitar la implementaci\u00f3n de la medida.","og_url":"https:\/\/luchonoticias.com\/editor\/capacitaciones-en-el-huila-para-producir-cafe-libre-de-deforestacion\/","article_publisher":"https:\/\/www.facebook.com\/luchonoticiasneiva","article_published_time":"2024-07-18T09:23:51+00:00","og_image":[{"width":700,"height":400,"url":"https:\/\/luchonoticias.com\/editor\/wp-content\/uploads\/2024\/07\/cafe-2.jpg","type":"image\/jpeg"}],"author":"Editor General","twitter_card":"summary_large_image","twitter_misc":{"Escrito por":"Editor General","Tiempo de lectura":"3 minutos"},"schema":{"@context":"https:\/\/schema.org","@graph":[{"@type":"Article","@id":"https:\/\/luchonoticias.com\/editor\/capacitaciones-en-el-huila-para-producir-cafe-libre-de-deforestacion\/#article","isPartOf":{"@id":"https:\/\/luchonoticias.com\/editor\/capacitaciones-en-el-huila-para-producir-cafe-libre-de-deforestacion\/"},"author":{"name":"Editor General","@id":"https:\/\/luchonoticias.com\/editor\/#\/schema\/person\/29217990ddf6f14e35912b2866d591fb"},"headline":"Capacitaciones en el Huila para producir caf\u00e9 libre de deforestaci\u00f3n","datePublished":"2024-07-18T09:23:51+00:00","mainEntityOfPage":{"@id":"https:\/\/luchonoticias.com\/editor\/capacitaciones-en-el-huila-para-producir-cafe-libre-de-deforestacion\/"},"wordCount":429,"publisher":{"@id":"https:\/\/luchonoticias.com\/editor\/#\/schema\/person\/7a7fd911f58561fd056dbac7b55af9cd"},"image":{"@id":"https:\/\/luchonoticias.com\/editor\/capacitaciones-en-el-huila-para-producir-cafe-libre-de-deforestacion\/#primaryimage"},"thumbnailUrl":"https:\/\/luchonoticias.com\/editor\/wp-content\/uploads\/2024\/07\/cafe-2.jpg","articleSection":["Huila"],"inLanguage":"es"},{"@type":"WebPage","@id":"https:\/\/luchonoticias.com\/editor\/capacitaciones-en-el-huila-para-producir-cafe-libre-de-deforestacion\/","url":"https:\/\/luchonoticias.com\/editor\/capacitaciones-en-el-huila-para-producir-cafe-libre-de-deforestacion\/","name":"Capacitaciones en el Huila para producir caf\u00e9 libre de deforestaci\u00f3n -","isPartOf":{"@id":"https:\/\/luchonoticias.com\/editor\/#website"},"primaryImageOfPage":{"@id":"https:\/\/luchonoticias.com\/editor\/capacitaciones-en-el-huila-para-producir-cafe-libre-de-deforestacion\/#primaryimage"},"image":{"@id":"https:\/\/luchonoticias.com\/editor\/capacitaciones-en-el-huila-para-producir-cafe-libre-de-deforestacion\/#primaryimage"},"thumbnailUrl":"https:\/\/luchonoticias.com\/editor\/wp-content\/uploads\/2024\/07\/cafe-2.jpg","datePublished":"2024-07-18T09:23:51+00:00","description":"En los municipios de Pitalito y Garz\u00f3n se adelantar\u00e1n este jueves y viernes, los talleres para socializar los alcances del reglamento 1115, actividades enmarcadas dentro del piloto liderado por la Gobernaci\u00f3n del Huila, la Uni\u00f3n Europea, y la Federaci\u00f3n Nacional de Cafeteros, para facilitar la implementaci\u00f3n de la medida.","breadcrumb":{"@id":"https:\/\/luchonoticias.com\/editor\/capacitaciones-en-el-huila-para-producir-cafe-libre-de-deforestacion\/#breadcrumb"},"inLanguage":"es","potentialAction":[{"@type":"ReadAction","target":["https:\/\/luchonoticias.com\/editor\/capacitaciones-en-el-huila-para-producir-cafe-libre-de-deforestacion\/"]}]},{"@type":"ImageObject","inLanguage":"es","@id":"https:\/\/luchonoticias.com\/editor\/capacitaciones-en-el-huila-para-producir-cafe-libre-de-deforestacion\/#primaryimage","url":"https:\/\/luchonoticias.com\/editor\/wp-content\/uploads\/2024\/07\/cafe-2.jpg","contentUrl":"https:\/\/luchonoticias.com\/editor\/wp-content\/uploads\/2024\/07\/cafe-2.jpg","width":700,"height":400},{"@type":"BreadcrumbList","@id":"https:\/\/luchonoticias.com\/editor\/capacitaciones-en-el-huila-para-producir-cafe-libre-de-deforestacion\/#breadcrumb","itemListElement":[{"@type":"ListItem","position":1,"name":"Portada","item":"https:\/\/luchonoticias.com\/editor\/"},{"@type":"ListItem","position":2,"name":"Capacitaciones en el Huila para producir caf\u00e9 libre de deforestaci\u00f3n"}]},{"@type":"WebSite","@id":"https:\/\/luchonoticias.com\/editor\/#website","url":"https:\/\/luchonoticias.com\/editor\/","name":"","description":"","publisher":{"@id":"https:\/\/luchonoticias.com\/editor\/#\/schema\/person\/7a7fd911f58561fd056dbac7b55af9cd"},"potentialAction":[{"@type":"SearchAction","target":{"@type":"EntryPoint","urlTemplate":"https:\/\/luchonoticias.com\/editor\/?s={search_term_string}"},"query-input":{"@type":"PropertyValueSpecification","valueRequired":true,"valueName":"search_term_string"}}],"inLanguage":"es"},{"@type":["Person","Organization"],"@id":"https:\/\/luchonoticias.com\/editor\/#\/schema\/person\/7a7fd911f58561fd056dbac7b55af9cd","name":"admin","image":{"@type":"ImageObject","inLanguage":"es","@id":"https:\/\/luchonoticias.com\/editor\/#\/schema\/person\/image\/","url":"https:\/\/luchonoticias.com\/editor\/wp-content\/uploads\/2024\/02\/cropped-cropped-logolu.webp","contentUrl":"https:\/\/luchonoticias.com\/editor\/wp-content\/uploads\/2024\/02\/cropped-cropped-logolu.webp","width":382,"height":170,"caption":"admin"},"logo":{"@id":"https:\/\/luchonoticias.com\/editor\/#\/schema\/person\/image\/"},"sameAs":["https:\/\/www.facebook.com\/luchonoticiasneiva"]},{"@type":"Person","@id":"https:\/\/luchonoticias.com\/editor\/#\/schema\/person\/29217990ddf6f14e35912b2866d591fb","name":"Editor General","image":{"@type":"ImageObject","inLanguage":"es","@id":"https:\/\/luchonoticias.com\/editor\/#\/schema\/person\/image\/","url":"https:\/\/luchonoticias.com\/editor\/wp-content\/uploads\/2024\/02\/cropped-cropped-logolu-150x150.webp","contentUrl":"https:\/\/luchonoticias.com\/editor\/wp-content\/uploads\/2024\/02\/cropped-cropped-logolu-150x150.webp","caption":"Editor General"},"sameAs":["https:\/\/luchonoticias.com\/"],"url":"https:\/\/luchonoticias.com\/editor\/author\/editor-general\/"}]}},"_links":{"self":[{"href":"https:\/\/luchonoticias.com\/editor\/wp-json\/wp\/v2\/posts\/75073","targetHints":{"allow":["GET"]}}],"collection":[{"href":"https:\/\/luchonoticias.com\/editor\/wp-json\/wp\/v2\/posts"}],"about":[{"href":"https:\/\/luchonoticias.com\/editor\/wp-json\/wp\/v2\/types\/post"}],"author":[{"embeddable":true,"href":"https:\/\/luchonoticias.com\/editor\/wp-json\/wp\/v2\/users\/2"}],"replies":[{"embeddable":true,"href":"https:\/\/luchonoticias.com\/editor\/wp-json\/wp\/v2\/comments?post=75073"}],"version-history":[{"count":1,"href":"https:\/\/luchonoticias.com\/editor\/wp-json\/wp\/v2\/posts\/75073\/revisions"}],"predecessor-version":[{"id":75075,"href":"https:\/\/luchonoticias.com\/editor\/wp-json\/wp\/v2\/posts\/75073\/revisions\/75075"}],"wp:featuredmedia":[{"embeddable":true,"href":"https:\/\/luchonoticias.com\/editor\/wp-json\/wp\/v2\/media\/75074"}],"wp:attachment":[{"href":"https:\/\/luchonoticias.com\/editor\/wp-json\/wp\/v2\/media?parent=75073"}],"wp:term":[{"taxonomy":"category","embeddable":true,"href":"https:\/\/luchonoticias.com\/editor\/wp-json\/wp\/v2\/categories?post=75073"},{"taxonomy":"post_tag","embeddable":true,"href":"https:\/\/luchonoticias.com\/editor\/wp-json\/wp\/v2\/tags?post=75073"}],"curies":[{"name":"wp","href":"https:\/\/api.w.org\/{rel}","templated":true}]}}