{"id":75076,"date":"2024-07-18T04:27:27","date_gmt":"2024-07-18T09:27:27","guid":{"rendered":"https:\/\/luchonoticias.com\/?p=75076"},"modified":"2024-07-18T04:27:27","modified_gmt":"2024-07-18T09:27:27","slug":"partido-del-asesinado-ministro-rodrigo-lara-bonilla-tendra-personeria-juridica","status":"publish","type":"post","link":"https:\/\/luchonoticias.com\/editor\/partido-del-asesinado-ministro-rodrigo-lara-bonilla-tendra-personeria-juridica\/","title":{"rendered":"Partido del asesinado ministro Rodrigo Lara Bonilla tendr\u00e1 personer\u00eda jur\u00eddica"},"content":{"rendered":"<p>Con siete votos a favor y uno en contra la Sala Plena del Consejo Nacional Electoral (CNE) decidi\u00f3 otorgarle la personer\u00eda jur\u00eddica al partido Dignidad Liberal, que sirvi\u00f3 de plataforma pol\u00edtica al asesinado exministro de Justicia, el huilense Rodrigo Lara Bonilla.<\/p>\n<p>La solicitud la hizo el excandidato a la Alcald\u00eda de Bogot\u00e1, Rodrigo Lara Restrepo el pasado 17 de julio de 2023, y el reparto le correspondi\u00f3 al magistrado Altus Baquero, quien elabor\u00f3 una ponencia argumentando que el partido tuvo en el pasado representaci\u00f3n pol\u00edtica en el Congreso y desapareci\u00f3 tras el magnicidio que ocurri\u00f3 el 30 de abril de 1984.<\/p>\n<p>\u201cQued\u00f3 plenamente comprobado que el movimiento pol\u00edtico Dignidad Liberal fue fundado en el 1973, por el se\u00f1or Rodrigo Lara Bonilla tuvo representaci\u00f3n pol\u00edtica en el Congreso de la Rep\u00fablica, en el periodo de 1974 y a 1990. Esta representaci\u00f3n tuvo limitaciones injustificadas a su derecho de continuar participando en la vida pol\u00edtica\u201d, se lee en el documento aprobado.<br \/>\nAgreg\u00f3 el magistrado Baquero en su ponencia que, \u201cdesde esta perspectiva, reconocer la personer\u00eda jur\u00eddica a esta organizaci\u00f3n pol\u00edtica es una medida adecuada para asegurar que las consecuencias negativas de los actos violentos no afecten injustamente a quienes buscan contribuir democr\u00e1ticamente al desarrollo de Colombia\u201d.<\/p>\n<p>Lara Restrepo dijo, le dijo a RCN radio, sentir \u201cuna profunda emoci\u00f3n y al mismo tiempo una tambi\u00e9n responsabilidad por lo que se viene. El Consejo Nacional Electoral reconoci\u00f3 todos los elementos hist\u00f3ricos que demuestran que el movimiento tuvo una representaci\u00f3n en el Congreso, que el movimiento existi\u00f3 ampliamente y eligi\u00f3 a personas como mi padre en Senado de la Rep\u00fablica\u201d.<\/p>\n<p>El excandidato a la Alcald\u00eda de Bogot\u00e1 prometi\u00f3 que el nuevo partido no se convertir\u00e1 en una \u00abempresa familiar\u201d y que se convertir\u00e1 en un partido pol\u00edtico ampliamente democr\u00e1tico y con una filosof\u00eda liberal.<\/p>\n<p>\u201cTiene que ser el mejor partido pol\u00edtico, no puede convertirse en un patrimonio de una familia eso no lo es y nunca lo ser\u00e1. Este ser\u00e1 un partido abiertamente democr\u00e1tico, por eso, hacemos un llamado a los j\u00f3venes y a todos los que creen en las ideas liberales socialdem\u00f3cratas. Colombia no puede seguir entre una extrema izquierda y una extrema derecha, hay que encontrar no un centro tibio sino un proceso de proyecto pol\u00edtico institucional un proyecto pol\u00edtico de filosof\u00eda liberal pero profundamente reformista\u201d, agreg\u00f3 Lara.<\/p>\n<p>Rodrigo Lara Restrepo ocupar\u00e1 la presidencia del partido, que recibir\u00e1 financiaci\u00f3n del Estado y que podr\u00e1 avalar candidatos para pr\u00f3ximas elecciones; sin embargo, deber\u00e1n entregar en un plazo no mayor a 30 d\u00edas documentos como el acta de fundaci\u00f3n, los nuevos estatutos, el registro de afiliados, entre otros.<\/p>\n","protected":false},"excerpt":{"rendered":"<p>Con siete votos a favor y uno en contra la Sala Plena del Consejo Nacional Electoral (CNE) decidi\u00f3 otorgarle la personer\u00eda jur\u00eddica al partido Dignidad Liberal, que sirvi\u00f3 de plataforma pol\u00edtica al asesinado exministro de Justicia, el huilense Rodrigo Lara Bonilla.<\/p>\n","protected":false},"author":2,"featured_media":75077,"comment_status":"closed","ping_status":"open","sticky":false,"template":"","format":"standard","meta":{"footnotes":""},"categories":[28,32],"tags":[],"class_list":["post-75076","post","type-post","status-publish","format-standard","has-post-thumbnail","hentry","category-actualidad","category-nacional"],"yoast_head":"<!-- This site is optimized with the Yoast SEO plugin v26.6 - https:\/\/yoast.com\/wordpress\/plugins\/seo\/ -->\n<title>Partido del asesinado ministro Rodrigo Lara Bonilla tendr\u00e1 personer\u00eda jur\u00eddica -<\/title>\n<meta name=\"description\" content=\"Con siete votos a favor y uno en contra la Sala Plena del Consejo Nacional Electoral (CNE) decidi\u00f3 otorgarle la personer\u00eda jur\u00eddica al partido Dignidad Liberal, que sirvi\u00f3 de plataforma pol\u00edtica al asesinado exministro de Justicia, el huilense Rodrigo Lara Bonilla.\" \/>\n<meta name=\"robots\" content=\"index, follow, max-snippet:-1, max-image-preview:large, max-video-preview:-1\" \/>\n<link rel=\"canonical\" href=\"https:\/\/luchonoticias.com\/editor\/partido-del-asesinado-ministro-rodrigo-lara-bonilla-tendra-personeria-juridica\/\" \/>\n<meta property=\"og:locale\" content=\"es_ES\" \/>\n<meta property=\"og:type\" content=\"article\" \/>\n<meta property=\"og:title\" content=\"Partido del asesinado ministro Rodrigo Lara Bonilla tendr\u00e1 personer\u00eda jur\u00eddica -\" \/>\n<meta property=\"og:description\" content=\"Con siete votos a favor y uno en contra la Sala Plena del Consejo Nacional Electoral (CNE) decidi\u00f3 otorgarle la personer\u00eda jur\u00eddica al partido Dignidad Liberal, que sirvi\u00f3 de plataforma pol\u00edtica al asesinado exministro de Justicia, el huilense Rodrigo Lara Bonilla.\" \/>\n<meta property=\"og:url\" content=\"https:\/\/luchonoticias.com\/editor\/partido-del-asesinado-ministro-rodrigo-lara-bonilla-tendra-personeria-juridica\/\" \/>\n<meta property=\"article:publisher\" content=\"https:\/\/www.facebook.com\/luchonoticiasneiva\" \/>\n<meta property=\"article:published_time\" content=\"2024-07-18T09:27:27+00:00\" \/>\n<meta property=\"og:image\" content=\"https:\/\/luchonoticias.com\/editor\/wp-content\/uploads\/2024\/07\/rodrigo-lara.jpg\" \/>\n\t<meta property=\"og:image:width\" content=\"700\" \/>\n\t<meta property=\"og:image:height\" content=\"400\" \/>\n\t<meta property=\"og:image:type\" content=\"image\/jpeg\" \/>\n<meta name=\"author\" content=\"Editor General\" \/>\n<meta name=\"twitter:card\" content=\"summary_large_image\" \/>\n<meta name=\"twitter:label1\" content=\"Escrito por\" \/>\n\t<meta name=\"twitter:data1\" content=\"Editor General\" \/>\n\t<meta name=\"twitter:label2\" content=\"Tiempo de lectura\" \/>\n\t<meta name=\"twitter:data2\" content=\"3 minutos\" \/>\n<script type=\"application\/ld+json\" class=\"yoast-schema-graph\">{\"@context\":\"https:\/\/schema.org\",\"@graph\":[{\"@type\":\"Article\",\"@id\":\"https:\/\/luchonoticias.com\/editor\/partido-del-asesinado-ministro-rodrigo-lara-bonilla-tendra-personeria-juridica\/#article\",\"isPartOf\":{\"@id\":\"https:\/\/luchonoticias.com\/editor\/partido-del-asesinado-ministro-rodrigo-lara-bonilla-tendra-personeria-juridica\/\"},\"author\":{\"name\":\"Editor General\",\"@id\":\"https:\/\/luchonoticias.com\/editor\/#\/schema\/person\/29217990ddf6f14e35912b2866d591fb\"},\"headline\":\"Partido del asesinado ministro Rodrigo Lara Bonilla tendr\u00e1 personer\u00eda jur\u00eddica\",\"datePublished\":\"2024-07-18T09:27:27+00:00\",\"mainEntityOfPage\":{\"@id\":\"https:\/\/luchonoticias.com\/editor\/partido-del-asesinado-ministro-rodrigo-lara-bonilla-tendra-personeria-juridica\/\"},\"wordCount\":476,\"publisher\":{\"@id\":\"https:\/\/luchonoticias.com\/editor\/#\/schema\/person\/7a7fd911f58561fd056dbac7b55af9cd\"},\"image\":{\"@id\":\"https:\/\/luchonoticias.com\/editor\/partido-del-asesinado-ministro-rodrigo-lara-bonilla-tendra-personeria-juridica\/#primaryimage\"},\"thumbnailUrl\":\"https:\/\/luchonoticias.com\/editor\/wp-content\/uploads\/2024\/07\/rodrigo-lara.jpg\",\"articleSection\":[\"Actualidad\",\"Nacional\"],\"inLanguage\":\"es\"},{\"@type\":\"WebPage\",\"@id\":\"https:\/\/luchonoticias.com\/editor\/partido-del-asesinado-ministro-rodrigo-lara-bonilla-tendra-personeria-juridica\/\",\"url\":\"https:\/\/luchonoticias.com\/editor\/partido-del-asesinado-ministro-rodrigo-lara-bonilla-tendra-personeria-juridica\/\",\"name\":\"Partido del asesinado ministro Rodrigo Lara Bonilla tendr\u00e1 personer\u00eda jur\u00eddica -\",\"isPartOf\":{\"@id\":\"https:\/\/luchonoticias.com\/editor\/#website\"},\"primaryImageOfPage\":{\"@id\":\"https:\/\/luchonoticias.com\/editor\/partido-del-asesinado-ministro-rodrigo-lara-bonilla-tendra-personeria-juridica\/#primaryimage\"},\"image\":{\"@id\":\"https:\/\/luchonoticias.com\/editor\/partido-del-asesinado-ministro-rodrigo-lara-bonilla-tendra-personeria-juridica\/#primaryimage\"},\"thumbnailUrl\":\"https:\/\/luchonoticias.com\/editor\/wp-content\/uploads\/2024\/07\/rodrigo-lara.jpg\",\"datePublished\":\"2024-07-18T09:27:27+00:00\",\"description\":\"Con siete votos a favor y uno en contra la Sala Plena del Consejo Nacional Electoral (CNE) decidi\u00f3 otorgarle la personer\u00eda jur\u00eddica al partido Dignidad Liberal, que sirvi\u00f3 de plataforma pol\u00edtica al asesinado exministro de Justicia, el huilense Rodrigo Lara Bonilla.\",\"breadcrumb\":{\"@id\":\"https:\/\/luchonoticias.com\/editor\/partido-del-asesinado-ministro-rodrigo-lara-bonilla-tendra-personeria-juridica\/#breadcrumb\"},\"inLanguage\":\"es\",\"potentialAction\":[{\"@type\":\"ReadAction\",\"target\":[\"https:\/\/luchonoticias.com\/editor\/partido-del-asesinado-ministro-rodrigo-lara-bonilla-tendra-personeria-juridica\/\"]}]},{\"@type\":\"ImageObject\",\"inLanguage\":\"es\",\"@id\":\"https:\/\/luchonoticias.com\/editor\/partido-del-asesinado-ministro-rodrigo-lara-bonilla-tendra-personeria-juridica\/#primaryimage\",\"url\":\"https:\/\/luchonoticias.com\/editor\/wp-content\/uploads\/2024\/07\/rodrigo-lara.jpg\",\"contentUrl\":\"https:\/\/luchonoticias.com\/editor\/wp-content\/uploads\/2024\/07\/rodrigo-lara.jpg\",\"width\":700,\"height\":400},{\"@type\":\"BreadcrumbList\",\"@id\":\"https:\/\/luchonoticias.com\/editor\/partido-del-asesinado-ministro-rodrigo-lara-bonilla-tendra-personeria-juridica\/#breadcrumb\",\"itemListElement\":[{\"@type\":\"ListItem\",\"position\":1,\"name\":\"Portada\",\"item\":\"https:\/\/luchonoticias.com\/editor\/\"},{\"@type\":\"ListItem\",\"position\":2,\"name\":\"Partido del asesinado ministro Rodrigo Lara Bonilla tendr\u00e1 personer\u00eda jur\u00eddica\"}]},{\"@type\":\"WebSite\",\"@id\":\"https:\/\/luchonoticias.com\/editor\/#website\",\"url\":\"https:\/\/luchonoticias.com\/editor\/\",\"name\":\"\",\"description\":\"\",\"publisher\":{\"@id\":\"https:\/\/luchonoticias.com\/editor\/#\/schema\/person\/7a7fd911f58561fd056dbac7b55af9cd\"},\"potentialAction\":[{\"@type\":\"SearchAction\",\"target\":{\"@type\":\"EntryPoint\",\"urlTemplate\":\"https:\/\/luchonoticias.com\/editor\/?s={search_term_string}\"},\"query-input\":{\"@type\":\"PropertyValueSpecification\",\"valueRequired\":true,\"valueName\":\"search_term_string\"}}],\"inLanguage\":\"es\"},{\"@type\":[\"Person\",\"Organization\"],\"@id\":\"https:\/\/luchonoticias.com\/editor\/#\/schema\/person\/7a7fd911f58561fd056dbac7b55af9cd\",\"name\":\"admin\",\"image\":{\"@type\":\"ImageObject\",\"inLanguage\":\"es\",\"@id\":\"https:\/\/luchonoticias.com\/editor\/#\/schema\/person\/image\/\",\"url\":\"https:\/\/luchonoticias.com\/editor\/wp-content\/uploads\/2024\/02\/cropped-cropped-logolu.webp\",\"contentUrl\":\"https:\/\/luchonoticias.com\/editor\/wp-content\/uploads\/2024\/02\/cropped-cropped-logolu.webp\",\"width\":382,\"height\":170,\"caption\":\"admin\"},\"logo\":{\"@id\":\"https:\/\/luchonoticias.com\/editor\/#\/schema\/person\/image\/\"},\"sameAs\":[\"https:\/\/www.facebook.com\/luchonoticiasneiva\"]},{\"@type\":\"Person\",\"@id\":\"https:\/\/luchonoticias.com\/editor\/#\/schema\/person\/29217990ddf6f14e35912b2866d591fb\",\"name\":\"Editor General\",\"image\":{\"@type\":\"ImageObject\",\"inLanguage\":\"es\",\"@id\":\"https:\/\/luchonoticias.com\/editor\/#\/schema\/person\/image\/\",\"url\":\"https:\/\/luchonoticias.com\/editor\/wp-content\/uploads\/2024\/02\/cropped-cropped-logolu-150x150.webp\",\"contentUrl\":\"https:\/\/luchonoticias.com\/editor\/wp-content\/uploads\/2024\/02\/cropped-cropped-logolu-150x150.webp\",\"caption\":\"Editor General\"},\"sameAs\":[\"https:\/\/luchonoticias.com\/\"],\"url\":\"https:\/\/luchonoticias.com\/editor\/author\/editor-general\/\"}]}<\/script>\n<!-- \/ Yoast SEO plugin. -->","yoast_head_json":{"title":"Partido del asesinado ministro Rodrigo Lara Bonilla tendr\u00e1 personer\u00eda jur\u00eddica -","description":"Con siete votos a favor y uno en contra la Sala Plena del Consejo Nacional Electoral (CNE) decidi\u00f3 otorgarle la personer\u00eda jur\u00eddica al partido Dignidad Liberal, que sirvi\u00f3 de plataforma pol\u00edtica al asesinado exministro de Justicia, el huilense Rodrigo Lara Bonilla.","robots":{"index":"index","follow":"follow","max-snippet":"max-snippet:-1","max-image-preview":"max-image-preview:large","max-video-preview":"max-video-preview:-1"},"canonical":"https:\/\/luchonoticias.com\/editor\/partido-del-asesinado-ministro-rodrigo-lara-bonilla-tendra-personeria-juridica\/","og_locale":"es_ES","og_type":"article","og_title":"Partido del asesinado ministro Rodrigo Lara Bonilla tendr\u00e1 personer\u00eda jur\u00eddica -","og_description":"Con siete votos a favor y uno en contra la Sala Plena del Consejo Nacional Electoral (CNE) decidi\u00f3 otorgarle la personer\u00eda jur\u00eddica al partido Dignidad Liberal, que sirvi\u00f3 de plataforma pol\u00edtica al asesinado exministro de Justicia, el huilense Rodrigo Lara Bonilla.","og_url":"https:\/\/luchonoticias.com\/editor\/partido-del-asesinado-ministro-rodrigo-lara-bonilla-tendra-personeria-juridica\/","article_publisher":"https:\/\/www.facebook.com\/luchonoticiasneiva","article_published_time":"2024-07-18T09:27:27+00:00","og_image":[{"width":700,"height":400,"url":"https:\/\/luchonoticias.com\/editor\/wp-content\/uploads\/2024\/07\/rodrigo-lara.jpg","type":"image\/jpeg"}],"author":"Editor General","twitter_card":"summary_large_image","twitter_misc":{"Escrito por":"Editor General","Tiempo de lectura":"3 minutos"},"schema":{"@context":"https:\/\/schema.org","@graph":[{"@type":"Article","@id":"https:\/\/luchonoticias.com\/editor\/partido-del-asesinado-ministro-rodrigo-lara-bonilla-tendra-personeria-juridica\/#article","isPartOf":{"@id":"https:\/\/luchonoticias.com\/editor\/partido-del-asesinado-ministro-rodrigo-lara-bonilla-tendra-personeria-juridica\/"},"author":{"name":"Editor General","@id":"https:\/\/luchonoticias.com\/editor\/#\/schema\/person\/29217990ddf6f14e35912b2866d591fb"},"headline":"Partido del asesinado ministro Rodrigo Lara Bonilla tendr\u00e1 personer\u00eda jur\u00eddica","datePublished":"2024-07-18T09:27:27+00:00","mainEntityOfPage":{"@id":"https:\/\/luchonoticias.com\/editor\/partido-del-asesinado-ministro-rodrigo-lara-bonilla-tendra-personeria-juridica\/"},"wordCount":476,"publisher":{"@id":"https:\/\/luchonoticias.com\/editor\/#\/schema\/person\/7a7fd911f58561fd056dbac7b55af9cd"},"image":{"@id":"https:\/\/luchonoticias.com\/editor\/partido-del-asesinado-ministro-rodrigo-lara-bonilla-tendra-personeria-juridica\/#primaryimage"},"thumbnailUrl":"https:\/\/luchonoticias.com\/editor\/wp-content\/uploads\/2024\/07\/rodrigo-lara.jpg","articleSection":["Actualidad","Nacional"],"inLanguage":"es"},{"@type":"WebPage","@id":"https:\/\/luchonoticias.com\/editor\/partido-del-asesinado-ministro-rodrigo-lara-bonilla-tendra-personeria-juridica\/","url":"https:\/\/luchonoticias.com\/editor\/partido-del-asesinado-ministro-rodrigo-lara-bonilla-tendra-personeria-juridica\/","name":"Partido del asesinado ministro Rodrigo Lara Bonilla tendr\u00e1 personer\u00eda jur\u00eddica -","isPartOf":{"@id":"https:\/\/luchonoticias.com\/editor\/#website"},"primaryImageOfPage":{"@id":"https:\/\/luchonoticias.com\/editor\/partido-del-asesinado-ministro-rodrigo-lara-bonilla-tendra-personeria-juridica\/#primaryimage"},"image":{"@id":"https:\/\/luchonoticias.com\/editor\/partido-del-asesinado-ministro-rodrigo-lara-bonilla-tendra-personeria-juridica\/#primaryimage"},"thumbnailUrl":"https:\/\/luchonoticias.com\/editor\/wp-content\/uploads\/2024\/07\/rodrigo-lara.jpg","datePublished":"2024-07-18T09:27:27+00:00","description":"Con siete votos a favor y uno en contra la Sala Plena del Consejo Nacional Electoral (CNE) decidi\u00f3 otorgarle la personer\u00eda jur\u00eddica al partido Dignidad Liberal, que sirvi\u00f3 de plataforma pol\u00edtica al asesinado exministro de Justicia, el huilense Rodrigo Lara Bonilla.","breadcrumb":{"@id":"https:\/\/luchonoticias.com\/editor\/partido-del-asesinado-ministro-rodrigo-lara-bonilla-tendra-personeria-juridica\/#breadcrumb"},"inLanguage":"es","potentialAction":[{"@type":"ReadAction","target":["https:\/\/luchonoticias.com\/editor\/partido-del-asesinado-ministro-rodrigo-lara-bonilla-tendra-personeria-juridica\/"]}]},{"@type":"ImageObject","inLanguage":"es","@id":"https:\/\/luchonoticias.com\/editor\/partido-del-asesinado-ministro-rodrigo-lara-bonilla-tendra-personeria-juridica\/#primaryimage","url":"https:\/\/luchonoticias.com\/editor\/wp-content\/uploads\/2024\/07\/rodrigo-lara.jpg","contentUrl":"https:\/\/luchonoticias.com\/editor\/wp-content\/uploads\/2024\/07\/rodrigo-lara.jpg","width":700,"height":400},{"@type":"BreadcrumbList","@id":"https:\/\/luchonoticias.com\/editor\/partido-del-asesinado-ministro-rodrigo-lara-bonilla-tendra-personeria-juridica\/#breadcrumb","itemListElement":[{"@type":"ListItem","position":1,"name":"Portada","item":"https:\/\/luchonoticias.com\/editor\/"},{"@type":"ListItem","position":2,"name":"Partido del asesinado ministro Rodrigo Lara Bonilla tendr\u00e1 personer\u00eda jur\u00eddica"}]},{"@type":"WebSite","@id":"https:\/\/luchonoticias.com\/editor\/#website","url":"https:\/\/luchonoticias.com\/editor\/","name":"","description":"","publisher":{"@id":"https:\/\/luchonoticias.com\/editor\/#\/schema\/person\/7a7fd911f58561fd056dbac7b55af9cd"},"potentialAction":[{"@type":"SearchAction","target":{"@type":"EntryPoint","urlTemplate":"https:\/\/luchonoticias.com\/editor\/?s={search_term_string}"},"query-input":{"@type":"PropertyValueSpecification","valueRequired":true,"valueName":"search_term_string"}}],"inLanguage":"es"},{"@type":["Person","Organization"],"@id":"https:\/\/luchonoticias.com\/editor\/#\/schema\/person\/7a7fd911f58561fd056dbac7b55af9cd","name":"admin","image":{"@type":"ImageObject","inLanguage":"es","@id":"https:\/\/luchonoticias.com\/editor\/#\/schema\/person\/image\/","url":"https:\/\/luchonoticias.com\/editor\/wp-content\/uploads\/2024\/02\/cropped-cropped-logolu.webp","contentUrl":"https:\/\/luchonoticias.com\/editor\/wp-content\/uploads\/2024\/02\/cropped-cropped-logolu.webp","width":382,"height":170,"caption":"admin"},"logo":{"@id":"https:\/\/luchonoticias.com\/editor\/#\/schema\/person\/image\/"},"sameAs":["https:\/\/www.facebook.com\/luchonoticiasneiva"]},{"@type":"Person","@id":"https:\/\/luchonoticias.com\/editor\/#\/schema\/person\/29217990ddf6f14e35912b2866d591fb","name":"Editor General","image":{"@type":"ImageObject","inLanguage":"es","@id":"https:\/\/luchonoticias.com\/editor\/#\/schema\/person\/image\/","url":"https:\/\/luchonoticias.com\/editor\/wp-content\/uploads\/2024\/02\/cropped-cropped-logolu-150x150.webp","contentUrl":"https:\/\/luchonoticias.com\/editor\/wp-content\/uploads\/2024\/02\/cropped-cropped-logolu-150x150.webp","caption":"Editor General"},"sameAs":["https:\/\/luchonoticias.com\/"],"url":"https:\/\/luchonoticias.com\/editor\/author\/editor-general\/"}]}},"_links":{"self":[{"href":"https:\/\/luchonoticias.com\/editor\/wp-json\/wp\/v2\/posts\/75076","targetHints":{"allow":["GET"]}}],"collection":[{"href":"https:\/\/luchonoticias.com\/editor\/wp-json\/wp\/v2\/posts"}],"about":[{"href":"https:\/\/luchonoticias.com\/editor\/wp-json\/wp\/v2\/types\/post"}],"author":[{"embeddable":true,"href":"https:\/\/luchonoticias.com\/editor\/wp-json\/wp\/v2\/users\/2"}],"replies":[{"embeddable":true,"href":"https:\/\/luchonoticias.com\/editor\/wp-json\/wp\/v2\/comments?post=75076"}],"version-history":[{"count":1,"href":"https:\/\/luchonoticias.com\/editor\/wp-json\/wp\/v2\/posts\/75076\/revisions"}],"predecessor-version":[{"id":75078,"href":"https:\/\/luchonoticias.com\/editor\/wp-json\/wp\/v2\/posts\/75076\/revisions\/75078"}],"wp:featuredmedia":[{"embeddable":true,"href":"https:\/\/luchonoticias.com\/editor\/wp-json\/wp\/v2\/media\/75077"}],"wp:attachment":[{"href":"https:\/\/luchonoticias.com\/editor\/wp-json\/wp\/v2\/media?parent=75076"}],"wp:term":[{"taxonomy":"category","embeddable":true,"href":"https:\/\/luchonoticias.com\/editor\/wp-json\/wp\/v2\/categories?post=75076"},{"taxonomy":"post_tag","embeddable":true,"href":"https:\/\/luchonoticias.com\/editor\/wp-json\/wp\/v2\/tags?post=75076"}],"curies":[{"name":"wp","href":"https:\/\/api.w.org\/{rel}","templated":true}]}}