{"id":75079,"date":"2024-07-18T04:31:52","date_gmt":"2024-07-18T09:31:52","guid":{"rendered":"https:\/\/luchonoticias.com\/?p=75079"},"modified":"2024-07-18T04:31:52","modified_gmt":"2024-07-18T09:31:52","slug":"aproveche-para-pagar-el-impuesto-predial-con-descuento","status":"publish","type":"post","link":"https:\/\/luchonoticias.com\/editor\/aproveche-para-pagar-el-impuesto-predial-con-descuento\/","title":{"rendered":"Aproveche para pagar el impuesto predial con descuento"},"content":{"rendered":"<p>Una de las principales rentas del Municipio, el impuesto predial, con corte a hoy 17 de julio, presenta un recaudo del 69%, lo que indica que m\u00e1s de la mitad de los neivanos se han puesto al d\u00eda en el pago de este impuesto; sin embargo, la meta de la cartera de Hacienda es lograr recaudar el 100% del predial.<\/p>\n<p>\u201cA corte de hoy, una de las principales rentas, el impuesto predial, tiene un recaudo del 69%. Queremos llegar a esa meta del 100% y para eso requerimos de tu apoyo, recuerda que en este mes de julio tenemos el \u00faltimo porcentaje de descuento\u201d, mencion\u00f3 Javier Silva, director de Rentas del Municipio.<\/p>\n<p>Por lo anterior, desde la Secretar\u00eda de Hacienda se hace extensiva la invitaci\u00f3n a todos aquellos ciudadanos que a\u00fan no han pagado su impuesto predial, para que lo hagan a trav\u00e9s de los diferentes canales que tiene el Municipio:<\/p>\n<p>\u2705 Presencial, Secretar\u00eda de Hacienda.<br \/>\n\u2705 Virtual, App m\u00f3vil \u2018Impuestos Neiva Huila\u2019.<br \/>\n\u2705 Virtual, p\u00e1gina web de la Alcald\u00eda de Neiva, portal tributario.<\/p>\n<p>Para realizar el pago solo hay que tener la direcci\u00f3n exacta del predio o en su defecto, la c\u00e9dula catastral. El tr\u00e1mite a trav\u00e9s de los canales virtuales es sencillo e intuitivo, pues la persona interesada podr\u00e1 descargar su recibo, pagar a trav\u00e9s de PSE o descargar su paz y salvo.<\/p>\n<p>A partir del 1 de agosto quienes no hayan pagado este impuesto, deber\u00e1n hacerlo sin descuento y con intereses de mora, por ende, se exhorta a la ciudadan\u00eda a ponerse al d\u00eda con Neiva.<\/p>\n","protected":false},"excerpt":{"rendered":"<p>La Secretar\u00eda de Hacienda de Neiva invita a la comunidad a ponerse al d\u00eda con este impuesto y a acogerse al descuento del 5% por pago oportuno, hasta el pr\u00f3ximo 31 de julio.<\/p>\n","protected":false},"author":2,"featured_media":75080,"comment_status":"closed","ping_status":"open","sticky":false,"template":"","format":"standard","meta":{"footnotes":""},"categories":[31],"tags":[],"class_list":["post-75079","post","type-post","status-publish","format-standard","has-post-thumbnail","hentry","category-local"],"yoast_head":"<!-- This site is optimized with the Yoast SEO plugin v26.6 - https:\/\/yoast.com\/wordpress\/plugins\/seo\/ -->\n<title>Aproveche para pagar el impuesto predial con descuento -<\/title>\n<meta name=\"description\" content=\"La Secretar\u00eda de Hacienda de Neiva invita a la comunidad a ponerse al d\u00eda con este impuesto y a acogerse al descuento del 5% por pago oportuno, hasta el pr\u00f3ximo 31 de julio.\" \/>\n<meta name=\"robots\" content=\"index, follow, max-snippet:-1, max-image-preview:large, max-video-preview:-1\" \/>\n<link rel=\"canonical\" href=\"https:\/\/luchonoticias.com\/editor\/aproveche-para-pagar-el-impuesto-predial-con-descuento\/\" \/>\n<meta property=\"og:locale\" content=\"es_ES\" \/>\n<meta property=\"og:type\" content=\"article\" \/>\n<meta property=\"og:title\" content=\"Aproveche para pagar el impuesto predial con descuento -\" \/>\n<meta property=\"og:description\" content=\"La Secretar\u00eda de Hacienda de Neiva invita a la comunidad a ponerse al d\u00eda con este impuesto y a acogerse al descuento del 5% por pago oportuno, hasta el pr\u00f3ximo 31 de julio.\" \/>\n<meta property=\"og:url\" content=\"https:\/\/luchonoticias.com\/editor\/aproveche-para-pagar-el-impuesto-predial-con-descuento\/\" \/>\n<meta property=\"article:publisher\" content=\"https:\/\/www.facebook.com\/luchonoticiasneiva\" \/>\n<meta property=\"article:published_time\" content=\"2024-07-18T09:31:52+00:00\" \/>\n<meta property=\"og:image\" content=\"https:\/\/luchonoticias.com\/editor\/wp-content\/uploads\/2024\/07\/impuesto-predial-neiva.jpg\" \/>\n\t<meta property=\"og:image:width\" content=\"700\" \/>\n\t<meta property=\"og:image:height\" content=\"400\" \/>\n\t<meta property=\"og:image:type\" content=\"image\/jpeg\" \/>\n<meta name=\"author\" content=\"Editor General\" \/>\n<meta name=\"twitter:card\" content=\"summary_large_image\" \/>\n<meta name=\"twitter:label1\" content=\"Escrito por\" \/>\n\t<meta name=\"twitter:data1\" content=\"Editor General\" \/>\n\t<meta name=\"twitter:label2\" content=\"Tiempo de lectura\" \/>\n\t<meta name=\"twitter:data2\" content=\"2 minutos\" \/>\n<script type=\"application\/ld+json\" class=\"yoast-schema-graph\">{\"@context\":\"https:\/\/schema.org\",\"@graph\":[{\"@type\":\"Article\",\"@id\":\"https:\/\/luchonoticias.com\/editor\/aproveche-para-pagar-el-impuesto-predial-con-descuento\/#article\",\"isPartOf\":{\"@id\":\"https:\/\/luchonoticias.com\/editor\/aproveche-para-pagar-el-impuesto-predial-con-descuento\/\"},\"author\":{\"name\":\"Editor General\",\"@id\":\"https:\/\/luchonoticias.com\/editor\/#\/schema\/person\/29217990ddf6f14e35912b2866d591fb\"},\"headline\":\"Aproveche para pagar el impuesto predial con descuento\",\"datePublished\":\"2024-07-18T09:31:52+00:00\",\"mainEntityOfPage\":{\"@id\":\"https:\/\/luchonoticias.com\/editor\/aproveche-para-pagar-el-impuesto-predial-con-descuento\/\"},\"wordCount\":276,\"publisher\":{\"@id\":\"https:\/\/luchonoticias.com\/editor\/#\/schema\/person\/7a7fd911f58561fd056dbac7b55af9cd\"},\"image\":{\"@id\":\"https:\/\/luchonoticias.com\/editor\/aproveche-para-pagar-el-impuesto-predial-con-descuento\/#primaryimage\"},\"thumbnailUrl\":\"https:\/\/luchonoticias.com\/editor\/wp-content\/uploads\/2024\/07\/impuesto-predial-neiva.jpg\",\"articleSection\":[\"Local\"],\"inLanguage\":\"es\"},{\"@type\":\"WebPage\",\"@id\":\"https:\/\/luchonoticias.com\/editor\/aproveche-para-pagar-el-impuesto-predial-con-descuento\/\",\"url\":\"https:\/\/luchonoticias.com\/editor\/aproveche-para-pagar-el-impuesto-predial-con-descuento\/\",\"name\":\"Aproveche para pagar el impuesto predial con descuento -\",\"isPartOf\":{\"@id\":\"https:\/\/luchonoticias.com\/editor\/#website\"},\"primaryImageOfPage\":{\"@id\":\"https:\/\/luchonoticias.com\/editor\/aproveche-para-pagar-el-impuesto-predial-con-descuento\/#primaryimage\"},\"image\":{\"@id\":\"https:\/\/luchonoticias.com\/editor\/aproveche-para-pagar-el-impuesto-predial-con-descuento\/#primaryimage\"},\"thumbnailUrl\":\"https:\/\/luchonoticias.com\/editor\/wp-content\/uploads\/2024\/07\/impuesto-predial-neiva.jpg\",\"datePublished\":\"2024-07-18T09:31:52+00:00\",\"description\":\"La Secretar\u00eda de Hacienda de Neiva invita a la comunidad a ponerse al d\u00eda con este impuesto y a acogerse al descuento del 5% por pago oportuno, hasta el pr\u00f3ximo 31 de julio.\",\"breadcrumb\":{\"@id\":\"https:\/\/luchonoticias.com\/editor\/aproveche-para-pagar-el-impuesto-predial-con-descuento\/#breadcrumb\"},\"inLanguage\":\"es\",\"potentialAction\":[{\"@type\":\"ReadAction\",\"target\":[\"https:\/\/luchonoticias.com\/editor\/aproveche-para-pagar-el-impuesto-predial-con-descuento\/\"]}]},{\"@type\":\"ImageObject\",\"inLanguage\":\"es\",\"@id\":\"https:\/\/luchonoticias.com\/editor\/aproveche-para-pagar-el-impuesto-predial-con-descuento\/#primaryimage\",\"url\":\"https:\/\/luchonoticias.com\/editor\/wp-content\/uploads\/2024\/07\/impuesto-predial-neiva.jpg\",\"contentUrl\":\"https:\/\/luchonoticias.com\/editor\/wp-content\/uploads\/2024\/07\/impuesto-predial-neiva.jpg\",\"width\":700,\"height\":400},{\"@type\":\"BreadcrumbList\",\"@id\":\"https:\/\/luchonoticias.com\/editor\/aproveche-para-pagar-el-impuesto-predial-con-descuento\/#breadcrumb\",\"itemListElement\":[{\"@type\":\"ListItem\",\"position\":1,\"name\":\"Portada\",\"item\":\"https:\/\/luchonoticias.com\/editor\/\"},{\"@type\":\"ListItem\",\"position\":2,\"name\":\"Aproveche para pagar el impuesto predial con descuento\"}]},{\"@type\":\"WebSite\",\"@id\":\"https:\/\/luchonoticias.com\/editor\/#website\",\"url\":\"https:\/\/luchonoticias.com\/editor\/\",\"name\":\"\",\"description\":\"\",\"publisher\":{\"@id\":\"https:\/\/luchonoticias.com\/editor\/#\/schema\/person\/7a7fd911f58561fd056dbac7b55af9cd\"},\"potentialAction\":[{\"@type\":\"SearchAction\",\"target\":{\"@type\":\"EntryPoint\",\"urlTemplate\":\"https:\/\/luchonoticias.com\/editor\/?s={search_term_string}\"},\"query-input\":{\"@type\":\"PropertyValueSpecification\",\"valueRequired\":true,\"valueName\":\"search_term_string\"}}],\"inLanguage\":\"es\"},{\"@type\":[\"Person\",\"Organization\"],\"@id\":\"https:\/\/luchonoticias.com\/editor\/#\/schema\/person\/7a7fd911f58561fd056dbac7b55af9cd\",\"name\":\"admin\",\"image\":{\"@type\":\"ImageObject\",\"inLanguage\":\"es\",\"@id\":\"https:\/\/luchonoticias.com\/editor\/#\/schema\/person\/image\/\",\"url\":\"https:\/\/luchonoticias.com\/editor\/wp-content\/uploads\/2024\/02\/cropped-cropped-logolu.webp\",\"contentUrl\":\"https:\/\/luchonoticias.com\/editor\/wp-content\/uploads\/2024\/02\/cropped-cropped-logolu.webp\",\"width\":382,\"height\":170,\"caption\":\"admin\"},\"logo\":{\"@id\":\"https:\/\/luchonoticias.com\/editor\/#\/schema\/person\/image\/\"},\"sameAs\":[\"https:\/\/www.facebook.com\/luchonoticiasneiva\"]},{\"@type\":\"Person\",\"@id\":\"https:\/\/luchonoticias.com\/editor\/#\/schema\/person\/29217990ddf6f14e35912b2866d591fb\",\"name\":\"Editor General\",\"image\":{\"@type\":\"ImageObject\",\"inLanguage\":\"es\",\"@id\":\"https:\/\/luchonoticias.com\/editor\/#\/schema\/person\/image\/\",\"url\":\"https:\/\/luchonoticias.com\/editor\/wp-content\/uploads\/2024\/02\/cropped-cropped-logolu-150x150.webp\",\"contentUrl\":\"https:\/\/luchonoticias.com\/editor\/wp-content\/uploads\/2024\/02\/cropped-cropped-logolu-150x150.webp\",\"caption\":\"Editor General\"},\"sameAs\":[\"https:\/\/luchonoticias.com\/\"],\"url\":\"https:\/\/luchonoticias.com\/editor\/author\/editor-general\/\"}]}<\/script>\n<!-- \/ Yoast SEO plugin. -->","yoast_head_json":{"title":"Aproveche para pagar el impuesto predial con descuento -","description":"La Secretar\u00eda de Hacienda de Neiva invita a la comunidad a ponerse al d\u00eda con este impuesto y a acogerse al descuento del 5% por pago oportuno, hasta el pr\u00f3ximo 31 de julio.","robots":{"index":"index","follow":"follow","max-snippet":"max-snippet:-1","max-image-preview":"max-image-preview:large","max-video-preview":"max-video-preview:-1"},"canonical":"https:\/\/luchonoticias.com\/editor\/aproveche-para-pagar-el-impuesto-predial-con-descuento\/","og_locale":"es_ES","og_type":"article","og_title":"Aproveche para pagar el impuesto predial con descuento -","og_description":"La Secretar\u00eda de Hacienda de Neiva invita a la comunidad a ponerse al d\u00eda con este impuesto y a acogerse al descuento del 5% por pago oportuno, hasta el pr\u00f3ximo 31 de julio.","og_url":"https:\/\/luchonoticias.com\/editor\/aproveche-para-pagar-el-impuesto-predial-con-descuento\/","article_publisher":"https:\/\/www.facebook.com\/luchonoticiasneiva","article_published_time":"2024-07-18T09:31:52+00:00","og_image":[{"width":700,"height":400,"url":"https:\/\/luchonoticias.com\/editor\/wp-content\/uploads\/2024\/07\/impuesto-predial-neiva.jpg","type":"image\/jpeg"}],"author":"Editor General","twitter_card":"summary_large_image","twitter_misc":{"Escrito por":"Editor General","Tiempo de lectura":"2 minutos"},"schema":{"@context":"https:\/\/schema.org","@graph":[{"@type":"Article","@id":"https:\/\/luchonoticias.com\/editor\/aproveche-para-pagar-el-impuesto-predial-con-descuento\/#article","isPartOf":{"@id":"https:\/\/luchonoticias.com\/editor\/aproveche-para-pagar-el-impuesto-predial-con-descuento\/"},"author":{"name":"Editor General","@id":"https:\/\/luchonoticias.com\/editor\/#\/schema\/person\/29217990ddf6f14e35912b2866d591fb"},"headline":"Aproveche para pagar el impuesto predial con descuento","datePublished":"2024-07-18T09:31:52+00:00","mainEntityOfPage":{"@id":"https:\/\/luchonoticias.com\/editor\/aproveche-para-pagar-el-impuesto-predial-con-descuento\/"},"wordCount":276,"publisher":{"@id":"https:\/\/luchonoticias.com\/editor\/#\/schema\/person\/7a7fd911f58561fd056dbac7b55af9cd"},"image":{"@id":"https:\/\/luchonoticias.com\/editor\/aproveche-para-pagar-el-impuesto-predial-con-descuento\/#primaryimage"},"thumbnailUrl":"https:\/\/luchonoticias.com\/editor\/wp-content\/uploads\/2024\/07\/impuesto-predial-neiva.jpg","articleSection":["Local"],"inLanguage":"es"},{"@type":"WebPage","@id":"https:\/\/luchonoticias.com\/editor\/aproveche-para-pagar-el-impuesto-predial-con-descuento\/","url":"https:\/\/luchonoticias.com\/editor\/aproveche-para-pagar-el-impuesto-predial-con-descuento\/","name":"Aproveche para pagar el impuesto predial con descuento -","isPartOf":{"@id":"https:\/\/luchonoticias.com\/editor\/#website"},"primaryImageOfPage":{"@id":"https:\/\/luchonoticias.com\/editor\/aproveche-para-pagar-el-impuesto-predial-con-descuento\/#primaryimage"},"image":{"@id":"https:\/\/luchonoticias.com\/editor\/aproveche-para-pagar-el-impuesto-predial-con-descuento\/#primaryimage"},"thumbnailUrl":"https:\/\/luchonoticias.com\/editor\/wp-content\/uploads\/2024\/07\/impuesto-predial-neiva.jpg","datePublished":"2024-07-18T09:31:52+00:00","description":"La Secretar\u00eda de Hacienda de Neiva invita a la comunidad a ponerse al d\u00eda con este impuesto y a acogerse al descuento del 5% por pago oportuno, hasta el pr\u00f3ximo 31 de julio.","breadcrumb":{"@id":"https:\/\/luchonoticias.com\/editor\/aproveche-para-pagar-el-impuesto-predial-con-descuento\/#breadcrumb"},"inLanguage":"es","potentialAction":[{"@type":"ReadAction","target":["https:\/\/luchonoticias.com\/editor\/aproveche-para-pagar-el-impuesto-predial-con-descuento\/"]}]},{"@type":"ImageObject","inLanguage":"es","@id":"https:\/\/luchonoticias.com\/editor\/aproveche-para-pagar-el-impuesto-predial-con-descuento\/#primaryimage","url":"https:\/\/luchonoticias.com\/editor\/wp-content\/uploads\/2024\/07\/impuesto-predial-neiva.jpg","contentUrl":"https:\/\/luchonoticias.com\/editor\/wp-content\/uploads\/2024\/07\/impuesto-predial-neiva.jpg","width":700,"height":400},{"@type":"BreadcrumbList","@id":"https:\/\/luchonoticias.com\/editor\/aproveche-para-pagar-el-impuesto-predial-con-descuento\/#breadcrumb","itemListElement":[{"@type":"ListItem","position":1,"name":"Portada","item":"https:\/\/luchonoticias.com\/editor\/"},{"@type":"ListItem","position":2,"name":"Aproveche para pagar el impuesto predial con descuento"}]},{"@type":"WebSite","@id":"https:\/\/luchonoticias.com\/editor\/#website","url":"https:\/\/luchonoticias.com\/editor\/","name":"","description":"","publisher":{"@id":"https:\/\/luchonoticias.com\/editor\/#\/schema\/person\/7a7fd911f58561fd056dbac7b55af9cd"},"potentialAction":[{"@type":"SearchAction","target":{"@type":"EntryPoint","urlTemplate":"https:\/\/luchonoticias.com\/editor\/?s={search_term_string}"},"query-input":{"@type":"PropertyValueSpecification","valueRequired":true,"valueName":"search_term_string"}}],"inLanguage":"es"},{"@type":["Person","Organization"],"@id":"https:\/\/luchonoticias.com\/editor\/#\/schema\/person\/7a7fd911f58561fd056dbac7b55af9cd","name":"admin","image":{"@type":"ImageObject","inLanguage":"es","@id":"https:\/\/luchonoticias.com\/editor\/#\/schema\/person\/image\/","url":"https:\/\/luchonoticias.com\/editor\/wp-content\/uploads\/2024\/02\/cropped-cropped-logolu.webp","contentUrl":"https:\/\/luchonoticias.com\/editor\/wp-content\/uploads\/2024\/02\/cropped-cropped-logolu.webp","width":382,"height":170,"caption":"admin"},"logo":{"@id":"https:\/\/luchonoticias.com\/editor\/#\/schema\/person\/image\/"},"sameAs":["https:\/\/www.facebook.com\/luchonoticiasneiva"]},{"@type":"Person","@id":"https:\/\/luchonoticias.com\/editor\/#\/schema\/person\/29217990ddf6f14e35912b2866d591fb","name":"Editor General","image":{"@type":"ImageObject","inLanguage":"es","@id":"https:\/\/luchonoticias.com\/editor\/#\/schema\/person\/image\/","url":"https:\/\/luchonoticias.com\/editor\/wp-content\/uploads\/2024\/02\/cropped-cropped-logolu-150x150.webp","contentUrl":"https:\/\/luchonoticias.com\/editor\/wp-content\/uploads\/2024\/02\/cropped-cropped-logolu-150x150.webp","caption":"Editor General"},"sameAs":["https:\/\/luchonoticias.com\/"],"url":"https:\/\/luchonoticias.com\/editor\/author\/editor-general\/"}]}},"_links":{"self":[{"href":"https:\/\/luchonoticias.com\/editor\/wp-json\/wp\/v2\/posts\/75079","targetHints":{"allow":["GET"]}}],"collection":[{"href":"https:\/\/luchonoticias.com\/editor\/wp-json\/wp\/v2\/posts"}],"about":[{"href":"https:\/\/luchonoticias.com\/editor\/wp-json\/wp\/v2\/types\/post"}],"author":[{"embeddable":true,"href":"https:\/\/luchonoticias.com\/editor\/wp-json\/wp\/v2\/users\/2"}],"replies":[{"embeddable":true,"href":"https:\/\/luchonoticias.com\/editor\/wp-json\/wp\/v2\/comments?post=75079"}],"version-history":[{"count":1,"href":"https:\/\/luchonoticias.com\/editor\/wp-json\/wp\/v2\/posts\/75079\/revisions"}],"predecessor-version":[{"id":75081,"href":"https:\/\/luchonoticias.com\/editor\/wp-json\/wp\/v2\/posts\/75079\/revisions\/75081"}],"wp:featuredmedia":[{"embeddable":true,"href":"https:\/\/luchonoticias.com\/editor\/wp-json\/wp\/v2\/media\/75080"}],"wp:attachment":[{"href":"https:\/\/luchonoticias.com\/editor\/wp-json\/wp\/v2\/media?parent=75079"}],"wp:term":[{"taxonomy":"category","embeddable":true,"href":"https:\/\/luchonoticias.com\/editor\/wp-json\/wp\/v2\/categories?post=75079"},{"taxonomy":"post_tag","embeddable":true,"href":"https:\/\/luchonoticias.com\/editor\/wp-json\/wp\/v2\/tags?post=75079"}],"curies":[{"name":"wp","href":"https:\/\/api.w.org\/{rel}","templated":true}]}}