{"id":75082,"date":"2024-07-18T04:36:44","date_gmt":"2024-07-18T09:36:44","guid":{"rendered":"https:\/\/luchonoticias.com\/?p=75082"},"modified":"2024-07-18T04:38:33","modified_gmt":"2024-07-18T09:38:33","slug":"nueva-dotacion-para-la-primera-infancia-del-sur-de-neiva","status":"publish","type":"post","link":"https:\/\/luchonoticias.com\/editor\/nueva-dotacion-para-la-primera-infancia-del-sur-de-neiva\/","title":{"rendered":"Nueva dotaci\u00f3n para la primera infancia del sur de Neiva"},"content":{"rendered":"<p>La Alcald\u00eda de Neiva realiz\u00f3 entrega de donaci\u00f3n para la atenci\u00f3n integral al CDI de Bosques de San Luis en la comuna Seis.<\/p>\n<p>Con el prop\u00f3sito de fortalecer la atenci\u00f3n integral a los m\u00e1s peque\u00f1os del Municipio, la gestora social, Mar\u00eda Juliana Parra Curiel, realiz\u00f3 entrega de la donaci\u00f3n de mesas, sillas, colchonetas y fundas al operador designado por el Instituto Colombiano de Bienestar Familiar ICBF, la fundaci\u00f3n \u2018FamiAmor\u2019 para el CDI mencionado en el que se beneficiar\u00e1n alrededor de 340 ni\u00f1os y ni\u00f1as de la comuna Seis.<\/p>\n<p>Desde la Administraci\u00f3n Municipal se contin\u00faa trabajando d\u00eda a d\u00eda por la ni\u00f1ez y por la primera infancia, \u201ctambi\u00e9n vamos a trabajar en cualificaci\u00f3n de los agentes educativos, padres de familias y talleres con los ni\u00f1os, estamos comprometidos con la ni\u00f1ez como lo dice la pol\u00edtica p\u00fablica de la primera infancia, infancia y adolescencia y promover el desarrollo integral de nuestros ni\u00f1os\u201d, expres\u00f3 Milton Orozco, L\u00edder del programa de primera infancia, infancia y adolescencia del municipio.<\/p>\n<p>De igual manera la coordinadora del Centro de Desarrollo Integral de Bosques de San Luis, Adriana Cuellar, manifest\u00f3 \u201cpara nosotros es muy oportuno todo este material de donaci\u00f3n que nos han entregado, implementos que nos permitir\u00e1n brindar atenci\u00f3n integral de calidad y que beneficiar\u00e1 a los ni\u00f1os y ni\u00f1as de la comuna Seis\u201d.<\/p>\n","protected":false},"excerpt":{"rendered":"<p>El Centro de Desarrollo Integral de Bosques de San Luis recibi\u00f3 dotaci\u00f3n de mesas, sillas, colchonetas y fundas, para la atenci\u00f3n integral a la primera infancia.<\/p>\n","protected":false},"author":2,"featured_media":75083,"comment_status":"closed","ping_status":"open","sticky":false,"template":"","format":"standard","meta":{"footnotes":""},"categories":[31],"tags":[],"class_list":["post-75082","post","type-post","status-publish","format-standard","has-post-thumbnail","hentry","category-local"],"yoast_head":"<!-- This site is optimized with the Yoast SEO plugin v26.6 - https:\/\/yoast.com\/wordpress\/plugins\/seo\/ -->\n<title>Nueva dotaci\u00f3n para la primera infancia del sur de Neiva -<\/title>\n<meta name=\"description\" content=\"El Centro de Desarrollo Integral de Bosques de San Luis recibi\u00f3 dotaci\u00f3n de mesas, sillas, colchonetas y fundas, para la atenci\u00f3n integral a la primera infancia.\" \/>\n<meta name=\"robots\" content=\"index, follow, max-snippet:-1, max-image-preview:large, max-video-preview:-1\" \/>\n<link rel=\"canonical\" href=\"https:\/\/luchonoticias.com\/editor\/nueva-dotacion-para-la-primera-infancia-del-sur-de-neiva\/\" \/>\n<meta property=\"og:locale\" content=\"es_ES\" \/>\n<meta property=\"og:type\" content=\"article\" \/>\n<meta property=\"og:title\" content=\"Nueva dotaci\u00f3n para la primera infancia del sur de Neiva -\" \/>\n<meta property=\"og:description\" content=\"El Centro de Desarrollo Integral de Bosques de San Luis recibi\u00f3 dotaci\u00f3n de mesas, sillas, colchonetas y fundas, para la atenci\u00f3n integral a la primera infancia.\" \/>\n<meta property=\"og:url\" content=\"https:\/\/luchonoticias.com\/editor\/nueva-dotacion-para-la-primera-infancia-del-sur-de-neiva\/\" \/>\n<meta property=\"article:publisher\" content=\"https:\/\/www.facebook.com\/luchonoticiasneiva\" \/>\n<meta property=\"article:published_time\" content=\"2024-07-18T09:36:44+00:00\" \/>\n<meta property=\"article:modified_time\" content=\"2024-07-18T09:38:33+00:00\" \/>\n<meta property=\"og:image\" content=\"https:\/\/luchonoticias.com\/editor\/wp-content\/uploads\/2024\/07\/dotacion-primera-infancia.jpg\" \/>\n\t<meta property=\"og:image:width\" content=\"700\" \/>\n\t<meta property=\"og:image:height\" content=\"400\" \/>\n\t<meta property=\"og:image:type\" content=\"image\/jpeg\" \/>\n<meta name=\"author\" content=\"Editor General\" \/>\n<meta name=\"twitter:card\" content=\"summary_large_image\" \/>\n<meta name=\"twitter:label1\" content=\"Escrito por\" \/>\n\t<meta name=\"twitter:data1\" content=\"Editor General\" \/>\n\t<meta name=\"twitter:label2\" content=\"Tiempo de lectura\" \/>\n\t<meta name=\"twitter:data2\" content=\"2 minutos\" \/>\n<script type=\"application\/ld+json\" class=\"yoast-schema-graph\">{\"@context\":\"https:\/\/schema.org\",\"@graph\":[{\"@type\":\"Article\",\"@id\":\"https:\/\/luchonoticias.com\/editor\/nueva-dotacion-para-la-primera-infancia-del-sur-de-neiva\/#article\",\"isPartOf\":{\"@id\":\"https:\/\/luchonoticias.com\/editor\/nueva-dotacion-para-la-primera-infancia-del-sur-de-neiva\/\"},\"author\":{\"name\":\"Editor General\",\"@id\":\"https:\/\/luchonoticias.com\/editor\/#\/schema\/person\/29217990ddf6f14e35912b2866d591fb\"},\"headline\":\"Nueva dotaci\u00f3n para la primera infancia del sur de Neiva\",\"datePublished\":\"2024-07-18T09:36:44+00:00\",\"dateModified\":\"2024-07-18T09:38:33+00:00\",\"mainEntityOfPage\":{\"@id\":\"https:\/\/luchonoticias.com\/editor\/nueva-dotacion-para-la-primera-infancia-del-sur-de-neiva\/\"},\"wordCount\":258,\"publisher\":{\"@id\":\"https:\/\/luchonoticias.com\/editor\/#\/schema\/person\/7a7fd911f58561fd056dbac7b55af9cd\"},\"image\":{\"@id\":\"https:\/\/luchonoticias.com\/editor\/nueva-dotacion-para-la-primera-infancia-del-sur-de-neiva\/#primaryimage\"},\"thumbnailUrl\":\"https:\/\/luchonoticias.com\/editor\/wp-content\/uploads\/2024\/07\/dotacion-primera-infancia.jpg\",\"articleSection\":[\"Local\"],\"inLanguage\":\"es\"},{\"@type\":\"WebPage\",\"@id\":\"https:\/\/luchonoticias.com\/editor\/nueva-dotacion-para-la-primera-infancia-del-sur-de-neiva\/\",\"url\":\"https:\/\/luchonoticias.com\/editor\/nueva-dotacion-para-la-primera-infancia-del-sur-de-neiva\/\",\"name\":\"Nueva dotaci\u00f3n para la primera infancia del sur de Neiva -\",\"isPartOf\":{\"@id\":\"https:\/\/luchonoticias.com\/editor\/#website\"},\"primaryImageOfPage\":{\"@id\":\"https:\/\/luchonoticias.com\/editor\/nueva-dotacion-para-la-primera-infancia-del-sur-de-neiva\/#primaryimage\"},\"image\":{\"@id\":\"https:\/\/luchonoticias.com\/editor\/nueva-dotacion-para-la-primera-infancia-del-sur-de-neiva\/#primaryimage\"},\"thumbnailUrl\":\"https:\/\/luchonoticias.com\/editor\/wp-content\/uploads\/2024\/07\/dotacion-primera-infancia.jpg\",\"datePublished\":\"2024-07-18T09:36:44+00:00\",\"dateModified\":\"2024-07-18T09:38:33+00:00\",\"description\":\"El Centro de Desarrollo Integral de Bosques de San Luis recibi\u00f3 dotaci\u00f3n de mesas, sillas, colchonetas y fundas, para la atenci\u00f3n integral a la primera infancia.\",\"breadcrumb\":{\"@id\":\"https:\/\/luchonoticias.com\/editor\/nueva-dotacion-para-la-primera-infancia-del-sur-de-neiva\/#breadcrumb\"},\"inLanguage\":\"es\",\"potentialAction\":[{\"@type\":\"ReadAction\",\"target\":[\"https:\/\/luchonoticias.com\/editor\/nueva-dotacion-para-la-primera-infancia-del-sur-de-neiva\/\"]}]},{\"@type\":\"ImageObject\",\"inLanguage\":\"es\",\"@id\":\"https:\/\/luchonoticias.com\/editor\/nueva-dotacion-para-la-primera-infancia-del-sur-de-neiva\/#primaryimage\",\"url\":\"https:\/\/luchonoticias.com\/editor\/wp-content\/uploads\/2024\/07\/dotacion-primera-infancia.jpg\",\"contentUrl\":\"https:\/\/luchonoticias.com\/editor\/wp-content\/uploads\/2024\/07\/dotacion-primera-infancia.jpg\",\"width\":700,\"height\":400},{\"@type\":\"BreadcrumbList\",\"@id\":\"https:\/\/luchonoticias.com\/editor\/nueva-dotacion-para-la-primera-infancia-del-sur-de-neiva\/#breadcrumb\",\"itemListElement\":[{\"@type\":\"ListItem\",\"position\":1,\"name\":\"Portada\",\"item\":\"https:\/\/luchonoticias.com\/editor\/\"},{\"@type\":\"ListItem\",\"position\":2,\"name\":\"Nueva dotaci\u00f3n para la primera infancia del sur de Neiva\"}]},{\"@type\":\"WebSite\",\"@id\":\"https:\/\/luchonoticias.com\/editor\/#website\",\"url\":\"https:\/\/luchonoticias.com\/editor\/\",\"name\":\"\",\"description\":\"\",\"publisher\":{\"@id\":\"https:\/\/luchonoticias.com\/editor\/#\/schema\/person\/7a7fd911f58561fd056dbac7b55af9cd\"},\"potentialAction\":[{\"@type\":\"SearchAction\",\"target\":{\"@type\":\"EntryPoint\",\"urlTemplate\":\"https:\/\/luchonoticias.com\/editor\/?s={search_term_string}\"},\"query-input\":{\"@type\":\"PropertyValueSpecification\",\"valueRequired\":true,\"valueName\":\"search_term_string\"}}],\"inLanguage\":\"es\"},{\"@type\":[\"Person\",\"Organization\"],\"@id\":\"https:\/\/luchonoticias.com\/editor\/#\/schema\/person\/7a7fd911f58561fd056dbac7b55af9cd\",\"name\":\"admin\",\"image\":{\"@type\":\"ImageObject\",\"inLanguage\":\"es\",\"@id\":\"https:\/\/luchonoticias.com\/editor\/#\/schema\/person\/image\/\",\"url\":\"https:\/\/luchonoticias.com\/editor\/wp-content\/uploads\/2024\/02\/cropped-cropped-logolu.webp\",\"contentUrl\":\"https:\/\/luchonoticias.com\/editor\/wp-content\/uploads\/2024\/02\/cropped-cropped-logolu.webp\",\"width\":382,\"height\":170,\"caption\":\"admin\"},\"logo\":{\"@id\":\"https:\/\/luchonoticias.com\/editor\/#\/schema\/person\/image\/\"},\"sameAs\":[\"https:\/\/www.facebook.com\/luchonoticiasneiva\"]},{\"@type\":\"Person\",\"@id\":\"https:\/\/luchonoticias.com\/editor\/#\/schema\/person\/29217990ddf6f14e35912b2866d591fb\",\"name\":\"Editor General\",\"image\":{\"@type\":\"ImageObject\",\"inLanguage\":\"es\",\"@id\":\"https:\/\/luchonoticias.com\/editor\/#\/schema\/person\/image\/\",\"url\":\"https:\/\/luchonoticias.com\/editor\/wp-content\/uploads\/2024\/02\/cropped-cropped-logolu-150x150.webp\",\"contentUrl\":\"https:\/\/luchonoticias.com\/editor\/wp-content\/uploads\/2024\/02\/cropped-cropped-logolu-150x150.webp\",\"caption\":\"Editor General\"},\"sameAs\":[\"https:\/\/luchonoticias.com\/\"],\"url\":\"https:\/\/luchonoticias.com\/editor\/author\/editor-general\/\"}]}<\/script>\n<!-- \/ Yoast SEO plugin. -->","yoast_head_json":{"title":"Nueva dotaci\u00f3n para la primera infancia del sur de Neiva -","description":"El Centro de Desarrollo Integral de Bosques de San Luis recibi\u00f3 dotaci\u00f3n de mesas, sillas, colchonetas y fundas, para la atenci\u00f3n integral a la primera infancia.","robots":{"index":"index","follow":"follow","max-snippet":"max-snippet:-1","max-image-preview":"max-image-preview:large","max-video-preview":"max-video-preview:-1"},"canonical":"https:\/\/luchonoticias.com\/editor\/nueva-dotacion-para-la-primera-infancia-del-sur-de-neiva\/","og_locale":"es_ES","og_type":"article","og_title":"Nueva dotaci\u00f3n para la primera infancia del sur de Neiva -","og_description":"El Centro de Desarrollo Integral de Bosques de San Luis recibi\u00f3 dotaci\u00f3n de mesas, sillas, colchonetas y fundas, para la atenci\u00f3n integral a la primera infancia.","og_url":"https:\/\/luchonoticias.com\/editor\/nueva-dotacion-para-la-primera-infancia-del-sur-de-neiva\/","article_publisher":"https:\/\/www.facebook.com\/luchonoticiasneiva","article_published_time":"2024-07-18T09:36:44+00:00","article_modified_time":"2024-07-18T09:38:33+00:00","og_image":[{"width":700,"height":400,"url":"https:\/\/luchonoticias.com\/editor\/wp-content\/uploads\/2024\/07\/dotacion-primera-infancia.jpg","type":"image\/jpeg"}],"author":"Editor General","twitter_card":"summary_large_image","twitter_misc":{"Escrito por":"Editor General","Tiempo de lectura":"2 minutos"},"schema":{"@context":"https:\/\/schema.org","@graph":[{"@type":"Article","@id":"https:\/\/luchonoticias.com\/editor\/nueva-dotacion-para-la-primera-infancia-del-sur-de-neiva\/#article","isPartOf":{"@id":"https:\/\/luchonoticias.com\/editor\/nueva-dotacion-para-la-primera-infancia-del-sur-de-neiva\/"},"author":{"name":"Editor General","@id":"https:\/\/luchonoticias.com\/editor\/#\/schema\/person\/29217990ddf6f14e35912b2866d591fb"},"headline":"Nueva dotaci\u00f3n para la primera infancia del sur de Neiva","datePublished":"2024-07-18T09:36:44+00:00","dateModified":"2024-07-18T09:38:33+00:00","mainEntityOfPage":{"@id":"https:\/\/luchonoticias.com\/editor\/nueva-dotacion-para-la-primera-infancia-del-sur-de-neiva\/"},"wordCount":258,"publisher":{"@id":"https:\/\/luchonoticias.com\/editor\/#\/schema\/person\/7a7fd911f58561fd056dbac7b55af9cd"},"image":{"@id":"https:\/\/luchonoticias.com\/editor\/nueva-dotacion-para-la-primera-infancia-del-sur-de-neiva\/#primaryimage"},"thumbnailUrl":"https:\/\/luchonoticias.com\/editor\/wp-content\/uploads\/2024\/07\/dotacion-primera-infancia.jpg","articleSection":["Local"],"inLanguage":"es"},{"@type":"WebPage","@id":"https:\/\/luchonoticias.com\/editor\/nueva-dotacion-para-la-primera-infancia-del-sur-de-neiva\/","url":"https:\/\/luchonoticias.com\/editor\/nueva-dotacion-para-la-primera-infancia-del-sur-de-neiva\/","name":"Nueva dotaci\u00f3n para la primera infancia del sur de Neiva -","isPartOf":{"@id":"https:\/\/luchonoticias.com\/editor\/#website"},"primaryImageOfPage":{"@id":"https:\/\/luchonoticias.com\/editor\/nueva-dotacion-para-la-primera-infancia-del-sur-de-neiva\/#primaryimage"},"image":{"@id":"https:\/\/luchonoticias.com\/editor\/nueva-dotacion-para-la-primera-infancia-del-sur-de-neiva\/#primaryimage"},"thumbnailUrl":"https:\/\/luchonoticias.com\/editor\/wp-content\/uploads\/2024\/07\/dotacion-primera-infancia.jpg","datePublished":"2024-07-18T09:36:44+00:00","dateModified":"2024-07-18T09:38:33+00:00","description":"El Centro de Desarrollo Integral de Bosques de San Luis recibi\u00f3 dotaci\u00f3n de mesas, sillas, colchonetas y fundas, para la atenci\u00f3n integral a la primera infancia.","breadcrumb":{"@id":"https:\/\/luchonoticias.com\/editor\/nueva-dotacion-para-la-primera-infancia-del-sur-de-neiva\/#breadcrumb"},"inLanguage":"es","potentialAction":[{"@type":"ReadAction","target":["https:\/\/luchonoticias.com\/editor\/nueva-dotacion-para-la-primera-infancia-del-sur-de-neiva\/"]}]},{"@type":"ImageObject","inLanguage":"es","@id":"https:\/\/luchonoticias.com\/editor\/nueva-dotacion-para-la-primera-infancia-del-sur-de-neiva\/#primaryimage","url":"https:\/\/luchonoticias.com\/editor\/wp-content\/uploads\/2024\/07\/dotacion-primera-infancia.jpg","contentUrl":"https:\/\/luchonoticias.com\/editor\/wp-content\/uploads\/2024\/07\/dotacion-primera-infancia.jpg","width":700,"height":400},{"@type":"BreadcrumbList","@id":"https:\/\/luchonoticias.com\/editor\/nueva-dotacion-para-la-primera-infancia-del-sur-de-neiva\/#breadcrumb","itemListElement":[{"@type":"ListItem","position":1,"name":"Portada","item":"https:\/\/luchonoticias.com\/editor\/"},{"@type":"ListItem","position":2,"name":"Nueva dotaci\u00f3n para la primera infancia del sur de Neiva"}]},{"@type":"WebSite","@id":"https:\/\/luchonoticias.com\/editor\/#website","url":"https:\/\/luchonoticias.com\/editor\/","name":"","description":"","publisher":{"@id":"https:\/\/luchonoticias.com\/editor\/#\/schema\/person\/7a7fd911f58561fd056dbac7b55af9cd"},"potentialAction":[{"@type":"SearchAction","target":{"@type":"EntryPoint","urlTemplate":"https:\/\/luchonoticias.com\/editor\/?s={search_term_string}"},"query-input":{"@type":"PropertyValueSpecification","valueRequired":true,"valueName":"search_term_string"}}],"inLanguage":"es"},{"@type":["Person","Organization"],"@id":"https:\/\/luchonoticias.com\/editor\/#\/schema\/person\/7a7fd911f58561fd056dbac7b55af9cd","name":"admin","image":{"@type":"ImageObject","inLanguage":"es","@id":"https:\/\/luchonoticias.com\/editor\/#\/schema\/person\/image\/","url":"https:\/\/luchonoticias.com\/editor\/wp-content\/uploads\/2024\/02\/cropped-cropped-logolu.webp","contentUrl":"https:\/\/luchonoticias.com\/editor\/wp-content\/uploads\/2024\/02\/cropped-cropped-logolu.webp","width":382,"height":170,"caption":"admin"},"logo":{"@id":"https:\/\/luchonoticias.com\/editor\/#\/schema\/person\/image\/"},"sameAs":["https:\/\/www.facebook.com\/luchonoticiasneiva"]},{"@type":"Person","@id":"https:\/\/luchonoticias.com\/editor\/#\/schema\/person\/29217990ddf6f14e35912b2866d591fb","name":"Editor General","image":{"@type":"ImageObject","inLanguage":"es","@id":"https:\/\/luchonoticias.com\/editor\/#\/schema\/person\/image\/","url":"https:\/\/luchonoticias.com\/editor\/wp-content\/uploads\/2024\/02\/cropped-cropped-logolu-150x150.webp","contentUrl":"https:\/\/luchonoticias.com\/editor\/wp-content\/uploads\/2024\/02\/cropped-cropped-logolu-150x150.webp","caption":"Editor General"},"sameAs":["https:\/\/luchonoticias.com\/"],"url":"https:\/\/luchonoticias.com\/editor\/author\/editor-general\/"}]}},"_links":{"self":[{"href":"https:\/\/luchonoticias.com\/editor\/wp-json\/wp\/v2\/posts\/75082","targetHints":{"allow":["GET"]}}],"collection":[{"href":"https:\/\/luchonoticias.com\/editor\/wp-json\/wp\/v2\/posts"}],"about":[{"href":"https:\/\/luchonoticias.com\/editor\/wp-json\/wp\/v2\/types\/post"}],"author":[{"embeddable":true,"href":"https:\/\/luchonoticias.com\/editor\/wp-json\/wp\/v2\/users\/2"}],"replies":[{"embeddable":true,"href":"https:\/\/luchonoticias.com\/editor\/wp-json\/wp\/v2\/comments?post=75082"}],"version-history":[{"count":2,"href":"https:\/\/luchonoticias.com\/editor\/wp-json\/wp\/v2\/posts\/75082\/revisions"}],"predecessor-version":[{"id":75085,"href":"https:\/\/luchonoticias.com\/editor\/wp-json\/wp\/v2\/posts\/75082\/revisions\/75085"}],"wp:featuredmedia":[{"embeddable":true,"href":"https:\/\/luchonoticias.com\/editor\/wp-json\/wp\/v2\/media\/75083"}],"wp:attachment":[{"href":"https:\/\/luchonoticias.com\/editor\/wp-json\/wp\/v2\/media?parent=75082"}],"wp:term":[{"taxonomy":"category","embeddable":true,"href":"https:\/\/luchonoticias.com\/editor\/wp-json\/wp\/v2\/categories?post=75082"},{"taxonomy":"post_tag","embeddable":true,"href":"https:\/\/luchonoticias.com\/editor\/wp-json\/wp\/v2\/tags?post=75082"}],"curies":[{"name":"wp","href":"https:\/\/api.w.org\/{rel}","templated":true}]}}