{"id":75086,"date":"2024-07-18T04:48:09","date_gmt":"2024-07-18T09:48:09","guid":{"rendered":"https:\/\/luchonoticias.com\/?p=75086"},"modified":"2024-07-18T04:48:09","modified_gmt":"2024-07-18T09:48:09","slug":"el-fique-la-gran-alternativa-al-plastico-en-colombia","status":"publish","type":"post","link":"https:\/\/luchonoticias.com\/editor\/el-fique-la-gran-alternativa-al-plastico-en-colombia\/","title":{"rendered":"El fique, la gran alternativa al pl\u00e1stico en Colombia"},"content":{"rendered":"<div>Con la entrada en vigor de la Ley 2232 de 2022, desde el pasado el pasado 7 de julio, que elimina pl\u00e1sticos de un solo uso, el Ministerio de Agricultura y Desarrollo Rural impulsa la utilizaci\u00f3n de empaques fabricados con fibra de fique, una excelente alternativa ambiental que a la vez apoya el trabajo de aproximadamente 70 mil productores colombianos y sus familias.<\/div>\n<div><\/div>\n<div>El fique es una fibra biodegradable y compostable, que puede jugar un papel importante en la reducci\u00f3n de la acumulaci\u00f3n de residuos pl\u00e1sticos en el medio ambiente con bolsas reutilizables para hacer mercado; adem\u00e1s, cabuya, costales y otros empaques para diferentes productos perecederos y no perecederos. As\u00ed mismo, en el proceso de producci\u00f3n, las plantas de fique contribuyen a la fijaci\u00f3n de carbono, ayudando a mitigar el cambio clim\u00e1tico, prop\u00f3sito con el que el Gobierno del Cambio est\u00e1 comprometido.<\/div>\n<div><\/div>\n<div>\n<div>El uso del fique en lugar de fibras sint\u00e9ticas ayuda a disminuir la dependencia de pl\u00e1sticos y productos petroqu\u00edmicos. As\u00ed mismo, los subproductos del procesamiento del fique (jugo y bagazo) pueden utilizarse para la producci\u00f3n de biog\u00e1s, abono, fertilizantes org\u00e1nicos, etc.<\/div>\n<div><\/div>\n<div>Adem\u00e1s de ser una gran alternativa de sostenibilidad, utilizar esta fibra natural permite fortalecer un sector productivo, constituido en su mayor\u00eda por peque\u00f1os productores, especialmente de los departamentos de Cauca, Nari\u00f1o, Santander, La Guajira, Caldas y Boyac\u00e1.<\/div>\n<div><\/div>\n<div>Colombia actualmente produce 17.370 toneladas de fique. Su producci\u00f3n y transformaci\u00f3n tiene gran arraigo en los pueblos ind\u00edgenas.\u00a0 As\u00ed mismo, hay que destacar en esta cadena la participaci\u00f3n de las mujeres, que se dedican principalmente a la elaboraci\u00f3n de artesan\u00edas como mochilas, elementos para el hogar, individuales, tapetes, mobiliario, entre otros.<\/div>\n<\/div>\n","protected":false},"excerpt":{"rendered":"<p>Del fique dependen 70 mil productores colombianos y sus n\u00facleos familiares. Actualmente, en el pa\u00eds se producen 17.370 toneladas de la fibra.<\/p>\n","protected":false},"author":2,"featured_media":75087,"comment_status":"closed","ping_status":"open","sticky":false,"template":"","format":"standard","meta":{"footnotes":""},"categories":[28,32],"tags":[],"class_list":["post-75086","post","type-post","status-publish","format-standard","has-post-thumbnail","hentry","category-actualidad","category-nacional"],"yoast_head":"<!-- This site is optimized with the Yoast SEO plugin v26.6 - https:\/\/yoast.com\/wordpress\/plugins\/seo\/ -->\n<title>El fique, la gran alternativa al pl\u00e1stico en Colombia -<\/title>\n<meta name=\"description\" content=\"Del fique dependen 70 mil productores colombianos y sus n\u00facleos familiares. Actualmente, en el pa\u00eds se producen 17.370 toneladas de la fibra.\" \/>\n<meta name=\"robots\" content=\"index, follow, max-snippet:-1, max-image-preview:large, max-video-preview:-1\" \/>\n<link rel=\"canonical\" href=\"https:\/\/luchonoticias.com\/editor\/el-fique-la-gran-alternativa-al-plastico-en-colombia\/\" \/>\n<meta property=\"og:locale\" content=\"es_ES\" \/>\n<meta property=\"og:type\" content=\"article\" \/>\n<meta property=\"og:title\" content=\"El fique, la gran alternativa al pl\u00e1stico en Colombia -\" \/>\n<meta property=\"og:description\" content=\"Del fique dependen 70 mil productores colombianos y sus n\u00facleos familiares. Actualmente, en el pa\u00eds se producen 17.370 toneladas de la fibra.\" \/>\n<meta property=\"og:url\" content=\"https:\/\/luchonoticias.com\/editor\/el-fique-la-gran-alternativa-al-plastico-en-colombia\/\" \/>\n<meta property=\"article:publisher\" content=\"https:\/\/www.facebook.com\/luchonoticiasneiva\" \/>\n<meta property=\"article:published_time\" content=\"2024-07-18T09:48:09+00:00\" \/>\n<meta property=\"og:image\" content=\"https:\/\/luchonoticias.com\/editor\/wp-content\/uploads\/2024\/07\/fique.jpg\" \/>\n\t<meta property=\"og:image:width\" content=\"700\" \/>\n\t<meta property=\"og:image:height\" content=\"400\" \/>\n\t<meta property=\"og:image:type\" content=\"image\/jpeg\" \/>\n<meta name=\"author\" content=\"Editor General\" \/>\n<meta name=\"twitter:card\" content=\"summary_large_image\" \/>\n<meta name=\"twitter:label1\" content=\"Escrito por\" \/>\n\t<meta name=\"twitter:data1\" content=\"Editor General\" \/>\n\t<meta name=\"twitter:label2\" content=\"Tiempo de lectura\" \/>\n\t<meta name=\"twitter:data2\" content=\"2 minutos\" \/>\n<script type=\"application\/ld+json\" class=\"yoast-schema-graph\">{\"@context\":\"https:\/\/schema.org\",\"@graph\":[{\"@type\":\"Article\",\"@id\":\"https:\/\/luchonoticias.com\/editor\/el-fique-la-gran-alternativa-al-plastico-en-colombia\/#article\",\"isPartOf\":{\"@id\":\"https:\/\/luchonoticias.com\/editor\/el-fique-la-gran-alternativa-al-plastico-en-colombia\/\"},\"author\":{\"name\":\"Editor General\",\"@id\":\"https:\/\/luchonoticias.com\/editor\/#\/schema\/person\/29217990ddf6f14e35912b2866d591fb\"},\"headline\":\"El fique, la gran alternativa al pl\u00e1stico en Colombia\",\"datePublished\":\"2024-07-18T09:48:09+00:00\",\"mainEntityOfPage\":{\"@id\":\"https:\/\/luchonoticias.com\/editor\/el-fique-la-gran-alternativa-al-plastico-en-colombia\/\"},\"wordCount\":302,\"publisher\":{\"@id\":\"https:\/\/luchonoticias.com\/editor\/#\/schema\/person\/7a7fd911f58561fd056dbac7b55af9cd\"},\"image\":{\"@id\":\"https:\/\/luchonoticias.com\/editor\/el-fique-la-gran-alternativa-al-plastico-en-colombia\/#primaryimage\"},\"thumbnailUrl\":\"https:\/\/luchonoticias.com\/editor\/wp-content\/uploads\/2024\/07\/fique.jpg\",\"articleSection\":[\"Actualidad\",\"Nacional\"],\"inLanguage\":\"es\"},{\"@type\":\"WebPage\",\"@id\":\"https:\/\/luchonoticias.com\/editor\/el-fique-la-gran-alternativa-al-plastico-en-colombia\/\",\"url\":\"https:\/\/luchonoticias.com\/editor\/el-fique-la-gran-alternativa-al-plastico-en-colombia\/\",\"name\":\"El fique, la gran alternativa al pl\u00e1stico en Colombia -\",\"isPartOf\":{\"@id\":\"https:\/\/luchonoticias.com\/editor\/#website\"},\"primaryImageOfPage\":{\"@id\":\"https:\/\/luchonoticias.com\/editor\/el-fique-la-gran-alternativa-al-plastico-en-colombia\/#primaryimage\"},\"image\":{\"@id\":\"https:\/\/luchonoticias.com\/editor\/el-fique-la-gran-alternativa-al-plastico-en-colombia\/#primaryimage\"},\"thumbnailUrl\":\"https:\/\/luchonoticias.com\/editor\/wp-content\/uploads\/2024\/07\/fique.jpg\",\"datePublished\":\"2024-07-18T09:48:09+00:00\",\"description\":\"Del fique dependen 70 mil productores colombianos y sus n\u00facleos familiares. Actualmente, en el pa\u00eds se producen 17.370 toneladas de la fibra.\",\"breadcrumb\":{\"@id\":\"https:\/\/luchonoticias.com\/editor\/el-fique-la-gran-alternativa-al-plastico-en-colombia\/#breadcrumb\"},\"inLanguage\":\"es\",\"potentialAction\":[{\"@type\":\"ReadAction\",\"target\":[\"https:\/\/luchonoticias.com\/editor\/el-fique-la-gran-alternativa-al-plastico-en-colombia\/\"]}]},{\"@type\":\"ImageObject\",\"inLanguage\":\"es\",\"@id\":\"https:\/\/luchonoticias.com\/editor\/el-fique-la-gran-alternativa-al-plastico-en-colombia\/#primaryimage\",\"url\":\"https:\/\/luchonoticias.com\/editor\/wp-content\/uploads\/2024\/07\/fique.jpg\",\"contentUrl\":\"https:\/\/luchonoticias.com\/editor\/wp-content\/uploads\/2024\/07\/fique.jpg\",\"width\":700,\"height\":400},{\"@type\":\"BreadcrumbList\",\"@id\":\"https:\/\/luchonoticias.com\/editor\/el-fique-la-gran-alternativa-al-plastico-en-colombia\/#breadcrumb\",\"itemListElement\":[{\"@type\":\"ListItem\",\"position\":1,\"name\":\"Portada\",\"item\":\"https:\/\/luchonoticias.com\/editor\/\"},{\"@type\":\"ListItem\",\"position\":2,\"name\":\"El fique, la gran alternativa al pl\u00e1stico en Colombia\"}]},{\"@type\":\"WebSite\",\"@id\":\"https:\/\/luchonoticias.com\/editor\/#website\",\"url\":\"https:\/\/luchonoticias.com\/editor\/\",\"name\":\"\",\"description\":\"\",\"publisher\":{\"@id\":\"https:\/\/luchonoticias.com\/editor\/#\/schema\/person\/7a7fd911f58561fd056dbac7b55af9cd\"},\"potentialAction\":[{\"@type\":\"SearchAction\",\"target\":{\"@type\":\"EntryPoint\",\"urlTemplate\":\"https:\/\/luchonoticias.com\/editor\/?s={search_term_string}\"},\"query-input\":{\"@type\":\"PropertyValueSpecification\",\"valueRequired\":true,\"valueName\":\"search_term_string\"}}],\"inLanguage\":\"es\"},{\"@type\":[\"Person\",\"Organization\"],\"@id\":\"https:\/\/luchonoticias.com\/editor\/#\/schema\/person\/7a7fd911f58561fd056dbac7b55af9cd\",\"name\":\"admin\",\"image\":{\"@type\":\"ImageObject\",\"inLanguage\":\"es\",\"@id\":\"https:\/\/luchonoticias.com\/editor\/#\/schema\/person\/image\/\",\"url\":\"https:\/\/luchonoticias.com\/editor\/wp-content\/uploads\/2024\/02\/cropped-cropped-logolu.webp\",\"contentUrl\":\"https:\/\/luchonoticias.com\/editor\/wp-content\/uploads\/2024\/02\/cropped-cropped-logolu.webp\",\"width\":382,\"height\":170,\"caption\":\"admin\"},\"logo\":{\"@id\":\"https:\/\/luchonoticias.com\/editor\/#\/schema\/person\/image\/\"},\"sameAs\":[\"https:\/\/www.facebook.com\/luchonoticiasneiva\"]},{\"@type\":\"Person\",\"@id\":\"https:\/\/luchonoticias.com\/editor\/#\/schema\/person\/29217990ddf6f14e35912b2866d591fb\",\"name\":\"Editor General\",\"image\":{\"@type\":\"ImageObject\",\"inLanguage\":\"es\",\"@id\":\"https:\/\/luchonoticias.com\/editor\/#\/schema\/person\/image\/\",\"url\":\"https:\/\/luchonoticias.com\/editor\/wp-content\/uploads\/2024\/02\/cropped-cropped-logolu-150x150.webp\",\"contentUrl\":\"https:\/\/luchonoticias.com\/editor\/wp-content\/uploads\/2024\/02\/cropped-cropped-logolu-150x150.webp\",\"caption\":\"Editor General\"},\"sameAs\":[\"https:\/\/luchonoticias.com\/\"],\"url\":\"https:\/\/luchonoticias.com\/editor\/author\/editor-general\/\"}]}<\/script>\n<!-- \/ Yoast SEO plugin. -->","yoast_head_json":{"title":"El fique, la gran alternativa al pl\u00e1stico en Colombia -","description":"Del fique dependen 70 mil productores colombianos y sus n\u00facleos familiares. Actualmente, en el pa\u00eds se producen 17.370 toneladas de la fibra.","robots":{"index":"index","follow":"follow","max-snippet":"max-snippet:-1","max-image-preview":"max-image-preview:large","max-video-preview":"max-video-preview:-1"},"canonical":"https:\/\/luchonoticias.com\/editor\/el-fique-la-gran-alternativa-al-plastico-en-colombia\/","og_locale":"es_ES","og_type":"article","og_title":"El fique, la gran alternativa al pl\u00e1stico en Colombia -","og_description":"Del fique dependen 70 mil productores colombianos y sus n\u00facleos familiares. Actualmente, en el pa\u00eds se producen 17.370 toneladas de la fibra.","og_url":"https:\/\/luchonoticias.com\/editor\/el-fique-la-gran-alternativa-al-plastico-en-colombia\/","article_publisher":"https:\/\/www.facebook.com\/luchonoticiasneiva","article_published_time":"2024-07-18T09:48:09+00:00","og_image":[{"width":700,"height":400,"url":"https:\/\/luchonoticias.com\/editor\/wp-content\/uploads\/2024\/07\/fique.jpg","type":"image\/jpeg"}],"author":"Editor General","twitter_card":"summary_large_image","twitter_misc":{"Escrito por":"Editor General","Tiempo de lectura":"2 minutos"},"schema":{"@context":"https:\/\/schema.org","@graph":[{"@type":"Article","@id":"https:\/\/luchonoticias.com\/editor\/el-fique-la-gran-alternativa-al-plastico-en-colombia\/#article","isPartOf":{"@id":"https:\/\/luchonoticias.com\/editor\/el-fique-la-gran-alternativa-al-plastico-en-colombia\/"},"author":{"name":"Editor General","@id":"https:\/\/luchonoticias.com\/editor\/#\/schema\/person\/29217990ddf6f14e35912b2866d591fb"},"headline":"El fique, la gran alternativa al pl\u00e1stico en Colombia","datePublished":"2024-07-18T09:48:09+00:00","mainEntityOfPage":{"@id":"https:\/\/luchonoticias.com\/editor\/el-fique-la-gran-alternativa-al-plastico-en-colombia\/"},"wordCount":302,"publisher":{"@id":"https:\/\/luchonoticias.com\/editor\/#\/schema\/person\/7a7fd911f58561fd056dbac7b55af9cd"},"image":{"@id":"https:\/\/luchonoticias.com\/editor\/el-fique-la-gran-alternativa-al-plastico-en-colombia\/#primaryimage"},"thumbnailUrl":"https:\/\/luchonoticias.com\/editor\/wp-content\/uploads\/2024\/07\/fique.jpg","articleSection":["Actualidad","Nacional"],"inLanguage":"es"},{"@type":"WebPage","@id":"https:\/\/luchonoticias.com\/editor\/el-fique-la-gran-alternativa-al-plastico-en-colombia\/","url":"https:\/\/luchonoticias.com\/editor\/el-fique-la-gran-alternativa-al-plastico-en-colombia\/","name":"El fique, la gran alternativa al pl\u00e1stico en Colombia -","isPartOf":{"@id":"https:\/\/luchonoticias.com\/editor\/#website"},"primaryImageOfPage":{"@id":"https:\/\/luchonoticias.com\/editor\/el-fique-la-gran-alternativa-al-plastico-en-colombia\/#primaryimage"},"image":{"@id":"https:\/\/luchonoticias.com\/editor\/el-fique-la-gran-alternativa-al-plastico-en-colombia\/#primaryimage"},"thumbnailUrl":"https:\/\/luchonoticias.com\/editor\/wp-content\/uploads\/2024\/07\/fique.jpg","datePublished":"2024-07-18T09:48:09+00:00","description":"Del fique dependen 70 mil productores colombianos y sus n\u00facleos familiares. Actualmente, en el pa\u00eds se producen 17.370 toneladas de la fibra.","breadcrumb":{"@id":"https:\/\/luchonoticias.com\/editor\/el-fique-la-gran-alternativa-al-plastico-en-colombia\/#breadcrumb"},"inLanguage":"es","potentialAction":[{"@type":"ReadAction","target":["https:\/\/luchonoticias.com\/editor\/el-fique-la-gran-alternativa-al-plastico-en-colombia\/"]}]},{"@type":"ImageObject","inLanguage":"es","@id":"https:\/\/luchonoticias.com\/editor\/el-fique-la-gran-alternativa-al-plastico-en-colombia\/#primaryimage","url":"https:\/\/luchonoticias.com\/editor\/wp-content\/uploads\/2024\/07\/fique.jpg","contentUrl":"https:\/\/luchonoticias.com\/editor\/wp-content\/uploads\/2024\/07\/fique.jpg","width":700,"height":400},{"@type":"BreadcrumbList","@id":"https:\/\/luchonoticias.com\/editor\/el-fique-la-gran-alternativa-al-plastico-en-colombia\/#breadcrumb","itemListElement":[{"@type":"ListItem","position":1,"name":"Portada","item":"https:\/\/luchonoticias.com\/editor\/"},{"@type":"ListItem","position":2,"name":"El fique, la gran alternativa al pl\u00e1stico en Colombia"}]},{"@type":"WebSite","@id":"https:\/\/luchonoticias.com\/editor\/#website","url":"https:\/\/luchonoticias.com\/editor\/","name":"","description":"","publisher":{"@id":"https:\/\/luchonoticias.com\/editor\/#\/schema\/person\/7a7fd911f58561fd056dbac7b55af9cd"},"potentialAction":[{"@type":"SearchAction","target":{"@type":"EntryPoint","urlTemplate":"https:\/\/luchonoticias.com\/editor\/?s={search_term_string}"},"query-input":{"@type":"PropertyValueSpecification","valueRequired":true,"valueName":"search_term_string"}}],"inLanguage":"es"},{"@type":["Person","Organization"],"@id":"https:\/\/luchonoticias.com\/editor\/#\/schema\/person\/7a7fd911f58561fd056dbac7b55af9cd","name":"admin","image":{"@type":"ImageObject","inLanguage":"es","@id":"https:\/\/luchonoticias.com\/editor\/#\/schema\/person\/image\/","url":"https:\/\/luchonoticias.com\/editor\/wp-content\/uploads\/2024\/02\/cropped-cropped-logolu.webp","contentUrl":"https:\/\/luchonoticias.com\/editor\/wp-content\/uploads\/2024\/02\/cropped-cropped-logolu.webp","width":382,"height":170,"caption":"admin"},"logo":{"@id":"https:\/\/luchonoticias.com\/editor\/#\/schema\/person\/image\/"},"sameAs":["https:\/\/www.facebook.com\/luchonoticiasneiva"]},{"@type":"Person","@id":"https:\/\/luchonoticias.com\/editor\/#\/schema\/person\/29217990ddf6f14e35912b2866d591fb","name":"Editor General","image":{"@type":"ImageObject","inLanguage":"es","@id":"https:\/\/luchonoticias.com\/editor\/#\/schema\/person\/image\/","url":"https:\/\/luchonoticias.com\/editor\/wp-content\/uploads\/2024\/02\/cropped-cropped-logolu-150x150.webp","contentUrl":"https:\/\/luchonoticias.com\/editor\/wp-content\/uploads\/2024\/02\/cropped-cropped-logolu-150x150.webp","caption":"Editor General"},"sameAs":["https:\/\/luchonoticias.com\/"],"url":"https:\/\/luchonoticias.com\/editor\/author\/editor-general\/"}]}},"_links":{"self":[{"href":"https:\/\/luchonoticias.com\/editor\/wp-json\/wp\/v2\/posts\/75086","targetHints":{"allow":["GET"]}}],"collection":[{"href":"https:\/\/luchonoticias.com\/editor\/wp-json\/wp\/v2\/posts"}],"about":[{"href":"https:\/\/luchonoticias.com\/editor\/wp-json\/wp\/v2\/types\/post"}],"author":[{"embeddable":true,"href":"https:\/\/luchonoticias.com\/editor\/wp-json\/wp\/v2\/users\/2"}],"replies":[{"embeddable":true,"href":"https:\/\/luchonoticias.com\/editor\/wp-json\/wp\/v2\/comments?post=75086"}],"version-history":[{"count":1,"href":"https:\/\/luchonoticias.com\/editor\/wp-json\/wp\/v2\/posts\/75086\/revisions"}],"predecessor-version":[{"id":75088,"href":"https:\/\/luchonoticias.com\/editor\/wp-json\/wp\/v2\/posts\/75086\/revisions\/75088"}],"wp:featuredmedia":[{"embeddable":true,"href":"https:\/\/luchonoticias.com\/editor\/wp-json\/wp\/v2\/media\/75087"}],"wp:attachment":[{"href":"https:\/\/luchonoticias.com\/editor\/wp-json\/wp\/v2\/media?parent=75086"}],"wp:term":[{"taxonomy":"category","embeddable":true,"href":"https:\/\/luchonoticias.com\/editor\/wp-json\/wp\/v2\/categories?post=75086"},{"taxonomy":"post_tag","embeddable":true,"href":"https:\/\/luchonoticias.com\/editor\/wp-json\/wp\/v2\/tags?post=75086"}],"curies":[{"name":"wp","href":"https:\/\/api.w.org\/{rel}","templated":true}]}}