{"id":75089,"date":"2024-07-18T19:04:22","date_gmt":"2024-07-19T00:04:22","guid":{"rendered":"https:\/\/luchonoticias.com\/?p=75089"},"modified":"2024-07-18T19:04:22","modified_gmt":"2024-07-19T00:04:22","slug":"novena-brigada-duro-contra-la-inseguridad-en-el-huila","status":"publish","type":"post","link":"https:\/\/luchonoticias.com\/editor\/novena-brigada-duro-contra-la-inseguridad-en-el-huila\/","title":{"rendered":"Novena Brigada, duro contra la inseguridad en el Huila"},"content":{"rendered":"<p>Con el prop\u00f3sito de garantizar el desarrollo, progreso y seguridad de los 37 municipios del Huila, el corregimiento de San Juan de Villalobos, del municipio de Santa Rosa Cauca, y las inspecciones de Balsillas y Guayabal, del municipio de San Vicente del Cagu\u00e1n, Caquet\u00e1, el Ej\u00e9rcito Nacional a trav\u00e9s de las tropas de la Novena Brigada han logrado durante el primer semestre del a\u00f1o contundentes resultados operacionales contra los grupos al margen de la ley.<\/p>\n<p>La decisi\u00f3n, el entrenamiento y planeamiento de las tropas han sido un factor primordial para la contundencia operacional que a la fecha ha logrado 14 sometimientos a la justicia, 5 muertos en desarrollo de operaciones militares, 18 sujetos capturados por narcotr\u00e1fico, 11 menores de edad recuperados de las filas de las estructuras il\u00edcitas y puestos a disposici\u00f3n de las instituciones competentes para el restablecimiento de sus derechos, 36 integrantes de los grupos armados organizados residuales capturados, 212 capturas por delincuencia com\u00fan, la incitaci\u00f3n de 54 armas de corto y largo alcance, m\u00e1s de 3900 municiones de diferentes calibres incautadas, 5081 artefactos explosivos neutralizados, donde m\u00e1s de 5000 de ellos fueron detonadores inel\u00e9ctricos, con lo que se neutralizan los planes criminales del grupo armado organizado residual.<\/p>\n<p>Es de mencionar que dentro de estos resultados obtenidos en el despliegue de las tropas en pro de la estabilidad en el departamento del Huila est\u00e1 la muerte en desarrollo de operaciones militares de alias Chuky, jefe de finanzas de la Comisi\u00f3n Dar\u00edo Guti\u00e9rrez, del Bloque Jorge Su\u00e1rez Brice\u00f1o, Estructura del Estado Mayor Central. Este sujeto ten\u00eda tres a\u00f1os dentro de la estructura ilegal y era el responsable de intimidar, amedrantar y efectuar acciones terroristas contra comerciantes para as\u00ed ejercer presi\u00f3n para el pago de extorsiones.<\/p>\n<p>As\u00ed mismo se logr\u00f3 la captura de alias Jhonny V\u00e1squez, jefe de finanzas y segundo cabecilla del Bloque Jorge Su\u00e1rez Brice\u00f1o, quien se hab\u00eda convertido en el terror de las extorsiones en Huila y Caquet\u00e1.<\/p>\n<p>Dentro de la contundencia operacional, la Novena Brigada ha golpeado de manera directa las l\u00edneas de financiamiento de los grupos al margen de ley, con lo que se ha logrado la incautaci\u00f3n de m\u00e1s de 5 toneladas de marihuana, 833 kilos de coca\u00edna y un dep\u00f3sito ilegal para el procesamiento de alcaloides, valorizados en $ 6.200.000.000, y neutralizando las finanzas y la ejecuci\u00f3n de acciones criminales de las estructuras ilegales en la regi\u00f3n.<\/p>\n<p>El Ej\u00e9rcito Nacional reafirma su compromiso de trabajar de la mano con la poblaci\u00f3n civil y las autoridades gubernamentales para combatir los delitos que afectan la seguridad y el progreso del departamento del Huila.<\/p>\n","protected":false},"excerpt":{"rendered":"<p>Durante el primer semestre del a\u00f1o, los soldados de la Novena Brigada han desplegado sus capacidades para combatir el accionar terrorista de las estructuras ilegales como tambi\u00e9n sus econom\u00edas il\u00edcitas.<\/p>\n","protected":false},"author":2,"featured_media":75090,"comment_status":"closed","ping_status":"open","sticky":false,"template":"","format":"standard","meta":{"footnotes":""},"categories":[29],"tags":[],"class_list":["post-75089","post","type-post","status-publish","format-standard","has-post-thumbnail","hentry","category-judicial"],"yoast_head":"<!-- This site is optimized with the Yoast SEO plugin v26.6 - https:\/\/yoast.com\/wordpress\/plugins\/seo\/ -->\n<title>Novena Brigada, duro contra la inseguridad en el Huila -<\/title>\n<meta name=\"description\" content=\"Durante el primer semestre del a\u00f1o, los soldados de la Novena Brigada han desplegado sus capacidades para combatir el accionar terrorista de las estructuras ilegales como tambi\u00e9n sus econom\u00edas il\u00edcitas.\" \/>\n<meta name=\"robots\" content=\"index, follow, max-snippet:-1, max-image-preview:large, max-video-preview:-1\" \/>\n<link rel=\"canonical\" href=\"https:\/\/luchonoticias.com\/editor\/novena-brigada-duro-contra-la-inseguridad-en-el-huila\/\" \/>\n<meta property=\"og:locale\" content=\"es_ES\" \/>\n<meta property=\"og:type\" content=\"article\" \/>\n<meta property=\"og:title\" content=\"Novena Brigada, duro contra la inseguridad en el Huila -\" \/>\n<meta property=\"og:description\" content=\"Durante el primer semestre del a\u00f1o, los soldados de la Novena Brigada han desplegado sus capacidades para combatir el accionar terrorista de las estructuras ilegales como tambi\u00e9n sus econom\u00edas il\u00edcitas.\" \/>\n<meta property=\"og:url\" content=\"https:\/\/luchonoticias.com\/editor\/novena-brigada-duro-contra-la-inseguridad-en-el-huila\/\" \/>\n<meta property=\"article:publisher\" content=\"https:\/\/www.facebook.com\/luchonoticiasneiva\" \/>\n<meta property=\"article:published_time\" content=\"2024-07-19T00:04:22+00:00\" \/>\n<meta property=\"og:image\" content=\"https:\/\/luchonoticias.com\/editor\/wp-content\/uploads\/2024\/07\/novena-brigada-seguridad.jpg\" \/>\n\t<meta property=\"og:image:width\" content=\"700\" \/>\n\t<meta property=\"og:image:height\" content=\"400\" \/>\n\t<meta property=\"og:image:type\" content=\"image\/jpeg\" \/>\n<meta name=\"author\" content=\"Editor General\" \/>\n<meta name=\"twitter:card\" content=\"summary_large_image\" \/>\n<meta name=\"twitter:label1\" content=\"Escrito por\" \/>\n\t<meta name=\"twitter:data1\" content=\"Editor General\" \/>\n\t<meta name=\"twitter:label2\" content=\"Tiempo de lectura\" \/>\n\t<meta name=\"twitter:data2\" content=\"3 minutos\" \/>\n<script type=\"application\/ld+json\" class=\"yoast-schema-graph\">{\"@context\":\"https:\/\/schema.org\",\"@graph\":[{\"@type\":\"Article\",\"@id\":\"https:\/\/luchonoticias.com\/editor\/novena-brigada-duro-contra-la-inseguridad-en-el-huila\/#article\",\"isPartOf\":{\"@id\":\"https:\/\/luchonoticias.com\/editor\/novena-brigada-duro-contra-la-inseguridad-en-el-huila\/\"},\"author\":{\"name\":\"Editor General\",\"@id\":\"https:\/\/luchonoticias.com\/editor\/#\/schema\/person\/29217990ddf6f14e35912b2866d591fb\"},\"headline\":\"Novena Brigada, duro contra la inseguridad en el Huila\",\"datePublished\":\"2024-07-19T00:04:22+00:00\",\"mainEntityOfPage\":{\"@id\":\"https:\/\/luchonoticias.com\/editor\/novena-brigada-duro-contra-la-inseguridad-en-el-huila\/\"},\"wordCount\":457,\"publisher\":{\"@id\":\"https:\/\/luchonoticias.com\/editor\/#\/schema\/person\/7a7fd911f58561fd056dbac7b55af9cd\"},\"image\":{\"@id\":\"https:\/\/luchonoticias.com\/editor\/novena-brigada-duro-contra-la-inseguridad-en-el-huila\/#primaryimage\"},\"thumbnailUrl\":\"https:\/\/luchonoticias.com\/editor\/wp-content\/uploads\/2024\/07\/novena-brigada-seguridad.jpg\",\"articleSection\":[\"Judicial\"],\"inLanguage\":\"es\"},{\"@type\":\"WebPage\",\"@id\":\"https:\/\/luchonoticias.com\/editor\/novena-brigada-duro-contra-la-inseguridad-en-el-huila\/\",\"url\":\"https:\/\/luchonoticias.com\/editor\/novena-brigada-duro-contra-la-inseguridad-en-el-huila\/\",\"name\":\"Novena Brigada, duro contra la inseguridad en el Huila -\",\"isPartOf\":{\"@id\":\"https:\/\/luchonoticias.com\/editor\/#website\"},\"primaryImageOfPage\":{\"@id\":\"https:\/\/luchonoticias.com\/editor\/novena-brigada-duro-contra-la-inseguridad-en-el-huila\/#primaryimage\"},\"image\":{\"@id\":\"https:\/\/luchonoticias.com\/editor\/novena-brigada-duro-contra-la-inseguridad-en-el-huila\/#primaryimage\"},\"thumbnailUrl\":\"https:\/\/luchonoticias.com\/editor\/wp-content\/uploads\/2024\/07\/novena-brigada-seguridad.jpg\",\"datePublished\":\"2024-07-19T00:04:22+00:00\",\"description\":\"Durante el primer semestre del a\u00f1o, los soldados de la Novena Brigada han desplegado sus capacidades para combatir el accionar terrorista de las estructuras ilegales como tambi\u00e9n sus econom\u00edas il\u00edcitas.\",\"breadcrumb\":{\"@id\":\"https:\/\/luchonoticias.com\/editor\/novena-brigada-duro-contra-la-inseguridad-en-el-huila\/#breadcrumb\"},\"inLanguage\":\"es\",\"potentialAction\":[{\"@type\":\"ReadAction\",\"target\":[\"https:\/\/luchonoticias.com\/editor\/novena-brigada-duro-contra-la-inseguridad-en-el-huila\/\"]}]},{\"@type\":\"ImageObject\",\"inLanguage\":\"es\",\"@id\":\"https:\/\/luchonoticias.com\/editor\/novena-brigada-duro-contra-la-inseguridad-en-el-huila\/#primaryimage\",\"url\":\"https:\/\/luchonoticias.com\/editor\/wp-content\/uploads\/2024\/07\/novena-brigada-seguridad.jpg\",\"contentUrl\":\"https:\/\/luchonoticias.com\/editor\/wp-content\/uploads\/2024\/07\/novena-brigada-seguridad.jpg\",\"width\":700,\"height\":400},{\"@type\":\"BreadcrumbList\",\"@id\":\"https:\/\/luchonoticias.com\/editor\/novena-brigada-duro-contra-la-inseguridad-en-el-huila\/#breadcrumb\",\"itemListElement\":[{\"@type\":\"ListItem\",\"position\":1,\"name\":\"Portada\",\"item\":\"https:\/\/luchonoticias.com\/editor\/\"},{\"@type\":\"ListItem\",\"position\":2,\"name\":\"Novena Brigada, duro contra la inseguridad en el Huila\"}]},{\"@type\":\"WebSite\",\"@id\":\"https:\/\/luchonoticias.com\/editor\/#website\",\"url\":\"https:\/\/luchonoticias.com\/editor\/\",\"name\":\"\",\"description\":\"\",\"publisher\":{\"@id\":\"https:\/\/luchonoticias.com\/editor\/#\/schema\/person\/7a7fd911f58561fd056dbac7b55af9cd\"},\"potentialAction\":[{\"@type\":\"SearchAction\",\"target\":{\"@type\":\"EntryPoint\",\"urlTemplate\":\"https:\/\/luchonoticias.com\/editor\/?s={search_term_string}\"},\"query-input\":{\"@type\":\"PropertyValueSpecification\",\"valueRequired\":true,\"valueName\":\"search_term_string\"}}],\"inLanguage\":\"es\"},{\"@type\":[\"Person\",\"Organization\"],\"@id\":\"https:\/\/luchonoticias.com\/editor\/#\/schema\/person\/7a7fd911f58561fd056dbac7b55af9cd\",\"name\":\"admin\",\"image\":{\"@type\":\"ImageObject\",\"inLanguage\":\"es\",\"@id\":\"https:\/\/luchonoticias.com\/editor\/#\/schema\/person\/image\/\",\"url\":\"https:\/\/luchonoticias.com\/editor\/wp-content\/uploads\/2024\/02\/cropped-cropped-logolu.webp\",\"contentUrl\":\"https:\/\/luchonoticias.com\/editor\/wp-content\/uploads\/2024\/02\/cropped-cropped-logolu.webp\",\"width\":382,\"height\":170,\"caption\":\"admin\"},\"logo\":{\"@id\":\"https:\/\/luchonoticias.com\/editor\/#\/schema\/person\/image\/\"},\"sameAs\":[\"https:\/\/www.facebook.com\/luchonoticiasneiva\"]},{\"@type\":\"Person\",\"@id\":\"https:\/\/luchonoticias.com\/editor\/#\/schema\/person\/29217990ddf6f14e35912b2866d591fb\",\"name\":\"Editor General\",\"image\":{\"@type\":\"ImageObject\",\"inLanguage\":\"es\",\"@id\":\"https:\/\/luchonoticias.com\/editor\/#\/schema\/person\/image\/\",\"url\":\"https:\/\/luchonoticias.com\/editor\/wp-content\/uploads\/2024\/02\/cropped-cropped-logolu-150x150.webp\",\"contentUrl\":\"https:\/\/luchonoticias.com\/editor\/wp-content\/uploads\/2024\/02\/cropped-cropped-logolu-150x150.webp\",\"caption\":\"Editor General\"},\"sameAs\":[\"https:\/\/luchonoticias.com\/\"],\"url\":\"https:\/\/luchonoticias.com\/editor\/author\/editor-general\/\"}]}<\/script>\n<!-- \/ Yoast SEO plugin. -->","yoast_head_json":{"title":"Novena Brigada, duro contra la inseguridad en el Huila -","description":"Durante el primer semestre del a\u00f1o, los soldados de la Novena Brigada han desplegado sus capacidades para combatir el accionar terrorista de las estructuras ilegales como tambi\u00e9n sus econom\u00edas il\u00edcitas.","robots":{"index":"index","follow":"follow","max-snippet":"max-snippet:-1","max-image-preview":"max-image-preview:large","max-video-preview":"max-video-preview:-1"},"canonical":"https:\/\/luchonoticias.com\/editor\/novena-brigada-duro-contra-la-inseguridad-en-el-huila\/","og_locale":"es_ES","og_type":"article","og_title":"Novena Brigada, duro contra la inseguridad en el Huila -","og_description":"Durante el primer semestre del a\u00f1o, los soldados de la Novena Brigada han desplegado sus capacidades para combatir el accionar terrorista de las estructuras ilegales como tambi\u00e9n sus econom\u00edas il\u00edcitas.","og_url":"https:\/\/luchonoticias.com\/editor\/novena-brigada-duro-contra-la-inseguridad-en-el-huila\/","article_publisher":"https:\/\/www.facebook.com\/luchonoticiasneiva","article_published_time":"2024-07-19T00:04:22+00:00","og_image":[{"width":700,"height":400,"url":"https:\/\/luchonoticias.com\/editor\/wp-content\/uploads\/2024\/07\/novena-brigada-seguridad.jpg","type":"image\/jpeg"}],"author":"Editor General","twitter_card":"summary_large_image","twitter_misc":{"Escrito por":"Editor General","Tiempo de lectura":"3 minutos"},"schema":{"@context":"https:\/\/schema.org","@graph":[{"@type":"Article","@id":"https:\/\/luchonoticias.com\/editor\/novena-brigada-duro-contra-la-inseguridad-en-el-huila\/#article","isPartOf":{"@id":"https:\/\/luchonoticias.com\/editor\/novena-brigada-duro-contra-la-inseguridad-en-el-huila\/"},"author":{"name":"Editor General","@id":"https:\/\/luchonoticias.com\/editor\/#\/schema\/person\/29217990ddf6f14e35912b2866d591fb"},"headline":"Novena Brigada, duro contra la inseguridad en el Huila","datePublished":"2024-07-19T00:04:22+00:00","mainEntityOfPage":{"@id":"https:\/\/luchonoticias.com\/editor\/novena-brigada-duro-contra-la-inseguridad-en-el-huila\/"},"wordCount":457,"publisher":{"@id":"https:\/\/luchonoticias.com\/editor\/#\/schema\/person\/7a7fd911f58561fd056dbac7b55af9cd"},"image":{"@id":"https:\/\/luchonoticias.com\/editor\/novena-brigada-duro-contra-la-inseguridad-en-el-huila\/#primaryimage"},"thumbnailUrl":"https:\/\/luchonoticias.com\/editor\/wp-content\/uploads\/2024\/07\/novena-brigada-seguridad.jpg","articleSection":["Judicial"],"inLanguage":"es"},{"@type":"WebPage","@id":"https:\/\/luchonoticias.com\/editor\/novena-brigada-duro-contra-la-inseguridad-en-el-huila\/","url":"https:\/\/luchonoticias.com\/editor\/novena-brigada-duro-contra-la-inseguridad-en-el-huila\/","name":"Novena Brigada, duro contra la inseguridad en el Huila -","isPartOf":{"@id":"https:\/\/luchonoticias.com\/editor\/#website"},"primaryImageOfPage":{"@id":"https:\/\/luchonoticias.com\/editor\/novena-brigada-duro-contra-la-inseguridad-en-el-huila\/#primaryimage"},"image":{"@id":"https:\/\/luchonoticias.com\/editor\/novena-brigada-duro-contra-la-inseguridad-en-el-huila\/#primaryimage"},"thumbnailUrl":"https:\/\/luchonoticias.com\/editor\/wp-content\/uploads\/2024\/07\/novena-brigada-seguridad.jpg","datePublished":"2024-07-19T00:04:22+00:00","description":"Durante el primer semestre del a\u00f1o, los soldados de la Novena Brigada han desplegado sus capacidades para combatir el accionar terrorista de las estructuras ilegales como tambi\u00e9n sus econom\u00edas il\u00edcitas.","breadcrumb":{"@id":"https:\/\/luchonoticias.com\/editor\/novena-brigada-duro-contra-la-inseguridad-en-el-huila\/#breadcrumb"},"inLanguage":"es","potentialAction":[{"@type":"ReadAction","target":["https:\/\/luchonoticias.com\/editor\/novena-brigada-duro-contra-la-inseguridad-en-el-huila\/"]}]},{"@type":"ImageObject","inLanguage":"es","@id":"https:\/\/luchonoticias.com\/editor\/novena-brigada-duro-contra-la-inseguridad-en-el-huila\/#primaryimage","url":"https:\/\/luchonoticias.com\/editor\/wp-content\/uploads\/2024\/07\/novena-brigada-seguridad.jpg","contentUrl":"https:\/\/luchonoticias.com\/editor\/wp-content\/uploads\/2024\/07\/novena-brigada-seguridad.jpg","width":700,"height":400},{"@type":"BreadcrumbList","@id":"https:\/\/luchonoticias.com\/editor\/novena-brigada-duro-contra-la-inseguridad-en-el-huila\/#breadcrumb","itemListElement":[{"@type":"ListItem","position":1,"name":"Portada","item":"https:\/\/luchonoticias.com\/editor\/"},{"@type":"ListItem","position":2,"name":"Novena Brigada, duro contra la inseguridad en el Huila"}]},{"@type":"WebSite","@id":"https:\/\/luchonoticias.com\/editor\/#website","url":"https:\/\/luchonoticias.com\/editor\/","name":"","description":"","publisher":{"@id":"https:\/\/luchonoticias.com\/editor\/#\/schema\/person\/7a7fd911f58561fd056dbac7b55af9cd"},"potentialAction":[{"@type":"SearchAction","target":{"@type":"EntryPoint","urlTemplate":"https:\/\/luchonoticias.com\/editor\/?s={search_term_string}"},"query-input":{"@type":"PropertyValueSpecification","valueRequired":true,"valueName":"search_term_string"}}],"inLanguage":"es"},{"@type":["Person","Organization"],"@id":"https:\/\/luchonoticias.com\/editor\/#\/schema\/person\/7a7fd911f58561fd056dbac7b55af9cd","name":"admin","image":{"@type":"ImageObject","inLanguage":"es","@id":"https:\/\/luchonoticias.com\/editor\/#\/schema\/person\/image\/","url":"https:\/\/luchonoticias.com\/editor\/wp-content\/uploads\/2024\/02\/cropped-cropped-logolu.webp","contentUrl":"https:\/\/luchonoticias.com\/editor\/wp-content\/uploads\/2024\/02\/cropped-cropped-logolu.webp","width":382,"height":170,"caption":"admin"},"logo":{"@id":"https:\/\/luchonoticias.com\/editor\/#\/schema\/person\/image\/"},"sameAs":["https:\/\/www.facebook.com\/luchonoticiasneiva"]},{"@type":"Person","@id":"https:\/\/luchonoticias.com\/editor\/#\/schema\/person\/29217990ddf6f14e35912b2866d591fb","name":"Editor General","image":{"@type":"ImageObject","inLanguage":"es","@id":"https:\/\/luchonoticias.com\/editor\/#\/schema\/person\/image\/","url":"https:\/\/luchonoticias.com\/editor\/wp-content\/uploads\/2024\/02\/cropped-cropped-logolu-150x150.webp","contentUrl":"https:\/\/luchonoticias.com\/editor\/wp-content\/uploads\/2024\/02\/cropped-cropped-logolu-150x150.webp","caption":"Editor General"},"sameAs":["https:\/\/luchonoticias.com\/"],"url":"https:\/\/luchonoticias.com\/editor\/author\/editor-general\/"}]}},"_links":{"self":[{"href":"https:\/\/luchonoticias.com\/editor\/wp-json\/wp\/v2\/posts\/75089","targetHints":{"allow":["GET"]}}],"collection":[{"href":"https:\/\/luchonoticias.com\/editor\/wp-json\/wp\/v2\/posts"}],"about":[{"href":"https:\/\/luchonoticias.com\/editor\/wp-json\/wp\/v2\/types\/post"}],"author":[{"embeddable":true,"href":"https:\/\/luchonoticias.com\/editor\/wp-json\/wp\/v2\/users\/2"}],"replies":[{"embeddable":true,"href":"https:\/\/luchonoticias.com\/editor\/wp-json\/wp\/v2\/comments?post=75089"}],"version-history":[{"count":1,"href":"https:\/\/luchonoticias.com\/editor\/wp-json\/wp\/v2\/posts\/75089\/revisions"}],"predecessor-version":[{"id":75091,"href":"https:\/\/luchonoticias.com\/editor\/wp-json\/wp\/v2\/posts\/75089\/revisions\/75091"}],"wp:featuredmedia":[{"embeddable":true,"href":"https:\/\/luchonoticias.com\/editor\/wp-json\/wp\/v2\/media\/75090"}],"wp:attachment":[{"href":"https:\/\/luchonoticias.com\/editor\/wp-json\/wp\/v2\/media?parent=75089"}],"wp:term":[{"taxonomy":"category","embeddable":true,"href":"https:\/\/luchonoticias.com\/editor\/wp-json\/wp\/v2\/categories?post=75089"},{"taxonomy":"post_tag","embeddable":true,"href":"https:\/\/luchonoticias.com\/editor\/wp-json\/wp\/v2\/tags?post=75089"}],"curies":[{"name":"wp","href":"https:\/\/api.w.org\/{rel}","templated":true}]}}