{"id":75092,"date":"2024-07-18T19:13:38","date_gmt":"2024-07-19T00:13:38","guid":{"rendered":"https:\/\/luchonoticias.com\/?p=75092"},"modified":"2024-07-18T19:13:38","modified_gmt":"2024-07-19T00:13:38","slug":"duro-contra-el-trafico-ilegal-de-fauna-y-flora-en-el-huila","status":"publish","type":"post","link":"https:\/\/luchonoticias.com\/editor\/duro-contra-el-trafico-ilegal-de-fauna-y-flora-en-el-huila\/","title":{"rendered":"Duro contra el tr\u00e1fico ilegal de fauna y flora en el Huila"},"content":{"rendered":"<p>Los integrantes del Comit\u00e9 Interinstitucional para el Control y Vigilancia del Tr\u00e1fico Ilegal de Flora y Fauna Silvestre conocieron y aprobaron el Plan Operativo de este Comit\u00e9 Departamental, con el que se busca implementar actividades para disminuir los \u00edndices de tr\u00e1fico ilegal de fauna silvestre y la comercializaci\u00f3n de especies arb\u00f3reas en el Huila.<\/p>\n<p>Actualmente especies silvestres como el Loro frente amarillo, Perico real, Perico frentirojo, Serpiente cascabel y especies arb\u00f3reas como la Guadua, el Igu\u00e1 y el Caracol\u00ed, siguen siendo altamente traficadas. Sumado a la tala de roble para ampliar la frontera agr\u00edcola.<\/p>\n<p>\u201cPresentamos a los firmantes del Comit\u00e9 el Plan de Acci\u00f3n para desarrollar acciones para la vigencia 2024 que cuenta con tres l\u00edneas estrat\u00e9gicas, denominadas Educaci\u00f3n y Gesti\u00f3n Ambiental, Control y Vigilancia y Comunicaciones con sus respectivas actividades, indicadores y unos responsables que buscan contrarrestar este flagelo contra el medioambiente en los 37 municipios del departamento\u201d, dio a conocer Osiris Peralta, profesional forestal de la CAM.<\/p>\n<p>En esta ocasi\u00f3n, participaron de la socializaci\u00f3n entidades como la CAM, la Gobernaci\u00f3n del Huila, la Novena Brigada del Ej\u00e9rcito, la Polic\u00eda Huila, la Polic\u00eda Metropolitana, la Fuerza A\u00e9rea, la Fiscal\u00eda y la Procuradur\u00eda Ambiental y Agraria.<\/p>\n<p><strong>L\u00edneas estrat\u00e9gicas<\/strong><\/p>\n<p>Las actividades enmarcadas dentro de las l\u00edneas estrat\u00e9gicas contemplan la capacitaci\u00f3n a la fuerza p\u00fablica y la sensibilizaci\u00f3n ambiental a la comunidad que se encuentra en las v\u00edas, los terminales de transporte, centrales de abasto y hasta en sus propios hogares.<\/p>\n<p>Adem\u00e1s, el control se ejercer\u00e1 con operativos a establecimientos de transformaci\u00f3n y comercializaci\u00f3n de productos maderables y no maderables, al comercio ilegal de fauna y flora silvestre, a actividades de deforestaci\u00f3n y aprovechamiento ilegal de productos maderables y no maderables, as\u00ed como las afectaciones por miner\u00eda ilegal y adelanto de investigaciones judiciales.<\/p>\n<p><strong>Sanciones<\/strong><\/p>\n<p>Al respecto de las sanciones, la entidad ambiental asegur\u00f3 que en la ley 1333 de 2009 por la cual se establece el procedimiento sancionatorio ambiental, quienes sean sorprendidos ocasionando acciones en contra de los recursos naturales se har\u00e1n acreedores a multas de hasta 5.000 salarios m\u00ednimos mensuales legales vigentes, el cierre temporal o definitivo del establecimiento, la revocatoria de la licencia, concesi\u00f3n o permiso ambiental, el decomiso de la especie y la restituci\u00f3n de la misma.<\/p>\n<p>Es por eso que la autoridad ambiental hizo una invitaci\u00f3n a la comunidad a abstenerse de promover el tr\u00e1fico ilegal de fauna y flora. \u201cLa cacer\u00eda, captura, comercializaci\u00f3n y tenencia de especies silvestres nativas es un delito ambiental penalizado por la ley colombiana y puede acarrear una multa de hasta los cinco mil salarios m\u00ednimos mensuales y condenas entre 2 y 8 a\u00f1os de c\u00e1rcel\u201d, termin\u00f3 diciendo.<\/p>\n","protected":false},"excerpt":{"rendered":"<p>El plan fue aprobado por entidades como la CAM, la Gobernaci\u00f3n del Huila, la Novena Brigada del Ej\u00e9rcito, la Polic\u00eda Huila, la Polic\u00eda Metropolitana, la Fuerza A\u00e9rea, la Fiscal\u00eda y  la Procuradur\u00eda Ambiental y Agraria.<\/p>\n","protected":false},"author":2,"featured_media":75093,"comment_status":"closed","ping_status":"open","sticky":false,"template":"","format":"standard","meta":{"footnotes":""},"categories":[33],"tags":[],"class_list":["post-75092","post","type-post","status-publish","format-standard","has-post-thumbnail","hentry","category-huila"],"yoast_head":"<!-- This site is optimized with the Yoast SEO plugin v26.6 - https:\/\/yoast.com\/wordpress\/plugins\/seo\/ -->\n<title>Duro contra el tr\u00e1fico ilegal de fauna y flora en el Huila -<\/title>\n<meta name=\"description\" content=\"El plan fue aprobado por entidades como la CAM, la Gobernaci\u00f3n del Huila, la Novena Brigada del Ej\u00e9rcito, la Polic\u00eda Huila, la Polic\u00eda Metropolitana, la Fuerza A\u00e9rea, la Fiscal\u00eda y la Procuradur\u00eda Ambiental y Agraria.\" \/>\n<meta name=\"robots\" content=\"index, follow, max-snippet:-1, max-image-preview:large, max-video-preview:-1\" \/>\n<link rel=\"canonical\" href=\"https:\/\/luchonoticias.com\/editor\/duro-contra-el-trafico-ilegal-de-fauna-y-flora-en-el-huila\/\" \/>\n<meta property=\"og:locale\" content=\"es_ES\" \/>\n<meta property=\"og:type\" content=\"article\" \/>\n<meta property=\"og:title\" content=\"Duro contra el tr\u00e1fico ilegal de fauna y flora en el Huila -\" \/>\n<meta property=\"og:description\" content=\"El plan fue aprobado por entidades como la CAM, la Gobernaci\u00f3n del Huila, la Novena Brigada del Ej\u00e9rcito, la Polic\u00eda Huila, la Polic\u00eda Metropolitana, la Fuerza A\u00e9rea, la Fiscal\u00eda y la Procuradur\u00eda Ambiental y Agraria.\" \/>\n<meta property=\"og:url\" content=\"https:\/\/luchonoticias.com\/editor\/duro-contra-el-trafico-ilegal-de-fauna-y-flora-en-el-huila\/\" \/>\n<meta property=\"article:publisher\" content=\"https:\/\/www.facebook.com\/luchonoticiasneiva\" \/>\n<meta property=\"article:published_time\" content=\"2024-07-19T00:13:38+00:00\" \/>\n<meta property=\"og:image\" content=\"https:\/\/luchonoticias.com\/editor\/wp-content\/uploads\/2024\/07\/fauna-y-flora.jpg\" \/>\n\t<meta property=\"og:image:width\" content=\"700\" \/>\n\t<meta property=\"og:image:height\" content=\"400\" \/>\n\t<meta property=\"og:image:type\" content=\"image\/jpeg\" \/>\n<meta name=\"author\" content=\"Editor General\" \/>\n<meta name=\"twitter:card\" content=\"summary_large_image\" \/>\n<meta name=\"twitter:label1\" content=\"Escrito por\" \/>\n\t<meta name=\"twitter:data1\" content=\"Editor General\" \/>\n\t<meta name=\"twitter:label2\" content=\"Tiempo de lectura\" \/>\n\t<meta name=\"twitter:data2\" content=\"3 minutos\" \/>\n<script type=\"application\/ld+json\" class=\"yoast-schema-graph\">{\"@context\":\"https:\/\/schema.org\",\"@graph\":[{\"@type\":\"Article\",\"@id\":\"https:\/\/luchonoticias.com\/editor\/duro-contra-el-trafico-ilegal-de-fauna-y-flora-en-el-huila\/#article\",\"isPartOf\":{\"@id\":\"https:\/\/luchonoticias.com\/editor\/duro-contra-el-trafico-ilegal-de-fauna-y-flora-en-el-huila\/\"},\"author\":{\"name\":\"Editor General\",\"@id\":\"https:\/\/luchonoticias.com\/editor\/#\/schema\/person\/29217990ddf6f14e35912b2866d591fb\"},\"headline\":\"Duro contra el tr\u00e1fico ilegal de fauna y flora en el Huila\",\"datePublished\":\"2024-07-19T00:13:38+00:00\",\"mainEntityOfPage\":{\"@id\":\"https:\/\/luchonoticias.com\/editor\/duro-contra-el-trafico-ilegal-de-fauna-y-flora-en-el-huila\/\"},\"wordCount\":485,\"publisher\":{\"@id\":\"https:\/\/luchonoticias.com\/editor\/#\/schema\/person\/7a7fd911f58561fd056dbac7b55af9cd\"},\"image\":{\"@id\":\"https:\/\/luchonoticias.com\/editor\/duro-contra-el-trafico-ilegal-de-fauna-y-flora-en-el-huila\/#primaryimage\"},\"thumbnailUrl\":\"https:\/\/luchonoticias.com\/editor\/wp-content\/uploads\/2024\/07\/fauna-y-flora.jpg\",\"articleSection\":[\"Huila\"],\"inLanguage\":\"es\"},{\"@type\":\"WebPage\",\"@id\":\"https:\/\/luchonoticias.com\/editor\/duro-contra-el-trafico-ilegal-de-fauna-y-flora-en-el-huila\/\",\"url\":\"https:\/\/luchonoticias.com\/editor\/duro-contra-el-trafico-ilegal-de-fauna-y-flora-en-el-huila\/\",\"name\":\"Duro contra el tr\u00e1fico ilegal de fauna y flora en el Huila -\",\"isPartOf\":{\"@id\":\"https:\/\/luchonoticias.com\/editor\/#website\"},\"primaryImageOfPage\":{\"@id\":\"https:\/\/luchonoticias.com\/editor\/duro-contra-el-trafico-ilegal-de-fauna-y-flora-en-el-huila\/#primaryimage\"},\"image\":{\"@id\":\"https:\/\/luchonoticias.com\/editor\/duro-contra-el-trafico-ilegal-de-fauna-y-flora-en-el-huila\/#primaryimage\"},\"thumbnailUrl\":\"https:\/\/luchonoticias.com\/editor\/wp-content\/uploads\/2024\/07\/fauna-y-flora.jpg\",\"datePublished\":\"2024-07-19T00:13:38+00:00\",\"description\":\"El plan fue aprobado por entidades como la CAM, la Gobernaci\u00f3n del Huila, la Novena Brigada del Ej\u00e9rcito, la Polic\u00eda Huila, la Polic\u00eda Metropolitana, la Fuerza A\u00e9rea, la Fiscal\u00eda y la Procuradur\u00eda Ambiental y Agraria.\",\"breadcrumb\":{\"@id\":\"https:\/\/luchonoticias.com\/editor\/duro-contra-el-trafico-ilegal-de-fauna-y-flora-en-el-huila\/#breadcrumb\"},\"inLanguage\":\"es\",\"potentialAction\":[{\"@type\":\"ReadAction\",\"target\":[\"https:\/\/luchonoticias.com\/editor\/duro-contra-el-trafico-ilegal-de-fauna-y-flora-en-el-huila\/\"]}]},{\"@type\":\"ImageObject\",\"inLanguage\":\"es\",\"@id\":\"https:\/\/luchonoticias.com\/editor\/duro-contra-el-trafico-ilegal-de-fauna-y-flora-en-el-huila\/#primaryimage\",\"url\":\"https:\/\/luchonoticias.com\/editor\/wp-content\/uploads\/2024\/07\/fauna-y-flora.jpg\",\"contentUrl\":\"https:\/\/luchonoticias.com\/editor\/wp-content\/uploads\/2024\/07\/fauna-y-flora.jpg\",\"width\":700,\"height\":400},{\"@type\":\"BreadcrumbList\",\"@id\":\"https:\/\/luchonoticias.com\/editor\/duro-contra-el-trafico-ilegal-de-fauna-y-flora-en-el-huila\/#breadcrumb\",\"itemListElement\":[{\"@type\":\"ListItem\",\"position\":1,\"name\":\"Portada\",\"item\":\"https:\/\/luchonoticias.com\/editor\/\"},{\"@type\":\"ListItem\",\"position\":2,\"name\":\"Duro contra el tr\u00e1fico ilegal de fauna y flora en el Huila\"}]},{\"@type\":\"WebSite\",\"@id\":\"https:\/\/luchonoticias.com\/editor\/#website\",\"url\":\"https:\/\/luchonoticias.com\/editor\/\",\"name\":\"\",\"description\":\"\",\"publisher\":{\"@id\":\"https:\/\/luchonoticias.com\/editor\/#\/schema\/person\/7a7fd911f58561fd056dbac7b55af9cd\"},\"potentialAction\":[{\"@type\":\"SearchAction\",\"target\":{\"@type\":\"EntryPoint\",\"urlTemplate\":\"https:\/\/luchonoticias.com\/editor\/?s={search_term_string}\"},\"query-input\":{\"@type\":\"PropertyValueSpecification\",\"valueRequired\":true,\"valueName\":\"search_term_string\"}}],\"inLanguage\":\"es\"},{\"@type\":[\"Person\",\"Organization\"],\"@id\":\"https:\/\/luchonoticias.com\/editor\/#\/schema\/person\/7a7fd911f58561fd056dbac7b55af9cd\",\"name\":\"admin\",\"image\":{\"@type\":\"ImageObject\",\"inLanguage\":\"es\",\"@id\":\"https:\/\/luchonoticias.com\/editor\/#\/schema\/person\/image\/\",\"url\":\"https:\/\/luchonoticias.com\/editor\/wp-content\/uploads\/2024\/02\/cropped-cropped-logolu.webp\",\"contentUrl\":\"https:\/\/luchonoticias.com\/editor\/wp-content\/uploads\/2024\/02\/cropped-cropped-logolu.webp\",\"width\":382,\"height\":170,\"caption\":\"admin\"},\"logo\":{\"@id\":\"https:\/\/luchonoticias.com\/editor\/#\/schema\/person\/image\/\"},\"sameAs\":[\"https:\/\/www.facebook.com\/luchonoticiasneiva\"]},{\"@type\":\"Person\",\"@id\":\"https:\/\/luchonoticias.com\/editor\/#\/schema\/person\/29217990ddf6f14e35912b2866d591fb\",\"name\":\"Editor General\",\"image\":{\"@type\":\"ImageObject\",\"inLanguage\":\"es\",\"@id\":\"https:\/\/luchonoticias.com\/editor\/#\/schema\/person\/image\/\",\"url\":\"https:\/\/luchonoticias.com\/editor\/wp-content\/uploads\/2024\/02\/cropped-cropped-logolu-150x150.webp\",\"contentUrl\":\"https:\/\/luchonoticias.com\/editor\/wp-content\/uploads\/2024\/02\/cropped-cropped-logolu-150x150.webp\",\"caption\":\"Editor General\"},\"sameAs\":[\"https:\/\/luchonoticias.com\/\"],\"url\":\"https:\/\/luchonoticias.com\/editor\/author\/editor-general\/\"}]}<\/script>\n<!-- \/ Yoast SEO plugin. -->","yoast_head_json":{"title":"Duro contra el tr\u00e1fico ilegal de fauna y flora en el Huila -","description":"El plan fue aprobado por entidades como la CAM, la Gobernaci\u00f3n del Huila, la Novena Brigada del Ej\u00e9rcito, la Polic\u00eda Huila, la Polic\u00eda Metropolitana, la Fuerza A\u00e9rea, la Fiscal\u00eda y la Procuradur\u00eda Ambiental y Agraria.","robots":{"index":"index","follow":"follow","max-snippet":"max-snippet:-1","max-image-preview":"max-image-preview:large","max-video-preview":"max-video-preview:-1"},"canonical":"https:\/\/luchonoticias.com\/editor\/duro-contra-el-trafico-ilegal-de-fauna-y-flora-en-el-huila\/","og_locale":"es_ES","og_type":"article","og_title":"Duro contra el tr\u00e1fico ilegal de fauna y flora en el Huila -","og_description":"El plan fue aprobado por entidades como la CAM, la Gobernaci\u00f3n del Huila, la Novena Brigada del Ej\u00e9rcito, la Polic\u00eda Huila, la Polic\u00eda Metropolitana, la Fuerza A\u00e9rea, la Fiscal\u00eda y la Procuradur\u00eda Ambiental y Agraria.","og_url":"https:\/\/luchonoticias.com\/editor\/duro-contra-el-trafico-ilegal-de-fauna-y-flora-en-el-huila\/","article_publisher":"https:\/\/www.facebook.com\/luchonoticiasneiva","article_published_time":"2024-07-19T00:13:38+00:00","og_image":[{"width":700,"height":400,"url":"https:\/\/luchonoticias.com\/editor\/wp-content\/uploads\/2024\/07\/fauna-y-flora.jpg","type":"image\/jpeg"}],"author":"Editor General","twitter_card":"summary_large_image","twitter_misc":{"Escrito por":"Editor General","Tiempo de lectura":"3 minutos"},"schema":{"@context":"https:\/\/schema.org","@graph":[{"@type":"Article","@id":"https:\/\/luchonoticias.com\/editor\/duro-contra-el-trafico-ilegal-de-fauna-y-flora-en-el-huila\/#article","isPartOf":{"@id":"https:\/\/luchonoticias.com\/editor\/duro-contra-el-trafico-ilegal-de-fauna-y-flora-en-el-huila\/"},"author":{"name":"Editor General","@id":"https:\/\/luchonoticias.com\/editor\/#\/schema\/person\/29217990ddf6f14e35912b2866d591fb"},"headline":"Duro contra el tr\u00e1fico ilegal de fauna y flora en el Huila","datePublished":"2024-07-19T00:13:38+00:00","mainEntityOfPage":{"@id":"https:\/\/luchonoticias.com\/editor\/duro-contra-el-trafico-ilegal-de-fauna-y-flora-en-el-huila\/"},"wordCount":485,"publisher":{"@id":"https:\/\/luchonoticias.com\/editor\/#\/schema\/person\/7a7fd911f58561fd056dbac7b55af9cd"},"image":{"@id":"https:\/\/luchonoticias.com\/editor\/duro-contra-el-trafico-ilegal-de-fauna-y-flora-en-el-huila\/#primaryimage"},"thumbnailUrl":"https:\/\/luchonoticias.com\/editor\/wp-content\/uploads\/2024\/07\/fauna-y-flora.jpg","articleSection":["Huila"],"inLanguage":"es"},{"@type":"WebPage","@id":"https:\/\/luchonoticias.com\/editor\/duro-contra-el-trafico-ilegal-de-fauna-y-flora-en-el-huila\/","url":"https:\/\/luchonoticias.com\/editor\/duro-contra-el-trafico-ilegal-de-fauna-y-flora-en-el-huila\/","name":"Duro contra el tr\u00e1fico ilegal de fauna y flora en el Huila -","isPartOf":{"@id":"https:\/\/luchonoticias.com\/editor\/#website"},"primaryImageOfPage":{"@id":"https:\/\/luchonoticias.com\/editor\/duro-contra-el-trafico-ilegal-de-fauna-y-flora-en-el-huila\/#primaryimage"},"image":{"@id":"https:\/\/luchonoticias.com\/editor\/duro-contra-el-trafico-ilegal-de-fauna-y-flora-en-el-huila\/#primaryimage"},"thumbnailUrl":"https:\/\/luchonoticias.com\/editor\/wp-content\/uploads\/2024\/07\/fauna-y-flora.jpg","datePublished":"2024-07-19T00:13:38+00:00","description":"El plan fue aprobado por entidades como la CAM, la Gobernaci\u00f3n del Huila, la Novena Brigada del Ej\u00e9rcito, la Polic\u00eda Huila, la Polic\u00eda Metropolitana, la Fuerza A\u00e9rea, la Fiscal\u00eda y la Procuradur\u00eda Ambiental y Agraria.","breadcrumb":{"@id":"https:\/\/luchonoticias.com\/editor\/duro-contra-el-trafico-ilegal-de-fauna-y-flora-en-el-huila\/#breadcrumb"},"inLanguage":"es","potentialAction":[{"@type":"ReadAction","target":["https:\/\/luchonoticias.com\/editor\/duro-contra-el-trafico-ilegal-de-fauna-y-flora-en-el-huila\/"]}]},{"@type":"ImageObject","inLanguage":"es","@id":"https:\/\/luchonoticias.com\/editor\/duro-contra-el-trafico-ilegal-de-fauna-y-flora-en-el-huila\/#primaryimage","url":"https:\/\/luchonoticias.com\/editor\/wp-content\/uploads\/2024\/07\/fauna-y-flora.jpg","contentUrl":"https:\/\/luchonoticias.com\/editor\/wp-content\/uploads\/2024\/07\/fauna-y-flora.jpg","width":700,"height":400},{"@type":"BreadcrumbList","@id":"https:\/\/luchonoticias.com\/editor\/duro-contra-el-trafico-ilegal-de-fauna-y-flora-en-el-huila\/#breadcrumb","itemListElement":[{"@type":"ListItem","position":1,"name":"Portada","item":"https:\/\/luchonoticias.com\/editor\/"},{"@type":"ListItem","position":2,"name":"Duro contra el tr\u00e1fico ilegal de fauna y flora en el Huila"}]},{"@type":"WebSite","@id":"https:\/\/luchonoticias.com\/editor\/#website","url":"https:\/\/luchonoticias.com\/editor\/","name":"","description":"","publisher":{"@id":"https:\/\/luchonoticias.com\/editor\/#\/schema\/person\/7a7fd911f58561fd056dbac7b55af9cd"},"potentialAction":[{"@type":"SearchAction","target":{"@type":"EntryPoint","urlTemplate":"https:\/\/luchonoticias.com\/editor\/?s={search_term_string}"},"query-input":{"@type":"PropertyValueSpecification","valueRequired":true,"valueName":"search_term_string"}}],"inLanguage":"es"},{"@type":["Person","Organization"],"@id":"https:\/\/luchonoticias.com\/editor\/#\/schema\/person\/7a7fd911f58561fd056dbac7b55af9cd","name":"admin","image":{"@type":"ImageObject","inLanguage":"es","@id":"https:\/\/luchonoticias.com\/editor\/#\/schema\/person\/image\/","url":"https:\/\/luchonoticias.com\/editor\/wp-content\/uploads\/2024\/02\/cropped-cropped-logolu.webp","contentUrl":"https:\/\/luchonoticias.com\/editor\/wp-content\/uploads\/2024\/02\/cropped-cropped-logolu.webp","width":382,"height":170,"caption":"admin"},"logo":{"@id":"https:\/\/luchonoticias.com\/editor\/#\/schema\/person\/image\/"},"sameAs":["https:\/\/www.facebook.com\/luchonoticiasneiva"]},{"@type":"Person","@id":"https:\/\/luchonoticias.com\/editor\/#\/schema\/person\/29217990ddf6f14e35912b2866d591fb","name":"Editor General","image":{"@type":"ImageObject","inLanguage":"es","@id":"https:\/\/luchonoticias.com\/editor\/#\/schema\/person\/image\/","url":"https:\/\/luchonoticias.com\/editor\/wp-content\/uploads\/2024\/02\/cropped-cropped-logolu-150x150.webp","contentUrl":"https:\/\/luchonoticias.com\/editor\/wp-content\/uploads\/2024\/02\/cropped-cropped-logolu-150x150.webp","caption":"Editor General"},"sameAs":["https:\/\/luchonoticias.com\/"],"url":"https:\/\/luchonoticias.com\/editor\/author\/editor-general\/"}]}},"_links":{"self":[{"href":"https:\/\/luchonoticias.com\/editor\/wp-json\/wp\/v2\/posts\/75092","targetHints":{"allow":["GET"]}}],"collection":[{"href":"https:\/\/luchonoticias.com\/editor\/wp-json\/wp\/v2\/posts"}],"about":[{"href":"https:\/\/luchonoticias.com\/editor\/wp-json\/wp\/v2\/types\/post"}],"author":[{"embeddable":true,"href":"https:\/\/luchonoticias.com\/editor\/wp-json\/wp\/v2\/users\/2"}],"replies":[{"embeddable":true,"href":"https:\/\/luchonoticias.com\/editor\/wp-json\/wp\/v2\/comments?post=75092"}],"version-history":[{"count":1,"href":"https:\/\/luchonoticias.com\/editor\/wp-json\/wp\/v2\/posts\/75092\/revisions"}],"predecessor-version":[{"id":75094,"href":"https:\/\/luchonoticias.com\/editor\/wp-json\/wp\/v2\/posts\/75092\/revisions\/75094"}],"wp:featuredmedia":[{"embeddable":true,"href":"https:\/\/luchonoticias.com\/editor\/wp-json\/wp\/v2\/media\/75093"}],"wp:attachment":[{"href":"https:\/\/luchonoticias.com\/editor\/wp-json\/wp\/v2\/media?parent=75092"}],"wp:term":[{"taxonomy":"category","embeddable":true,"href":"https:\/\/luchonoticias.com\/editor\/wp-json\/wp\/v2\/categories?post=75092"},{"taxonomy":"post_tag","embeddable":true,"href":"https:\/\/luchonoticias.com\/editor\/wp-json\/wp\/v2\/tags?post=75092"}],"curies":[{"name":"wp","href":"https:\/\/api.w.org\/{rel}","templated":true}]}}