{"id":75095,"date":"2024-07-19T04:48:44","date_gmt":"2024-07-19T09:48:44","guid":{"rendered":"https:\/\/luchonoticias.com\/?p=75095"},"modified":"2024-07-19T04:48:44","modified_gmt":"2024-07-19T09:48:44","slug":"se-viene-nuevo-colegio-para-nataga","status":"publish","type":"post","link":"https:\/\/luchonoticias.com\/editor\/se-viene-nuevo-colegio-para-nataga\/","title":{"rendered":"Se viene nuevo colegio para N\u00e1taga"},"content":{"rendered":"<p>Bajo el liderazgo de los secretarios de V\u00edas y de Educaci\u00f3n del Gobierno de Rodrigo Villalba Mosquera, se llev\u00f3 a cabo una reuni\u00f3n t\u00e9cnica para explorar la posibilidad de llevar a cabo la construcci\u00f3n de un nuevo plantel educativo, el de la Instituci\u00f3n Educativa Las Mercedes en el Municipio de N\u00e1taga.<\/p>\n<p>Andr\u00e9s Camilo Cabrera, Secretario de V\u00edas e Infraestructura del Huila, dijo que una de las tareas m\u00e1s importantes que le ha delegado el gobernador del Departamento, Rodrigo Villalba, es realizar el apoyo a la Secretar\u00eda de Educaci\u00f3n en la estructuraci\u00f3n de este proyecto.<\/p>\n<p>\u201cEs un proyecto de infraestructura bastante importante para el municipio de N\u00e1taga, correspondiente a la construcci\u00f3n de una nueva edificaci\u00f3n para la Instituci\u00f3n Educativa Las Mercedes, que hace honor a una de las figuras religiosas m\u00e1s importantes del Huila, como lo es la Virgen de las Mercedes\u201d, relat\u00f3 el Secretario.<\/p>\n<p>\u201cPara la construcci\u00f3n de este nuevo plantel educativo ya se est\u00e1 estructurando el proyecto en articulaci\u00f3n con un consultor del municipio de N\u00e1taga, la administraci\u00f3n del municipio, la Secretar\u00eda de Educaci\u00f3n &#8211; \u00e1rea de infraestructura educativa, y nosotros como secretar\u00eda de V\u00edas apoyando esta iniciativa del Gobernador, con todo el equipo de profesionales que tenemos a disposici\u00f3n\u201d, a\u00f1adi\u00f3.<\/p>\n<p>Por su parte, Orlando Parga, Secretario de Educaci\u00f3n Departamental, dijo que este es un deseo que tienen los habitantes del municipio de N\u00e1taga desde hace 15 a\u00f1os.<\/p>\n<p>\u201cEste es un proyecto que todo el municipio anhela, tener una instituci\u00f3n educativa nueva en honor a la Virgen Las Mercedes. En ese orden de ideas el alcalde de la localidad dispone de un lote de 2 hect\u00e1reas que l\u00f3gicamente se entrar\u00e1 a estudiar topogr\u00e1ficamente, estudio que ya se inici\u00f3 para analizar c\u00f3mo est\u00e1 el terreno para construir una obra de estas magnitudes\u201d, argument\u00f3 el funcionario.<\/p>\n<p>\u201cDespu\u00e9s de realizado este estudio topogr\u00e1fico, se estar\u00e1 desarrollando un tema estructural porque hay que organizar el lote para iniciar su construcci\u00f3n, que implica unos muros de contenci\u00f3n sobre el lote. Aspiramos que en menos de un mes tengamos los dise\u00f1os\u201d, finaliz\u00f3.<\/p>\n","protected":false},"excerpt":{"rendered":"<p>Una reuni\u00f3n inicial se llev\u00f3 en N\u00e1taga con dos equipos t\u00e9cnicos y profesionales de las Secretar\u00edas de V\u00edas e Infraestructura y de Educaci\u00f3n Departamental para comenzar a trabajar en el sue\u00f1o que han tenido hace varios a\u00f1os los nacidos en N\u00e1taga: la construcci\u00f3n de una Instituci\u00f3n Educativa en honor a la Virgen patrona de este municipio.<\/p>\n","protected":false},"author":2,"featured_media":75096,"comment_status":"closed","ping_status":"open","sticky":false,"template":"","format":"standard","meta":{"footnotes":""},"categories":[33],"tags":[],"class_list":["post-75095","post","type-post","status-publish","format-standard","has-post-thumbnail","hentry","category-huila"],"yoast_head":"<!-- This site is optimized with the Yoast SEO plugin v26.6 - https:\/\/yoast.com\/wordpress\/plugins\/seo\/ -->\n<title>Se viene nuevo colegio para N\u00e1taga -<\/title>\n<meta name=\"description\" content=\"Una reuni\u00f3n inicial se llev\u00f3 en N\u00e1taga con dos equipos t\u00e9cnicos y profesionales de las Secretar\u00edas de V\u00edas e Infraestructura y de Educaci\u00f3n Departamental para comenzar a trabajar en el sue\u00f1o que han tenido hace varios a\u00f1os los nacidos en N\u00e1taga: la construcci\u00f3n de una Instituci\u00f3n Educativa en honor a la Virgen patrona de este municipio.\" \/>\n<meta name=\"robots\" content=\"index, follow, max-snippet:-1, max-image-preview:large, max-video-preview:-1\" \/>\n<link rel=\"canonical\" href=\"https:\/\/luchonoticias.com\/editor\/se-viene-nuevo-colegio-para-nataga\/\" \/>\n<meta property=\"og:locale\" content=\"es_ES\" \/>\n<meta property=\"og:type\" content=\"article\" \/>\n<meta property=\"og:title\" content=\"Se viene nuevo colegio para N\u00e1taga -\" \/>\n<meta property=\"og:description\" content=\"Una reuni\u00f3n inicial se llev\u00f3 en N\u00e1taga con dos equipos t\u00e9cnicos y profesionales de las Secretar\u00edas de V\u00edas e Infraestructura y de Educaci\u00f3n Departamental para comenzar a trabajar en el sue\u00f1o que han tenido hace varios a\u00f1os los nacidos en N\u00e1taga: la construcci\u00f3n de una Instituci\u00f3n Educativa en honor a la Virgen patrona de este municipio.\" \/>\n<meta property=\"og:url\" content=\"https:\/\/luchonoticias.com\/editor\/se-viene-nuevo-colegio-para-nataga\/\" \/>\n<meta property=\"article:publisher\" content=\"https:\/\/www.facebook.com\/luchonoticiasneiva\" \/>\n<meta property=\"article:published_time\" content=\"2024-07-19T09:48:44+00:00\" \/>\n<meta property=\"og:image\" content=\"https:\/\/luchonoticias.com\/editor\/wp-content\/uploads\/2024\/07\/colegio.jpg\" \/>\n\t<meta property=\"og:image:width\" content=\"700\" \/>\n\t<meta property=\"og:image:height\" content=\"400\" \/>\n\t<meta property=\"og:image:type\" content=\"image\/jpeg\" \/>\n<meta name=\"author\" content=\"Editor General\" \/>\n<meta name=\"twitter:card\" content=\"summary_large_image\" \/>\n<meta name=\"twitter:label1\" content=\"Escrito por\" \/>\n\t<meta name=\"twitter:data1\" content=\"Editor General\" \/>\n\t<meta name=\"twitter:label2\" content=\"Tiempo de lectura\" \/>\n\t<meta name=\"twitter:data2\" content=\"2 minutos\" \/>\n<script type=\"application\/ld+json\" class=\"yoast-schema-graph\">{\"@context\":\"https:\/\/schema.org\",\"@graph\":[{\"@type\":\"Article\",\"@id\":\"https:\/\/luchonoticias.com\/editor\/se-viene-nuevo-colegio-para-nataga\/#article\",\"isPartOf\":{\"@id\":\"https:\/\/luchonoticias.com\/editor\/se-viene-nuevo-colegio-para-nataga\/\"},\"author\":{\"name\":\"Editor General\",\"@id\":\"https:\/\/luchonoticias.com\/editor\/#\/schema\/person\/29217990ddf6f14e35912b2866d591fb\"},\"headline\":\"Se viene nuevo colegio para N\u00e1taga\",\"datePublished\":\"2024-07-19T09:48:44+00:00\",\"mainEntityOfPage\":{\"@id\":\"https:\/\/luchonoticias.com\/editor\/se-viene-nuevo-colegio-para-nataga\/\"},\"wordCount\":383,\"publisher\":{\"@id\":\"https:\/\/luchonoticias.com\/editor\/#\/schema\/person\/7a7fd911f58561fd056dbac7b55af9cd\"},\"image\":{\"@id\":\"https:\/\/luchonoticias.com\/editor\/se-viene-nuevo-colegio-para-nataga\/#primaryimage\"},\"thumbnailUrl\":\"https:\/\/luchonoticias.com\/editor\/wp-content\/uploads\/2024\/07\/colegio.jpg\",\"articleSection\":[\"Huila\"],\"inLanguage\":\"es\"},{\"@type\":\"WebPage\",\"@id\":\"https:\/\/luchonoticias.com\/editor\/se-viene-nuevo-colegio-para-nataga\/\",\"url\":\"https:\/\/luchonoticias.com\/editor\/se-viene-nuevo-colegio-para-nataga\/\",\"name\":\"Se viene nuevo colegio para N\u00e1taga -\",\"isPartOf\":{\"@id\":\"https:\/\/luchonoticias.com\/editor\/#website\"},\"primaryImageOfPage\":{\"@id\":\"https:\/\/luchonoticias.com\/editor\/se-viene-nuevo-colegio-para-nataga\/#primaryimage\"},\"image\":{\"@id\":\"https:\/\/luchonoticias.com\/editor\/se-viene-nuevo-colegio-para-nataga\/#primaryimage\"},\"thumbnailUrl\":\"https:\/\/luchonoticias.com\/editor\/wp-content\/uploads\/2024\/07\/colegio.jpg\",\"datePublished\":\"2024-07-19T09:48:44+00:00\",\"description\":\"Una reuni\u00f3n inicial se llev\u00f3 en N\u00e1taga con dos equipos t\u00e9cnicos y profesionales de las Secretar\u00edas de V\u00edas e Infraestructura y de Educaci\u00f3n Departamental para comenzar a trabajar en el sue\u00f1o que han tenido hace varios a\u00f1os los nacidos en N\u00e1taga: la construcci\u00f3n de una Instituci\u00f3n Educativa en honor a la Virgen patrona de este municipio.\",\"breadcrumb\":{\"@id\":\"https:\/\/luchonoticias.com\/editor\/se-viene-nuevo-colegio-para-nataga\/#breadcrumb\"},\"inLanguage\":\"es\",\"potentialAction\":[{\"@type\":\"ReadAction\",\"target\":[\"https:\/\/luchonoticias.com\/editor\/se-viene-nuevo-colegio-para-nataga\/\"]}]},{\"@type\":\"ImageObject\",\"inLanguage\":\"es\",\"@id\":\"https:\/\/luchonoticias.com\/editor\/se-viene-nuevo-colegio-para-nataga\/#primaryimage\",\"url\":\"https:\/\/luchonoticias.com\/editor\/wp-content\/uploads\/2024\/07\/colegio.jpg\",\"contentUrl\":\"https:\/\/luchonoticias.com\/editor\/wp-content\/uploads\/2024\/07\/colegio.jpg\",\"width\":700,\"height\":400},{\"@type\":\"BreadcrumbList\",\"@id\":\"https:\/\/luchonoticias.com\/editor\/se-viene-nuevo-colegio-para-nataga\/#breadcrumb\",\"itemListElement\":[{\"@type\":\"ListItem\",\"position\":1,\"name\":\"Portada\",\"item\":\"https:\/\/luchonoticias.com\/editor\/\"},{\"@type\":\"ListItem\",\"position\":2,\"name\":\"Se viene nuevo colegio para N\u00e1taga\"}]},{\"@type\":\"WebSite\",\"@id\":\"https:\/\/luchonoticias.com\/editor\/#website\",\"url\":\"https:\/\/luchonoticias.com\/editor\/\",\"name\":\"\",\"description\":\"\",\"publisher\":{\"@id\":\"https:\/\/luchonoticias.com\/editor\/#\/schema\/person\/7a7fd911f58561fd056dbac7b55af9cd\"},\"potentialAction\":[{\"@type\":\"SearchAction\",\"target\":{\"@type\":\"EntryPoint\",\"urlTemplate\":\"https:\/\/luchonoticias.com\/editor\/?s={search_term_string}\"},\"query-input\":{\"@type\":\"PropertyValueSpecification\",\"valueRequired\":true,\"valueName\":\"search_term_string\"}}],\"inLanguage\":\"es\"},{\"@type\":[\"Person\",\"Organization\"],\"@id\":\"https:\/\/luchonoticias.com\/editor\/#\/schema\/person\/7a7fd911f58561fd056dbac7b55af9cd\",\"name\":\"admin\",\"image\":{\"@type\":\"ImageObject\",\"inLanguage\":\"es\",\"@id\":\"https:\/\/luchonoticias.com\/editor\/#\/schema\/person\/image\/\",\"url\":\"https:\/\/luchonoticias.com\/editor\/wp-content\/uploads\/2024\/02\/cropped-cropped-logolu.webp\",\"contentUrl\":\"https:\/\/luchonoticias.com\/editor\/wp-content\/uploads\/2024\/02\/cropped-cropped-logolu.webp\",\"width\":382,\"height\":170,\"caption\":\"admin\"},\"logo\":{\"@id\":\"https:\/\/luchonoticias.com\/editor\/#\/schema\/person\/image\/\"},\"sameAs\":[\"https:\/\/www.facebook.com\/luchonoticiasneiva\"]},{\"@type\":\"Person\",\"@id\":\"https:\/\/luchonoticias.com\/editor\/#\/schema\/person\/29217990ddf6f14e35912b2866d591fb\",\"name\":\"Editor General\",\"image\":{\"@type\":\"ImageObject\",\"inLanguage\":\"es\",\"@id\":\"https:\/\/luchonoticias.com\/editor\/#\/schema\/person\/image\/\",\"url\":\"https:\/\/luchonoticias.com\/editor\/wp-content\/uploads\/2024\/02\/cropped-cropped-logolu-150x150.webp\",\"contentUrl\":\"https:\/\/luchonoticias.com\/editor\/wp-content\/uploads\/2024\/02\/cropped-cropped-logolu-150x150.webp\",\"caption\":\"Editor General\"},\"sameAs\":[\"https:\/\/luchonoticias.com\/\"],\"url\":\"https:\/\/luchonoticias.com\/editor\/author\/editor-general\/\"}]}<\/script>\n<!-- \/ Yoast SEO plugin. -->","yoast_head_json":{"title":"Se viene nuevo colegio para N\u00e1taga -","description":"Una reuni\u00f3n inicial se llev\u00f3 en N\u00e1taga con dos equipos t\u00e9cnicos y profesionales de las Secretar\u00edas de V\u00edas e Infraestructura y de Educaci\u00f3n Departamental para comenzar a trabajar en el sue\u00f1o que han tenido hace varios a\u00f1os los nacidos en N\u00e1taga: la construcci\u00f3n de una Instituci\u00f3n Educativa en honor a la Virgen patrona de este municipio.","robots":{"index":"index","follow":"follow","max-snippet":"max-snippet:-1","max-image-preview":"max-image-preview:large","max-video-preview":"max-video-preview:-1"},"canonical":"https:\/\/luchonoticias.com\/editor\/se-viene-nuevo-colegio-para-nataga\/","og_locale":"es_ES","og_type":"article","og_title":"Se viene nuevo colegio para N\u00e1taga -","og_description":"Una reuni\u00f3n inicial se llev\u00f3 en N\u00e1taga con dos equipos t\u00e9cnicos y profesionales de las Secretar\u00edas de V\u00edas e Infraestructura y de Educaci\u00f3n Departamental para comenzar a trabajar en el sue\u00f1o que han tenido hace varios a\u00f1os los nacidos en N\u00e1taga: la construcci\u00f3n de una Instituci\u00f3n Educativa en honor a la Virgen patrona de este municipio.","og_url":"https:\/\/luchonoticias.com\/editor\/se-viene-nuevo-colegio-para-nataga\/","article_publisher":"https:\/\/www.facebook.com\/luchonoticiasneiva","article_published_time":"2024-07-19T09:48:44+00:00","og_image":[{"width":700,"height":400,"url":"https:\/\/luchonoticias.com\/editor\/wp-content\/uploads\/2024\/07\/colegio.jpg","type":"image\/jpeg"}],"author":"Editor General","twitter_card":"summary_large_image","twitter_misc":{"Escrito por":"Editor General","Tiempo de lectura":"2 minutos"},"schema":{"@context":"https:\/\/schema.org","@graph":[{"@type":"Article","@id":"https:\/\/luchonoticias.com\/editor\/se-viene-nuevo-colegio-para-nataga\/#article","isPartOf":{"@id":"https:\/\/luchonoticias.com\/editor\/se-viene-nuevo-colegio-para-nataga\/"},"author":{"name":"Editor General","@id":"https:\/\/luchonoticias.com\/editor\/#\/schema\/person\/29217990ddf6f14e35912b2866d591fb"},"headline":"Se viene nuevo colegio para N\u00e1taga","datePublished":"2024-07-19T09:48:44+00:00","mainEntityOfPage":{"@id":"https:\/\/luchonoticias.com\/editor\/se-viene-nuevo-colegio-para-nataga\/"},"wordCount":383,"publisher":{"@id":"https:\/\/luchonoticias.com\/editor\/#\/schema\/person\/7a7fd911f58561fd056dbac7b55af9cd"},"image":{"@id":"https:\/\/luchonoticias.com\/editor\/se-viene-nuevo-colegio-para-nataga\/#primaryimage"},"thumbnailUrl":"https:\/\/luchonoticias.com\/editor\/wp-content\/uploads\/2024\/07\/colegio.jpg","articleSection":["Huila"],"inLanguage":"es"},{"@type":"WebPage","@id":"https:\/\/luchonoticias.com\/editor\/se-viene-nuevo-colegio-para-nataga\/","url":"https:\/\/luchonoticias.com\/editor\/se-viene-nuevo-colegio-para-nataga\/","name":"Se viene nuevo colegio para N\u00e1taga -","isPartOf":{"@id":"https:\/\/luchonoticias.com\/editor\/#website"},"primaryImageOfPage":{"@id":"https:\/\/luchonoticias.com\/editor\/se-viene-nuevo-colegio-para-nataga\/#primaryimage"},"image":{"@id":"https:\/\/luchonoticias.com\/editor\/se-viene-nuevo-colegio-para-nataga\/#primaryimage"},"thumbnailUrl":"https:\/\/luchonoticias.com\/editor\/wp-content\/uploads\/2024\/07\/colegio.jpg","datePublished":"2024-07-19T09:48:44+00:00","description":"Una reuni\u00f3n inicial se llev\u00f3 en N\u00e1taga con dos equipos t\u00e9cnicos y profesionales de las Secretar\u00edas de V\u00edas e Infraestructura y de Educaci\u00f3n Departamental para comenzar a trabajar en el sue\u00f1o que han tenido hace varios a\u00f1os los nacidos en N\u00e1taga: la construcci\u00f3n de una Instituci\u00f3n Educativa en honor a la Virgen patrona de este municipio.","breadcrumb":{"@id":"https:\/\/luchonoticias.com\/editor\/se-viene-nuevo-colegio-para-nataga\/#breadcrumb"},"inLanguage":"es","potentialAction":[{"@type":"ReadAction","target":["https:\/\/luchonoticias.com\/editor\/se-viene-nuevo-colegio-para-nataga\/"]}]},{"@type":"ImageObject","inLanguage":"es","@id":"https:\/\/luchonoticias.com\/editor\/se-viene-nuevo-colegio-para-nataga\/#primaryimage","url":"https:\/\/luchonoticias.com\/editor\/wp-content\/uploads\/2024\/07\/colegio.jpg","contentUrl":"https:\/\/luchonoticias.com\/editor\/wp-content\/uploads\/2024\/07\/colegio.jpg","width":700,"height":400},{"@type":"BreadcrumbList","@id":"https:\/\/luchonoticias.com\/editor\/se-viene-nuevo-colegio-para-nataga\/#breadcrumb","itemListElement":[{"@type":"ListItem","position":1,"name":"Portada","item":"https:\/\/luchonoticias.com\/editor\/"},{"@type":"ListItem","position":2,"name":"Se viene nuevo colegio para N\u00e1taga"}]},{"@type":"WebSite","@id":"https:\/\/luchonoticias.com\/editor\/#website","url":"https:\/\/luchonoticias.com\/editor\/","name":"","description":"","publisher":{"@id":"https:\/\/luchonoticias.com\/editor\/#\/schema\/person\/7a7fd911f58561fd056dbac7b55af9cd"},"potentialAction":[{"@type":"SearchAction","target":{"@type":"EntryPoint","urlTemplate":"https:\/\/luchonoticias.com\/editor\/?s={search_term_string}"},"query-input":{"@type":"PropertyValueSpecification","valueRequired":true,"valueName":"search_term_string"}}],"inLanguage":"es"},{"@type":["Person","Organization"],"@id":"https:\/\/luchonoticias.com\/editor\/#\/schema\/person\/7a7fd911f58561fd056dbac7b55af9cd","name":"admin","image":{"@type":"ImageObject","inLanguage":"es","@id":"https:\/\/luchonoticias.com\/editor\/#\/schema\/person\/image\/","url":"https:\/\/luchonoticias.com\/editor\/wp-content\/uploads\/2024\/02\/cropped-cropped-logolu.webp","contentUrl":"https:\/\/luchonoticias.com\/editor\/wp-content\/uploads\/2024\/02\/cropped-cropped-logolu.webp","width":382,"height":170,"caption":"admin"},"logo":{"@id":"https:\/\/luchonoticias.com\/editor\/#\/schema\/person\/image\/"},"sameAs":["https:\/\/www.facebook.com\/luchonoticiasneiva"]},{"@type":"Person","@id":"https:\/\/luchonoticias.com\/editor\/#\/schema\/person\/29217990ddf6f14e35912b2866d591fb","name":"Editor General","image":{"@type":"ImageObject","inLanguage":"es","@id":"https:\/\/luchonoticias.com\/editor\/#\/schema\/person\/image\/","url":"https:\/\/luchonoticias.com\/editor\/wp-content\/uploads\/2024\/02\/cropped-cropped-logolu-150x150.webp","contentUrl":"https:\/\/luchonoticias.com\/editor\/wp-content\/uploads\/2024\/02\/cropped-cropped-logolu-150x150.webp","caption":"Editor General"},"sameAs":["https:\/\/luchonoticias.com\/"],"url":"https:\/\/luchonoticias.com\/editor\/author\/editor-general\/"}]}},"_links":{"self":[{"href":"https:\/\/luchonoticias.com\/editor\/wp-json\/wp\/v2\/posts\/75095","targetHints":{"allow":["GET"]}}],"collection":[{"href":"https:\/\/luchonoticias.com\/editor\/wp-json\/wp\/v2\/posts"}],"about":[{"href":"https:\/\/luchonoticias.com\/editor\/wp-json\/wp\/v2\/types\/post"}],"author":[{"embeddable":true,"href":"https:\/\/luchonoticias.com\/editor\/wp-json\/wp\/v2\/users\/2"}],"replies":[{"embeddable":true,"href":"https:\/\/luchonoticias.com\/editor\/wp-json\/wp\/v2\/comments?post=75095"}],"version-history":[{"count":1,"href":"https:\/\/luchonoticias.com\/editor\/wp-json\/wp\/v2\/posts\/75095\/revisions"}],"predecessor-version":[{"id":75097,"href":"https:\/\/luchonoticias.com\/editor\/wp-json\/wp\/v2\/posts\/75095\/revisions\/75097"}],"wp:featuredmedia":[{"embeddable":true,"href":"https:\/\/luchonoticias.com\/editor\/wp-json\/wp\/v2\/media\/75096"}],"wp:attachment":[{"href":"https:\/\/luchonoticias.com\/editor\/wp-json\/wp\/v2\/media?parent=75095"}],"wp:term":[{"taxonomy":"category","embeddable":true,"href":"https:\/\/luchonoticias.com\/editor\/wp-json\/wp\/v2\/categories?post=75095"},{"taxonomy":"post_tag","embeddable":true,"href":"https:\/\/luchonoticias.com\/editor\/wp-json\/wp\/v2\/tags?post=75095"}],"curies":[{"name":"wp","href":"https:\/\/api.w.org\/{rel}","templated":true}]}}