{"id":75098,"date":"2024-07-19T04:52:37","date_gmt":"2024-07-19T09:52:37","guid":{"rendered":"https:\/\/luchonoticias.com\/?p=75098"},"modified":"2024-07-19T04:52:37","modified_gmt":"2024-07-19T09:52:37","slug":"galardon-excelencia-a-la-juventud-huilense-ha-abierto-sus-inscripciones","status":"publish","type":"post","link":"https:\/\/luchonoticias.com\/editor\/galardon-excelencia-a-la-juventud-huilense-ha-abierto-sus-inscripciones\/","title":{"rendered":"Galard\u00f3n excelencia a la juventud huilense ha abierto sus inscripciones"},"content":{"rendered":"<p>El Gobierno Departamental \u201cPor un Huila Grande\u201d con el liderazgo de Rodrigo Villalba Mosquera realiz\u00f3 el lanzamiento de la convocatoria p\u00fablica y abierta para el Galard\u00f3n \u201cExcelencia a la Juventud Huilense\u00bb, esta iniciativa busca visibilizar los procesos juveniles e incentivar a continuar generando impacto positivo en la comunidad.<\/p>\n<p>El \u00abGalard\u00f3n Excelencia a la Juventud Huilense\u00bb fue institucionalizado a trav\u00e9s de la Ordenanza No. 0057 de 2022. Este premio representa un reconocimiento trascendental al liderazgo juvenil, destacando la vital contribuci\u00f3n de los j\u00f3venes en el desarrollo regional mediante la participaci\u00f3n ciudadana.<\/p>\n<p>\u201cEs una pol\u00edtica p\u00fablica del Gobierno Departamental que enfoca acciones contempladas en el Plan de Desarrollo \u2018Por un Huila Grande\u2019 a trav\u00e9s de la Secretar\u00eda de la Mujer, Familia e Inclusi\u00f3n Social, buscamos con esta convocatoria promover el emprendimiento, la meritocracia, para que los j\u00f3venes se esmeren y estimulen los nuevos liderazgos\u201d destac\u00f3 Rodrigo Villalba, Gobernador del Huila.<\/p>\n<p>El proceso de selecci\u00f3n para el \u00abGalard\u00f3n Excelencia a la Juventud Huilense\u00bb considerar\u00e1 criterios rigurosos que evaluar\u00e1n el tiempo dedicado al trabajo en la categor\u00eda correspondiente, la importancia de las acciones lideradas, los lugares o territorios donde se han desarrollado dichas iniciativas, as\u00ed como los recursos materiales y no materiales utilizados para potenciar capacidades y talentos.<\/p>\n<p>Tambi\u00e9n se valorar\u00e1 el impacto y beneficio generado en la comunidad, reflejado en el n\u00famero de personas atendidas o beneficiadas por el trabajo de los participantes. Este enfoque asegura reconocer y destacar aquellos esfuerzos juveniles que han marcado una diferencia significativa en el departamento del Huila.<\/p>\n<p><strong>Las categor\u00edas que se tendr\u00e1n en cuenta para la premiaci\u00f3n son las siguientes:<\/strong><\/p>\n<p>1. Deporte: J\u00f3venes u organizaciones juveniles que demuestren un impacto social real en temas relacionados al deporte, la actividad f\u00edsica, recreativa, l\u00fadica, a nivel municipal o departamental.<\/p>\n<p>2. Arte y cultura: J\u00f3venes y organizaciones que hayan construido procesos de impacto en el \u00e1mbito, art\u00edstico y cultural, incluyendo procesos de formaci\u00f3n, escuelas de arte y cultura, expresiones danc\u00edsticas, musicales, artesanales, etc.<\/p>\n<p>3. Medio ambiente y sostenibilidad: J\u00f3venes u organizaciones que buscan mejorar, preservar y\/o restablecer el entorno ambiental (flora y fauna) y\/o promover buenas pr\u00e1cticas ambientales, contempla acciones de protecci\u00f3n y cuidado ambiental, soluciones al cambio clim\u00e1tico, promoci\u00f3n de la biodiversidad, generaci\u00f3n de conciencia ambiental y fomento del desarrollo social comunitario.<\/p>\n<p>4.Innovaci\u00f3n y emprendimiento: J\u00f3venes y organizaciones que desde su trabajo est\u00e9n desarrollando procesos encaminados a mejorar la regi\u00f3n en temas de ciencia y tecnolog\u00eda, industrias creativas e industrias y turismo verdes. sin importar el sector que impacte su trabajo: agr\u00edcola, educativo, inform\u00e1tico, social, etc.<\/p>\n<p>5. Liderazgo juvenil: J\u00f3venes y organizaciones que hayan construido procesos de participaci\u00f3n juvenil de impacto, con capacidad de coordinaci\u00f3n para implementar iniciativas y procesos que propendan el mejoramiento de las condiciones de vida de la comunidad en la que act\u00faan. Entendi\u00e9ndose esta participaci\u00f3n como un motor para el desarrollo de su territorio.<\/p>\n<p>6. Trayectoria: S\u00f3lo en esta categor\u00eda podr\u00e1n presentarse personas mayores de 28 a\u00f1os y\/u organizaciones que por sus logros y\/o trayectoria sean reconocidos a nivel departamental por su labor con ni\u00f1os, ni\u00f1as, adolescentes y j\u00f3venes, contribuyendo a su desarrollo humano y social.<\/p>\n<p>\u201cMe siento honrado de poder participar en el lanzamiento de este prestigioso Galard\u00f3n, y da Fe del empe\u00f1o que est\u00e1 colocando la administraci\u00f3n departamental para reconocer las trayectorias de los j\u00f3venes del Huila. Por mi parte, agradezco a quienes confiaron en mi proceso, y les aseguro que seguir\u00e9 demostrando que el departamento del Huila puede ser un territorio l\u00edder en innovaci\u00f3n y emprendimiento, a nivel nacional e internacional; estoy convencido que las nuevas tecnolog\u00edas pueden ser un faro de esperanza para las personas m\u00e1s necesitadas\u201d expres\u00f3 Jhon Anderson Soledad, ganador del Galard\u00f3n \u201cExcelencia a la Juventud Huilense\u201d 2023 en la categor\u00eda Innovaci\u00f3n y emprendimiento.<\/p>\n<p><strong>Criterios para la selecci\u00f3n de los participantes:<\/strong><\/p>\n<p>1. El tiempo de trabajo en la categor\u00eda<\/p>\n<p>2. Importancia de las acciones que lideren<\/p>\n<p>3. Los lugares o territorios donde han desarrollado las acciones<\/p>\n<p>4. Los elementos materiales y no materiales que han utilizado para potencializar sus capacidades y talentos<\/p>\n<p>5. Impacto y beneficio que genere en la comunidad su labor (n\u00famero de personas atendidas o beneficiadas).<\/p>\n<p>Para m\u00e1s informaci\u00f3n del proceso consultar la sede electr\u00f3nica de la Gobernaci\u00f3n del Huila www.huila.gov.co<\/p>\n","protected":false},"excerpt":{"rendered":"<p>Hasta el pr\u00f3ximo 8 de agosto se recepcionar\u00e1n las postulaciones en seis categor\u00edas.<\/p>\n","protected":false},"author":2,"featured_media":75099,"comment_status":"closed","ping_status":"open","sticky":false,"template":"","format":"standard","meta":{"footnotes":""},"categories":[33],"tags":[],"class_list":["post-75098","post","type-post","status-publish","format-standard","has-post-thumbnail","hentry","category-huila"],"yoast_head":"<!-- This site is optimized with the Yoast SEO plugin v26.6 - https:\/\/yoast.com\/wordpress\/plugins\/seo\/ -->\n<title>Galard\u00f3n excelencia a la juventud huilense ha abierto sus inscripciones -<\/title>\n<meta name=\"description\" content=\"Hasta el pr\u00f3ximo 8 de agosto se recepcionar\u00e1n las postulaciones en seis categor\u00edas.\" \/>\n<meta name=\"robots\" content=\"index, follow, max-snippet:-1, max-image-preview:large, max-video-preview:-1\" \/>\n<link rel=\"canonical\" href=\"https:\/\/luchonoticias.com\/editor\/galardon-excelencia-a-la-juventud-huilense-ha-abierto-sus-inscripciones\/\" \/>\n<meta property=\"og:locale\" content=\"es_ES\" \/>\n<meta property=\"og:type\" content=\"article\" \/>\n<meta property=\"og:title\" content=\"Galard\u00f3n excelencia a la juventud huilense ha abierto sus inscripciones -\" \/>\n<meta property=\"og:description\" content=\"Hasta el pr\u00f3ximo 8 de agosto se recepcionar\u00e1n las postulaciones en seis categor\u00edas.\" \/>\n<meta property=\"og:url\" content=\"https:\/\/luchonoticias.com\/editor\/galardon-excelencia-a-la-juventud-huilense-ha-abierto-sus-inscripciones\/\" \/>\n<meta property=\"article:publisher\" content=\"https:\/\/www.facebook.com\/luchonoticiasneiva\" \/>\n<meta property=\"article:published_time\" content=\"2024-07-19T09:52:37+00:00\" \/>\n<meta property=\"og:image\" content=\"https:\/\/luchonoticias.com\/editor\/wp-content\/uploads\/2024\/07\/gobernacion-1.jpg\" \/>\n\t<meta property=\"og:image:width\" content=\"700\" \/>\n\t<meta property=\"og:image:height\" content=\"400\" \/>\n\t<meta property=\"og:image:type\" content=\"image\/jpeg\" \/>\n<meta name=\"author\" content=\"Editor General\" \/>\n<meta name=\"twitter:card\" content=\"summary_large_image\" \/>\n<meta name=\"twitter:label1\" content=\"Escrito por\" \/>\n\t<meta name=\"twitter:data1\" content=\"Editor General\" \/>\n\t<meta name=\"twitter:label2\" content=\"Tiempo de lectura\" \/>\n\t<meta name=\"twitter:data2\" content=\"4 minutos\" \/>\n<script type=\"application\/ld+json\" class=\"yoast-schema-graph\">{\"@context\":\"https:\/\/schema.org\",\"@graph\":[{\"@type\":\"Article\",\"@id\":\"https:\/\/luchonoticias.com\/editor\/galardon-excelencia-a-la-juventud-huilense-ha-abierto-sus-inscripciones\/#article\",\"isPartOf\":{\"@id\":\"https:\/\/luchonoticias.com\/editor\/galardon-excelencia-a-la-juventud-huilense-ha-abierto-sus-inscripciones\/\"},\"author\":{\"name\":\"Editor General\",\"@id\":\"https:\/\/luchonoticias.com\/editor\/#\/schema\/person\/29217990ddf6f14e35912b2866d591fb\"},\"headline\":\"Galard\u00f3n excelencia a la juventud huilense ha abierto sus inscripciones\",\"datePublished\":\"2024-07-19T09:52:37+00:00\",\"mainEntityOfPage\":{\"@id\":\"https:\/\/luchonoticias.com\/editor\/galardon-excelencia-a-la-juventud-huilense-ha-abierto-sus-inscripciones\/\"},\"wordCount\":772,\"publisher\":{\"@id\":\"https:\/\/luchonoticias.com\/editor\/#\/schema\/person\/7a7fd911f58561fd056dbac7b55af9cd\"},\"image\":{\"@id\":\"https:\/\/luchonoticias.com\/editor\/galardon-excelencia-a-la-juventud-huilense-ha-abierto-sus-inscripciones\/#primaryimage\"},\"thumbnailUrl\":\"https:\/\/luchonoticias.com\/editor\/wp-content\/uploads\/2024\/07\/gobernacion-1.jpg\",\"articleSection\":[\"Huila\"],\"inLanguage\":\"es\"},{\"@type\":\"WebPage\",\"@id\":\"https:\/\/luchonoticias.com\/editor\/galardon-excelencia-a-la-juventud-huilense-ha-abierto-sus-inscripciones\/\",\"url\":\"https:\/\/luchonoticias.com\/editor\/galardon-excelencia-a-la-juventud-huilense-ha-abierto-sus-inscripciones\/\",\"name\":\"Galard\u00f3n excelencia a la juventud huilense ha abierto sus inscripciones -\",\"isPartOf\":{\"@id\":\"https:\/\/luchonoticias.com\/editor\/#website\"},\"primaryImageOfPage\":{\"@id\":\"https:\/\/luchonoticias.com\/editor\/galardon-excelencia-a-la-juventud-huilense-ha-abierto-sus-inscripciones\/#primaryimage\"},\"image\":{\"@id\":\"https:\/\/luchonoticias.com\/editor\/galardon-excelencia-a-la-juventud-huilense-ha-abierto-sus-inscripciones\/#primaryimage\"},\"thumbnailUrl\":\"https:\/\/luchonoticias.com\/editor\/wp-content\/uploads\/2024\/07\/gobernacion-1.jpg\",\"datePublished\":\"2024-07-19T09:52:37+00:00\",\"description\":\"Hasta el pr\u00f3ximo 8 de agosto se recepcionar\u00e1n las postulaciones en seis categor\u00edas.\",\"breadcrumb\":{\"@id\":\"https:\/\/luchonoticias.com\/editor\/galardon-excelencia-a-la-juventud-huilense-ha-abierto-sus-inscripciones\/#breadcrumb\"},\"inLanguage\":\"es\",\"potentialAction\":[{\"@type\":\"ReadAction\",\"target\":[\"https:\/\/luchonoticias.com\/editor\/galardon-excelencia-a-la-juventud-huilense-ha-abierto-sus-inscripciones\/\"]}]},{\"@type\":\"ImageObject\",\"inLanguage\":\"es\",\"@id\":\"https:\/\/luchonoticias.com\/editor\/galardon-excelencia-a-la-juventud-huilense-ha-abierto-sus-inscripciones\/#primaryimage\",\"url\":\"https:\/\/luchonoticias.com\/editor\/wp-content\/uploads\/2024\/07\/gobernacion-1.jpg\",\"contentUrl\":\"https:\/\/luchonoticias.com\/editor\/wp-content\/uploads\/2024\/07\/gobernacion-1.jpg\",\"width\":700,\"height\":400},{\"@type\":\"BreadcrumbList\",\"@id\":\"https:\/\/luchonoticias.com\/editor\/galardon-excelencia-a-la-juventud-huilense-ha-abierto-sus-inscripciones\/#breadcrumb\",\"itemListElement\":[{\"@type\":\"ListItem\",\"position\":1,\"name\":\"Portada\",\"item\":\"https:\/\/luchonoticias.com\/editor\/\"},{\"@type\":\"ListItem\",\"position\":2,\"name\":\"Galard\u00f3n excelencia a la juventud huilense ha abierto sus inscripciones\"}]},{\"@type\":\"WebSite\",\"@id\":\"https:\/\/luchonoticias.com\/editor\/#website\",\"url\":\"https:\/\/luchonoticias.com\/editor\/\",\"name\":\"\",\"description\":\"\",\"publisher\":{\"@id\":\"https:\/\/luchonoticias.com\/editor\/#\/schema\/person\/7a7fd911f58561fd056dbac7b55af9cd\"},\"potentialAction\":[{\"@type\":\"SearchAction\",\"target\":{\"@type\":\"EntryPoint\",\"urlTemplate\":\"https:\/\/luchonoticias.com\/editor\/?s={search_term_string}\"},\"query-input\":{\"@type\":\"PropertyValueSpecification\",\"valueRequired\":true,\"valueName\":\"search_term_string\"}}],\"inLanguage\":\"es\"},{\"@type\":[\"Person\",\"Organization\"],\"@id\":\"https:\/\/luchonoticias.com\/editor\/#\/schema\/person\/7a7fd911f58561fd056dbac7b55af9cd\",\"name\":\"admin\",\"image\":{\"@type\":\"ImageObject\",\"inLanguage\":\"es\",\"@id\":\"https:\/\/luchonoticias.com\/editor\/#\/schema\/person\/image\/\",\"url\":\"https:\/\/luchonoticias.com\/editor\/wp-content\/uploads\/2024\/02\/cropped-cropped-logolu.webp\",\"contentUrl\":\"https:\/\/luchonoticias.com\/editor\/wp-content\/uploads\/2024\/02\/cropped-cropped-logolu.webp\",\"width\":382,\"height\":170,\"caption\":\"admin\"},\"logo\":{\"@id\":\"https:\/\/luchonoticias.com\/editor\/#\/schema\/person\/image\/\"},\"sameAs\":[\"https:\/\/www.facebook.com\/luchonoticiasneiva\"]},{\"@type\":\"Person\",\"@id\":\"https:\/\/luchonoticias.com\/editor\/#\/schema\/person\/29217990ddf6f14e35912b2866d591fb\",\"name\":\"Editor General\",\"image\":{\"@type\":\"ImageObject\",\"inLanguage\":\"es\",\"@id\":\"https:\/\/luchonoticias.com\/editor\/#\/schema\/person\/image\/\",\"url\":\"https:\/\/luchonoticias.com\/editor\/wp-content\/uploads\/2024\/02\/cropped-cropped-logolu-150x150.webp\",\"contentUrl\":\"https:\/\/luchonoticias.com\/editor\/wp-content\/uploads\/2024\/02\/cropped-cropped-logolu-150x150.webp\",\"caption\":\"Editor General\"},\"sameAs\":[\"https:\/\/luchonoticias.com\/\"],\"url\":\"https:\/\/luchonoticias.com\/editor\/author\/editor-general\/\"}]}<\/script>\n<!-- \/ Yoast SEO plugin. -->","yoast_head_json":{"title":"Galard\u00f3n excelencia a la juventud huilense ha abierto sus inscripciones -","description":"Hasta el pr\u00f3ximo 8 de agosto se recepcionar\u00e1n las postulaciones en seis categor\u00edas.","robots":{"index":"index","follow":"follow","max-snippet":"max-snippet:-1","max-image-preview":"max-image-preview:large","max-video-preview":"max-video-preview:-1"},"canonical":"https:\/\/luchonoticias.com\/editor\/galardon-excelencia-a-la-juventud-huilense-ha-abierto-sus-inscripciones\/","og_locale":"es_ES","og_type":"article","og_title":"Galard\u00f3n excelencia a la juventud huilense ha abierto sus inscripciones -","og_description":"Hasta el pr\u00f3ximo 8 de agosto se recepcionar\u00e1n las postulaciones en seis categor\u00edas.","og_url":"https:\/\/luchonoticias.com\/editor\/galardon-excelencia-a-la-juventud-huilense-ha-abierto-sus-inscripciones\/","article_publisher":"https:\/\/www.facebook.com\/luchonoticiasneiva","article_published_time":"2024-07-19T09:52:37+00:00","og_image":[{"width":700,"height":400,"url":"https:\/\/luchonoticias.com\/editor\/wp-content\/uploads\/2024\/07\/gobernacion-1.jpg","type":"image\/jpeg"}],"author":"Editor General","twitter_card":"summary_large_image","twitter_misc":{"Escrito por":"Editor General","Tiempo de lectura":"4 minutos"},"schema":{"@context":"https:\/\/schema.org","@graph":[{"@type":"Article","@id":"https:\/\/luchonoticias.com\/editor\/galardon-excelencia-a-la-juventud-huilense-ha-abierto-sus-inscripciones\/#article","isPartOf":{"@id":"https:\/\/luchonoticias.com\/editor\/galardon-excelencia-a-la-juventud-huilense-ha-abierto-sus-inscripciones\/"},"author":{"name":"Editor General","@id":"https:\/\/luchonoticias.com\/editor\/#\/schema\/person\/29217990ddf6f14e35912b2866d591fb"},"headline":"Galard\u00f3n excelencia a la juventud huilense ha abierto sus inscripciones","datePublished":"2024-07-19T09:52:37+00:00","mainEntityOfPage":{"@id":"https:\/\/luchonoticias.com\/editor\/galardon-excelencia-a-la-juventud-huilense-ha-abierto-sus-inscripciones\/"},"wordCount":772,"publisher":{"@id":"https:\/\/luchonoticias.com\/editor\/#\/schema\/person\/7a7fd911f58561fd056dbac7b55af9cd"},"image":{"@id":"https:\/\/luchonoticias.com\/editor\/galardon-excelencia-a-la-juventud-huilense-ha-abierto-sus-inscripciones\/#primaryimage"},"thumbnailUrl":"https:\/\/luchonoticias.com\/editor\/wp-content\/uploads\/2024\/07\/gobernacion-1.jpg","articleSection":["Huila"],"inLanguage":"es"},{"@type":"WebPage","@id":"https:\/\/luchonoticias.com\/editor\/galardon-excelencia-a-la-juventud-huilense-ha-abierto-sus-inscripciones\/","url":"https:\/\/luchonoticias.com\/editor\/galardon-excelencia-a-la-juventud-huilense-ha-abierto-sus-inscripciones\/","name":"Galard\u00f3n excelencia a la juventud huilense ha abierto sus inscripciones -","isPartOf":{"@id":"https:\/\/luchonoticias.com\/editor\/#website"},"primaryImageOfPage":{"@id":"https:\/\/luchonoticias.com\/editor\/galardon-excelencia-a-la-juventud-huilense-ha-abierto-sus-inscripciones\/#primaryimage"},"image":{"@id":"https:\/\/luchonoticias.com\/editor\/galardon-excelencia-a-la-juventud-huilense-ha-abierto-sus-inscripciones\/#primaryimage"},"thumbnailUrl":"https:\/\/luchonoticias.com\/editor\/wp-content\/uploads\/2024\/07\/gobernacion-1.jpg","datePublished":"2024-07-19T09:52:37+00:00","description":"Hasta el pr\u00f3ximo 8 de agosto se recepcionar\u00e1n las postulaciones en seis categor\u00edas.","breadcrumb":{"@id":"https:\/\/luchonoticias.com\/editor\/galardon-excelencia-a-la-juventud-huilense-ha-abierto-sus-inscripciones\/#breadcrumb"},"inLanguage":"es","potentialAction":[{"@type":"ReadAction","target":["https:\/\/luchonoticias.com\/editor\/galardon-excelencia-a-la-juventud-huilense-ha-abierto-sus-inscripciones\/"]}]},{"@type":"ImageObject","inLanguage":"es","@id":"https:\/\/luchonoticias.com\/editor\/galardon-excelencia-a-la-juventud-huilense-ha-abierto-sus-inscripciones\/#primaryimage","url":"https:\/\/luchonoticias.com\/editor\/wp-content\/uploads\/2024\/07\/gobernacion-1.jpg","contentUrl":"https:\/\/luchonoticias.com\/editor\/wp-content\/uploads\/2024\/07\/gobernacion-1.jpg","width":700,"height":400},{"@type":"BreadcrumbList","@id":"https:\/\/luchonoticias.com\/editor\/galardon-excelencia-a-la-juventud-huilense-ha-abierto-sus-inscripciones\/#breadcrumb","itemListElement":[{"@type":"ListItem","position":1,"name":"Portada","item":"https:\/\/luchonoticias.com\/editor\/"},{"@type":"ListItem","position":2,"name":"Galard\u00f3n excelencia a la juventud huilense ha abierto sus inscripciones"}]},{"@type":"WebSite","@id":"https:\/\/luchonoticias.com\/editor\/#website","url":"https:\/\/luchonoticias.com\/editor\/","name":"","description":"","publisher":{"@id":"https:\/\/luchonoticias.com\/editor\/#\/schema\/person\/7a7fd911f58561fd056dbac7b55af9cd"},"potentialAction":[{"@type":"SearchAction","target":{"@type":"EntryPoint","urlTemplate":"https:\/\/luchonoticias.com\/editor\/?s={search_term_string}"},"query-input":{"@type":"PropertyValueSpecification","valueRequired":true,"valueName":"search_term_string"}}],"inLanguage":"es"},{"@type":["Person","Organization"],"@id":"https:\/\/luchonoticias.com\/editor\/#\/schema\/person\/7a7fd911f58561fd056dbac7b55af9cd","name":"admin","image":{"@type":"ImageObject","inLanguage":"es","@id":"https:\/\/luchonoticias.com\/editor\/#\/schema\/person\/image\/","url":"https:\/\/luchonoticias.com\/editor\/wp-content\/uploads\/2024\/02\/cropped-cropped-logolu.webp","contentUrl":"https:\/\/luchonoticias.com\/editor\/wp-content\/uploads\/2024\/02\/cropped-cropped-logolu.webp","width":382,"height":170,"caption":"admin"},"logo":{"@id":"https:\/\/luchonoticias.com\/editor\/#\/schema\/person\/image\/"},"sameAs":["https:\/\/www.facebook.com\/luchonoticiasneiva"]},{"@type":"Person","@id":"https:\/\/luchonoticias.com\/editor\/#\/schema\/person\/29217990ddf6f14e35912b2866d591fb","name":"Editor General","image":{"@type":"ImageObject","inLanguage":"es","@id":"https:\/\/luchonoticias.com\/editor\/#\/schema\/person\/image\/","url":"https:\/\/luchonoticias.com\/editor\/wp-content\/uploads\/2024\/02\/cropped-cropped-logolu-150x150.webp","contentUrl":"https:\/\/luchonoticias.com\/editor\/wp-content\/uploads\/2024\/02\/cropped-cropped-logolu-150x150.webp","caption":"Editor General"},"sameAs":["https:\/\/luchonoticias.com\/"],"url":"https:\/\/luchonoticias.com\/editor\/author\/editor-general\/"}]}},"_links":{"self":[{"href":"https:\/\/luchonoticias.com\/editor\/wp-json\/wp\/v2\/posts\/75098","targetHints":{"allow":["GET"]}}],"collection":[{"href":"https:\/\/luchonoticias.com\/editor\/wp-json\/wp\/v2\/posts"}],"about":[{"href":"https:\/\/luchonoticias.com\/editor\/wp-json\/wp\/v2\/types\/post"}],"author":[{"embeddable":true,"href":"https:\/\/luchonoticias.com\/editor\/wp-json\/wp\/v2\/users\/2"}],"replies":[{"embeddable":true,"href":"https:\/\/luchonoticias.com\/editor\/wp-json\/wp\/v2\/comments?post=75098"}],"version-history":[{"count":1,"href":"https:\/\/luchonoticias.com\/editor\/wp-json\/wp\/v2\/posts\/75098\/revisions"}],"predecessor-version":[{"id":75100,"href":"https:\/\/luchonoticias.com\/editor\/wp-json\/wp\/v2\/posts\/75098\/revisions\/75100"}],"wp:featuredmedia":[{"embeddable":true,"href":"https:\/\/luchonoticias.com\/editor\/wp-json\/wp\/v2\/media\/75099"}],"wp:attachment":[{"href":"https:\/\/luchonoticias.com\/editor\/wp-json\/wp\/v2\/media?parent=75098"}],"wp:term":[{"taxonomy":"category","embeddable":true,"href":"https:\/\/luchonoticias.com\/editor\/wp-json\/wp\/v2\/categories?post=75098"},{"taxonomy":"post_tag","embeddable":true,"href":"https:\/\/luchonoticias.com\/editor\/wp-json\/wp\/v2\/tags?post=75098"}],"curies":[{"name":"wp","href":"https:\/\/api.w.org\/{rel}","templated":true}]}}