{"id":75101,"date":"2024-07-19T04:55:56","date_gmt":"2024-07-19T09:55:56","guid":{"rendered":"https:\/\/luchonoticias.com\/?p=75101"},"modified":"2024-07-19T04:55:56","modified_gmt":"2024-07-19T09:55:56","slug":"gobierno-se-alista-para-contrarrestar-fenomeno-de-la-nina","status":"publish","type":"post","link":"https:\/\/luchonoticias.com\/editor\/gobierno-se-alista-para-contrarrestar-fenomeno-de-la-nina\/","title":{"rendered":"Gobierno se alista para contrarrestar fen\u00f3meno de La Ni\u00f1a"},"content":{"rendered":"<p>Ante la probabilidad de llegada del fen\u00f3meno de La Ni\u00f1a para el trimestre agosto-octubre de este a\u00f1o, el Gobierno lanz\u00f3 la estrategia nacional y el plan de preparaci\u00f3n para la respuesta ante los posibles eventos asociados a este fen\u00f3meno que puedan presentarse en las regiones, de acuerdo con las proyecciones de lluvias en el pa\u00eds.<\/p>\n<p>El plan nacional de alistamiento, respuesta y seguimiento para afrontar La Ni\u00f1a se estima en $7 billones.<\/p>\n<p>El director de la Unidad Nacional para la Gesti\u00f3n del Riesgo de Desastres (UNGRD),\u00a0Carlos Carrillo Arenas, indic\u00f3 que el sistema ya cuenta con un plan operativo para responder a la fase de alistamiento.<\/p>\n<p>\u201cTenemos una fase de alistamiento que, pues es la que ya pas\u00f3, en donde se recopilan los insumos de los sectores y pues aqu\u00ed quiero destacar la participaci\u00f3n activa de todos los sectores del Gobierno nacional y tambi\u00e9n los aportes de los sistemas departamentales de gesti\u00f3n del riesgo\u00bb, dijo Carrillo.<\/p>\n<p>Agreg\u00f3 que \u201cen esa fase de alistamiento hay convenios con las fuerzas operativas, con las Fuerzas Armadas y con los organismos de socorro\u00bb.<\/p>\n<p>Destac\u00f3 que en este plan trabajan de manera articulada la Unidad Nacional para la Gesti\u00f3n del Riesgo de Desastres (UNGRD), el Ministerio de Ambiente y Desarrollo Sostenible, el Instituto de Hidrolog\u00eda, Meteorolog\u00eda y Estudios Ambientales (IDEAM), el Ministerio de Transporte y el Ministerio de Agricultura y Desarrollo Rural.<\/p>\n<p>Carrillo advirti\u00f3 que, seg\u00fan los hist\u00f3ricos nacionales del fen\u00f3meno de La Ni\u00f1a, el pa\u00eds debe prepararse para 2.624 posibles eventos, en promedio 15 eventos diarios, la mayor\u00eda asociados a inundaciones, movimientos en masa y vendavales.<\/p>\n<p>\u201cDesde la Unidad proyectamos afectaciones en 550.000 familias, 16.000 viviendas destruidas, 224.000 viviendas averiadas, 2.201.423 hect\u00e1reas de cultivos comprometidas y 6.184.771 animales afectados\u00bb, asegur\u00f3 Carrillo.<\/p>\n<p>Hizo \u00e9nfasis en que a la fecha nueve departamentos a\u00fan no han presentado sus informes de gesti\u00f3n del riesgo para enfrentar el fen\u00f3meno natural<em>,\u00a0<\/em>a pesar de que se extendi\u00f3 el plazo hasta el 30 de junio.<\/p>\n<p>Estos entes territoriales, a los cuales pidi\u00f3 presentar los informes, son C\u00f3rdoba, Caquet\u00e1, Guain\u00eda, La Guajira, Santander, San Andr\u00e9s Isla, Risaralda, Vaup\u00e9s y Vichada.<\/p>\n<p>Por su parte, la directora general del IDEAM, Ghisliane Echeverry Prieto, dio a conocer las regiones que podr\u00edan ser las m\u00e1s afectadas por el fen\u00f3meno.<\/p>\n<p>\u201cLas regiones donde esperamos que fuera mayor el impacto de este fen\u00f3meno son la regi\u00f3n Pac\u00edfica, Caribe y Andina.\u00a0 La regi\u00f3n Orinoqu\u00eda y la regi\u00f3n Amazon\u00eda hist\u00f3ricamente \u2014muestran nuestros an\u00e1lisis es\u200btad\u00edsticos y los datos que tenemos de monitoreo\u2014 es que estas dos regiones no se ven afectadas por el fen\u00f3meno\u00bb, manifest\u00f3.<\/p>\n","protected":false},"excerpt":{"rendered":"<p>La ministra de Transporte, Mar\u00eda Constanza Garc\u00eda, manifest\u00f3 que hay un sistema de alertas tempranas y que el monitoreo a la red vial es de 24 horas.<\/p>\n","protected":false},"author":2,"featured_media":75102,"comment_status":"closed","ping_status":"open","sticky":false,"template":"","format":"standard","meta":{"footnotes":""},"categories":[28,32],"tags":[],"class_list":["post-75101","post","type-post","status-publish","format-standard","has-post-thumbnail","hentry","category-actualidad","category-nacional"],"yoast_head":"<!-- This site is optimized with the Yoast SEO plugin v26.6 - https:\/\/yoast.com\/wordpress\/plugins\/seo\/ -->\n<title>Gobierno se alista para contrarrestar fen\u00f3meno de La Ni\u00f1a -<\/title>\n<meta name=\"description\" content=\"La ministra de Transporte, Mar\u00eda Constanza Garc\u00eda, manifest\u00f3 que hay un sistema de alertas tempranas y que el monitoreo a la red vial es de 24 horas.\" \/>\n<meta name=\"robots\" content=\"index, follow, max-snippet:-1, max-image-preview:large, max-video-preview:-1\" \/>\n<link rel=\"canonical\" href=\"https:\/\/luchonoticias.com\/editor\/gobierno-se-alista-para-contrarrestar-fenomeno-de-la-nina\/\" \/>\n<meta property=\"og:locale\" content=\"es_ES\" \/>\n<meta property=\"og:type\" content=\"article\" \/>\n<meta property=\"og:title\" content=\"Gobierno se alista para contrarrestar fen\u00f3meno de La Ni\u00f1a -\" \/>\n<meta property=\"og:description\" content=\"La ministra de Transporte, Mar\u00eda Constanza Garc\u00eda, manifest\u00f3 que hay un sistema de alertas tempranas y que el monitoreo a la red vial es de 24 horas.\" \/>\n<meta property=\"og:url\" content=\"https:\/\/luchonoticias.com\/editor\/gobierno-se-alista-para-contrarrestar-fenomeno-de-la-nina\/\" \/>\n<meta property=\"article:publisher\" content=\"https:\/\/www.facebook.com\/luchonoticiasneiva\" \/>\n<meta property=\"article:published_time\" content=\"2024-07-19T09:55:56+00:00\" \/>\n<meta property=\"og:image\" content=\"https:\/\/luchonoticias.com\/editor\/wp-content\/uploads\/2024\/07\/la-nina.jpg\" \/>\n\t<meta property=\"og:image:width\" content=\"700\" \/>\n\t<meta property=\"og:image:height\" content=\"400\" \/>\n\t<meta property=\"og:image:type\" content=\"image\/jpeg\" \/>\n<meta name=\"author\" content=\"Editor General\" \/>\n<meta name=\"twitter:card\" content=\"summary_large_image\" \/>\n<meta name=\"twitter:label1\" content=\"Escrito por\" \/>\n\t<meta name=\"twitter:data1\" content=\"Editor General\" \/>\n\t<meta name=\"twitter:label2\" content=\"Tiempo de lectura\" \/>\n\t<meta name=\"twitter:data2\" content=\"3 minutos\" \/>\n<script type=\"application\/ld+json\" class=\"yoast-schema-graph\">{\"@context\":\"https:\/\/schema.org\",\"@graph\":[{\"@type\":\"Article\",\"@id\":\"https:\/\/luchonoticias.com\/editor\/gobierno-se-alista-para-contrarrestar-fenomeno-de-la-nina\/#article\",\"isPartOf\":{\"@id\":\"https:\/\/luchonoticias.com\/editor\/gobierno-se-alista-para-contrarrestar-fenomeno-de-la-nina\/\"},\"author\":{\"name\":\"Editor General\",\"@id\":\"https:\/\/luchonoticias.com\/editor\/#\/schema\/person\/29217990ddf6f14e35912b2866d591fb\"},\"headline\":\"Gobierno se alista para contrarrestar fen\u00f3meno de La Ni\u00f1a\",\"datePublished\":\"2024-07-19T09:55:56+00:00\",\"mainEntityOfPage\":{\"@id\":\"https:\/\/luchonoticias.com\/editor\/gobierno-se-alista-para-contrarrestar-fenomeno-de-la-nina\/\"},\"wordCount\":469,\"publisher\":{\"@id\":\"https:\/\/luchonoticias.com\/editor\/#\/schema\/person\/7a7fd911f58561fd056dbac7b55af9cd\"},\"image\":{\"@id\":\"https:\/\/luchonoticias.com\/editor\/gobierno-se-alista-para-contrarrestar-fenomeno-de-la-nina\/#primaryimage\"},\"thumbnailUrl\":\"https:\/\/luchonoticias.com\/editor\/wp-content\/uploads\/2024\/07\/la-nina.jpg\",\"articleSection\":[\"Actualidad\",\"Nacional\"],\"inLanguage\":\"es\"},{\"@type\":\"WebPage\",\"@id\":\"https:\/\/luchonoticias.com\/editor\/gobierno-se-alista-para-contrarrestar-fenomeno-de-la-nina\/\",\"url\":\"https:\/\/luchonoticias.com\/editor\/gobierno-se-alista-para-contrarrestar-fenomeno-de-la-nina\/\",\"name\":\"Gobierno se alista para contrarrestar fen\u00f3meno de La Ni\u00f1a -\",\"isPartOf\":{\"@id\":\"https:\/\/luchonoticias.com\/editor\/#website\"},\"primaryImageOfPage\":{\"@id\":\"https:\/\/luchonoticias.com\/editor\/gobierno-se-alista-para-contrarrestar-fenomeno-de-la-nina\/#primaryimage\"},\"image\":{\"@id\":\"https:\/\/luchonoticias.com\/editor\/gobierno-se-alista-para-contrarrestar-fenomeno-de-la-nina\/#primaryimage\"},\"thumbnailUrl\":\"https:\/\/luchonoticias.com\/editor\/wp-content\/uploads\/2024\/07\/la-nina.jpg\",\"datePublished\":\"2024-07-19T09:55:56+00:00\",\"description\":\"La ministra de Transporte, Mar\u00eda Constanza Garc\u00eda, manifest\u00f3 que hay un sistema de alertas tempranas y que el monitoreo a la red vial es de 24 horas.\",\"breadcrumb\":{\"@id\":\"https:\/\/luchonoticias.com\/editor\/gobierno-se-alista-para-contrarrestar-fenomeno-de-la-nina\/#breadcrumb\"},\"inLanguage\":\"es\",\"potentialAction\":[{\"@type\":\"ReadAction\",\"target\":[\"https:\/\/luchonoticias.com\/editor\/gobierno-se-alista-para-contrarrestar-fenomeno-de-la-nina\/\"]}]},{\"@type\":\"ImageObject\",\"inLanguage\":\"es\",\"@id\":\"https:\/\/luchonoticias.com\/editor\/gobierno-se-alista-para-contrarrestar-fenomeno-de-la-nina\/#primaryimage\",\"url\":\"https:\/\/luchonoticias.com\/editor\/wp-content\/uploads\/2024\/07\/la-nina.jpg\",\"contentUrl\":\"https:\/\/luchonoticias.com\/editor\/wp-content\/uploads\/2024\/07\/la-nina.jpg\",\"width\":700,\"height\":400},{\"@type\":\"BreadcrumbList\",\"@id\":\"https:\/\/luchonoticias.com\/editor\/gobierno-se-alista-para-contrarrestar-fenomeno-de-la-nina\/#breadcrumb\",\"itemListElement\":[{\"@type\":\"ListItem\",\"position\":1,\"name\":\"Portada\",\"item\":\"https:\/\/luchonoticias.com\/editor\/\"},{\"@type\":\"ListItem\",\"position\":2,\"name\":\"Gobierno se alista para contrarrestar fen\u00f3meno de La Ni\u00f1a\"}]},{\"@type\":\"WebSite\",\"@id\":\"https:\/\/luchonoticias.com\/editor\/#website\",\"url\":\"https:\/\/luchonoticias.com\/editor\/\",\"name\":\"\",\"description\":\"\",\"publisher\":{\"@id\":\"https:\/\/luchonoticias.com\/editor\/#\/schema\/person\/7a7fd911f58561fd056dbac7b55af9cd\"},\"potentialAction\":[{\"@type\":\"SearchAction\",\"target\":{\"@type\":\"EntryPoint\",\"urlTemplate\":\"https:\/\/luchonoticias.com\/editor\/?s={search_term_string}\"},\"query-input\":{\"@type\":\"PropertyValueSpecification\",\"valueRequired\":true,\"valueName\":\"search_term_string\"}}],\"inLanguage\":\"es\"},{\"@type\":[\"Person\",\"Organization\"],\"@id\":\"https:\/\/luchonoticias.com\/editor\/#\/schema\/person\/7a7fd911f58561fd056dbac7b55af9cd\",\"name\":\"admin\",\"image\":{\"@type\":\"ImageObject\",\"inLanguage\":\"es\",\"@id\":\"https:\/\/luchonoticias.com\/editor\/#\/schema\/person\/image\/\",\"url\":\"https:\/\/luchonoticias.com\/editor\/wp-content\/uploads\/2024\/02\/cropped-cropped-logolu.webp\",\"contentUrl\":\"https:\/\/luchonoticias.com\/editor\/wp-content\/uploads\/2024\/02\/cropped-cropped-logolu.webp\",\"width\":382,\"height\":170,\"caption\":\"admin\"},\"logo\":{\"@id\":\"https:\/\/luchonoticias.com\/editor\/#\/schema\/person\/image\/\"},\"sameAs\":[\"https:\/\/www.facebook.com\/luchonoticiasneiva\"]},{\"@type\":\"Person\",\"@id\":\"https:\/\/luchonoticias.com\/editor\/#\/schema\/person\/29217990ddf6f14e35912b2866d591fb\",\"name\":\"Editor General\",\"image\":{\"@type\":\"ImageObject\",\"inLanguage\":\"es\",\"@id\":\"https:\/\/luchonoticias.com\/editor\/#\/schema\/person\/image\/\",\"url\":\"https:\/\/luchonoticias.com\/editor\/wp-content\/uploads\/2024\/02\/cropped-cropped-logolu-150x150.webp\",\"contentUrl\":\"https:\/\/luchonoticias.com\/editor\/wp-content\/uploads\/2024\/02\/cropped-cropped-logolu-150x150.webp\",\"caption\":\"Editor General\"},\"sameAs\":[\"https:\/\/luchonoticias.com\/\"],\"url\":\"https:\/\/luchonoticias.com\/editor\/author\/editor-general\/\"}]}<\/script>\n<!-- \/ Yoast SEO plugin. -->","yoast_head_json":{"title":"Gobierno se alista para contrarrestar fen\u00f3meno de La Ni\u00f1a -","description":"La ministra de Transporte, Mar\u00eda Constanza Garc\u00eda, manifest\u00f3 que hay un sistema de alertas tempranas y que el monitoreo a la red vial es de 24 horas.","robots":{"index":"index","follow":"follow","max-snippet":"max-snippet:-1","max-image-preview":"max-image-preview:large","max-video-preview":"max-video-preview:-1"},"canonical":"https:\/\/luchonoticias.com\/editor\/gobierno-se-alista-para-contrarrestar-fenomeno-de-la-nina\/","og_locale":"es_ES","og_type":"article","og_title":"Gobierno se alista para contrarrestar fen\u00f3meno de La Ni\u00f1a -","og_description":"La ministra de Transporte, Mar\u00eda Constanza Garc\u00eda, manifest\u00f3 que hay un sistema de alertas tempranas y que el monitoreo a la red vial es de 24 horas.","og_url":"https:\/\/luchonoticias.com\/editor\/gobierno-se-alista-para-contrarrestar-fenomeno-de-la-nina\/","article_publisher":"https:\/\/www.facebook.com\/luchonoticiasneiva","article_published_time":"2024-07-19T09:55:56+00:00","og_image":[{"width":700,"height":400,"url":"https:\/\/luchonoticias.com\/editor\/wp-content\/uploads\/2024\/07\/la-nina.jpg","type":"image\/jpeg"}],"author":"Editor General","twitter_card":"summary_large_image","twitter_misc":{"Escrito por":"Editor General","Tiempo de lectura":"3 minutos"},"schema":{"@context":"https:\/\/schema.org","@graph":[{"@type":"Article","@id":"https:\/\/luchonoticias.com\/editor\/gobierno-se-alista-para-contrarrestar-fenomeno-de-la-nina\/#article","isPartOf":{"@id":"https:\/\/luchonoticias.com\/editor\/gobierno-se-alista-para-contrarrestar-fenomeno-de-la-nina\/"},"author":{"name":"Editor General","@id":"https:\/\/luchonoticias.com\/editor\/#\/schema\/person\/29217990ddf6f14e35912b2866d591fb"},"headline":"Gobierno se alista para contrarrestar fen\u00f3meno de La Ni\u00f1a","datePublished":"2024-07-19T09:55:56+00:00","mainEntityOfPage":{"@id":"https:\/\/luchonoticias.com\/editor\/gobierno-se-alista-para-contrarrestar-fenomeno-de-la-nina\/"},"wordCount":469,"publisher":{"@id":"https:\/\/luchonoticias.com\/editor\/#\/schema\/person\/7a7fd911f58561fd056dbac7b55af9cd"},"image":{"@id":"https:\/\/luchonoticias.com\/editor\/gobierno-se-alista-para-contrarrestar-fenomeno-de-la-nina\/#primaryimage"},"thumbnailUrl":"https:\/\/luchonoticias.com\/editor\/wp-content\/uploads\/2024\/07\/la-nina.jpg","articleSection":["Actualidad","Nacional"],"inLanguage":"es"},{"@type":"WebPage","@id":"https:\/\/luchonoticias.com\/editor\/gobierno-se-alista-para-contrarrestar-fenomeno-de-la-nina\/","url":"https:\/\/luchonoticias.com\/editor\/gobierno-se-alista-para-contrarrestar-fenomeno-de-la-nina\/","name":"Gobierno se alista para contrarrestar fen\u00f3meno de La Ni\u00f1a -","isPartOf":{"@id":"https:\/\/luchonoticias.com\/editor\/#website"},"primaryImageOfPage":{"@id":"https:\/\/luchonoticias.com\/editor\/gobierno-se-alista-para-contrarrestar-fenomeno-de-la-nina\/#primaryimage"},"image":{"@id":"https:\/\/luchonoticias.com\/editor\/gobierno-se-alista-para-contrarrestar-fenomeno-de-la-nina\/#primaryimage"},"thumbnailUrl":"https:\/\/luchonoticias.com\/editor\/wp-content\/uploads\/2024\/07\/la-nina.jpg","datePublished":"2024-07-19T09:55:56+00:00","description":"La ministra de Transporte, Mar\u00eda Constanza Garc\u00eda, manifest\u00f3 que hay un sistema de alertas tempranas y que el monitoreo a la red vial es de 24 horas.","breadcrumb":{"@id":"https:\/\/luchonoticias.com\/editor\/gobierno-se-alista-para-contrarrestar-fenomeno-de-la-nina\/#breadcrumb"},"inLanguage":"es","potentialAction":[{"@type":"ReadAction","target":["https:\/\/luchonoticias.com\/editor\/gobierno-se-alista-para-contrarrestar-fenomeno-de-la-nina\/"]}]},{"@type":"ImageObject","inLanguage":"es","@id":"https:\/\/luchonoticias.com\/editor\/gobierno-se-alista-para-contrarrestar-fenomeno-de-la-nina\/#primaryimage","url":"https:\/\/luchonoticias.com\/editor\/wp-content\/uploads\/2024\/07\/la-nina.jpg","contentUrl":"https:\/\/luchonoticias.com\/editor\/wp-content\/uploads\/2024\/07\/la-nina.jpg","width":700,"height":400},{"@type":"BreadcrumbList","@id":"https:\/\/luchonoticias.com\/editor\/gobierno-se-alista-para-contrarrestar-fenomeno-de-la-nina\/#breadcrumb","itemListElement":[{"@type":"ListItem","position":1,"name":"Portada","item":"https:\/\/luchonoticias.com\/editor\/"},{"@type":"ListItem","position":2,"name":"Gobierno se alista para contrarrestar fen\u00f3meno de La Ni\u00f1a"}]},{"@type":"WebSite","@id":"https:\/\/luchonoticias.com\/editor\/#website","url":"https:\/\/luchonoticias.com\/editor\/","name":"","description":"","publisher":{"@id":"https:\/\/luchonoticias.com\/editor\/#\/schema\/person\/7a7fd911f58561fd056dbac7b55af9cd"},"potentialAction":[{"@type":"SearchAction","target":{"@type":"EntryPoint","urlTemplate":"https:\/\/luchonoticias.com\/editor\/?s={search_term_string}"},"query-input":{"@type":"PropertyValueSpecification","valueRequired":true,"valueName":"search_term_string"}}],"inLanguage":"es"},{"@type":["Person","Organization"],"@id":"https:\/\/luchonoticias.com\/editor\/#\/schema\/person\/7a7fd911f58561fd056dbac7b55af9cd","name":"admin","image":{"@type":"ImageObject","inLanguage":"es","@id":"https:\/\/luchonoticias.com\/editor\/#\/schema\/person\/image\/","url":"https:\/\/luchonoticias.com\/editor\/wp-content\/uploads\/2024\/02\/cropped-cropped-logolu.webp","contentUrl":"https:\/\/luchonoticias.com\/editor\/wp-content\/uploads\/2024\/02\/cropped-cropped-logolu.webp","width":382,"height":170,"caption":"admin"},"logo":{"@id":"https:\/\/luchonoticias.com\/editor\/#\/schema\/person\/image\/"},"sameAs":["https:\/\/www.facebook.com\/luchonoticiasneiva"]},{"@type":"Person","@id":"https:\/\/luchonoticias.com\/editor\/#\/schema\/person\/29217990ddf6f14e35912b2866d591fb","name":"Editor General","image":{"@type":"ImageObject","inLanguage":"es","@id":"https:\/\/luchonoticias.com\/editor\/#\/schema\/person\/image\/","url":"https:\/\/luchonoticias.com\/editor\/wp-content\/uploads\/2024\/02\/cropped-cropped-logolu-150x150.webp","contentUrl":"https:\/\/luchonoticias.com\/editor\/wp-content\/uploads\/2024\/02\/cropped-cropped-logolu-150x150.webp","caption":"Editor General"},"sameAs":["https:\/\/luchonoticias.com\/"],"url":"https:\/\/luchonoticias.com\/editor\/author\/editor-general\/"}]}},"_links":{"self":[{"href":"https:\/\/luchonoticias.com\/editor\/wp-json\/wp\/v2\/posts\/75101","targetHints":{"allow":["GET"]}}],"collection":[{"href":"https:\/\/luchonoticias.com\/editor\/wp-json\/wp\/v2\/posts"}],"about":[{"href":"https:\/\/luchonoticias.com\/editor\/wp-json\/wp\/v2\/types\/post"}],"author":[{"embeddable":true,"href":"https:\/\/luchonoticias.com\/editor\/wp-json\/wp\/v2\/users\/2"}],"replies":[{"embeddable":true,"href":"https:\/\/luchonoticias.com\/editor\/wp-json\/wp\/v2\/comments?post=75101"}],"version-history":[{"count":1,"href":"https:\/\/luchonoticias.com\/editor\/wp-json\/wp\/v2\/posts\/75101\/revisions"}],"predecessor-version":[{"id":75103,"href":"https:\/\/luchonoticias.com\/editor\/wp-json\/wp\/v2\/posts\/75101\/revisions\/75103"}],"wp:featuredmedia":[{"embeddable":true,"href":"https:\/\/luchonoticias.com\/editor\/wp-json\/wp\/v2\/media\/75102"}],"wp:attachment":[{"href":"https:\/\/luchonoticias.com\/editor\/wp-json\/wp\/v2\/media?parent=75101"}],"wp:term":[{"taxonomy":"category","embeddable":true,"href":"https:\/\/luchonoticias.com\/editor\/wp-json\/wp\/v2\/categories?post=75101"},{"taxonomy":"post_tag","embeddable":true,"href":"https:\/\/luchonoticias.com\/editor\/wp-json\/wp\/v2\/tags?post=75101"}],"curies":[{"name":"wp","href":"https:\/\/api.w.org\/{rel}","templated":true}]}}