{"id":75107,"date":"2024-07-19T05:03:01","date_gmt":"2024-07-19T10:03:01","guid":{"rendered":"https:\/\/luchonoticias.com\/?p=75107"},"modified":"2024-07-19T05:03:01","modified_gmt":"2024-07-19T10:03:01","slug":"falcao-debuto-con-empate-en-millonarios","status":"publish","type":"post","link":"https:\/\/luchonoticias.com\/editor\/falcao-debuto-con-empate-en-millonarios\/","title":{"rendered":"Falcao debut\u00f3 con empate en Millonarios"},"content":{"rendered":"<p>I<strong>ndependiente Medell\u00edn<\/strong>\u00a0recibi\u00f3 a\u00a0<strong>Millonarios\u00a0<\/strong>en la<strong>\u00a0fecha 1<\/strong>\u00a0de la<strong>\u00a0Liga Betplay 2024-2\u00a0<\/strong>con un condicionante bastante especial. En el cuadro embajador se esperaba por el debut de\u00a0<strong>Radamel Falcao<\/strong>\u00a0Garc\u00eda, el gran fichaje del mercado de pases del FPC. Sin embargo, el tigre arranc\u00f3 como suplente.<\/p>\n<p>Desde los primeros minutos, el equipo dirigido por\u00a0<strong>Alfredo Arias\u00a0<\/strong>sali\u00f3 al terreno de juego a comerse el campo. Los poderosos sab\u00edan que era un compromiso especial y desde las primeras acciones generaron peligro en la porter\u00eda defendida por\u00a0<strong>Iv\u00e1n Arboleda.\u00a0<\/strong>El desarrollo de los primeros minutos dej\u00f3 ver cierta debilidad en la defensa azul.<\/p>\n<p>Los poderosos generaron varias acciones de peligro, especialmente por la banda izquierda, en donde el venezolano\u00a0<strong>Delvin Alfonzo<\/strong>\u00a0y\u00a0<strong>Andr\u00e9s Llin\u00e1s\u00a0<\/strong>no pudieron contener los ataques. Los paisas siguieron insistiendo hasta condicionar a la defensa rival y romper la paridad al minuto 43.<\/p>\n<p><strong>Brayan Le\u00f3n\u00a0<\/strong>se invent\u00f3 una gran jugada personal por el sector izquierdo del campo. El atacante del elenco antioque\u00f1o se le escap\u00f3 a Llin\u00e1s y acab\u00f3 entrando hasta la l\u00ednea de gol para definir entre las piernas del guardameta azul en lo que fue el<strong>\u00a01-0\u00a0para el cuadro\u00a0local.<\/strong><\/p>\n<p>Tras el entretiempo,\u00a0<strong>Alberto Gamero<\/strong>\u00a0tom\u00f3 la decisi\u00f3n de hacer cambios de inmediato. Daniel Giraldo sali\u00f3 del terreno de juego para darle ingreso a Falcao en lo que fue su debut en la primera divisi\u00f3n del FPC. El samario no tard\u00f3 mucho en hacerse presente en el<strong>\u00a0Atanasio Girardot.<\/strong><\/p>\n<p>Al minuto 53, en una jugada de contragolpe, la pelota cay\u00f3 en los pies de\u00a0<strong>Macalister Silva<\/strong>\u00a0y este se la dej\u00f3 servida al goleador, pero la intervenci\u00f3n de\u00a0<strong>Eder Chaux<\/strong>\u00a0evit\u00f3 lo que era el empate de los bogotanos. Una acci\u00f3n que por poco hacer celebrar a toda la hinchada del conjunto azul y blanco.<\/p>\n<p>Medell\u00edn empez\u00f3 a manejar el partido para quedarse con el resultado. Los paisas estuvieron generando peligro constante sobre el \u00e1rea del elenco visitante. Incluso<strong>, Daniel Mantilla y Andr\u00e9s Llin\u00e1s<\/strong>\u00a0recibieron dos tarjetas amarillas que pudieron ser roja.<\/p>\n<p>Cuando todo parec\u00eda irse al pitazo final con el triunfo local, apareci\u00f3\u00a0<strong>Santiago Giordana<\/strong>. El atacante argentino puso el empate del cuadro embajador al minuto 95 para rescatar un punto a favor del elenco albiazul.<\/p>\n<div class=\"field field--name-body field--type-text-with-summary field--label-hidden field--item\">\n<p>Con este resultado,<strong>\u00a0Millonarios<\/strong>\u00a0deber\u00e1 buscar un triunfo\u00a0en su pr\u00f3ximo partido ante\u00a0<strong>Bucaramanga<\/strong>.\u00a0<strong>Medell\u00edn<\/strong>, por su parte, enfrentar\u00e1 a\u00a0<strong>Deportivo Pereira\u00a0<\/strong>en condici\u00f3n de visitante.<\/p>\n<\/div>\n<div class=\"field field--name-field-source field--type-string field--label-above\"><\/div>\n<div>Con informaci\u00f3n y foto de Antena 2.<\/div>\n","protected":false},"excerpt":{"rendered":"<p>El veterano delantero ingres\u00f3 en el segundo tiempo en el empate de visitante ante Medell\u00edn. <\/p>\n","protected":false},"author":2,"featured_media":75108,"comment_status":"closed","ping_status":"open","sticky":false,"template":"","format":"standard","meta":{"footnotes":""},"categories":[34],"tags":[],"class_list":["post-75107","post","type-post","status-publish","format-standard","has-post-thumbnail","hentry","category-deportes"],"yoast_head":"<!-- This site is optimized with the Yoast SEO plugin v26.6 - https:\/\/yoast.com\/wordpress\/plugins\/seo\/ -->\n<title>Falcao debut\u00f3 con empate en Millonarios -<\/title>\n<meta name=\"description\" content=\"El veterano delantero ingres\u00f3 en el segundo tiempo en el empate de visitante ante Medell\u00edn.\" \/>\n<meta name=\"robots\" content=\"index, follow, max-snippet:-1, max-image-preview:large, max-video-preview:-1\" \/>\n<link rel=\"canonical\" href=\"https:\/\/luchonoticias.com\/editor\/falcao-debuto-con-empate-en-millonarios\/\" \/>\n<meta property=\"og:locale\" content=\"es_ES\" \/>\n<meta property=\"og:type\" content=\"article\" \/>\n<meta property=\"og:title\" content=\"Falcao debut\u00f3 con empate en Millonarios -\" \/>\n<meta property=\"og:description\" content=\"El veterano delantero ingres\u00f3 en el segundo tiempo en el empate de visitante ante Medell\u00edn.\" \/>\n<meta property=\"og:url\" content=\"https:\/\/luchonoticias.com\/editor\/falcao-debuto-con-empate-en-millonarios\/\" \/>\n<meta property=\"article:publisher\" content=\"https:\/\/www.facebook.com\/luchonoticiasneiva\" \/>\n<meta property=\"article:published_time\" content=\"2024-07-19T10:03:01+00:00\" \/>\n<meta property=\"og:image\" content=\"https:\/\/luchonoticias.com\/editor\/wp-content\/uploads\/2024\/07\/millonarios-falcao.jpg\" \/>\n\t<meta property=\"og:image:width\" content=\"700\" \/>\n\t<meta property=\"og:image:height\" content=\"400\" \/>\n\t<meta property=\"og:image:type\" content=\"image\/jpeg\" \/>\n<meta name=\"author\" content=\"Editor General\" \/>\n<meta name=\"twitter:card\" content=\"summary_large_image\" \/>\n<meta name=\"twitter:label1\" content=\"Escrito por\" \/>\n\t<meta name=\"twitter:data1\" content=\"Editor General\" \/>\n\t<meta name=\"twitter:label2\" content=\"Tiempo de lectura\" \/>\n\t<meta name=\"twitter:data2\" content=\"3 minutos\" \/>\n<script type=\"application\/ld+json\" class=\"yoast-schema-graph\">{\"@context\":\"https:\/\/schema.org\",\"@graph\":[{\"@type\":\"Article\",\"@id\":\"https:\/\/luchonoticias.com\/editor\/falcao-debuto-con-empate-en-millonarios\/#article\",\"isPartOf\":{\"@id\":\"https:\/\/luchonoticias.com\/editor\/falcao-debuto-con-empate-en-millonarios\/\"},\"author\":{\"name\":\"Editor General\",\"@id\":\"https:\/\/luchonoticias.com\/editor\/#\/schema\/person\/29217990ddf6f14e35912b2866d591fb\"},\"headline\":\"Falcao debut\u00f3 con empate en Millonarios\",\"datePublished\":\"2024-07-19T10:03:01+00:00\",\"mainEntityOfPage\":{\"@id\":\"https:\/\/luchonoticias.com\/editor\/falcao-debuto-con-empate-en-millonarios\/\"},\"wordCount\":430,\"publisher\":{\"@id\":\"https:\/\/luchonoticias.com\/editor\/#\/schema\/person\/7a7fd911f58561fd056dbac7b55af9cd\"},\"image\":{\"@id\":\"https:\/\/luchonoticias.com\/editor\/falcao-debuto-con-empate-en-millonarios\/#primaryimage\"},\"thumbnailUrl\":\"https:\/\/luchonoticias.com\/editor\/wp-content\/uploads\/2024\/07\/millonarios-falcao.jpg\",\"articleSection\":[\"Deportes\"],\"inLanguage\":\"es\"},{\"@type\":\"WebPage\",\"@id\":\"https:\/\/luchonoticias.com\/editor\/falcao-debuto-con-empate-en-millonarios\/\",\"url\":\"https:\/\/luchonoticias.com\/editor\/falcao-debuto-con-empate-en-millonarios\/\",\"name\":\"Falcao debut\u00f3 con empate en Millonarios -\",\"isPartOf\":{\"@id\":\"https:\/\/luchonoticias.com\/editor\/#website\"},\"primaryImageOfPage\":{\"@id\":\"https:\/\/luchonoticias.com\/editor\/falcao-debuto-con-empate-en-millonarios\/#primaryimage\"},\"image\":{\"@id\":\"https:\/\/luchonoticias.com\/editor\/falcao-debuto-con-empate-en-millonarios\/#primaryimage\"},\"thumbnailUrl\":\"https:\/\/luchonoticias.com\/editor\/wp-content\/uploads\/2024\/07\/millonarios-falcao.jpg\",\"datePublished\":\"2024-07-19T10:03:01+00:00\",\"description\":\"El veterano delantero ingres\u00f3 en el segundo tiempo en el empate de visitante ante Medell\u00edn.\",\"breadcrumb\":{\"@id\":\"https:\/\/luchonoticias.com\/editor\/falcao-debuto-con-empate-en-millonarios\/#breadcrumb\"},\"inLanguage\":\"es\",\"potentialAction\":[{\"@type\":\"ReadAction\",\"target\":[\"https:\/\/luchonoticias.com\/editor\/falcao-debuto-con-empate-en-millonarios\/\"]}]},{\"@type\":\"ImageObject\",\"inLanguage\":\"es\",\"@id\":\"https:\/\/luchonoticias.com\/editor\/falcao-debuto-con-empate-en-millonarios\/#primaryimage\",\"url\":\"https:\/\/luchonoticias.com\/editor\/wp-content\/uploads\/2024\/07\/millonarios-falcao.jpg\",\"contentUrl\":\"https:\/\/luchonoticias.com\/editor\/wp-content\/uploads\/2024\/07\/millonarios-falcao.jpg\",\"width\":700,\"height\":400},{\"@type\":\"BreadcrumbList\",\"@id\":\"https:\/\/luchonoticias.com\/editor\/falcao-debuto-con-empate-en-millonarios\/#breadcrumb\",\"itemListElement\":[{\"@type\":\"ListItem\",\"position\":1,\"name\":\"Portada\",\"item\":\"https:\/\/luchonoticias.com\/editor\/\"},{\"@type\":\"ListItem\",\"position\":2,\"name\":\"Falcao debut\u00f3 con empate en Millonarios\"}]},{\"@type\":\"WebSite\",\"@id\":\"https:\/\/luchonoticias.com\/editor\/#website\",\"url\":\"https:\/\/luchonoticias.com\/editor\/\",\"name\":\"\",\"description\":\"\",\"publisher\":{\"@id\":\"https:\/\/luchonoticias.com\/editor\/#\/schema\/person\/7a7fd911f58561fd056dbac7b55af9cd\"},\"potentialAction\":[{\"@type\":\"SearchAction\",\"target\":{\"@type\":\"EntryPoint\",\"urlTemplate\":\"https:\/\/luchonoticias.com\/editor\/?s={search_term_string}\"},\"query-input\":{\"@type\":\"PropertyValueSpecification\",\"valueRequired\":true,\"valueName\":\"search_term_string\"}}],\"inLanguage\":\"es\"},{\"@type\":[\"Person\",\"Organization\"],\"@id\":\"https:\/\/luchonoticias.com\/editor\/#\/schema\/person\/7a7fd911f58561fd056dbac7b55af9cd\",\"name\":\"admin\",\"image\":{\"@type\":\"ImageObject\",\"inLanguage\":\"es\",\"@id\":\"https:\/\/luchonoticias.com\/editor\/#\/schema\/person\/image\/\",\"url\":\"https:\/\/luchonoticias.com\/editor\/wp-content\/uploads\/2024\/02\/cropped-cropped-logolu.webp\",\"contentUrl\":\"https:\/\/luchonoticias.com\/editor\/wp-content\/uploads\/2024\/02\/cropped-cropped-logolu.webp\",\"width\":382,\"height\":170,\"caption\":\"admin\"},\"logo\":{\"@id\":\"https:\/\/luchonoticias.com\/editor\/#\/schema\/person\/image\/\"},\"sameAs\":[\"https:\/\/www.facebook.com\/luchonoticiasneiva\"]},{\"@type\":\"Person\",\"@id\":\"https:\/\/luchonoticias.com\/editor\/#\/schema\/person\/29217990ddf6f14e35912b2866d591fb\",\"name\":\"Editor General\",\"image\":{\"@type\":\"ImageObject\",\"inLanguage\":\"es\",\"@id\":\"https:\/\/luchonoticias.com\/editor\/#\/schema\/person\/image\/\",\"url\":\"https:\/\/luchonoticias.com\/editor\/wp-content\/uploads\/2024\/02\/cropped-cropped-logolu-150x150.webp\",\"contentUrl\":\"https:\/\/luchonoticias.com\/editor\/wp-content\/uploads\/2024\/02\/cropped-cropped-logolu-150x150.webp\",\"caption\":\"Editor General\"},\"sameAs\":[\"https:\/\/luchonoticias.com\/\"],\"url\":\"https:\/\/luchonoticias.com\/editor\/author\/editor-general\/\"}]}<\/script>\n<!-- \/ Yoast SEO plugin. -->","yoast_head_json":{"title":"Falcao debut\u00f3 con empate en Millonarios -","description":"El veterano delantero ingres\u00f3 en el segundo tiempo en el empate de visitante ante Medell\u00edn.","robots":{"index":"index","follow":"follow","max-snippet":"max-snippet:-1","max-image-preview":"max-image-preview:large","max-video-preview":"max-video-preview:-1"},"canonical":"https:\/\/luchonoticias.com\/editor\/falcao-debuto-con-empate-en-millonarios\/","og_locale":"es_ES","og_type":"article","og_title":"Falcao debut\u00f3 con empate en Millonarios -","og_description":"El veterano delantero ingres\u00f3 en el segundo tiempo en el empate de visitante ante Medell\u00edn.","og_url":"https:\/\/luchonoticias.com\/editor\/falcao-debuto-con-empate-en-millonarios\/","article_publisher":"https:\/\/www.facebook.com\/luchonoticiasneiva","article_published_time":"2024-07-19T10:03:01+00:00","og_image":[{"width":700,"height":400,"url":"https:\/\/luchonoticias.com\/editor\/wp-content\/uploads\/2024\/07\/millonarios-falcao.jpg","type":"image\/jpeg"}],"author":"Editor General","twitter_card":"summary_large_image","twitter_misc":{"Escrito por":"Editor General","Tiempo de lectura":"3 minutos"},"schema":{"@context":"https:\/\/schema.org","@graph":[{"@type":"Article","@id":"https:\/\/luchonoticias.com\/editor\/falcao-debuto-con-empate-en-millonarios\/#article","isPartOf":{"@id":"https:\/\/luchonoticias.com\/editor\/falcao-debuto-con-empate-en-millonarios\/"},"author":{"name":"Editor General","@id":"https:\/\/luchonoticias.com\/editor\/#\/schema\/person\/29217990ddf6f14e35912b2866d591fb"},"headline":"Falcao debut\u00f3 con empate en Millonarios","datePublished":"2024-07-19T10:03:01+00:00","mainEntityOfPage":{"@id":"https:\/\/luchonoticias.com\/editor\/falcao-debuto-con-empate-en-millonarios\/"},"wordCount":430,"publisher":{"@id":"https:\/\/luchonoticias.com\/editor\/#\/schema\/person\/7a7fd911f58561fd056dbac7b55af9cd"},"image":{"@id":"https:\/\/luchonoticias.com\/editor\/falcao-debuto-con-empate-en-millonarios\/#primaryimage"},"thumbnailUrl":"https:\/\/luchonoticias.com\/editor\/wp-content\/uploads\/2024\/07\/millonarios-falcao.jpg","articleSection":["Deportes"],"inLanguage":"es"},{"@type":"WebPage","@id":"https:\/\/luchonoticias.com\/editor\/falcao-debuto-con-empate-en-millonarios\/","url":"https:\/\/luchonoticias.com\/editor\/falcao-debuto-con-empate-en-millonarios\/","name":"Falcao debut\u00f3 con empate en Millonarios -","isPartOf":{"@id":"https:\/\/luchonoticias.com\/editor\/#website"},"primaryImageOfPage":{"@id":"https:\/\/luchonoticias.com\/editor\/falcao-debuto-con-empate-en-millonarios\/#primaryimage"},"image":{"@id":"https:\/\/luchonoticias.com\/editor\/falcao-debuto-con-empate-en-millonarios\/#primaryimage"},"thumbnailUrl":"https:\/\/luchonoticias.com\/editor\/wp-content\/uploads\/2024\/07\/millonarios-falcao.jpg","datePublished":"2024-07-19T10:03:01+00:00","description":"El veterano delantero ingres\u00f3 en el segundo tiempo en el empate de visitante ante Medell\u00edn.","breadcrumb":{"@id":"https:\/\/luchonoticias.com\/editor\/falcao-debuto-con-empate-en-millonarios\/#breadcrumb"},"inLanguage":"es","potentialAction":[{"@type":"ReadAction","target":["https:\/\/luchonoticias.com\/editor\/falcao-debuto-con-empate-en-millonarios\/"]}]},{"@type":"ImageObject","inLanguage":"es","@id":"https:\/\/luchonoticias.com\/editor\/falcao-debuto-con-empate-en-millonarios\/#primaryimage","url":"https:\/\/luchonoticias.com\/editor\/wp-content\/uploads\/2024\/07\/millonarios-falcao.jpg","contentUrl":"https:\/\/luchonoticias.com\/editor\/wp-content\/uploads\/2024\/07\/millonarios-falcao.jpg","width":700,"height":400},{"@type":"BreadcrumbList","@id":"https:\/\/luchonoticias.com\/editor\/falcao-debuto-con-empate-en-millonarios\/#breadcrumb","itemListElement":[{"@type":"ListItem","position":1,"name":"Portada","item":"https:\/\/luchonoticias.com\/editor\/"},{"@type":"ListItem","position":2,"name":"Falcao debut\u00f3 con empate en Millonarios"}]},{"@type":"WebSite","@id":"https:\/\/luchonoticias.com\/editor\/#website","url":"https:\/\/luchonoticias.com\/editor\/","name":"","description":"","publisher":{"@id":"https:\/\/luchonoticias.com\/editor\/#\/schema\/person\/7a7fd911f58561fd056dbac7b55af9cd"},"potentialAction":[{"@type":"SearchAction","target":{"@type":"EntryPoint","urlTemplate":"https:\/\/luchonoticias.com\/editor\/?s={search_term_string}"},"query-input":{"@type":"PropertyValueSpecification","valueRequired":true,"valueName":"search_term_string"}}],"inLanguage":"es"},{"@type":["Person","Organization"],"@id":"https:\/\/luchonoticias.com\/editor\/#\/schema\/person\/7a7fd911f58561fd056dbac7b55af9cd","name":"admin","image":{"@type":"ImageObject","inLanguage":"es","@id":"https:\/\/luchonoticias.com\/editor\/#\/schema\/person\/image\/","url":"https:\/\/luchonoticias.com\/editor\/wp-content\/uploads\/2024\/02\/cropped-cropped-logolu.webp","contentUrl":"https:\/\/luchonoticias.com\/editor\/wp-content\/uploads\/2024\/02\/cropped-cropped-logolu.webp","width":382,"height":170,"caption":"admin"},"logo":{"@id":"https:\/\/luchonoticias.com\/editor\/#\/schema\/person\/image\/"},"sameAs":["https:\/\/www.facebook.com\/luchonoticiasneiva"]},{"@type":"Person","@id":"https:\/\/luchonoticias.com\/editor\/#\/schema\/person\/29217990ddf6f14e35912b2866d591fb","name":"Editor General","image":{"@type":"ImageObject","inLanguage":"es","@id":"https:\/\/luchonoticias.com\/editor\/#\/schema\/person\/image\/","url":"https:\/\/luchonoticias.com\/editor\/wp-content\/uploads\/2024\/02\/cropped-cropped-logolu-150x150.webp","contentUrl":"https:\/\/luchonoticias.com\/editor\/wp-content\/uploads\/2024\/02\/cropped-cropped-logolu-150x150.webp","caption":"Editor General"},"sameAs":["https:\/\/luchonoticias.com\/"],"url":"https:\/\/luchonoticias.com\/editor\/author\/editor-general\/"}]}},"_links":{"self":[{"href":"https:\/\/luchonoticias.com\/editor\/wp-json\/wp\/v2\/posts\/75107","targetHints":{"allow":["GET"]}}],"collection":[{"href":"https:\/\/luchonoticias.com\/editor\/wp-json\/wp\/v2\/posts"}],"about":[{"href":"https:\/\/luchonoticias.com\/editor\/wp-json\/wp\/v2\/types\/post"}],"author":[{"embeddable":true,"href":"https:\/\/luchonoticias.com\/editor\/wp-json\/wp\/v2\/users\/2"}],"replies":[{"embeddable":true,"href":"https:\/\/luchonoticias.com\/editor\/wp-json\/wp\/v2\/comments?post=75107"}],"version-history":[{"count":1,"href":"https:\/\/luchonoticias.com\/editor\/wp-json\/wp\/v2\/posts\/75107\/revisions"}],"predecessor-version":[{"id":75109,"href":"https:\/\/luchonoticias.com\/editor\/wp-json\/wp\/v2\/posts\/75107\/revisions\/75109"}],"wp:featuredmedia":[{"embeddable":true,"href":"https:\/\/luchonoticias.com\/editor\/wp-json\/wp\/v2\/media\/75108"}],"wp:attachment":[{"href":"https:\/\/luchonoticias.com\/editor\/wp-json\/wp\/v2\/media?parent=75107"}],"wp:term":[{"taxonomy":"category","embeddable":true,"href":"https:\/\/luchonoticias.com\/editor\/wp-json\/wp\/v2\/categories?post=75107"},{"taxonomy":"post_tag","embeddable":true,"href":"https:\/\/luchonoticias.com\/editor\/wp-json\/wp\/v2\/tags?post=75107"}],"curies":[{"name":"wp","href":"https:\/\/api.w.org\/{rel}","templated":true}]}}