{"id":75110,"date":"2024-07-19T16:48:50","date_gmt":"2024-07-19T21:48:50","guid":{"rendered":"https:\/\/luchonoticias.com\/?p=75110"},"modified":"2024-07-19T16:48:50","modified_gmt":"2024-07-19T21:48:50","slug":"militares-a-responder-por-muerte-de-11-personas-en-putumayo","status":"publish","type":"post","link":"https:\/\/luchonoticias.com\/editor\/militares-a-responder-por-muerte-de-11-personas-en-putumayo\/","title":{"rendered":"Militares a responder por muerte de 11 personas en Putumayo"},"content":{"rendered":"<p>La Fiscal\u00eda de la Direcci\u00f3n Especializada contra las Violaciones a los Derechos Humanos present\u00f3 imput\u00f3 cargos a 24 militares, que estar\u00edan involucrados en la muerte de 11 civiles el 28 de marzo de 2022, en el caser\u00edo Alto Remanso, en zona rural de Puerto Legu\u00edzamo (Putumayo).<\/p>\n<p>La audiencia que se adelant\u00f3 ayer ante un juez de control de garant\u00edas de Puerto Legu\u00edzamo, el fiscal le imput\u00f3 a los uniformados los delitos de homicidio en personas protegida y homicidio en persona protegida tentado. Los cargos no fueron aceptados.<\/p>\n<p>Entre los vinculados a la investigaci\u00f3n est\u00e1n el teniente coronel N\u00e9stor Andr\u00e9s Cadena Bautista, el capit\u00e1n Jorge Erney Marroqu\u00edn Cadena, el teniente Juli\u00e1n Ernesto \u00c1vila Mart\u00ednez, los sargentos segundo Cristian Gabriel Perez Galindo y Maicol Andr\u00e9s Qui\u00f1ones Mendoza, los cabos primero Wilber Leonardo Rodr\u00edguez y Wilson Andr\u00e9s Santamar\u00eda Ramos, y 17 soldados profesionales.<\/p>\n<p>Las evidencias y los elementos probatorios recopilados dan cuenta de que, por orden del comandante del Batall\u00f3n contra el Narcotr\u00e1fico N\u00b03, en inmediaciones de la poblaci\u00f3n fue dispersada una unidad t\u00e1ctica para ubicar a alias Bruno, uno de los se\u00f1alados cabecillas de la estructura disidente de las Farc autodenominada \u2018Comandos Defensores de Frontera\u2019.<\/p>\n<p>Luego de varias horas de observaci\u00f3n, y con pleno conocimiento de que \u2018Bruno\u2019 no estaba en la zona, unidades del Batall\u00f3n contra el Narcotr\u00e1fico y del Pelot\u00f3n de Reconocimiento T\u00e1ctico N\u00b03, portando prendas oscuras, distintas a las que tradicionalmente usa el Ej\u00e9rcito Nacional, accionaron sus armas de dotaci\u00f3n contra el caser\u00edo Alto Remanso, justo cuando terminaba un bazar comunal.<\/p>\n<p>De acuerdo con los an\u00e1lisis del Centro Estrat\u00e9gico de Valoraci\u00f3n Probatoria (Cevap) de la Fiscal\u00eda, durante dos horas y media, los uniformados realizaron cerca de 1.600 disparos contra 13 casas, una caseta comunitaria, el polideportivo y el embarcadero. Adem\u00e1s, lanzaron granadas de 40 mil\u00edmetros y de fragmentaci\u00f3n.<\/p>\n<p>En ese momento, los militares reportaron que estaban en combate con un grupo armado organizado residual; mientras el teniente coronel Cadena Bautista dirig\u00eda la acci\u00f3n armada desde el complejo militar Santana, en Puerto As\u00eds (Putumayo).<\/p>\n<p>Producto de esa intervenci\u00f3n murieron un gobernador ind\u00edgena, el presidente de la Junta de Acci\u00f3n Comunal del caser\u00edo, un menor de edad y ocho personas m\u00e1s, que permanec\u00edan en estado de indefensi\u00f3n. Adicionalmente, quedaron heridos cinco civiles, entre ellos una adolescente embaraza que dorm\u00eda en su vivienda.<\/p>\n<p>Adem\u00e1s de los oficiales y los suboficiales, a los soldados profesionales vinculados son: Dairo Jos\u00e9 Arboleda Toro, Edisson Javier Estaban Aguiar, Jos\u00e9 Efra\u00edn Letamo Yalanda, Santander Licona Ramos, Wilmer Mosquera Poscu\u00e9, Luis \u00c1ngel N\u00fa\u00f1ez Pe\u00f1a, Danilo Quintero Urrea, Jos\u00e9 Alexander Villa Ciro, Financio No\u00e9 Anama Escobar, Maycol Mauricio Abril Hern\u00e1ndez, Yeisson David Becerra Guti\u00e9rrez, Robinson Bele\u00f1o Herrera, Franky Fabi\u00e1n Hoyos P\u00e9rez, John Fredy Hoyos Qui\u00f1ones, Carlos Alberto Perdomo Romero, Jeisson Rico Soto y Jeisson Rivera Holgu\u00edn.<\/p>\n","protected":false},"excerpt":{"rendered":"<p>La Fiscal\u00eda de la Direcci\u00f3n Especializada contra las Violaciones a los Derechos Humanos present\u00f3 imput\u00f3 cargos a 24 militares, que estar\u00edan involucrados en la muerte de 11 civiles el 28 de marzo de 2022, en el caser\u00edo Alto Remanso, en zona rural de Puerto Legu\u00edzamo (Putumayo).<\/p>\n","protected":false},"author":2,"featured_media":75111,"comment_status":"closed","ping_status":"open","sticky":false,"template":"","format":"standard","meta":{"footnotes":""},"categories":[29],"tags":[],"class_list":["post-75110","post","type-post","status-publish","format-standard","has-post-thumbnail","hentry","category-judicial"],"yoast_head":"<!-- This site is optimized with the Yoast SEO plugin v26.6 - https:\/\/yoast.com\/wordpress\/plugins\/seo\/ -->\n<title>Militares a responder por muerte de 11 personas en Putumayo -<\/title>\n<meta name=\"description\" content=\"La Fiscal\u00eda de la Direcci\u00f3n Especializada contra las Violaciones a los Derechos Humanos present\u00f3 imput\u00f3 cargos a 24 militares, que estar\u00edan involucrados en la muerte de 11 civiles el 28 de marzo de 2022, en el caser\u00edo Alto Remanso, en zona rural de Puerto Legu\u00edzamo (Putumayo).\" \/>\n<meta name=\"robots\" content=\"index, follow, max-snippet:-1, max-image-preview:large, max-video-preview:-1\" \/>\n<link rel=\"canonical\" href=\"https:\/\/luchonoticias.com\/editor\/militares-a-responder-por-muerte-de-11-personas-en-putumayo\/\" \/>\n<meta property=\"og:locale\" content=\"es_ES\" \/>\n<meta property=\"og:type\" content=\"article\" \/>\n<meta property=\"og:title\" content=\"Militares a responder por muerte de 11 personas en Putumayo -\" \/>\n<meta property=\"og:description\" content=\"La Fiscal\u00eda de la Direcci\u00f3n Especializada contra las Violaciones a los Derechos Humanos present\u00f3 imput\u00f3 cargos a 24 militares, que estar\u00edan involucrados en la muerte de 11 civiles el 28 de marzo de 2022, en el caser\u00edo Alto Remanso, en zona rural de Puerto Legu\u00edzamo (Putumayo).\" \/>\n<meta property=\"og:url\" content=\"https:\/\/luchonoticias.com\/editor\/militares-a-responder-por-muerte-de-11-personas-en-putumayo\/\" \/>\n<meta property=\"article:publisher\" content=\"https:\/\/www.facebook.com\/luchonoticiasneiva\" \/>\n<meta property=\"article:published_time\" content=\"2024-07-19T21:48:50+00:00\" \/>\n<meta property=\"og:image\" content=\"https:\/\/luchonoticias.com\/editor\/wp-content\/uploads\/2024\/07\/militares.jpg\" \/>\n\t<meta property=\"og:image:width\" content=\"700\" \/>\n\t<meta property=\"og:image:height\" content=\"400\" \/>\n\t<meta property=\"og:image:type\" content=\"image\/jpeg\" \/>\n<meta name=\"author\" content=\"Editor General\" \/>\n<meta name=\"twitter:card\" content=\"summary_large_image\" \/>\n<meta name=\"twitter:label1\" content=\"Escrito por\" \/>\n\t<meta name=\"twitter:data1\" content=\"Editor General\" \/>\n\t<meta name=\"twitter:label2\" content=\"Tiempo de lectura\" \/>\n\t<meta name=\"twitter:data2\" content=\"3 minutos\" \/>\n<script type=\"application\/ld+json\" class=\"yoast-schema-graph\">{\"@context\":\"https:\/\/schema.org\",\"@graph\":[{\"@type\":\"Article\",\"@id\":\"https:\/\/luchonoticias.com\/editor\/militares-a-responder-por-muerte-de-11-personas-en-putumayo\/#article\",\"isPartOf\":{\"@id\":\"https:\/\/luchonoticias.com\/editor\/militares-a-responder-por-muerte-de-11-personas-en-putumayo\/\"},\"author\":{\"name\":\"Editor General\",\"@id\":\"https:\/\/luchonoticias.com\/editor\/#\/schema\/person\/29217990ddf6f14e35912b2866d591fb\"},\"headline\":\"Militares a responder por muerte de 11 personas en Putumayo\",\"datePublished\":\"2024-07-19T21:48:50+00:00\",\"mainEntityOfPage\":{\"@id\":\"https:\/\/luchonoticias.com\/editor\/militares-a-responder-por-muerte-de-11-personas-en-putumayo\/\"},\"wordCount\":520,\"publisher\":{\"@id\":\"https:\/\/luchonoticias.com\/editor\/#\/schema\/person\/7a7fd911f58561fd056dbac7b55af9cd\"},\"image\":{\"@id\":\"https:\/\/luchonoticias.com\/editor\/militares-a-responder-por-muerte-de-11-personas-en-putumayo\/#primaryimage\"},\"thumbnailUrl\":\"https:\/\/luchonoticias.com\/editor\/wp-content\/uploads\/2024\/07\/militares.jpg\",\"articleSection\":[\"Judicial\"],\"inLanguage\":\"es\"},{\"@type\":\"WebPage\",\"@id\":\"https:\/\/luchonoticias.com\/editor\/militares-a-responder-por-muerte-de-11-personas-en-putumayo\/\",\"url\":\"https:\/\/luchonoticias.com\/editor\/militares-a-responder-por-muerte-de-11-personas-en-putumayo\/\",\"name\":\"Militares a responder por muerte de 11 personas en Putumayo -\",\"isPartOf\":{\"@id\":\"https:\/\/luchonoticias.com\/editor\/#website\"},\"primaryImageOfPage\":{\"@id\":\"https:\/\/luchonoticias.com\/editor\/militares-a-responder-por-muerte-de-11-personas-en-putumayo\/#primaryimage\"},\"image\":{\"@id\":\"https:\/\/luchonoticias.com\/editor\/militares-a-responder-por-muerte-de-11-personas-en-putumayo\/#primaryimage\"},\"thumbnailUrl\":\"https:\/\/luchonoticias.com\/editor\/wp-content\/uploads\/2024\/07\/militares.jpg\",\"datePublished\":\"2024-07-19T21:48:50+00:00\",\"description\":\"La Fiscal\u00eda de la Direcci\u00f3n Especializada contra las Violaciones a los Derechos Humanos present\u00f3 imput\u00f3 cargos a 24 militares, que estar\u00edan involucrados en la muerte de 11 civiles el 28 de marzo de 2022, en el caser\u00edo Alto Remanso, en zona rural de Puerto Legu\u00edzamo (Putumayo).\",\"breadcrumb\":{\"@id\":\"https:\/\/luchonoticias.com\/editor\/militares-a-responder-por-muerte-de-11-personas-en-putumayo\/#breadcrumb\"},\"inLanguage\":\"es\",\"potentialAction\":[{\"@type\":\"ReadAction\",\"target\":[\"https:\/\/luchonoticias.com\/editor\/militares-a-responder-por-muerte-de-11-personas-en-putumayo\/\"]}]},{\"@type\":\"ImageObject\",\"inLanguage\":\"es\",\"@id\":\"https:\/\/luchonoticias.com\/editor\/militares-a-responder-por-muerte-de-11-personas-en-putumayo\/#primaryimage\",\"url\":\"https:\/\/luchonoticias.com\/editor\/wp-content\/uploads\/2024\/07\/militares.jpg\",\"contentUrl\":\"https:\/\/luchonoticias.com\/editor\/wp-content\/uploads\/2024\/07\/militares.jpg\",\"width\":700,\"height\":400},{\"@type\":\"BreadcrumbList\",\"@id\":\"https:\/\/luchonoticias.com\/editor\/militares-a-responder-por-muerte-de-11-personas-en-putumayo\/#breadcrumb\",\"itemListElement\":[{\"@type\":\"ListItem\",\"position\":1,\"name\":\"Portada\",\"item\":\"https:\/\/luchonoticias.com\/editor\/\"},{\"@type\":\"ListItem\",\"position\":2,\"name\":\"Militares a responder por muerte de 11 personas en Putumayo\"}]},{\"@type\":\"WebSite\",\"@id\":\"https:\/\/luchonoticias.com\/editor\/#website\",\"url\":\"https:\/\/luchonoticias.com\/editor\/\",\"name\":\"\",\"description\":\"\",\"publisher\":{\"@id\":\"https:\/\/luchonoticias.com\/editor\/#\/schema\/person\/7a7fd911f58561fd056dbac7b55af9cd\"},\"potentialAction\":[{\"@type\":\"SearchAction\",\"target\":{\"@type\":\"EntryPoint\",\"urlTemplate\":\"https:\/\/luchonoticias.com\/editor\/?s={search_term_string}\"},\"query-input\":{\"@type\":\"PropertyValueSpecification\",\"valueRequired\":true,\"valueName\":\"search_term_string\"}}],\"inLanguage\":\"es\"},{\"@type\":[\"Person\",\"Organization\"],\"@id\":\"https:\/\/luchonoticias.com\/editor\/#\/schema\/person\/7a7fd911f58561fd056dbac7b55af9cd\",\"name\":\"admin\",\"image\":{\"@type\":\"ImageObject\",\"inLanguage\":\"es\",\"@id\":\"https:\/\/luchonoticias.com\/editor\/#\/schema\/person\/image\/\",\"url\":\"https:\/\/luchonoticias.com\/editor\/wp-content\/uploads\/2024\/02\/cropped-cropped-logolu.webp\",\"contentUrl\":\"https:\/\/luchonoticias.com\/editor\/wp-content\/uploads\/2024\/02\/cropped-cropped-logolu.webp\",\"width\":382,\"height\":170,\"caption\":\"admin\"},\"logo\":{\"@id\":\"https:\/\/luchonoticias.com\/editor\/#\/schema\/person\/image\/\"},\"sameAs\":[\"https:\/\/www.facebook.com\/luchonoticiasneiva\"]},{\"@type\":\"Person\",\"@id\":\"https:\/\/luchonoticias.com\/editor\/#\/schema\/person\/29217990ddf6f14e35912b2866d591fb\",\"name\":\"Editor General\",\"image\":{\"@type\":\"ImageObject\",\"inLanguage\":\"es\",\"@id\":\"https:\/\/luchonoticias.com\/editor\/#\/schema\/person\/image\/\",\"url\":\"https:\/\/luchonoticias.com\/editor\/wp-content\/uploads\/2024\/02\/cropped-cropped-logolu-150x150.webp\",\"contentUrl\":\"https:\/\/luchonoticias.com\/editor\/wp-content\/uploads\/2024\/02\/cropped-cropped-logolu-150x150.webp\",\"caption\":\"Editor General\"},\"sameAs\":[\"https:\/\/luchonoticias.com\/\"],\"url\":\"https:\/\/luchonoticias.com\/editor\/author\/editor-general\/\"}]}<\/script>\n<!-- \/ Yoast SEO plugin. -->","yoast_head_json":{"title":"Militares a responder por muerte de 11 personas en Putumayo -","description":"La Fiscal\u00eda de la Direcci\u00f3n Especializada contra las Violaciones a los Derechos Humanos present\u00f3 imput\u00f3 cargos a 24 militares, que estar\u00edan involucrados en la muerte de 11 civiles el 28 de marzo de 2022, en el caser\u00edo Alto Remanso, en zona rural de Puerto Legu\u00edzamo (Putumayo).","robots":{"index":"index","follow":"follow","max-snippet":"max-snippet:-1","max-image-preview":"max-image-preview:large","max-video-preview":"max-video-preview:-1"},"canonical":"https:\/\/luchonoticias.com\/editor\/militares-a-responder-por-muerte-de-11-personas-en-putumayo\/","og_locale":"es_ES","og_type":"article","og_title":"Militares a responder por muerte de 11 personas en Putumayo -","og_description":"La Fiscal\u00eda de la Direcci\u00f3n Especializada contra las Violaciones a los Derechos Humanos present\u00f3 imput\u00f3 cargos a 24 militares, que estar\u00edan involucrados en la muerte de 11 civiles el 28 de marzo de 2022, en el caser\u00edo Alto Remanso, en zona rural de Puerto Legu\u00edzamo (Putumayo).","og_url":"https:\/\/luchonoticias.com\/editor\/militares-a-responder-por-muerte-de-11-personas-en-putumayo\/","article_publisher":"https:\/\/www.facebook.com\/luchonoticiasneiva","article_published_time":"2024-07-19T21:48:50+00:00","og_image":[{"width":700,"height":400,"url":"https:\/\/luchonoticias.com\/editor\/wp-content\/uploads\/2024\/07\/militares.jpg","type":"image\/jpeg"}],"author":"Editor General","twitter_card":"summary_large_image","twitter_misc":{"Escrito por":"Editor General","Tiempo de lectura":"3 minutos"},"schema":{"@context":"https:\/\/schema.org","@graph":[{"@type":"Article","@id":"https:\/\/luchonoticias.com\/editor\/militares-a-responder-por-muerte-de-11-personas-en-putumayo\/#article","isPartOf":{"@id":"https:\/\/luchonoticias.com\/editor\/militares-a-responder-por-muerte-de-11-personas-en-putumayo\/"},"author":{"name":"Editor General","@id":"https:\/\/luchonoticias.com\/editor\/#\/schema\/person\/29217990ddf6f14e35912b2866d591fb"},"headline":"Militares a responder por muerte de 11 personas en Putumayo","datePublished":"2024-07-19T21:48:50+00:00","mainEntityOfPage":{"@id":"https:\/\/luchonoticias.com\/editor\/militares-a-responder-por-muerte-de-11-personas-en-putumayo\/"},"wordCount":520,"publisher":{"@id":"https:\/\/luchonoticias.com\/editor\/#\/schema\/person\/7a7fd911f58561fd056dbac7b55af9cd"},"image":{"@id":"https:\/\/luchonoticias.com\/editor\/militares-a-responder-por-muerte-de-11-personas-en-putumayo\/#primaryimage"},"thumbnailUrl":"https:\/\/luchonoticias.com\/editor\/wp-content\/uploads\/2024\/07\/militares.jpg","articleSection":["Judicial"],"inLanguage":"es"},{"@type":"WebPage","@id":"https:\/\/luchonoticias.com\/editor\/militares-a-responder-por-muerte-de-11-personas-en-putumayo\/","url":"https:\/\/luchonoticias.com\/editor\/militares-a-responder-por-muerte-de-11-personas-en-putumayo\/","name":"Militares a responder por muerte de 11 personas en Putumayo -","isPartOf":{"@id":"https:\/\/luchonoticias.com\/editor\/#website"},"primaryImageOfPage":{"@id":"https:\/\/luchonoticias.com\/editor\/militares-a-responder-por-muerte-de-11-personas-en-putumayo\/#primaryimage"},"image":{"@id":"https:\/\/luchonoticias.com\/editor\/militares-a-responder-por-muerte-de-11-personas-en-putumayo\/#primaryimage"},"thumbnailUrl":"https:\/\/luchonoticias.com\/editor\/wp-content\/uploads\/2024\/07\/militares.jpg","datePublished":"2024-07-19T21:48:50+00:00","description":"La Fiscal\u00eda de la Direcci\u00f3n Especializada contra las Violaciones a los Derechos Humanos present\u00f3 imput\u00f3 cargos a 24 militares, que estar\u00edan involucrados en la muerte de 11 civiles el 28 de marzo de 2022, en el caser\u00edo Alto Remanso, en zona rural de Puerto Legu\u00edzamo (Putumayo).","breadcrumb":{"@id":"https:\/\/luchonoticias.com\/editor\/militares-a-responder-por-muerte-de-11-personas-en-putumayo\/#breadcrumb"},"inLanguage":"es","potentialAction":[{"@type":"ReadAction","target":["https:\/\/luchonoticias.com\/editor\/militares-a-responder-por-muerte-de-11-personas-en-putumayo\/"]}]},{"@type":"ImageObject","inLanguage":"es","@id":"https:\/\/luchonoticias.com\/editor\/militares-a-responder-por-muerte-de-11-personas-en-putumayo\/#primaryimage","url":"https:\/\/luchonoticias.com\/editor\/wp-content\/uploads\/2024\/07\/militares.jpg","contentUrl":"https:\/\/luchonoticias.com\/editor\/wp-content\/uploads\/2024\/07\/militares.jpg","width":700,"height":400},{"@type":"BreadcrumbList","@id":"https:\/\/luchonoticias.com\/editor\/militares-a-responder-por-muerte-de-11-personas-en-putumayo\/#breadcrumb","itemListElement":[{"@type":"ListItem","position":1,"name":"Portada","item":"https:\/\/luchonoticias.com\/editor\/"},{"@type":"ListItem","position":2,"name":"Militares a responder por muerte de 11 personas en Putumayo"}]},{"@type":"WebSite","@id":"https:\/\/luchonoticias.com\/editor\/#website","url":"https:\/\/luchonoticias.com\/editor\/","name":"","description":"","publisher":{"@id":"https:\/\/luchonoticias.com\/editor\/#\/schema\/person\/7a7fd911f58561fd056dbac7b55af9cd"},"potentialAction":[{"@type":"SearchAction","target":{"@type":"EntryPoint","urlTemplate":"https:\/\/luchonoticias.com\/editor\/?s={search_term_string}"},"query-input":{"@type":"PropertyValueSpecification","valueRequired":true,"valueName":"search_term_string"}}],"inLanguage":"es"},{"@type":["Person","Organization"],"@id":"https:\/\/luchonoticias.com\/editor\/#\/schema\/person\/7a7fd911f58561fd056dbac7b55af9cd","name":"admin","image":{"@type":"ImageObject","inLanguage":"es","@id":"https:\/\/luchonoticias.com\/editor\/#\/schema\/person\/image\/","url":"https:\/\/luchonoticias.com\/editor\/wp-content\/uploads\/2024\/02\/cropped-cropped-logolu.webp","contentUrl":"https:\/\/luchonoticias.com\/editor\/wp-content\/uploads\/2024\/02\/cropped-cropped-logolu.webp","width":382,"height":170,"caption":"admin"},"logo":{"@id":"https:\/\/luchonoticias.com\/editor\/#\/schema\/person\/image\/"},"sameAs":["https:\/\/www.facebook.com\/luchonoticiasneiva"]},{"@type":"Person","@id":"https:\/\/luchonoticias.com\/editor\/#\/schema\/person\/29217990ddf6f14e35912b2866d591fb","name":"Editor General","image":{"@type":"ImageObject","inLanguage":"es","@id":"https:\/\/luchonoticias.com\/editor\/#\/schema\/person\/image\/","url":"https:\/\/luchonoticias.com\/editor\/wp-content\/uploads\/2024\/02\/cropped-cropped-logolu-150x150.webp","contentUrl":"https:\/\/luchonoticias.com\/editor\/wp-content\/uploads\/2024\/02\/cropped-cropped-logolu-150x150.webp","caption":"Editor General"},"sameAs":["https:\/\/luchonoticias.com\/"],"url":"https:\/\/luchonoticias.com\/editor\/author\/editor-general\/"}]}},"_links":{"self":[{"href":"https:\/\/luchonoticias.com\/editor\/wp-json\/wp\/v2\/posts\/75110","targetHints":{"allow":["GET"]}}],"collection":[{"href":"https:\/\/luchonoticias.com\/editor\/wp-json\/wp\/v2\/posts"}],"about":[{"href":"https:\/\/luchonoticias.com\/editor\/wp-json\/wp\/v2\/types\/post"}],"author":[{"embeddable":true,"href":"https:\/\/luchonoticias.com\/editor\/wp-json\/wp\/v2\/users\/2"}],"replies":[{"embeddable":true,"href":"https:\/\/luchonoticias.com\/editor\/wp-json\/wp\/v2\/comments?post=75110"}],"version-history":[{"count":1,"href":"https:\/\/luchonoticias.com\/editor\/wp-json\/wp\/v2\/posts\/75110\/revisions"}],"predecessor-version":[{"id":75112,"href":"https:\/\/luchonoticias.com\/editor\/wp-json\/wp\/v2\/posts\/75110\/revisions\/75112"}],"wp:featuredmedia":[{"embeddable":true,"href":"https:\/\/luchonoticias.com\/editor\/wp-json\/wp\/v2\/media\/75111"}],"wp:attachment":[{"href":"https:\/\/luchonoticias.com\/editor\/wp-json\/wp\/v2\/media?parent=75110"}],"wp:term":[{"taxonomy":"category","embeddable":true,"href":"https:\/\/luchonoticias.com\/editor\/wp-json\/wp\/v2\/categories?post=75110"},{"taxonomy":"post_tag","embeddable":true,"href":"https:\/\/luchonoticias.com\/editor\/wp-json\/wp\/v2\/tags?post=75110"}],"curies":[{"name":"wp","href":"https:\/\/api.w.org\/{rel}","templated":true}]}}