{"id":75149,"date":"2024-07-21T07:23:46","date_gmt":"2024-07-21T12:23:46","guid":{"rendered":"https:\/\/luchonoticias.com\/?p=75149"},"modified":"2024-07-21T07:23:46","modified_gmt":"2024-07-21T12:23:46","slug":"presidente-pide-el-cambio-de-normas-por-la-reforma-agraria","status":"publish","type":"post","link":"https:\/\/luchonoticias.com\/editor\/presidente-pide-el-cambio-de-normas-por-la-reforma-agraria\/","title":{"rendered":"Presidente pide el cambio de normas por la reforma agraria"},"content":{"rendered":"<div>\u201cYo los voy a invitar a ustedes a cambiar las normas que nos permitan, efectivamente, hacer una Reforma Agraria en Colombia y lograr que el territorio excluido pueda incluirse en el desarrollo y en el progreso nacional\u201d.<\/div>\n<div><\/div>\n<div>Con estas palabras, el presidente Gustavo Petro Urrego exhort\u00f3 al Congreso a legislar para entregarle al campesinado de Colombia tres millones de hect\u00e1reas f\u00e9rtiles, tal y como lo establece el Acuerdo de Paz de 2016.<\/div>\n<div><\/div>\n<div>En el acto de instalaci\u00f3n de las sesiones del Congreso para el periodo legislativo 2024 \u2013 2025, el jefe de Estado manifest\u00f3 que \u201cnuestras normas, nuestra ley no permite hacer una reforma agraria\u201d.<\/div>\n<div><\/div>\n<div>Explic\u00f3 que desde la presidencia de Carlos Lleras Restrepo se han expedido diversas leyes y se han contado con varias disposiciones \u201cque, en realidad, en su aplicaci\u00f3n \u2013y lo ha demostrado todo este tiempo desde esos gobiernos hasta la fecha\u2013, no sirve para hacer una Reforma Agraria\u201d.<\/div>\n<div><\/div>\n<div>Recalc\u00f3 que, \u201ceste es el momento de hacer una Reforma Agraria y no es una s\u00faplica, ha quedado escrito en algo que se llama \u2013y no conoc\u00eda, tengo que confesarlo\u2013, el concepto Declaraci\u00f3n Unilateral de Estado\u201d.<\/div>\n<div><\/div>\n<div>Esa figura, a\u00f1adi\u00f3, \u201ctiene implicaciones para el Estado, el Estado no es s\u00f3lo el Gobierno, sino la Justicia y ustedes, el poder Legislativo, el poder de cambiar las normas. La Declaraci\u00f3n Unilateral de Estado dice que debemos entregarle al campesinado de Colombia tres millones de hect\u00e1reas f\u00e9rtiles\u201d.<\/div>\n<div><\/div>\n<div>Pero en dos a\u00f1os, el Gobierno solo ha podido adquirir 184 mil hect\u00e1reas para cumplir con los compromisos adquiridos, lo cual \u201csignifica que ese Acuerdo de Paz se cumplir\u00eda casi en 20 a\u00f1os, mucho m\u00e1s all\u00e1 de lo que se fij\u00f3 como fecha l\u00edmite. Y nos comprometimos ante la humanidad, eso es lo que significa la Declaraci\u00f3n Unilateral de Estado\u201d.<\/div>\n<div><\/div>\n<div>El mandatario enfatiz\u00f3 que \u201csolucionar esos problemas pasa por construir justicia y construir justicia en los campos. Amigos congresistas, es hacer una Reforma Agraria, atreverse a hacerlo\u201d.<\/div>\n<div><\/div>\n","protected":false},"excerpt":{"rendered":"<p>El jefe de Estado explic\u00f3 que desde la presidencia de Carlos Lleras Restrepo se han expedido diversas leyes y se han contado con varias disposiciones \u201cque, en realidad, en su aplicaci\u00f3n \u2013y lo ha demostrado todo este tiempo desde esos gobiernos hasta la fecha\u2013, no sirve para hacer una Reforma Agraria\u201d. <\/p>\n","protected":false},"author":2,"featured_media":74107,"comment_status":"closed","ping_status":"open","sticky":false,"template":"","format":"standard","meta":{"footnotes":""},"categories":[28,32],"tags":[],"class_list":["post-75149","post","type-post","status-publish","format-standard","has-post-thumbnail","hentry","category-actualidad","category-nacional"],"yoast_head":"<!-- This site is optimized with the Yoast SEO plugin v26.6 - https:\/\/yoast.com\/wordpress\/plugins\/seo\/ -->\n<title>Presidente pide el cambio de normas por la reforma agraria -<\/title>\n<meta name=\"description\" content=\"El jefe de Estado explic\u00f3 que desde la presidencia de Carlos Lleras Restrepo se han expedido diversas leyes y se han contado con varias disposiciones \u201cque, en realidad, en su aplicaci\u00f3n \u2013y lo ha demostrado todo este tiempo desde esos gobiernos hasta la fecha\u2013, no sirve para hacer una Reforma Agraria\u201d.\" \/>\n<meta name=\"robots\" content=\"index, follow, max-snippet:-1, max-image-preview:large, max-video-preview:-1\" \/>\n<link rel=\"canonical\" href=\"https:\/\/luchonoticias.com\/editor\/presidente-pide-el-cambio-de-normas-por-la-reforma-agraria\/\" \/>\n<meta property=\"og:locale\" content=\"es_ES\" \/>\n<meta property=\"og:type\" content=\"article\" \/>\n<meta property=\"og:title\" content=\"Presidente pide el cambio de normas por la reforma agraria -\" \/>\n<meta property=\"og:description\" content=\"El jefe de Estado explic\u00f3 que desde la presidencia de Carlos Lleras Restrepo se han expedido diversas leyes y se han contado con varias disposiciones \u201cque, en realidad, en su aplicaci\u00f3n \u2013y lo ha demostrado todo este tiempo desde esos gobiernos hasta la fecha\u2013, no sirve para hacer una Reforma Agraria\u201d.\" \/>\n<meta property=\"og:url\" content=\"https:\/\/luchonoticias.com\/editor\/presidente-pide-el-cambio-de-normas-por-la-reforma-agraria\/\" \/>\n<meta property=\"article:publisher\" content=\"https:\/\/www.facebook.com\/luchonoticiasneiva\" \/>\n<meta property=\"article:published_time\" content=\"2024-07-21T12:23:46+00:00\" \/>\n<meta property=\"og:image\" content=\"https:\/\/luchonoticias.com\/editor\/wp-content\/uploads\/2024\/06\/petro.jpg\" \/>\n\t<meta property=\"og:image:width\" content=\"700\" \/>\n\t<meta property=\"og:image:height\" content=\"400\" \/>\n\t<meta property=\"og:image:type\" content=\"image\/jpeg\" \/>\n<meta name=\"author\" content=\"Editor General\" \/>\n<meta name=\"twitter:card\" content=\"summary_large_image\" \/>\n<meta name=\"twitter:label1\" content=\"Escrito por\" \/>\n\t<meta name=\"twitter:data1\" content=\"Editor General\" \/>\n\t<meta name=\"twitter:label2\" content=\"Tiempo de lectura\" \/>\n\t<meta name=\"twitter:data2\" content=\"2 minutos\" \/>\n<script type=\"application\/ld+json\" class=\"yoast-schema-graph\">{\"@context\":\"https:\/\/schema.org\",\"@graph\":[{\"@type\":\"Article\",\"@id\":\"https:\/\/luchonoticias.com\/editor\/presidente-pide-el-cambio-de-normas-por-la-reforma-agraria\/#article\",\"isPartOf\":{\"@id\":\"https:\/\/luchonoticias.com\/editor\/presidente-pide-el-cambio-de-normas-por-la-reforma-agraria\/\"},\"author\":{\"name\":\"Editor General\",\"@id\":\"https:\/\/luchonoticias.com\/editor\/#\/schema\/person\/29217990ddf6f14e35912b2866d591fb\"},\"headline\":\"Presidente pide el cambio de normas por la reforma agraria\",\"datePublished\":\"2024-07-21T12:23:46+00:00\",\"mainEntityOfPage\":{\"@id\":\"https:\/\/luchonoticias.com\/editor\/presidente-pide-el-cambio-de-normas-por-la-reforma-agraria\/\"},\"wordCount\":345,\"publisher\":{\"@id\":\"https:\/\/luchonoticias.com\/editor\/#\/schema\/person\/7a7fd911f58561fd056dbac7b55af9cd\"},\"image\":{\"@id\":\"https:\/\/luchonoticias.com\/editor\/presidente-pide-el-cambio-de-normas-por-la-reforma-agraria\/#primaryimage\"},\"thumbnailUrl\":\"https:\/\/luchonoticias.com\/editor\/wp-content\/uploads\/2024\/06\/petro.jpg\",\"articleSection\":[\"Actualidad\",\"Nacional\"],\"inLanguage\":\"es\"},{\"@type\":\"WebPage\",\"@id\":\"https:\/\/luchonoticias.com\/editor\/presidente-pide-el-cambio-de-normas-por-la-reforma-agraria\/\",\"url\":\"https:\/\/luchonoticias.com\/editor\/presidente-pide-el-cambio-de-normas-por-la-reforma-agraria\/\",\"name\":\"Presidente pide el cambio de normas por la reforma agraria -\",\"isPartOf\":{\"@id\":\"https:\/\/luchonoticias.com\/editor\/#website\"},\"primaryImageOfPage\":{\"@id\":\"https:\/\/luchonoticias.com\/editor\/presidente-pide-el-cambio-de-normas-por-la-reforma-agraria\/#primaryimage\"},\"image\":{\"@id\":\"https:\/\/luchonoticias.com\/editor\/presidente-pide-el-cambio-de-normas-por-la-reforma-agraria\/#primaryimage\"},\"thumbnailUrl\":\"https:\/\/luchonoticias.com\/editor\/wp-content\/uploads\/2024\/06\/petro.jpg\",\"datePublished\":\"2024-07-21T12:23:46+00:00\",\"description\":\"El jefe de Estado explic\u00f3 que desde la presidencia de Carlos Lleras Restrepo se han expedido diversas leyes y se han contado con varias disposiciones \u201cque, en realidad, en su aplicaci\u00f3n \u2013y lo ha demostrado todo este tiempo desde esos gobiernos hasta la fecha\u2013, no sirve para hacer una Reforma Agraria\u201d.\",\"breadcrumb\":{\"@id\":\"https:\/\/luchonoticias.com\/editor\/presidente-pide-el-cambio-de-normas-por-la-reforma-agraria\/#breadcrumb\"},\"inLanguage\":\"es\",\"potentialAction\":[{\"@type\":\"ReadAction\",\"target\":[\"https:\/\/luchonoticias.com\/editor\/presidente-pide-el-cambio-de-normas-por-la-reforma-agraria\/\"]}]},{\"@type\":\"ImageObject\",\"inLanguage\":\"es\",\"@id\":\"https:\/\/luchonoticias.com\/editor\/presidente-pide-el-cambio-de-normas-por-la-reforma-agraria\/#primaryimage\",\"url\":\"https:\/\/luchonoticias.com\/editor\/wp-content\/uploads\/2024\/06\/petro.jpg\",\"contentUrl\":\"https:\/\/luchonoticias.com\/editor\/wp-content\/uploads\/2024\/06\/petro.jpg\",\"width\":700,\"height\":400},{\"@type\":\"BreadcrumbList\",\"@id\":\"https:\/\/luchonoticias.com\/editor\/presidente-pide-el-cambio-de-normas-por-la-reforma-agraria\/#breadcrumb\",\"itemListElement\":[{\"@type\":\"ListItem\",\"position\":1,\"name\":\"Portada\",\"item\":\"https:\/\/luchonoticias.com\/editor\/\"},{\"@type\":\"ListItem\",\"position\":2,\"name\":\"Presidente pide el cambio de normas por la reforma agraria\"}]},{\"@type\":\"WebSite\",\"@id\":\"https:\/\/luchonoticias.com\/editor\/#website\",\"url\":\"https:\/\/luchonoticias.com\/editor\/\",\"name\":\"\",\"description\":\"\",\"publisher\":{\"@id\":\"https:\/\/luchonoticias.com\/editor\/#\/schema\/person\/7a7fd911f58561fd056dbac7b55af9cd\"},\"potentialAction\":[{\"@type\":\"SearchAction\",\"target\":{\"@type\":\"EntryPoint\",\"urlTemplate\":\"https:\/\/luchonoticias.com\/editor\/?s={search_term_string}\"},\"query-input\":{\"@type\":\"PropertyValueSpecification\",\"valueRequired\":true,\"valueName\":\"search_term_string\"}}],\"inLanguage\":\"es\"},{\"@type\":[\"Person\",\"Organization\"],\"@id\":\"https:\/\/luchonoticias.com\/editor\/#\/schema\/person\/7a7fd911f58561fd056dbac7b55af9cd\",\"name\":\"admin\",\"image\":{\"@type\":\"ImageObject\",\"inLanguage\":\"es\",\"@id\":\"https:\/\/luchonoticias.com\/editor\/#\/schema\/person\/image\/\",\"url\":\"https:\/\/luchonoticias.com\/editor\/wp-content\/uploads\/2024\/02\/cropped-cropped-logolu.webp\",\"contentUrl\":\"https:\/\/luchonoticias.com\/editor\/wp-content\/uploads\/2024\/02\/cropped-cropped-logolu.webp\",\"width\":382,\"height\":170,\"caption\":\"admin\"},\"logo\":{\"@id\":\"https:\/\/luchonoticias.com\/editor\/#\/schema\/person\/image\/\"},\"sameAs\":[\"https:\/\/www.facebook.com\/luchonoticiasneiva\"]},{\"@type\":\"Person\",\"@id\":\"https:\/\/luchonoticias.com\/editor\/#\/schema\/person\/29217990ddf6f14e35912b2866d591fb\",\"name\":\"Editor General\",\"image\":{\"@type\":\"ImageObject\",\"inLanguage\":\"es\",\"@id\":\"https:\/\/luchonoticias.com\/editor\/#\/schema\/person\/image\/\",\"url\":\"https:\/\/luchonoticias.com\/editor\/wp-content\/uploads\/2024\/02\/cropped-cropped-logolu-150x150.webp\",\"contentUrl\":\"https:\/\/luchonoticias.com\/editor\/wp-content\/uploads\/2024\/02\/cropped-cropped-logolu-150x150.webp\",\"caption\":\"Editor General\"},\"sameAs\":[\"https:\/\/luchonoticias.com\/\"],\"url\":\"https:\/\/luchonoticias.com\/editor\/author\/editor-general\/\"}]}<\/script>\n<!-- \/ Yoast SEO plugin. -->","yoast_head_json":{"title":"Presidente pide el cambio de normas por la reforma agraria -","description":"El jefe de Estado explic\u00f3 que desde la presidencia de Carlos Lleras Restrepo se han expedido diversas leyes y se han contado con varias disposiciones \u201cque, en realidad, en su aplicaci\u00f3n \u2013y lo ha demostrado todo este tiempo desde esos gobiernos hasta la fecha\u2013, no sirve para hacer una Reforma Agraria\u201d.","robots":{"index":"index","follow":"follow","max-snippet":"max-snippet:-1","max-image-preview":"max-image-preview:large","max-video-preview":"max-video-preview:-1"},"canonical":"https:\/\/luchonoticias.com\/editor\/presidente-pide-el-cambio-de-normas-por-la-reforma-agraria\/","og_locale":"es_ES","og_type":"article","og_title":"Presidente pide el cambio de normas por la reforma agraria -","og_description":"El jefe de Estado explic\u00f3 que desde la presidencia de Carlos Lleras Restrepo se han expedido diversas leyes y se han contado con varias disposiciones \u201cque, en realidad, en su aplicaci\u00f3n \u2013y lo ha demostrado todo este tiempo desde esos gobiernos hasta la fecha\u2013, no sirve para hacer una Reforma Agraria\u201d.","og_url":"https:\/\/luchonoticias.com\/editor\/presidente-pide-el-cambio-de-normas-por-la-reforma-agraria\/","article_publisher":"https:\/\/www.facebook.com\/luchonoticiasneiva","article_published_time":"2024-07-21T12:23:46+00:00","og_image":[{"width":700,"height":400,"url":"https:\/\/luchonoticias.com\/editor\/wp-content\/uploads\/2024\/06\/petro.jpg","type":"image\/jpeg"}],"author":"Editor General","twitter_card":"summary_large_image","twitter_misc":{"Escrito por":"Editor General","Tiempo de lectura":"2 minutos"},"schema":{"@context":"https:\/\/schema.org","@graph":[{"@type":"Article","@id":"https:\/\/luchonoticias.com\/editor\/presidente-pide-el-cambio-de-normas-por-la-reforma-agraria\/#article","isPartOf":{"@id":"https:\/\/luchonoticias.com\/editor\/presidente-pide-el-cambio-de-normas-por-la-reforma-agraria\/"},"author":{"name":"Editor General","@id":"https:\/\/luchonoticias.com\/editor\/#\/schema\/person\/29217990ddf6f14e35912b2866d591fb"},"headline":"Presidente pide el cambio de normas por la reforma agraria","datePublished":"2024-07-21T12:23:46+00:00","mainEntityOfPage":{"@id":"https:\/\/luchonoticias.com\/editor\/presidente-pide-el-cambio-de-normas-por-la-reforma-agraria\/"},"wordCount":345,"publisher":{"@id":"https:\/\/luchonoticias.com\/editor\/#\/schema\/person\/7a7fd911f58561fd056dbac7b55af9cd"},"image":{"@id":"https:\/\/luchonoticias.com\/editor\/presidente-pide-el-cambio-de-normas-por-la-reforma-agraria\/#primaryimage"},"thumbnailUrl":"https:\/\/luchonoticias.com\/editor\/wp-content\/uploads\/2024\/06\/petro.jpg","articleSection":["Actualidad","Nacional"],"inLanguage":"es"},{"@type":"WebPage","@id":"https:\/\/luchonoticias.com\/editor\/presidente-pide-el-cambio-de-normas-por-la-reforma-agraria\/","url":"https:\/\/luchonoticias.com\/editor\/presidente-pide-el-cambio-de-normas-por-la-reforma-agraria\/","name":"Presidente pide el cambio de normas por la reforma agraria -","isPartOf":{"@id":"https:\/\/luchonoticias.com\/editor\/#website"},"primaryImageOfPage":{"@id":"https:\/\/luchonoticias.com\/editor\/presidente-pide-el-cambio-de-normas-por-la-reforma-agraria\/#primaryimage"},"image":{"@id":"https:\/\/luchonoticias.com\/editor\/presidente-pide-el-cambio-de-normas-por-la-reforma-agraria\/#primaryimage"},"thumbnailUrl":"https:\/\/luchonoticias.com\/editor\/wp-content\/uploads\/2024\/06\/petro.jpg","datePublished":"2024-07-21T12:23:46+00:00","description":"El jefe de Estado explic\u00f3 que desde la presidencia de Carlos Lleras Restrepo se han expedido diversas leyes y se han contado con varias disposiciones \u201cque, en realidad, en su aplicaci\u00f3n \u2013y lo ha demostrado todo este tiempo desde esos gobiernos hasta la fecha\u2013, no sirve para hacer una Reforma Agraria\u201d.","breadcrumb":{"@id":"https:\/\/luchonoticias.com\/editor\/presidente-pide-el-cambio-de-normas-por-la-reforma-agraria\/#breadcrumb"},"inLanguage":"es","potentialAction":[{"@type":"ReadAction","target":["https:\/\/luchonoticias.com\/editor\/presidente-pide-el-cambio-de-normas-por-la-reforma-agraria\/"]}]},{"@type":"ImageObject","inLanguage":"es","@id":"https:\/\/luchonoticias.com\/editor\/presidente-pide-el-cambio-de-normas-por-la-reforma-agraria\/#primaryimage","url":"https:\/\/luchonoticias.com\/editor\/wp-content\/uploads\/2024\/06\/petro.jpg","contentUrl":"https:\/\/luchonoticias.com\/editor\/wp-content\/uploads\/2024\/06\/petro.jpg","width":700,"height":400},{"@type":"BreadcrumbList","@id":"https:\/\/luchonoticias.com\/editor\/presidente-pide-el-cambio-de-normas-por-la-reforma-agraria\/#breadcrumb","itemListElement":[{"@type":"ListItem","position":1,"name":"Portada","item":"https:\/\/luchonoticias.com\/editor\/"},{"@type":"ListItem","position":2,"name":"Presidente pide el cambio de normas por la reforma agraria"}]},{"@type":"WebSite","@id":"https:\/\/luchonoticias.com\/editor\/#website","url":"https:\/\/luchonoticias.com\/editor\/","name":"","description":"","publisher":{"@id":"https:\/\/luchonoticias.com\/editor\/#\/schema\/person\/7a7fd911f58561fd056dbac7b55af9cd"},"potentialAction":[{"@type":"SearchAction","target":{"@type":"EntryPoint","urlTemplate":"https:\/\/luchonoticias.com\/editor\/?s={search_term_string}"},"query-input":{"@type":"PropertyValueSpecification","valueRequired":true,"valueName":"search_term_string"}}],"inLanguage":"es"},{"@type":["Person","Organization"],"@id":"https:\/\/luchonoticias.com\/editor\/#\/schema\/person\/7a7fd911f58561fd056dbac7b55af9cd","name":"admin","image":{"@type":"ImageObject","inLanguage":"es","@id":"https:\/\/luchonoticias.com\/editor\/#\/schema\/person\/image\/","url":"https:\/\/luchonoticias.com\/editor\/wp-content\/uploads\/2024\/02\/cropped-cropped-logolu.webp","contentUrl":"https:\/\/luchonoticias.com\/editor\/wp-content\/uploads\/2024\/02\/cropped-cropped-logolu.webp","width":382,"height":170,"caption":"admin"},"logo":{"@id":"https:\/\/luchonoticias.com\/editor\/#\/schema\/person\/image\/"},"sameAs":["https:\/\/www.facebook.com\/luchonoticiasneiva"]},{"@type":"Person","@id":"https:\/\/luchonoticias.com\/editor\/#\/schema\/person\/29217990ddf6f14e35912b2866d591fb","name":"Editor General","image":{"@type":"ImageObject","inLanguage":"es","@id":"https:\/\/luchonoticias.com\/editor\/#\/schema\/person\/image\/","url":"https:\/\/luchonoticias.com\/editor\/wp-content\/uploads\/2024\/02\/cropped-cropped-logolu-150x150.webp","contentUrl":"https:\/\/luchonoticias.com\/editor\/wp-content\/uploads\/2024\/02\/cropped-cropped-logolu-150x150.webp","caption":"Editor General"},"sameAs":["https:\/\/luchonoticias.com\/"],"url":"https:\/\/luchonoticias.com\/editor\/author\/editor-general\/"}]}},"_links":{"self":[{"href":"https:\/\/luchonoticias.com\/editor\/wp-json\/wp\/v2\/posts\/75149","targetHints":{"allow":["GET"]}}],"collection":[{"href":"https:\/\/luchonoticias.com\/editor\/wp-json\/wp\/v2\/posts"}],"about":[{"href":"https:\/\/luchonoticias.com\/editor\/wp-json\/wp\/v2\/types\/post"}],"author":[{"embeddable":true,"href":"https:\/\/luchonoticias.com\/editor\/wp-json\/wp\/v2\/users\/2"}],"replies":[{"embeddable":true,"href":"https:\/\/luchonoticias.com\/editor\/wp-json\/wp\/v2\/comments?post=75149"}],"version-history":[{"count":2,"href":"https:\/\/luchonoticias.com\/editor\/wp-json\/wp\/v2\/posts\/75149\/revisions"}],"predecessor-version":[{"id":75151,"href":"https:\/\/luchonoticias.com\/editor\/wp-json\/wp\/v2\/posts\/75149\/revisions\/75151"}],"wp:featuredmedia":[{"embeddable":true,"href":"https:\/\/luchonoticias.com\/editor\/wp-json\/wp\/v2\/media\/74107"}],"wp:attachment":[{"href":"https:\/\/luchonoticias.com\/editor\/wp-json\/wp\/v2\/media?parent=75149"}],"wp:term":[{"taxonomy":"category","embeddable":true,"href":"https:\/\/luchonoticias.com\/editor\/wp-json\/wp\/v2\/categories?post=75149"},{"taxonomy":"post_tag","embeddable":true,"href":"https:\/\/luchonoticias.com\/editor\/wp-json\/wp\/v2\/tags?post=75149"}],"curies":[{"name":"wp","href":"https:\/\/api.w.org\/{rel}","templated":true}]}}