{"id":75152,"date":"2024-07-21T07:28:23","date_gmt":"2024-07-21T12:28:23","guid":{"rendered":"https:\/\/luchonoticias.com\/?p=75152"},"modified":"2024-07-21T07:28:23","modified_gmt":"2024-07-21T12:28:23","slug":"reconocimiento-a-taller-artistico-de-garzon","status":"publish","type":"post","link":"https:\/\/luchonoticias.com\/editor\/reconocimiento-a-taller-artistico-de-garzon\/","title":{"rendered":"Reconocimiento a taller art\u00edstico de Garz\u00f3n"},"content":{"rendered":"<p>La Administraci\u00f3n Municipal de Garz\u00f3n concedi\u00f3 menci\u00f3n de honor al Taller Artesanitos 3D, por su gran aporte art\u00edstico y cultural que adelanta con ni\u00f1os, ni\u00f1as y adolescentes residentes en el barrio 20 de julio, localizado en el sector urbano de la Capital Diocesana del Huila.<\/p>\n<p>La tallerista Norma Constanza Reyes, quien coordina este proceso del que hacen parte 20 menores en edades entre los 8 y 15 a\u00f1os, recibi\u00f3 con entusiasmo el reconocimiento que seg\u00fan indic\u00f3, la motiva a continuar trabajando con esta poblaci\u00f3n y de esa manera inculcar el amor por el arte.<\/p>\n<p>\u201cQueremos seguir ejecutando esta iniciativa, especialmente en este sector para que los menores tengan un espacio en el cual trabajar y exponer todas sus capacidades\u201d, manifest\u00f3 Reyes.<\/p>\n<p>De igual forma, por parte de los miembros del Taller Artesanitos 3D, se entregaron recordatorios a diferentes funcionarios de la Administraci\u00f3n Municipal y representantes de instituciones como Polic\u00eda Nacional, Ej\u00e9rcito Nacional, INPEC, Bomberos y Reserva Activa.<\/p>\n<p>Esta actividad hizo parte de una variada agenda que vivi\u00f3 el municipio de Garz\u00f3n con motivo de los 214 a\u00f1os de Independencia de Colombia.<\/p>\n","protected":false},"excerpt":{"rendered":"<p>En el marco de la programaci\u00f3n de conmemoraci\u00f3n del D\u00eda de la Independencia de Colombia, el municipio de Garz\u00f3n reconoci\u00f3 la labor que realiza el Taller Artesanitos 3D.<\/p>\n","protected":false},"author":2,"featured_media":75153,"comment_status":"closed","ping_status":"open","sticky":false,"template":"","format":"standard","meta":{"footnotes":""},"categories":[33],"tags":[],"class_list":["post-75152","post","type-post","status-publish","format-standard","has-post-thumbnail","hentry","category-huila"],"yoast_head":"<!-- This site is optimized with the Yoast SEO plugin v26.6 - https:\/\/yoast.com\/wordpress\/plugins\/seo\/ -->\n<title>Reconocimiento a taller art\u00edstico de Garz\u00f3n -<\/title>\n<meta name=\"description\" content=\"En el marco de la programaci\u00f3n de conmemoraci\u00f3n del D\u00eda de la Independencia de Colombia, el municipio de Garz\u00f3n reconoci\u00f3 la labor que realiza el Taller Artesanitos 3D.\" \/>\n<meta name=\"robots\" content=\"index, follow, max-snippet:-1, max-image-preview:large, max-video-preview:-1\" \/>\n<link rel=\"canonical\" href=\"https:\/\/luchonoticias.com\/editor\/reconocimiento-a-taller-artistico-de-garzon\/\" \/>\n<meta property=\"og:locale\" content=\"es_ES\" \/>\n<meta property=\"og:type\" content=\"article\" \/>\n<meta property=\"og:title\" content=\"Reconocimiento a taller art\u00edstico de Garz\u00f3n -\" \/>\n<meta property=\"og:description\" content=\"En el marco de la programaci\u00f3n de conmemoraci\u00f3n del D\u00eda de la Independencia de Colombia, el municipio de Garz\u00f3n reconoci\u00f3 la labor que realiza el Taller Artesanitos 3D.\" \/>\n<meta property=\"og:url\" content=\"https:\/\/luchonoticias.com\/editor\/reconocimiento-a-taller-artistico-de-garzon\/\" \/>\n<meta property=\"article:publisher\" content=\"https:\/\/www.facebook.com\/luchonoticiasneiva\" \/>\n<meta property=\"article:published_time\" content=\"2024-07-21T12:28:23+00:00\" \/>\n<meta property=\"og:image\" content=\"https:\/\/luchonoticias.com\/editor\/wp-content\/uploads\/2024\/07\/taller.jpg\" \/>\n\t<meta property=\"og:image:width\" content=\"700\" \/>\n\t<meta property=\"og:image:height\" content=\"400\" \/>\n\t<meta property=\"og:image:type\" content=\"image\/jpeg\" \/>\n<meta name=\"author\" content=\"Editor General\" \/>\n<meta name=\"twitter:card\" content=\"summary_large_image\" \/>\n<meta name=\"twitter:label1\" content=\"Escrito por\" \/>\n\t<meta name=\"twitter:data1\" content=\"Editor General\" \/>\n\t<meta name=\"twitter:label2\" content=\"Tiempo de lectura\" \/>\n\t<meta name=\"twitter:data2\" content=\"2 minutos\" \/>\n<script type=\"application\/ld+json\" class=\"yoast-schema-graph\">{\"@context\":\"https:\/\/schema.org\",\"@graph\":[{\"@type\":\"Article\",\"@id\":\"https:\/\/luchonoticias.com\/editor\/reconocimiento-a-taller-artistico-de-garzon\/#article\",\"isPartOf\":{\"@id\":\"https:\/\/luchonoticias.com\/editor\/reconocimiento-a-taller-artistico-de-garzon\/\"},\"author\":{\"name\":\"Editor General\",\"@id\":\"https:\/\/luchonoticias.com\/editor\/#\/schema\/person\/29217990ddf6f14e35912b2866d591fb\"},\"headline\":\"Reconocimiento a taller art\u00edstico de Garz\u00f3n\",\"datePublished\":\"2024-07-21T12:28:23+00:00\",\"mainEntityOfPage\":{\"@id\":\"https:\/\/luchonoticias.com\/editor\/reconocimiento-a-taller-artistico-de-garzon\/\"},\"wordCount\":198,\"publisher\":{\"@id\":\"https:\/\/luchonoticias.com\/editor\/#\/schema\/person\/7a7fd911f58561fd056dbac7b55af9cd\"},\"image\":{\"@id\":\"https:\/\/luchonoticias.com\/editor\/reconocimiento-a-taller-artistico-de-garzon\/#primaryimage\"},\"thumbnailUrl\":\"https:\/\/luchonoticias.com\/editor\/wp-content\/uploads\/2024\/07\/taller.jpg\",\"articleSection\":[\"Huila\"],\"inLanguage\":\"es\"},{\"@type\":\"WebPage\",\"@id\":\"https:\/\/luchonoticias.com\/editor\/reconocimiento-a-taller-artistico-de-garzon\/\",\"url\":\"https:\/\/luchonoticias.com\/editor\/reconocimiento-a-taller-artistico-de-garzon\/\",\"name\":\"Reconocimiento a taller art\u00edstico de Garz\u00f3n -\",\"isPartOf\":{\"@id\":\"https:\/\/luchonoticias.com\/editor\/#website\"},\"primaryImageOfPage\":{\"@id\":\"https:\/\/luchonoticias.com\/editor\/reconocimiento-a-taller-artistico-de-garzon\/#primaryimage\"},\"image\":{\"@id\":\"https:\/\/luchonoticias.com\/editor\/reconocimiento-a-taller-artistico-de-garzon\/#primaryimage\"},\"thumbnailUrl\":\"https:\/\/luchonoticias.com\/editor\/wp-content\/uploads\/2024\/07\/taller.jpg\",\"datePublished\":\"2024-07-21T12:28:23+00:00\",\"description\":\"En el marco de la programaci\u00f3n de conmemoraci\u00f3n del D\u00eda de la Independencia de Colombia, el municipio de Garz\u00f3n reconoci\u00f3 la labor que realiza el Taller Artesanitos 3D.\",\"breadcrumb\":{\"@id\":\"https:\/\/luchonoticias.com\/editor\/reconocimiento-a-taller-artistico-de-garzon\/#breadcrumb\"},\"inLanguage\":\"es\",\"potentialAction\":[{\"@type\":\"ReadAction\",\"target\":[\"https:\/\/luchonoticias.com\/editor\/reconocimiento-a-taller-artistico-de-garzon\/\"]}]},{\"@type\":\"ImageObject\",\"inLanguage\":\"es\",\"@id\":\"https:\/\/luchonoticias.com\/editor\/reconocimiento-a-taller-artistico-de-garzon\/#primaryimage\",\"url\":\"https:\/\/luchonoticias.com\/editor\/wp-content\/uploads\/2024\/07\/taller.jpg\",\"contentUrl\":\"https:\/\/luchonoticias.com\/editor\/wp-content\/uploads\/2024\/07\/taller.jpg\",\"width\":700,\"height\":400},{\"@type\":\"BreadcrumbList\",\"@id\":\"https:\/\/luchonoticias.com\/editor\/reconocimiento-a-taller-artistico-de-garzon\/#breadcrumb\",\"itemListElement\":[{\"@type\":\"ListItem\",\"position\":1,\"name\":\"Portada\",\"item\":\"https:\/\/luchonoticias.com\/editor\/\"},{\"@type\":\"ListItem\",\"position\":2,\"name\":\"Reconocimiento a taller art\u00edstico de Garz\u00f3n\"}]},{\"@type\":\"WebSite\",\"@id\":\"https:\/\/luchonoticias.com\/editor\/#website\",\"url\":\"https:\/\/luchonoticias.com\/editor\/\",\"name\":\"\",\"description\":\"\",\"publisher\":{\"@id\":\"https:\/\/luchonoticias.com\/editor\/#\/schema\/person\/7a7fd911f58561fd056dbac7b55af9cd\"},\"potentialAction\":[{\"@type\":\"SearchAction\",\"target\":{\"@type\":\"EntryPoint\",\"urlTemplate\":\"https:\/\/luchonoticias.com\/editor\/?s={search_term_string}\"},\"query-input\":{\"@type\":\"PropertyValueSpecification\",\"valueRequired\":true,\"valueName\":\"search_term_string\"}}],\"inLanguage\":\"es\"},{\"@type\":[\"Person\",\"Organization\"],\"@id\":\"https:\/\/luchonoticias.com\/editor\/#\/schema\/person\/7a7fd911f58561fd056dbac7b55af9cd\",\"name\":\"admin\",\"image\":{\"@type\":\"ImageObject\",\"inLanguage\":\"es\",\"@id\":\"https:\/\/luchonoticias.com\/editor\/#\/schema\/person\/image\/\",\"url\":\"https:\/\/luchonoticias.com\/editor\/wp-content\/uploads\/2024\/02\/cropped-cropped-logolu.webp\",\"contentUrl\":\"https:\/\/luchonoticias.com\/editor\/wp-content\/uploads\/2024\/02\/cropped-cropped-logolu.webp\",\"width\":382,\"height\":170,\"caption\":\"admin\"},\"logo\":{\"@id\":\"https:\/\/luchonoticias.com\/editor\/#\/schema\/person\/image\/\"},\"sameAs\":[\"https:\/\/www.facebook.com\/luchonoticiasneiva\"]},{\"@type\":\"Person\",\"@id\":\"https:\/\/luchonoticias.com\/editor\/#\/schema\/person\/29217990ddf6f14e35912b2866d591fb\",\"name\":\"Editor General\",\"image\":{\"@type\":\"ImageObject\",\"inLanguage\":\"es\",\"@id\":\"https:\/\/luchonoticias.com\/editor\/#\/schema\/person\/image\/\",\"url\":\"https:\/\/luchonoticias.com\/editor\/wp-content\/uploads\/2024\/02\/cropped-cropped-logolu-150x150.webp\",\"contentUrl\":\"https:\/\/luchonoticias.com\/editor\/wp-content\/uploads\/2024\/02\/cropped-cropped-logolu-150x150.webp\",\"caption\":\"Editor General\"},\"sameAs\":[\"https:\/\/luchonoticias.com\/\"],\"url\":\"https:\/\/luchonoticias.com\/editor\/author\/editor-general\/\"}]}<\/script>\n<!-- \/ Yoast SEO plugin. -->","yoast_head_json":{"title":"Reconocimiento a taller art\u00edstico de Garz\u00f3n -","description":"En el marco de la programaci\u00f3n de conmemoraci\u00f3n del D\u00eda de la Independencia de Colombia, el municipio de Garz\u00f3n reconoci\u00f3 la labor que realiza el Taller Artesanitos 3D.","robots":{"index":"index","follow":"follow","max-snippet":"max-snippet:-1","max-image-preview":"max-image-preview:large","max-video-preview":"max-video-preview:-1"},"canonical":"https:\/\/luchonoticias.com\/editor\/reconocimiento-a-taller-artistico-de-garzon\/","og_locale":"es_ES","og_type":"article","og_title":"Reconocimiento a taller art\u00edstico de Garz\u00f3n -","og_description":"En el marco de la programaci\u00f3n de conmemoraci\u00f3n del D\u00eda de la Independencia de Colombia, el municipio de Garz\u00f3n reconoci\u00f3 la labor que realiza el Taller Artesanitos 3D.","og_url":"https:\/\/luchonoticias.com\/editor\/reconocimiento-a-taller-artistico-de-garzon\/","article_publisher":"https:\/\/www.facebook.com\/luchonoticiasneiva","article_published_time":"2024-07-21T12:28:23+00:00","og_image":[{"width":700,"height":400,"url":"https:\/\/luchonoticias.com\/editor\/wp-content\/uploads\/2024\/07\/taller.jpg","type":"image\/jpeg"}],"author":"Editor General","twitter_card":"summary_large_image","twitter_misc":{"Escrito por":"Editor General","Tiempo de lectura":"2 minutos"},"schema":{"@context":"https:\/\/schema.org","@graph":[{"@type":"Article","@id":"https:\/\/luchonoticias.com\/editor\/reconocimiento-a-taller-artistico-de-garzon\/#article","isPartOf":{"@id":"https:\/\/luchonoticias.com\/editor\/reconocimiento-a-taller-artistico-de-garzon\/"},"author":{"name":"Editor General","@id":"https:\/\/luchonoticias.com\/editor\/#\/schema\/person\/29217990ddf6f14e35912b2866d591fb"},"headline":"Reconocimiento a taller art\u00edstico de Garz\u00f3n","datePublished":"2024-07-21T12:28:23+00:00","mainEntityOfPage":{"@id":"https:\/\/luchonoticias.com\/editor\/reconocimiento-a-taller-artistico-de-garzon\/"},"wordCount":198,"publisher":{"@id":"https:\/\/luchonoticias.com\/editor\/#\/schema\/person\/7a7fd911f58561fd056dbac7b55af9cd"},"image":{"@id":"https:\/\/luchonoticias.com\/editor\/reconocimiento-a-taller-artistico-de-garzon\/#primaryimage"},"thumbnailUrl":"https:\/\/luchonoticias.com\/editor\/wp-content\/uploads\/2024\/07\/taller.jpg","articleSection":["Huila"],"inLanguage":"es"},{"@type":"WebPage","@id":"https:\/\/luchonoticias.com\/editor\/reconocimiento-a-taller-artistico-de-garzon\/","url":"https:\/\/luchonoticias.com\/editor\/reconocimiento-a-taller-artistico-de-garzon\/","name":"Reconocimiento a taller art\u00edstico de Garz\u00f3n -","isPartOf":{"@id":"https:\/\/luchonoticias.com\/editor\/#website"},"primaryImageOfPage":{"@id":"https:\/\/luchonoticias.com\/editor\/reconocimiento-a-taller-artistico-de-garzon\/#primaryimage"},"image":{"@id":"https:\/\/luchonoticias.com\/editor\/reconocimiento-a-taller-artistico-de-garzon\/#primaryimage"},"thumbnailUrl":"https:\/\/luchonoticias.com\/editor\/wp-content\/uploads\/2024\/07\/taller.jpg","datePublished":"2024-07-21T12:28:23+00:00","description":"En el marco de la programaci\u00f3n de conmemoraci\u00f3n del D\u00eda de la Independencia de Colombia, el municipio de Garz\u00f3n reconoci\u00f3 la labor que realiza el Taller Artesanitos 3D.","breadcrumb":{"@id":"https:\/\/luchonoticias.com\/editor\/reconocimiento-a-taller-artistico-de-garzon\/#breadcrumb"},"inLanguage":"es","potentialAction":[{"@type":"ReadAction","target":["https:\/\/luchonoticias.com\/editor\/reconocimiento-a-taller-artistico-de-garzon\/"]}]},{"@type":"ImageObject","inLanguage":"es","@id":"https:\/\/luchonoticias.com\/editor\/reconocimiento-a-taller-artistico-de-garzon\/#primaryimage","url":"https:\/\/luchonoticias.com\/editor\/wp-content\/uploads\/2024\/07\/taller.jpg","contentUrl":"https:\/\/luchonoticias.com\/editor\/wp-content\/uploads\/2024\/07\/taller.jpg","width":700,"height":400},{"@type":"BreadcrumbList","@id":"https:\/\/luchonoticias.com\/editor\/reconocimiento-a-taller-artistico-de-garzon\/#breadcrumb","itemListElement":[{"@type":"ListItem","position":1,"name":"Portada","item":"https:\/\/luchonoticias.com\/editor\/"},{"@type":"ListItem","position":2,"name":"Reconocimiento a taller art\u00edstico de Garz\u00f3n"}]},{"@type":"WebSite","@id":"https:\/\/luchonoticias.com\/editor\/#website","url":"https:\/\/luchonoticias.com\/editor\/","name":"","description":"","publisher":{"@id":"https:\/\/luchonoticias.com\/editor\/#\/schema\/person\/7a7fd911f58561fd056dbac7b55af9cd"},"potentialAction":[{"@type":"SearchAction","target":{"@type":"EntryPoint","urlTemplate":"https:\/\/luchonoticias.com\/editor\/?s={search_term_string}"},"query-input":{"@type":"PropertyValueSpecification","valueRequired":true,"valueName":"search_term_string"}}],"inLanguage":"es"},{"@type":["Person","Organization"],"@id":"https:\/\/luchonoticias.com\/editor\/#\/schema\/person\/7a7fd911f58561fd056dbac7b55af9cd","name":"admin","image":{"@type":"ImageObject","inLanguage":"es","@id":"https:\/\/luchonoticias.com\/editor\/#\/schema\/person\/image\/","url":"https:\/\/luchonoticias.com\/editor\/wp-content\/uploads\/2024\/02\/cropped-cropped-logolu.webp","contentUrl":"https:\/\/luchonoticias.com\/editor\/wp-content\/uploads\/2024\/02\/cropped-cropped-logolu.webp","width":382,"height":170,"caption":"admin"},"logo":{"@id":"https:\/\/luchonoticias.com\/editor\/#\/schema\/person\/image\/"},"sameAs":["https:\/\/www.facebook.com\/luchonoticiasneiva"]},{"@type":"Person","@id":"https:\/\/luchonoticias.com\/editor\/#\/schema\/person\/29217990ddf6f14e35912b2866d591fb","name":"Editor General","image":{"@type":"ImageObject","inLanguage":"es","@id":"https:\/\/luchonoticias.com\/editor\/#\/schema\/person\/image\/","url":"https:\/\/luchonoticias.com\/editor\/wp-content\/uploads\/2024\/02\/cropped-cropped-logolu-150x150.webp","contentUrl":"https:\/\/luchonoticias.com\/editor\/wp-content\/uploads\/2024\/02\/cropped-cropped-logolu-150x150.webp","caption":"Editor General"},"sameAs":["https:\/\/luchonoticias.com\/"],"url":"https:\/\/luchonoticias.com\/editor\/author\/editor-general\/"}]}},"_links":{"self":[{"href":"https:\/\/luchonoticias.com\/editor\/wp-json\/wp\/v2\/posts\/75152","targetHints":{"allow":["GET"]}}],"collection":[{"href":"https:\/\/luchonoticias.com\/editor\/wp-json\/wp\/v2\/posts"}],"about":[{"href":"https:\/\/luchonoticias.com\/editor\/wp-json\/wp\/v2\/types\/post"}],"author":[{"embeddable":true,"href":"https:\/\/luchonoticias.com\/editor\/wp-json\/wp\/v2\/users\/2"}],"replies":[{"embeddable":true,"href":"https:\/\/luchonoticias.com\/editor\/wp-json\/wp\/v2\/comments?post=75152"}],"version-history":[{"count":1,"href":"https:\/\/luchonoticias.com\/editor\/wp-json\/wp\/v2\/posts\/75152\/revisions"}],"predecessor-version":[{"id":75154,"href":"https:\/\/luchonoticias.com\/editor\/wp-json\/wp\/v2\/posts\/75152\/revisions\/75154"}],"wp:featuredmedia":[{"embeddable":true,"href":"https:\/\/luchonoticias.com\/editor\/wp-json\/wp\/v2\/media\/75153"}],"wp:attachment":[{"href":"https:\/\/luchonoticias.com\/editor\/wp-json\/wp\/v2\/media?parent=75152"}],"wp:term":[{"taxonomy":"category","embeddable":true,"href":"https:\/\/luchonoticias.com\/editor\/wp-json\/wp\/v2\/categories?post=75152"},{"taxonomy":"post_tag","embeddable":true,"href":"https:\/\/luchonoticias.com\/editor\/wp-json\/wp\/v2\/tags?post=75152"}],"curies":[{"name":"wp","href":"https:\/\/api.w.org\/{rel}","templated":true}]}}