{"id":75155,"date":"2024-07-21T09:26:49","date_gmt":"2024-07-21T14:26:49","guid":{"rendered":"https:\/\/luchonoticias.com\/?p=75155"},"modified":"2024-07-21T09:26:49","modified_gmt":"2024-07-21T14:26:49","slug":"yamid-sanabria-vuelve-a-sus-funciones-en-el-concejo","status":"publish","type":"post","link":"https:\/\/luchonoticias.com\/editor\/yamid-sanabria-vuelve-a-sus-funciones-en-el-concejo\/","title":{"rendered":"Yamid Sanabria vuelve a sus funciones en el Concejo"},"content":{"rendered":"<p>Hoy retom\u00f3 su curul el concejal Yamid Sanabria Triana, luego de ser emitida la Resoluci\u00f3n No. 075 de 2024 del 19 de julio del a\u00f1o en curso, por parte del presidente de la Corporaci\u00f3n Concejo de Neiva, la cual da por terminada la vacancia temporal declarada mediante resoluci\u00f3n No. 042 de 2024.<\/p>\n<p>El hecho, determina que a partir de la fecha, se modifica el qu\u00f3rum a 19 concejales en total, basados en las reglas establecidas en el art\u00edculo 134 de la Constituci\u00f3n Pol\u00edtica de Colombia, modificado por el acto legislativo 02 de 2015.<\/p>\n<p>El concejal, agradeci\u00f3 a los dem\u00e1s cabildantes su apoyo en el proceso e indic\u00f3 que seguir\u00e1 trabajando por la ciudad, desde el control pol\u00edtico y el respaldo que los neivanos necesitan; asimismo, agradeci\u00f3 a todas las personas que mostraron su apoyo para continuar con su labor como concejal del municipio de Neiva.<\/p>\n<p>Concejal Yamid Sanabria, _\u201cBueno, yo creo que lo m\u00e1s importante es llegar a aportar, hay unos proyectos de acuerdo que tenemos pendientes para el pr\u00f3ximo periodo de sesiones ordinarias, en extras vendr\u00e1n algunos temas importantes, hoy estamos con la armonizaci\u00f3n del plan de desarrollo, tenemos unos temas salariales de la Contralor\u00eda, y lo m\u00e1s importante aqu\u00ed es poder desarrollar lo mejor posible el debate para que la ciudadan\u00eda sienta que hay un Concejo que los sigue respaldando en t\u00e9rminos de trabajar y aportarle al desarrollo. Vemos una Neiva, que hoy necesitamos que siga sanando financieramente pero que tambi\u00e9n el Concejo siga aport\u00e1ndole desde el control pol\u00edtico para que las cosas se hagan\u2026\u201d<\/p>\n","protected":false},"excerpt":{"rendered":"<p>Luego de cerca de algunos meses de ausencia por una suspensi\u00f3n provisional emitida por el Tribunal Administrativo del Huila, regres\u00f3 el cabildante gracias a la revocatoria de la misma emitida por la Sala de lo Contencioso Administrativo de la Secci\u00f3n Quinta del Consejo de Estado<\/p>\n","protected":false},"author":2,"featured_media":75156,"comment_status":"closed","ping_status":"open","sticky":false,"template":"","format":"standard","meta":{"footnotes":""},"categories":[31],"tags":[],"class_list":["post-75155","post","type-post","status-publish","format-standard","has-post-thumbnail","hentry","category-local"],"yoast_head":"<!-- This site is optimized with the Yoast SEO plugin v26.6 - https:\/\/yoast.com\/wordpress\/plugins\/seo\/ -->\n<title>Yamid Sanabria vuelve a sus funciones en el Concejo -<\/title>\n<meta name=\"description\" content=\"Luego de cerca de algunos meses de ausencia por una suspensi\u00f3n provisional emitida por el Tribunal Administrativo del Huila, regres\u00f3 el cabildante gracias a la revocatoria de la misma emitida por la Sala de lo Contencioso Administrativo de la Secci\u00f3n Quinta del Consejo de Estado\" \/>\n<meta name=\"robots\" content=\"index, follow, max-snippet:-1, max-image-preview:large, max-video-preview:-1\" \/>\n<link rel=\"canonical\" href=\"https:\/\/luchonoticias.com\/editor\/yamid-sanabria-vuelve-a-sus-funciones-en-el-concejo\/\" \/>\n<meta property=\"og:locale\" content=\"es_ES\" \/>\n<meta property=\"og:type\" content=\"article\" \/>\n<meta property=\"og:title\" content=\"Yamid Sanabria vuelve a sus funciones en el Concejo -\" \/>\n<meta property=\"og:description\" content=\"Luego de cerca de algunos meses de ausencia por una suspensi\u00f3n provisional emitida por el Tribunal Administrativo del Huila, regres\u00f3 el cabildante gracias a la revocatoria de la misma emitida por la Sala de lo Contencioso Administrativo de la Secci\u00f3n Quinta del Consejo de Estado\" \/>\n<meta property=\"og:url\" content=\"https:\/\/luchonoticias.com\/editor\/yamid-sanabria-vuelve-a-sus-funciones-en-el-concejo\/\" \/>\n<meta property=\"article:publisher\" content=\"https:\/\/www.facebook.com\/luchonoticiasneiva\" \/>\n<meta property=\"article:published_time\" content=\"2024-07-21T14:26:49+00:00\" \/>\n<meta property=\"og:image\" content=\"https:\/\/luchonoticias.com\/editor\/wp-content\/uploads\/2024\/07\/yamis-sanabria.jpg\" \/>\n\t<meta property=\"og:image:width\" content=\"700\" \/>\n\t<meta property=\"og:image:height\" content=\"400\" \/>\n\t<meta property=\"og:image:type\" content=\"image\/jpeg\" \/>\n<meta name=\"author\" content=\"Editor General\" \/>\n<meta name=\"twitter:card\" content=\"summary_large_image\" \/>\n<meta name=\"twitter:label1\" content=\"Escrito por\" \/>\n\t<meta name=\"twitter:data1\" content=\"Editor General\" \/>\n\t<meta name=\"twitter:label2\" content=\"Tiempo de lectura\" \/>\n\t<meta name=\"twitter:data2\" content=\"2 minutos\" \/>\n<script type=\"application\/ld+json\" class=\"yoast-schema-graph\">{\"@context\":\"https:\/\/schema.org\",\"@graph\":[{\"@type\":\"Article\",\"@id\":\"https:\/\/luchonoticias.com\/editor\/yamid-sanabria-vuelve-a-sus-funciones-en-el-concejo\/#article\",\"isPartOf\":{\"@id\":\"https:\/\/luchonoticias.com\/editor\/yamid-sanabria-vuelve-a-sus-funciones-en-el-concejo\/\"},\"author\":{\"name\":\"Editor General\",\"@id\":\"https:\/\/luchonoticias.com\/editor\/#\/schema\/person\/29217990ddf6f14e35912b2866d591fb\"},\"headline\":\"Yamid Sanabria vuelve a sus funciones en el Concejo\",\"datePublished\":\"2024-07-21T14:26:49+00:00\",\"mainEntityOfPage\":{\"@id\":\"https:\/\/luchonoticias.com\/editor\/yamid-sanabria-vuelve-a-sus-funciones-en-el-concejo\/\"},\"wordCount\":278,\"publisher\":{\"@id\":\"https:\/\/luchonoticias.com\/editor\/#\/schema\/person\/7a7fd911f58561fd056dbac7b55af9cd\"},\"image\":{\"@id\":\"https:\/\/luchonoticias.com\/editor\/yamid-sanabria-vuelve-a-sus-funciones-en-el-concejo\/#primaryimage\"},\"thumbnailUrl\":\"https:\/\/luchonoticias.com\/editor\/wp-content\/uploads\/2024\/07\/yamis-sanabria.jpg\",\"articleSection\":[\"Local\"],\"inLanguage\":\"es\"},{\"@type\":\"WebPage\",\"@id\":\"https:\/\/luchonoticias.com\/editor\/yamid-sanabria-vuelve-a-sus-funciones-en-el-concejo\/\",\"url\":\"https:\/\/luchonoticias.com\/editor\/yamid-sanabria-vuelve-a-sus-funciones-en-el-concejo\/\",\"name\":\"Yamid Sanabria vuelve a sus funciones en el Concejo -\",\"isPartOf\":{\"@id\":\"https:\/\/luchonoticias.com\/editor\/#website\"},\"primaryImageOfPage\":{\"@id\":\"https:\/\/luchonoticias.com\/editor\/yamid-sanabria-vuelve-a-sus-funciones-en-el-concejo\/#primaryimage\"},\"image\":{\"@id\":\"https:\/\/luchonoticias.com\/editor\/yamid-sanabria-vuelve-a-sus-funciones-en-el-concejo\/#primaryimage\"},\"thumbnailUrl\":\"https:\/\/luchonoticias.com\/editor\/wp-content\/uploads\/2024\/07\/yamis-sanabria.jpg\",\"datePublished\":\"2024-07-21T14:26:49+00:00\",\"description\":\"Luego de cerca de algunos meses de ausencia por una suspensi\u00f3n provisional emitida por el Tribunal Administrativo del Huila, regres\u00f3 el cabildante gracias a la revocatoria de la misma emitida por la Sala de lo Contencioso Administrativo de la Secci\u00f3n Quinta del Consejo de Estado\",\"breadcrumb\":{\"@id\":\"https:\/\/luchonoticias.com\/editor\/yamid-sanabria-vuelve-a-sus-funciones-en-el-concejo\/#breadcrumb\"},\"inLanguage\":\"es\",\"potentialAction\":[{\"@type\":\"ReadAction\",\"target\":[\"https:\/\/luchonoticias.com\/editor\/yamid-sanabria-vuelve-a-sus-funciones-en-el-concejo\/\"]}]},{\"@type\":\"ImageObject\",\"inLanguage\":\"es\",\"@id\":\"https:\/\/luchonoticias.com\/editor\/yamid-sanabria-vuelve-a-sus-funciones-en-el-concejo\/#primaryimage\",\"url\":\"https:\/\/luchonoticias.com\/editor\/wp-content\/uploads\/2024\/07\/yamis-sanabria.jpg\",\"contentUrl\":\"https:\/\/luchonoticias.com\/editor\/wp-content\/uploads\/2024\/07\/yamis-sanabria.jpg\",\"width\":700,\"height\":400},{\"@type\":\"BreadcrumbList\",\"@id\":\"https:\/\/luchonoticias.com\/editor\/yamid-sanabria-vuelve-a-sus-funciones-en-el-concejo\/#breadcrumb\",\"itemListElement\":[{\"@type\":\"ListItem\",\"position\":1,\"name\":\"Portada\",\"item\":\"https:\/\/luchonoticias.com\/editor\/\"},{\"@type\":\"ListItem\",\"position\":2,\"name\":\"Yamid Sanabria vuelve a sus funciones en el Concejo\"}]},{\"@type\":\"WebSite\",\"@id\":\"https:\/\/luchonoticias.com\/editor\/#website\",\"url\":\"https:\/\/luchonoticias.com\/editor\/\",\"name\":\"\",\"description\":\"\",\"publisher\":{\"@id\":\"https:\/\/luchonoticias.com\/editor\/#\/schema\/person\/7a7fd911f58561fd056dbac7b55af9cd\"},\"potentialAction\":[{\"@type\":\"SearchAction\",\"target\":{\"@type\":\"EntryPoint\",\"urlTemplate\":\"https:\/\/luchonoticias.com\/editor\/?s={search_term_string}\"},\"query-input\":{\"@type\":\"PropertyValueSpecification\",\"valueRequired\":true,\"valueName\":\"search_term_string\"}}],\"inLanguage\":\"es\"},{\"@type\":[\"Person\",\"Organization\"],\"@id\":\"https:\/\/luchonoticias.com\/editor\/#\/schema\/person\/7a7fd911f58561fd056dbac7b55af9cd\",\"name\":\"admin\",\"image\":{\"@type\":\"ImageObject\",\"inLanguage\":\"es\",\"@id\":\"https:\/\/luchonoticias.com\/editor\/#\/schema\/person\/image\/\",\"url\":\"https:\/\/luchonoticias.com\/editor\/wp-content\/uploads\/2024\/02\/cropped-cropped-logolu.webp\",\"contentUrl\":\"https:\/\/luchonoticias.com\/editor\/wp-content\/uploads\/2024\/02\/cropped-cropped-logolu.webp\",\"width\":382,\"height\":170,\"caption\":\"admin\"},\"logo\":{\"@id\":\"https:\/\/luchonoticias.com\/editor\/#\/schema\/person\/image\/\"},\"sameAs\":[\"https:\/\/www.facebook.com\/luchonoticiasneiva\"]},{\"@type\":\"Person\",\"@id\":\"https:\/\/luchonoticias.com\/editor\/#\/schema\/person\/29217990ddf6f14e35912b2866d591fb\",\"name\":\"Editor General\",\"image\":{\"@type\":\"ImageObject\",\"inLanguage\":\"es\",\"@id\":\"https:\/\/luchonoticias.com\/editor\/#\/schema\/person\/image\/\",\"url\":\"https:\/\/luchonoticias.com\/editor\/wp-content\/uploads\/2024\/02\/cropped-cropped-logolu-150x150.webp\",\"contentUrl\":\"https:\/\/luchonoticias.com\/editor\/wp-content\/uploads\/2024\/02\/cropped-cropped-logolu-150x150.webp\",\"caption\":\"Editor General\"},\"sameAs\":[\"https:\/\/luchonoticias.com\/\"],\"url\":\"https:\/\/luchonoticias.com\/editor\/author\/editor-general\/\"}]}<\/script>\n<!-- \/ Yoast SEO plugin. -->","yoast_head_json":{"title":"Yamid Sanabria vuelve a sus funciones en el Concejo -","description":"Luego de cerca de algunos meses de ausencia por una suspensi\u00f3n provisional emitida por el Tribunal Administrativo del Huila, regres\u00f3 el cabildante gracias a la revocatoria de la misma emitida por la Sala de lo Contencioso Administrativo de la Secci\u00f3n Quinta del Consejo de Estado","robots":{"index":"index","follow":"follow","max-snippet":"max-snippet:-1","max-image-preview":"max-image-preview:large","max-video-preview":"max-video-preview:-1"},"canonical":"https:\/\/luchonoticias.com\/editor\/yamid-sanabria-vuelve-a-sus-funciones-en-el-concejo\/","og_locale":"es_ES","og_type":"article","og_title":"Yamid Sanabria vuelve a sus funciones en el Concejo -","og_description":"Luego de cerca de algunos meses de ausencia por una suspensi\u00f3n provisional emitida por el Tribunal Administrativo del Huila, regres\u00f3 el cabildante gracias a la revocatoria de la misma emitida por la Sala de lo Contencioso Administrativo de la Secci\u00f3n Quinta del Consejo de Estado","og_url":"https:\/\/luchonoticias.com\/editor\/yamid-sanabria-vuelve-a-sus-funciones-en-el-concejo\/","article_publisher":"https:\/\/www.facebook.com\/luchonoticiasneiva","article_published_time":"2024-07-21T14:26:49+00:00","og_image":[{"width":700,"height":400,"url":"https:\/\/luchonoticias.com\/editor\/wp-content\/uploads\/2024\/07\/yamis-sanabria.jpg","type":"image\/jpeg"}],"author":"Editor General","twitter_card":"summary_large_image","twitter_misc":{"Escrito por":"Editor General","Tiempo de lectura":"2 minutos"},"schema":{"@context":"https:\/\/schema.org","@graph":[{"@type":"Article","@id":"https:\/\/luchonoticias.com\/editor\/yamid-sanabria-vuelve-a-sus-funciones-en-el-concejo\/#article","isPartOf":{"@id":"https:\/\/luchonoticias.com\/editor\/yamid-sanabria-vuelve-a-sus-funciones-en-el-concejo\/"},"author":{"name":"Editor General","@id":"https:\/\/luchonoticias.com\/editor\/#\/schema\/person\/29217990ddf6f14e35912b2866d591fb"},"headline":"Yamid Sanabria vuelve a sus funciones en el Concejo","datePublished":"2024-07-21T14:26:49+00:00","mainEntityOfPage":{"@id":"https:\/\/luchonoticias.com\/editor\/yamid-sanabria-vuelve-a-sus-funciones-en-el-concejo\/"},"wordCount":278,"publisher":{"@id":"https:\/\/luchonoticias.com\/editor\/#\/schema\/person\/7a7fd911f58561fd056dbac7b55af9cd"},"image":{"@id":"https:\/\/luchonoticias.com\/editor\/yamid-sanabria-vuelve-a-sus-funciones-en-el-concejo\/#primaryimage"},"thumbnailUrl":"https:\/\/luchonoticias.com\/editor\/wp-content\/uploads\/2024\/07\/yamis-sanabria.jpg","articleSection":["Local"],"inLanguage":"es"},{"@type":"WebPage","@id":"https:\/\/luchonoticias.com\/editor\/yamid-sanabria-vuelve-a-sus-funciones-en-el-concejo\/","url":"https:\/\/luchonoticias.com\/editor\/yamid-sanabria-vuelve-a-sus-funciones-en-el-concejo\/","name":"Yamid Sanabria vuelve a sus funciones en el Concejo -","isPartOf":{"@id":"https:\/\/luchonoticias.com\/editor\/#website"},"primaryImageOfPage":{"@id":"https:\/\/luchonoticias.com\/editor\/yamid-sanabria-vuelve-a-sus-funciones-en-el-concejo\/#primaryimage"},"image":{"@id":"https:\/\/luchonoticias.com\/editor\/yamid-sanabria-vuelve-a-sus-funciones-en-el-concejo\/#primaryimage"},"thumbnailUrl":"https:\/\/luchonoticias.com\/editor\/wp-content\/uploads\/2024\/07\/yamis-sanabria.jpg","datePublished":"2024-07-21T14:26:49+00:00","description":"Luego de cerca de algunos meses de ausencia por una suspensi\u00f3n provisional emitida por el Tribunal Administrativo del Huila, regres\u00f3 el cabildante gracias a la revocatoria de la misma emitida por la Sala de lo Contencioso Administrativo de la Secci\u00f3n Quinta del Consejo de Estado","breadcrumb":{"@id":"https:\/\/luchonoticias.com\/editor\/yamid-sanabria-vuelve-a-sus-funciones-en-el-concejo\/#breadcrumb"},"inLanguage":"es","potentialAction":[{"@type":"ReadAction","target":["https:\/\/luchonoticias.com\/editor\/yamid-sanabria-vuelve-a-sus-funciones-en-el-concejo\/"]}]},{"@type":"ImageObject","inLanguage":"es","@id":"https:\/\/luchonoticias.com\/editor\/yamid-sanabria-vuelve-a-sus-funciones-en-el-concejo\/#primaryimage","url":"https:\/\/luchonoticias.com\/editor\/wp-content\/uploads\/2024\/07\/yamis-sanabria.jpg","contentUrl":"https:\/\/luchonoticias.com\/editor\/wp-content\/uploads\/2024\/07\/yamis-sanabria.jpg","width":700,"height":400},{"@type":"BreadcrumbList","@id":"https:\/\/luchonoticias.com\/editor\/yamid-sanabria-vuelve-a-sus-funciones-en-el-concejo\/#breadcrumb","itemListElement":[{"@type":"ListItem","position":1,"name":"Portada","item":"https:\/\/luchonoticias.com\/editor\/"},{"@type":"ListItem","position":2,"name":"Yamid Sanabria vuelve a sus funciones en el Concejo"}]},{"@type":"WebSite","@id":"https:\/\/luchonoticias.com\/editor\/#website","url":"https:\/\/luchonoticias.com\/editor\/","name":"","description":"","publisher":{"@id":"https:\/\/luchonoticias.com\/editor\/#\/schema\/person\/7a7fd911f58561fd056dbac7b55af9cd"},"potentialAction":[{"@type":"SearchAction","target":{"@type":"EntryPoint","urlTemplate":"https:\/\/luchonoticias.com\/editor\/?s={search_term_string}"},"query-input":{"@type":"PropertyValueSpecification","valueRequired":true,"valueName":"search_term_string"}}],"inLanguage":"es"},{"@type":["Person","Organization"],"@id":"https:\/\/luchonoticias.com\/editor\/#\/schema\/person\/7a7fd911f58561fd056dbac7b55af9cd","name":"admin","image":{"@type":"ImageObject","inLanguage":"es","@id":"https:\/\/luchonoticias.com\/editor\/#\/schema\/person\/image\/","url":"https:\/\/luchonoticias.com\/editor\/wp-content\/uploads\/2024\/02\/cropped-cropped-logolu.webp","contentUrl":"https:\/\/luchonoticias.com\/editor\/wp-content\/uploads\/2024\/02\/cropped-cropped-logolu.webp","width":382,"height":170,"caption":"admin"},"logo":{"@id":"https:\/\/luchonoticias.com\/editor\/#\/schema\/person\/image\/"},"sameAs":["https:\/\/www.facebook.com\/luchonoticiasneiva"]},{"@type":"Person","@id":"https:\/\/luchonoticias.com\/editor\/#\/schema\/person\/29217990ddf6f14e35912b2866d591fb","name":"Editor General","image":{"@type":"ImageObject","inLanguage":"es","@id":"https:\/\/luchonoticias.com\/editor\/#\/schema\/person\/image\/","url":"https:\/\/luchonoticias.com\/editor\/wp-content\/uploads\/2024\/02\/cropped-cropped-logolu-150x150.webp","contentUrl":"https:\/\/luchonoticias.com\/editor\/wp-content\/uploads\/2024\/02\/cropped-cropped-logolu-150x150.webp","caption":"Editor General"},"sameAs":["https:\/\/luchonoticias.com\/"],"url":"https:\/\/luchonoticias.com\/editor\/author\/editor-general\/"}]}},"_links":{"self":[{"href":"https:\/\/luchonoticias.com\/editor\/wp-json\/wp\/v2\/posts\/75155","targetHints":{"allow":["GET"]}}],"collection":[{"href":"https:\/\/luchonoticias.com\/editor\/wp-json\/wp\/v2\/posts"}],"about":[{"href":"https:\/\/luchonoticias.com\/editor\/wp-json\/wp\/v2\/types\/post"}],"author":[{"embeddable":true,"href":"https:\/\/luchonoticias.com\/editor\/wp-json\/wp\/v2\/users\/2"}],"replies":[{"embeddable":true,"href":"https:\/\/luchonoticias.com\/editor\/wp-json\/wp\/v2\/comments?post=75155"}],"version-history":[{"count":1,"href":"https:\/\/luchonoticias.com\/editor\/wp-json\/wp\/v2\/posts\/75155\/revisions"}],"predecessor-version":[{"id":75157,"href":"https:\/\/luchonoticias.com\/editor\/wp-json\/wp\/v2\/posts\/75155\/revisions\/75157"}],"wp:featuredmedia":[{"embeddable":true,"href":"https:\/\/luchonoticias.com\/editor\/wp-json\/wp\/v2\/media\/75156"}],"wp:attachment":[{"href":"https:\/\/luchonoticias.com\/editor\/wp-json\/wp\/v2\/media?parent=75155"}],"wp:term":[{"taxonomy":"category","embeddable":true,"href":"https:\/\/luchonoticias.com\/editor\/wp-json\/wp\/v2\/categories?post=75155"},{"taxonomy":"post_tag","embeddable":true,"href":"https:\/\/luchonoticias.com\/editor\/wp-json\/wp\/v2\/tags?post=75155"}],"curies":[{"name":"wp","href":"https:\/\/api.w.org\/{rel}","templated":true}]}}