{"id":75159,"date":"2024-07-21T13:02:19","date_gmt":"2024-07-21T18:02:19","guid":{"rendered":"https:\/\/luchonoticias.com\/?p=75159"},"modified":"2024-07-21T13:02:19","modified_gmt":"2024-07-21T18:02:19","slug":"harold-tejada-fue-octavo-en-la-etapa-final-del-tour-de-francia","status":"publish","type":"post","link":"https:\/\/luchonoticias.com\/editor\/harold-tejada-fue-octavo-en-la-etapa-final-del-tour-de-francia\/","title":{"rendered":"Harold Tejada fue octavo en la etapa final del Tour de Francia"},"content":{"rendered":"<p>Con una contrarreloj en Niza finaliz\u00f3 el Tour de Francia 2024 donde el esloveno Tadej Pogacar dej\u00f3 claro su condici\u00f3n de campe\u00f3n al conquistar la etapa final.<\/p>\n<p>Eso s\u00ed, la gran noticia colombiana, y en particular para el Huila, fue la gran actuaci\u00f3n del laboyano Harold Tejada, quien finaliz\u00f3 en la octava casilla a 2:50 minutos del esloveno.<\/p>\n<p>El nativo de Pitalito tuvo una gran actuaci\u00f3n en la jornada contra el cron\u00f3metro e incluso lleg\u00f3 a ser el mejor registro de la jornada, hasta la llegada de los primeros de la general.<\/p>\n<p>A\u00fan as\u00ed Tejada super\u00f3 con su tiempo a pedalistas de mayor trayectoria como Santiago Buitrago y Egan Bernal, el ecuatoriano Richard Carapaz, los brit\u00e1nicos Adam y Simon Yates, el espa\u00f1ol Enric Mas o el australiano Jai Hindley, todos ellos protagonistas en grandes vueltas.<\/p>\n<p><b>Tadej Pogacar&#8230;otra vez\u00a0<\/b><\/p>\n<p>Ya en lo que respecta a la general el triunfo fue para el esloveno Tadej Pogacar quien adem\u00e1s logr\u00f3 su tercera corona en la ronda francesa y se llev\u00f3 seis triunfos parciales, de otro lado se convirti\u00f3 en el primer pedalista en 26 a\u00f1os en lograr el doblete Giro &#8211; Tour; el podio lo completaron el dan\u00e9s Jonas Vingegaard y Remco Evenepoel mientras que el mejor colombiano fue Santiago Buitrago que finaliz\u00f3 d\u00e9cimo.<\/p>\n<p>En cuanto a otras clasificaciones el eritreo Biniam Girmay se llev\u00f3 la regularidad (m\u00e1s tres etapas), el ecuatoriano Richard Carapaz fue el campe\u00f3n de la monta\u00f1a m\u00e1s el triunfo de una etapa y finalmente Evenepoel se impuso como el mejor juvenil de la competencia con un triunfo parcial.<\/p>\n<p>Finalmente Harold Tejada termin\u00f3 la carrera en la casilla 74 a poco m\u00e1s de cuatro horas del campe\u00f3n, adem\u00e1s de ser puesto 44 en la regularidad y quedar dentro de los diez primeros en dos etapas.<\/p>\n","protected":false},"excerpt":{"rendered":"<p>Con una contrarreloj en Niza finaliz\u00f3 el Tour de Francia 2024 donde el esloveno Tadej Pogacar dej\u00f3 claro su condici\u00f3n de campe\u00f3n al conquistar la etapa final. Eso s\u00ed, la gran noticia colombiana, y en particular para el Huila, fue la gran actuaci\u00f3n del laboyano Harold Tejada, quien finaliz\u00f3 en la octava casilla a 2:50 [&hellip;]<\/p>\n","protected":false},"author":2,"featured_media":75160,"comment_status":"closed","ping_status":"open","sticky":false,"template":"","format":"standard","meta":{"footnotes":""},"categories":[34],"tags":[],"class_list":["post-75159","post","type-post","status-publish","format-standard","has-post-thumbnail","hentry","category-deportes"],"yoast_head":"<!-- This site is optimized with the Yoast SEO plugin v26.6 - https:\/\/yoast.com\/wordpress\/plugins\/seo\/ -->\n<title>Harold Tejada fue octavo en la etapa final del Tour de Francia -<\/title>\n<meta name=\"description\" content=\"Gran etapa del ciclista huilense Harold Tejada en lo que fue la jornada final del Tour de Francia con Tadej Pogacar de campe\u00f3n.\" \/>\n<meta name=\"robots\" content=\"index, follow, max-snippet:-1, max-image-preview:large, max-video-preview:-1\" \/>\n<link rel=\"canonical\" href=\"https:\/\/luchonoticias.com\/editor\/harold-tejada-fue-octavo-en-la-etapa-final-del-tour-de-francia\/\" \/>\n<meta property=\"og:locale\" content=\"es_ES\" \/>\n<meta property=\"og:type\" content=\"article\" \/>\n<meta property=\"og:title\" content=\"Harold Tejada fue octavo en la etapa final del Tour de Francia -\" \/>\n<meta property=\"og:description\" content=\"Gran etapa del ciclista huilense Harold Tejada en lo que fue la jornada final del Tour de Francia con Tadej Pogacar de campe\u00f3n.\" \/>\n<meta property=\"og:url\" content=\"https:\/\/luchonoticias.com\/editor\/harold-tejada-fue-octavo-en-la-etapa-final-del-tour-de-francia\/\" \/>\n<meta property=\"article:publisher\" content=\"https:\/\/www.facebook.com\/luchonoticiasneiva\" \/>\n<meta property=\"article:published_time\" content=\"2024-07-21T18:02:19+00:00\" \/>\n<meta property=\"og:image\" content=\"https:\/\/luchonoticias.com\/editor\/wp-content\/uploads\/2024\/07\/harold-tejada-ciclismo.jpg\" \/>\n\t<meta property=\"og:image:width\" content=\"700\" \/>\n\t<meta property=\"og:image:height\" content=\"400\" \/>\n\t<meta property=\"og:image:type\" content=\"image\/jpeg\" \/>\n<meta name=\"author\" content=\"Editor General\" \/>\n<meta name=\"twitter:card\" content=\"summary_large_image\" \/>\n<meta name=\"twitter:label1\" content=\"Escrito por\" \/>\n\t<meta name=\"twitter:data1\" content=\"Editor General\" \/>\n\t<meta name=\"twitter:label2\" content=\"Tiempo de lectura\" \/>\n\t<meta name=\"twitter:data2\" content=\"2 minutos\" \/>\n<script type=\"application\/ld+json\" class=\"yoast-schema-graph\">{\"@context\":\"https:\/\/schema.org\",\"@graph\":[{\"@type\":\"Article\",\"@id\":\"https:\/\/luchonoticias.com\/editor\/harold-tejada-fue-octavo-en-la-etapa-final-del-tour-de-francia\/#article\",\"isPartOf\":{\"@id\":\"https:\/\/luchonoticias.com\/editor\/harold-tejada-fue-octavo-en-la-etapa-final-del-tour-de-francia\/\"},\"author\":{\"name\":\"Editor General\",\"@id\":\"https:\/\/luchonoticias.com\/editor\/#\/schema\/person\/29217990ddf6f14e35912b2866d591fb\"},\"headline\":\"Harold Tejada fue octavo en la etapa final del Tour de Francia\",\"datePublished\":\"2024-07-21T18:02:19+00:00\",\"mainEntityOfPage\":{\"@id\":\"https:\/\/luchonoticias.com\/editor\/harold-tejada-fue-octavo-en-la-etapa-final-del-tour-de-francia\/\"},\"wordCount\":322,\"publisher\":{\"@id\":\"https:\/\/luchonoticias.com\/editor\/#\/schema\/person\/7a7fd911f58561fd056dbac7b55af9cd\"},\"image\":{\"@id\":\"https:\/\/luchonoticias.com\/editor\/harold-tejada-fue-octavo-en-la-etapa-final-del-tour-de-francia\/#primaryimage\"},\"thumbnailUrl\":\"https:\/\/luchonoticias.com\/editor\/wp-content\/uploads\/2024\/07\/harold-tejada-ciclismo.jpg\",\"articleSection\":[\"Deportes\"],\"inLanguage\":\"es\"},{\"@type\":\"WebPage\",\"@id\":\"https:\/\/luchonoticias.com\/editor\/harold-tejada-fue-octavo-en-la-etapa-final-del-tour-de-francia\/\",\"url\":\"https:\/\/luchonoticias.com\/editor\/harold-tejada-fue-octavo-en-la-etapa-final-del-tour-de-francia\/\",\"name\":\"Harold Tejada fue octavo en la etapa final del Tour de Francia -\",\"isPartOf\":{\"@id\":\"https:\/\/luchonoticias.com\/editor\/#website\"},\"primaryImageOfPage\":{\"@id\":\"https:\/\/luchonoticias.com\/editor\/harold-tejada-fue-octavo-en-la-etapa-final-del-tour-de-francia\/#primaryimage\"},\"image\":{\"@id\":\"https:\/\/luchonoticias.com\/editor\/harold-tejada-fue-octavo-en-la-etapa-final-del-tour-de-francia\/#primaryimage\"},\"thumbnailUrl\":\"https:\/\/luchonoticias.com\/editor\/wp-content\/uploads\/2024\/07\/harold-tejada-ciclismo.jpg\",\"datePublished\":\"2024-07-21T18:02:19+00:00\",\"description\":\"Gran etapa del ciclista huilense Harold Tejada en lo que fue la jornada final del Tour de Francia con Tadej Pogacar de campe\u00f3n.\",\"breadcrumb\":{\"@id\":\"https:\/\/luchonoticias.com\/editor\/harold-tejada-fue-octavo-en-la-etapa-final-del-tour-de-francia\/#breadcrumb\"},\"inLanguage\":\"es\",\"potentialAction\":[{\"@type\":\"ReadAction\",\"target\":[\"https:\/\/luchonoticias.com\/editor\/harold-tejada-fue-octavo-en-la-etapa-final-del-tour-de-francia\/\"]}]},{\"@type\":\"ImageObject\",\"inLanguage\":\"es\",\"@id\":\"https:\/\/luchonoticias.com\/editor\/harold-tejada-fue-octavo-en-la-etapa-final-del-tour-de-francia\/#primaryimage\",\"url\":\"https:\/\/luchonoticias.com\/editor\/wp-content\/uploads\/2024\/07\/harold-tejada-ciclismo.jpg\",\"contentUrl\":\"https:\/\/luchonoticias.com\/editor\/wp-content\/uploads\/2024\/07\/harold-tejada-ciclismo.jpg\",\"width\":700,\"height\":400},{\"@type\":\"BreadcrumbList\",\"@id\":\"https:\/\/luchonoticias.com\/editor\/harold-tejada-fue-octavo-en-la-etapa-final-del-tour-de-francia\/#breadcrumb\",\"itemListElement\":[{\"@type\":\"ListItem\",\"position\":1,\"name\":\"Portada\",\"item\":\"https:\/\/luchonoticias.com\/editor\/\"},{\"@type\":\"ListItem\",\"position\":2,\"name\":\"Harold Tejada fue octavo en la etapa final del Tour de Francia\"}]},{\"@type\":\"WebSite\",\"@id\":\"https:\/\/luchonoticias.com\/editor\/#website\",\"url\":\"https:\/\/luchonoticias.com\/editor\/\",\"name\":\"\",\"description\":\"\",\"publisher\":{\"@id\":\"https:\/\/luchonoticias.com\/editor\/#\/schema\/person\/7a7fd911f58561fd056dbac7b55af9cd\"},\"potentialAction\":[{\"@type\":\"SearchAction\",\"target\":{\"@type\":\"EntryPoint\",\"urlTemplate\":\"https:\/\/luchonoticias.com\/editor\/?s={search_term_string}\"},\"query-input\":{\"@type\":\"PropertyValueSpecification\",\"valueRequired\":true,\"valueName\":\"search_term_string\"}}],\"inLanguage\":\"es\"},{\"@type\":[\"Person\",\"Organization\"],\"@id\":\"https:\/\/luchonoticias.com\/editor\/#\/schema\/person\/7a7fd911f58561fd056dbac7b55af9cd\",\"name\":\"admin\",\"image\":{\"@type\":\"ImageObject\",\"inLanguage\":\"es\",\"@id\":\"https:\/\/luchonoticias.com\/editor\/#\/schema\/person\/image\/\",\"url\":\"https:\/\/luchonoticias.com\/editor\/wp-content\/uploads\/2024\/02\/cropped-cropped-logolu.webp\",\"contentUrl\":\"https:\/\/luchonoticias.com\/editor\/wp-content\/uploads\/2024\/02\/cropped-cropped-logolu.webp\",\"width\":382,\"height\":170,\"caption\":\"admin\"},\"logo\":{\"@id\":\"https:\/\/luchonoticias.com\/editor\/#\/schema\/person\/image\/\"},\"sameAs\":[\"https:\/\/www.facebook.com\/luchonoticiasneiva\"]},{\"@type\":\"Person\",\"@id\":\"https:\/\/luchonoticias.com\/editor\/#\/schema\/person\/29217990ddf6f14e35912b2866d591fb\",\"name\":\"Editor General\",\"image\":{\"@type\":\"ImageObject\",\"inLanguage\":\"es\",\"@id\":\"https:\/\/luchonoticias.com\/editor\/#\/schema\/person\/image\/\",\"url\":\"https:\/\/luchonoticias.com\/editor\/wp-content\/uploads\/2024\/02\/cropped-cropped-logolu-150x150.webp\",\"contentUrl\":\"https:\/\/luchonoticias.com\/editor\/wp-content\/uploads\/2024\/02\/cropped-cropped-logolu-150x150.webp\",\"caption\":\"Editor General\"},\"sameAs\":[\"https:\/\/luchonoticias.com\/\"],\"url\":\"https:\/\/luchonoticias.com\/editor\/author\/editor-general\/\"}]}<\/script>\n<!-- \/ Yoast SEO plugin. -->","yoast_head_json":{"title":"Harold Tejada fue octavo en la etapa final del Tour de Francia -","description":"Gran etapa del ciclista huilense Harold Tejada en lo que fue la jornada final del Tour de Francia con Tadej Pogacar de campe\u00f3n.","robots":{"index":"index","follow":"follow","max-snippet":"max-snippet:-1","max-image-preview":"max-image-preview:large","max-video-preview":"max-video-preview:-1"},"canonical":"https:\/\/luchonoticias.com\/editor\/harold-tejada-fue-octavo-en-la-etapa-final-del-tour-de-francia\/","og_locale":"es_ES","og_type":"article","og_title":"Harold Tejada fue octavo en la etapa final del Tour de Francia -","og_description":"Gran etapa del ciclista huilense Harold Tejada en lo que fue la jornada final del Tour de Francia con Tadej Pogacar de campe\u00f3n.","og_url":"https:\/\/luchonoticias.com\/editor\/harold-tejada-fue-octavo-en-la-etapa-final-del-tour-de-francia\/","article_publisher":"https:\/\/www.facebook.com\/luchonoticiasneiva","article_published_time":"2024-07-21T18:02:19+00:00","og_image":[{"width":700,"height":400,"url":"https:\/\/luchonoticias.com\/editor\/wp-content\/uploads\/2024\/07\/harold-tejada-ciclismo.jpg","type":"image\/jpeg"}],"author":"Editor General","twitter_card":"summary_large_image","twitter_misc":{"Escrito por":"Editor General","Tiempo de lectura":"2 minutos"},"schema":{"@context":"https:\/\/schema.org","@graph":[{"@type":"Article","@id":"https:\/\/luchonoticias.com\/editor\/harold-tejada-fue-octavo-en-la-etapa-final-del-tour-de-francia\/#article","isPartOf":{"@id":"https:\/\/luchonoticias.com\/editor\/harold-tejada-fue-octavo-en-la-etapa-final-del-tour-de-francia\/"},"author":{"name":"Editor General","@id":"https:\/\/luchonoticias.com\/editor\/#\/schema\/person\/29217990ddf6f14e35912b2866d591fb"},"headline":"Harold Tejada fue octavo en la etapa final del Tour de Francia","datePublished":"2024-07-21T18:02:19+00:00","mainEntityOfPage":{"@id":"https:\/\/luchonoticias.com\/editor\/harold-tejada-fue-octavo-en-la-etapa-final-del-tour-de-francia\/"},"wordCount":322,"publisher":{"@id":"https:\/\/luchonoticias.com\/editor\/#\/schema\/person\/7a7fd911f58561fd056dbac7b55af9cd"},"image":{"@id":"https:\/\/luchonoticias.com\/editor\/harold-tejada-fue-octavo-en-la-etapa-final-del-tour-de-francia\/#primaryimage"},"thumbnailUrl":"https:\/\/luchonoticias.com\/editor\/wp-content\/uploads\/2024\/07\/harold-tejada-ciclismo.jpg","articleSection":["Deportes"],"inLanguage":"es"},{"@type":"WebPage","@id":"https:\/\/luchonoticias.com\/editor\/harold-tejada-fue-octavo-en-la-etapa-final-del-tour-de-francia\/","url":"https:\/\/luchonoticias.com\/editor\/harold-tejada-fue-octavo-en-la-etapa-final-del-tour-de-francia\/","name":"Harold Tejada fue octavo en la etapa final del Tour de Francia -","isPartOf":{"@id":"https:\/\/luchonoticias.com\/editor\/#website"},"primaryImageOfPage":{"@id":"https:\/\/luchonoticias.com\/editor\/harold-tejada-fue-octavo-en-la-etapa-final-del-tour-de-francia\/#primaryimage"},"image":{"@id":"https:\/\/luchonoticias.com\/editor\/harold-tejada-fue-octavo-en-la-etapa-final-del-tour-de-francia\/#primaryimage"},"thumbnailUrl":"https:\/\/luchonoticias.com\/editor\/wp-content\/uploads\/2024\/07\/harold-tejada-ciclismo.jpg","datePublished":"2024-07-21T18:02:19+00:00","description":"Gran etapa del ciclista huilense Harold Tejada en lo que fue la jornada final del Tour de Francia con Tadej Pogacar de campe\u00f3n.","breadcrumb":{"@id":"https:\/\/luchonoticias.com\/editor\/harold-tejada-fue-octavo-en-la-etapa-final-del-tour-de-francia\/#breadcrumb"},"inLanguage":"es","potentialAction":[{"@type":"ReadAction","target":["https:\/\/luchonoticias.com\/editor\/harold-tejada-fue-octavo-en-la-etapa-final-del-tour-de-francia\/"]}]},{"@type":"ImageObject","inLanguage":"es","@id":"https:\/\/luchonoticias.com\/editor\/harold-tejada-fue-octavo-en-la-etapa-final-del-tour-de-francia\/#primaryimage","url":"https:\/\/luchonoticias.com\/editor\/wp-content\/uploads\/2024\/07\/harold-tejada-ciclismo.jpg","contentUrl":"https:\/\/luchonoticias.com\/editor\/wp-content\/uploads\/2024\/07\/harold-tejada-ciclismo.jpg","width":700,"height":400},{"@type":"BreadcrumbList","@id":"https:\/\/luchonoticias.com\/editor\/harold-tejada-fue-octavo-en-la-etapa-final-del-tour-de-francia\/#breadcrumb","itemListElement":[{"@type":"ListItem","position":1,"name":"Portada","item":"https:\/\/luchonoticias.com\/editor\/"},{"@type":"ListItem","position":2,"name":"Harold Tejada fue octavo en la etapa final del Tour de Francia"}]},{"@type":"WebSite","@id":"https:\/\/luchonoticias.com\/editor\/#website","url":"https:\/\/luchonoticias.com\/editor\/","name":"","description":"","publisher":{"@id":"https:\/\/luchonoticias.com\/editor\/#\/schema\/person\/7a7fd911f58561fd056dbac7b55af9cd"},"potentialAction":[{"@type":"SearchAction","target":{"@type":"EntryPoint","urlTemplate":"https:\/\/luchonoticias.com\/editor\/?s={search_term_string}"},"query-input":{"@type":"PropertyValueSpecification","valueRequired":true,"valueName":"search_term_string"}}],"inLanguage":"es"},{"@type":["Person","Organization"],"@id":"https:\/\/luchonoticias.com\/editor\/#\/schema\/person\/7a7fd911f58561fd056dbac7b55af9cd","name":"admin","image":{"@type":"ImageObject","inLanguage":"es","@id":"https:\/\/luchonoticias.com\/editor\/#\/schema\/person\/image\/","url":"https:\/\/luchonoticias.com\/editor\/wp-content\/uploads\/2024\/02\/cropped-cropped-logolu.webp","contentUrl":"https:\/\/luchonoticias.com\/editor\/wp-content\/uploads\/2024\/02\/cropped-cropped-logolu.webp","width":382,"height":170,"caption":"admin"},"logo":{"@id":"https:\/\/luchonoticias.com\/editor\/#\/schema\/person\/image\/"},"sameAs":["https:\/\/www.facebook.com\/luchonoticiasneiva"]},{"@type":"Person","@id":"https:\/\/luchonoticias.com\/editor\/#\/schema\/person\/29217990ddf6f14e35912b2866d591fb","name":"Editor General","image":{"@type":"ImageObject","inLanguage":"es","@id":"https:\/\/luchonoticias.com\/editor\/#\/schema\/person\/image\/","url":"https:\/\/luchonoticias.com\/editor\/wp-content\/uploads\/2024\/02\/cropped-cropped-logolu-150x150.webp","contentUrl":"https:\/\/luchonoticias.com\/editor\/wp-content\/uploads\/2024\/02\/cropped-cropped-logolu-150x150.webp","caption":"Editor General"},"sameAs":["https:\/\/luchonoticias.com\/"],"url":"https:\/\/luchonoticias.com\/editor\/author\/editor-general\/"}]}},"_links":{"self":[{"href":"https:\/\/luchonoticias.com\/editor\/wp-json\/wp\/v2\/posts\/75159","targetHints":{"allow":["GET"]}}],"collection":[{"href":"https:\/\/luchonoticias.com\/editor\/wp-json\/wp\/v2\/posts"}],"about":[{"href":"https:\/\/luchonoticias.com\/editor\/wp-json\/wp\/v2\/types\/post"}],"author":[{"embeddable":true,"href":"https:\/\/luchonoticias.com\/editor\/wp-json\/wp\/v2\/users\/2"}],"replies":[{"embeddable":true,"href":"https:\/\/luchonoticias.com\/editor\/wp-json\/wp\/v2\/comments?post=75159"}],"version-history":[{"count":1,"href":"https:\/\/luchonoticias.com\/editor\/wp-json\/wp\/v2\/posts\/75159\/revisions"}],"predecessor-version":[{"id":75161,"href":"https:\/\/luchonoticias.com\/editor\/wp-json\/wp\/v2\/posts\/75159\/revisions\/75161"}],"wp:featuredmedia":[{"embeddable":true,"href":"https:\/\/luchonoticias.com\/editor\/wp-json\/wp\/v2\/media\/75160"}],"wp:attachment":[{"href":"https:\/\/luchonoticias.com\/editor\/wp-json\/wp\/v2\/media?parent=75159"}],"wp:term":[{"taxonomy":"category","embeddable":true,"href":"https:\/\/luchonoticias.com\/editor\/wp-json\/wp\/v2\/categories?post=75159"},{"taxonomy":"post_tag","embeddable":true,"href":"https:\/\/luchonoticias.com\/editor\/wp-json\/wp\/v2\/tags?post=75159"}],"curies":[{"name":"wp","href":"https:\/\/api.w.org\/{rel}","templated":true}]}}