{"id":75227,"date":"2024-07-23T10:26:02","date_gmt":"2024-07-23T15:26:02","guid":{"rendered":"https:\/\/luchonoticias.com\/?p=75227"},"modified":"2024-07-23T10:26:02","modified_gmt":"2024-07-23T15:26:02","slug":"proyecto-para-mejorar-la-competitividad-de-las-trilladoras-huilenses","status":"publish","type":"post","link":"https:\/\/luchonoticias.com\/editor\/proyecto-para-mejorar-la-competitividad-de-las-trilladoras-huilenses\/","title":{"rendered":"Proyecto para mejorar la competitividad de las trilladoras huilenses"},"content":{"rendered":"<p>En reuni\u00f3n realizada con representantes de las trilladoras del sector cafetero del departamento del Huila, la Secretar\u00eda de Desarrollo Econ\u00f3mico y Turismo, present\u00f3 una nueva iniciativa en colaboraci\u00f3n con el Comit\u00e9 de Cafeteros por el orden de los $1.000 millones, con la que se busca mejorar la productividad y competitividad de estas empresas optimizando la rentabilidad.<\/p>\n<p>El proyecto contempla la implementaci\u00f3n de sensores avanzados para identificar los costos de producci\u00f3n en las trilladoras, as\u00ed como realizar un an\u00e1lisis detallado y proyecci\u00f3n de los costos asociados a la log\u00edstica de exportaci\u00f3n, este an\u00e1lisis permitir\u00e1 comparar los precios en el mercado y evaluar la productividad y competitividad del sector. Adem\u00e1s, se utilizar\u00e1 un software especializado para sistematizar esta informaci\u00f3n.<\/p>\n<p>En una etapa posterior, se tiene previsto aplicar inteligencia artificial para realizar predicciones no solo sobre tendencias de mercado, sino tambi\u00e9n para optimizar los costos y mejorar los procesos dentro del sector cafetero.<\/p>\n<p>El proyecto, adem\u00e1s contar\u00e1 con una inversi\u00f3n aproximada de $1.000 millones, y ser\u00e1 financiado a trav\u00e9s del sistema general de regal\u00edas. Se espera que al menos diez trilladoras en el departamento del Huila se beneficien directamente de esta iniciativa, que busca fortalecer la econom\u00eda local y promover el desarrollo sostenible en el sector cafetero.<\/p>\n<p>\u201cVamos a adelantar un proceso para que de la mano de unos sensores podamos identificar los costos de producci\u00f3n en las trilladoras, vamos a hacer un an\u00e1lisis y proyecci\u00f3n de los costos que tiene en t\u00e9rminos de la log\u00edstica de exportaci\u00f3n y all\u00ed vamos a poder hacer una comparaci\u00f3n con los precios en el mercado, es decir, vamos a realizar un an\u00e1lisis de productividad y competitividad acompa\u00f1ados de un software que permitir\u00e1 sistematizar esta informaci\u00f3n y m\u00e1s adelante a trav\u00e9s de inteligencia artificial se podr\u00e1n hacer predicciones, no solo de mercados sino en t\u00e9rminos de costos para mejorar los procesos del sector cafetero\u201d, destac\u00f3 el secretario de Desarrollo Econ\u00f3mico y Turismo Ricardo Vera Torres.<\/p>\n<p>Este proyecto representar\u00e1 un paso significativo hacia la modernizaci\u00f3n y la eficiencia en el sector cafetero del Huila, con el compromiso conjunto de la Gobernaci\u00f3n del Huila, las trilladoras y el Comit\u00e9 de Cafeteros, se pretende impulsar un cambio positivo que beneficie a toda la comunidad cafetera. Con esta importante iniciativa se fortalecer\u00e1n la capacidad del departamento para competir en mercados globales y asegurar\u00e1n que el departamento del Huila siga liderando en la producci\u00f3n de caf\u00e9.<\/p>\n","protected":false},"excerpt":{"rendered":"<p>En reuni\u00f3n realizada con representantes de las trilladoras del sector cafetero del departamento del Huila, la Secretar\u00eda de Desarrollo Econ\u00f3mico y Turismo, present\u00f3 una nueva iniciativa en colaboraci\u00f3n con el Comit\u00e9 de Cafeteros por el orden de los $1.000 millones, con la que se busca mejorar la productividad y competitividad de estas empresas optimizando la rentabilidad.<\/p>\n","protected":false},"author":2,"featured_media":75228,"comment_status":"closed","ping_status":"open","sticky":false,"template":"","format":"standard","meta":{"footnotes":""},"categories":[33],"tags":[],"class_list":["post-75227","post","type-post","status-publish","format-standard","has-post-thumbnail","hentry","category-huila"],"yoast_head":"<!-- This site is optimized with the Yoast SEO plugin v26.6 - https:\/\/yoast.com\/wordpress\/plugins\/seo\/ -->\n<title>Proyecto para mejorar la competitividad de las trilladoras huilenses -<\/title>\n<meta name=\"description\" content=\"En reuni\u00f3n realizada con representantes de las trilladoras del sector cafetero del departamento del Huila, la Secretar\u00eda de Desarrollo Econ\u00f3mico y Turismo, present\u00f3 una nueva iniciativa en colaboraci\u00f3n con el Comit\u00e9 de Cafeteros por el orden de los $1.000 millones, con la que se busca mejorar la productividad y competitividad de estas empresas optimizando la rentabilidad.\" \/>\n<meta name=\"robots\" content=\"index, follow, max-snippet:-1, max-image-preview:large, max-video-preview:-1\" \/>\n<link rel=\"canonical\" href=\"https:\/\/luchonoticias.com\/editor\/proyecto-para-mejorar-la-competitividad-de-las-trilladoras-huilenses\/\" \/>\n<meta property=\"og:locale\" content=\"es_ES\" \/>\n<meta property=\"og:type\" content=\"article\" \/>\n<meta property=\"og:title\" content=\"Proyecto para mejorar la competitividad de las trilladoras huilenses -\" \/>\n<meta property=\"og:description\" content=\"En reuni\u00f3n realizada con representantes de las trilladoras del sector cafetero del departamento del Huila, la Secretar\u00eda de Desarrollo Econ\u00f3mico y Turismo, present\u00f3 una nueva iniciativa en colaboraci\u00f3n con el Comit\u00e9 de Cafeteros por el orden de los $1.000 millones, con la que se busca mejorar la productividad y competitividad de estas empresas optimizando la rentabilidad.\" \/>\n<meta property=\"og:url\" content=\"https:\/\/luchonoticias.com\/editor\/proyecto-para-mejorar-la-competitividad-de-las-trilladoras-huilenses\/\" \/>\n<meta property=\"article:publisher\" content=\"https:\/\/www.facebook.com\/luchonoticiasneiva\" \/>\n<meta property=\"article:published_time\" content=\"2024-07-23T15:26:02+00:00\" \/>\n<meta property=\"og:image\" content=\"https:\/\/luchonoticias.com\/editor\/wp-content\/uploads\/2024\/07\/trilladoras-proyecto.jpg\" \/>\n\t<meta property=\"og:image:width\" content=\"700\" \/>\n\t<meta property=\"og:image:height\" content=\"400\" \/>\n\t<meta property=\"og:image:type\" content=\"image\/jpeg\" \/>\n<meta name=\"author\" content=\"Editor General\" \/>\n<meta name=\"twitter:card\" content=\"summary_large_image\" \/>\n<meta name=\"twitter:label1\" content=\"Escrito por\" \/>\n\t<meta name=\"twitter:data1\" content=\"Editor General\" \/>\n\t<meta name=\"twitter:label2\" content=\"Tiempo de lectura\" \/>\n\t<meta name=\"twitter:data2\" content=\"3 minutos\" \/>\n<script type=\"application\/ld+json\" class=\"yoast-schema-graph\">{\"@context\":\"https:\/\/schema.org\",\"@graph\":[{\"@type\":\"Article\",\"@id\":\"https:\/\/luchonoticias.com\/editor\/proyecto-para-mejorar-la-competitividad-de-las-trilladoras-huilenses\/#article\",\"isPartOf\":{\"@id\":\"https:\/\/luchonoticias.com\/editor\/proyecto-para-mejorar-la-competitividad-de-las-trilladoras-huilenses\/\"},\"author\":{\"name\":\"Editor General\",\"@id\":\"https:\/\/luchonoticias.com\/editor\/#\/schema\/person\/29217990ddf6f14e35912b2866d591fb\"},\"headline\":\"Proyecto para mejorar la competitividad de las trilladoras huilenses\",\"datePublished\":\"2024-07-23T15:26:02+00:00\",\"mainEntityOfPage\":{\"@id\":\"https:\/\/luchonoticias.com\/editor\/proyecto-para-mejorar-la-competitividad-de-las-trilladoras-huilenses\/\"},\"wordCount\":440,\"publisher\":{\"@id\":\"https:\/\/luchonoticias.com\/editor\/#\/schema\/person\/7a7fd911f58561fd056dbac7b55af9cd\"},\"image\":{\"@id\":\"https:\/\/luchonoticias.com\/editor\/proyecto-para-mejorar-la-competitividad-de-las-trilladoras-huilenses\/#primaryimage\"},\"thumbnailUrl\":\"https:\/\/luchonoticias.com\/editor\/wp-content\/uploads\/2024\/07\/trilladoras-proyecto.jpg\",\"articleSection\":[\"Huila\"],\"inLanguage\":\"es\"},{\"@type\":\"WebPage\",\"@id\":\"https:\/\/luchonoticias.com\/editor\/proyecto-para-mejorar-la-competitividad-de-las-trilladoras-huilenses\/\",\"url\":\"https:\/\/luchonoticias.com\/editor\/proyecto-para-mejorar-la-competitividad-de-las-trilladoras-huilenses\/\",\"name\":\"Proyecto para mejorar la competitividad de las trilladoras huilenses -\",\"isPartOf\":{\"@id\":\"https:\/\/luchonoticias.com\/editor\/#website\"},\"primaryImageOfPage\":{\"@id\":\"https:\/\/luchonoticias.com\/editor\/proyecto-para-mejorar-la-competitividad-de-las-trilladoras-huilenses\/#primaryimage\"},\"image\":{\"@id\":\"https:\/\/luchonoticias.com\/editor\/proyecto-para-mejorar-la-competitividad-de-las-trilladoras-huilenses\/#primaryimage\"},\"thumbnailUrl\":\"https:\/\/luchonoticias.com\/editor\/wp-content\/uploads\/2024\/07\/trilladoras-proyecto.jpg\",\"datePublished\":\"2024-07-23T15:26:02+00:00\",\"description\":\"En reuni\u00f3n realizada con representantes de las trilladoras del sector cafetero del departamento del Huila, la Secretar\u00eda de Desarrollo Econ\u00f3mico y Turismo, present\u00f3 una nueva iniciativa en colaboraci\u00f3n con el Comit\u00e9 de Cafeteros por el orden de los $1.000 millones, con la que se busca mejorar la productividad y competitividad de estas empresas optimizando la rentabilidad.\",\"breadcrumb\":{\"@id\":\"https:\/\/luchonoticias.com\/editor\/proyecto-para-mejorar-la-competitividad-de-las-trilladoras-huilenses\/#breadcrumb\"},\"inLanguage\":\"es\",\"potentialAction\":[{\"@type\":\"ReadAction\",\"target\":[\"https:\/\/luchonoticias.com\/editor\/proyecto-para-mejorar-la-competitividad-de-las-trilladoras-huilenses\/\"]}]},{\"@type\":\"ImageObject\",\"inLanguage\":\"es\",\"@id\":\"https:\/\/luchonoticias.com\/editor\/proyecto-para-mejorar-la-competitividad-de-las-trilladoras-huilenses\/#primaryimage\",\"url\":\"https:\/\/luchonoticias.com\/editor\/wp-content\/uploads\/2024\/07\/trilladoras-proyecto.jpg\",\"contentUrl\":\"https:\/\/luchonoticias.com\/editor\/wp-content\/uploads\/2024\/07\/trilladoras-proyecto.jpg\",\"width\":700,\"height\":400},{\"@type\":\"BreadcrumbList\",\"@id\":\"https:\/\/luchonoticias.com\/editor\/proyecto-para-mejorar-la-competitividad-de-las-trilladoras-huilenses\/#breadcrumb\",\"itemListElement\":[{\"@type\":\"ListItem\",\"position\":1,\"name\":\"Portada\",\"item\":\"https:\/\/luchonoticias.com\/editor\/\"},{\"@type\":\"ListItem\",\"position\":2,\"name\":\"Proyecto para mejorar la competitividad de las trilladoras huilenses\"}]},{\"@type\":\"WebSite\",\"@id\":\"https:\/\/luchonoticias.com\/editor\/#website\",\"url\":\"https:\/\/luchonoticias.com\/editor\/\",\"name\":\"\",\"description\":\"\",\"publisher\":{\"@id\":\"https:\/\/luchonoticias.com\/editor\/#\/schema\/person\/7a7fd911f58561fd056dbac7b55af9cd\"},\"potentialAction\":[{\"@type\":\"SearchAction\",\"target\":{\"@type\":\"EntryPoint\",\"urlTemplate\":\"https:\/\/luchonoticias.com\/editor\/?s={search_term_string}\"},\"query-input\":{\"@type\":\"PropertyValueSpecification\",\"valueRequired\":true,\"valueName\":\"search_term_string\"}}],\"inLanguage\":\"es\"},{\"@type\":[\"Person\",\"Organization\"],\"@id\":\"https:\/\/luchonoticias.com\/editor\/#\/schema\/person\/7a7fd911f58561fd056dbac7b55af9cd\",\"name\":\"admin\",\"image\":{\"@type\":\"ImageObject\",\"inLanguage\":\"es\",\"@id\":\"https:\/\/luchonoticias.com\/editor\/#\/schema\/person\/image\/\",\"url\":\"https:\/\/luchonoticias.com\/editor\/wp-content\/uploads\/2024\/02\/cropped-cropped-logolu.webp\",\"contentUrl\":\"https:\/\/luchonoticias.com\/editor\/wp-content\/uploads\/2024\/02\/cropped-cropped-logolu.webp\",\"width\":382,\"height\":170,\"caption\":\"admin\"},\"logo\":{\"@id\":\"https:\/\/luchonoticias.com\/editor\/#\/schema\/person\/image\/\"},\"sameAs\":[\"https:\/\/www.facebook.com\/luchonoticiasneiva\"]},{\"@type\":\"Person\",\"@id\":\"https:\/\/luchonoticias.com\/editor\/#\/schema\/person\/29217990ddf6f14e35912b2866d591fb\",\"name\":\"Editor General\",\"image\":{\"@type\":\"ImageObject\",\"inLanguage\":\"es\",\"@id\":\"https:\/\/luchonoticias.com\/editor\/#\/schema\/person\/image\/\",\"url\":\"https:\/\/luchonoticias.com\/editor\/wp-content\/uploads\/2024\/02\/cropped-cropped-logolu-150x150.webp\",\"contentUrl\":\"https:\/\/luchonoticias.com\/editor\/wp-content\/uploads\/2024\/02\/cropped-cropped-logolu-150x150.webp\",\"caption\":\"Editor General\"},\"sameAs\":[\"https:\/\/luchonoticias.com\/\"],\"url\":\"https:\/\/luchonoticias.com\/editor\/author\/editor-general\/\"}]}<\/script>\n<!-- \/ Yoast SEO plugin. -->","yoast_head_json":{"title":"Proyecto para mejorar la competitividad de las trilladoras huilenses -","description":"En reuni\u00f3n realizada con representantes de las trilladoras del sector cafetero del departamento del Huila, la Secretar\u00eda de Desarrollo Econ\u00f3mico y Turismo, present\u00f3 una nueva iniciativa en colaboraci\u00f3n con el Comit\u00e9 de Cafeteros por el orden de los $1.000 millones, con la que se busca mejorar la productividad y competitividad de estas empresas optimizando la rentabilidad.","robots":{"index":"index","follow":"follow","max-snippet":"max-snippet:-1","max-image-preview":"max-image-preview:large","max-video-preview":"max-video-preview:-1"},"canonical":"https:\/\/luchonoticias.com\/editor\/proyecto-para-mejorar-la-competitividad-de-las-trilladoras-huilenses\/","og_locale":"es_ES","og_type":"article","og_title":"Proyecto para mejorar la competitividad de las trilladoras huilenses -","og_description":"En reuni\u00f3n realizada con representantes de las trilladoras del sector cafetero del departamento del Huila, la Secretar\u00eda de Desarrollo Econ\u00f3mico y Turismo, present\u00f3 una nueva iniciativa en colaboraci\u00f3n con el Comit\u00e9 de Cafeteros por el orden de los $1.000 millones, con la que se busca mejorar la productividad y competitividad de estas empresas optimizando la rentabilidad.","og_url":"https:\/\/luchonoticias.com\/editor\/proyecto-para-mejorar-la-competitividad-de-las-trilladoras-huilenses\/","article_publisher":"https:\/\/www.facebook.com\/luchonoticiasneiva","article_published_time":"2024-07-23T15:26:02+00:00","og_image":[{"width":700,"height":400,"url":"https:\/\/luchonoticias.com\/editor\/wp-content\/uploads\/2024\/07\/trilladoras-proyecto.jpg","type":"image\/jpeg"}],"author":"Editor General","twitter_card":"summary_large_image","twitter_misc":{"Escrito por":"Editor General","Tiempo de lectura":"3 minutos"},"schema":{"@context":"https:\/\/schema.org","@graph":[{"@type":"Article","@id":"https:\/\/luchonoticias.com\/editor\/proyecto-para-mejorar-la-competitividad-de-las-trilladoras-huilenses\/#article","isPartOf":{"@id":"https:\/\/luchonoticias.com\/editor\/proyecto-para-mejorar-la-competitividad-de-las-trilladoras-huilenses\/"},"author":{"name":"Editor General","@id":"https:\/\/luchonoticias.com\/editor\/#\/schema\/person\/29217990ddf6f14e35912b2866d591fb"},"headline":"Proyecto para mejorar la competitividad de las trilladoras huilenses","datePublished":"2024-07-23T15:26:02+00:00","mainEntityOfPage":{"@id":"https:\/\/luchonoticias.com\/editor\/proyecto-para-mejorar-la-competitividad-de-las-trilladoras-huilenses\/"},"wordCount":440,"publisher":{"@id":"https:\/\/luchonoticias.com\/editor\/#\/schema\/person\/7a7fd911f58561fd056dbac7b55af9cd"},"image":{"@id":"https:\/\/luchonoticias.com\/editor\/proyecto-para-mejorar-la-competitividad-de-las-trilladoras-huilenses\/#primaryimage"},"thumbnailUrl":"https:\/\/luchonoticias.com\/editor\/wp-content\/uploads\/2024\/07\/trilladoras-proyecto.jpg","articleSection":["Huila"],"inLanguage":"es"},{"@type":"WebPage","@id":"https:\/\/luchonoticias.com\/editor\/proyecto-para-mejorar-la-competitividad-de-las-trilladoras-huilenses\/","url":"https:\/\/luchonoticias.com\/editor\/proyecto-para-mejorar-la-competitividad-de-las-trilladoras-huilenses\/","name":"Proyecto para mejorar la competitividad de las trilladoras huilenses -","isPartOf":{"@id":"https:\/\/luchonoticias.com\/editor\/#website"},"primaryImageOfPage":{"@id":"https:\/\/luchonoticias.com\/editor\/proyecto-para-mejorar-la-competitividad-de-las-trilladoras-huilenses\/#primaryimage"},"image":{"@id":"https:\/\/luchonoticias.com\/editor\/proyecto-para-mejorar-la-competitividad-de-las-trilladoras-huilenses\/#primaryimage"},"thumbnailUrl":"https:\/\/luchonoticias.com\/editor\/wp-content\/uploads\/2024\/07\/trilladoras-proyecto.jpg","datePublished":"2024-07-23T15:26:02+00:00","description":"En reuni\u00f3n realizada con representantes de las trilladoras del sector cafetero del departamento del Huila, la Secretar\u00eda de Desarrollo Econ\u00f3mico y Turismo, present\u00f3 una nueva iniciativa en colaboraci\u00f3n con el Comit\u00e9 de Cafeteros por el orden de los $1.000 millones, con la que se busca mejorar la productividad y competitividad de estas empresas optimizando la rentabilidad.","breadcrumb":{"@id":"https:\/\/luchonoticias.com\/editor\/proyecto-para-mejorar-la-competitividad-de-las-trilladoras-huilenses\/#breadcrumb"},"inLanguage":"es","potentialAction":[{"@type":"ReadAction","target":["https:\/\/luchonoticias.com\/editor\/proyecto-para-mejorar-la-competitividad-de-las-trilladoras-huilenses\/"]}]},{"@type":"ImageObject","inLanguage":"es","@id":"https:\/\/luchonoticias.com\/editor\/proyecto-para-mejorar-la-competitividad-de-las-trilladoras-huilenses\/#primaryimage","url":"https:\/\/luchonoticias.com\/editor\/wp-content\/uploads\/2024\/07\/trilladoras-proyecto.jpg","contentUrl":"https:\/\/luchonoticias.com\/editor\/wp-content\/uploads\/2024\/07\/trilladoras-proyecto.jpg","width":700,"height":400},{"@type":"BreadcrumbList","@id":"https:\/\/luchonoticias.com\/editor\/proyecto-para-mejorar-la-competitividad-de-las-trilladoras-huilenses\/#breadcrumb","itemListElement":[{"@type":"ListItem","position":1,"name":"Portada","item":"https:\/\/luchonoticias.com\/editor\/"},{"@type":"ListItem","position":2,"name":"Proyecto para mejorar la competitividad de las trilladoras huilenses"}]},{"@type":"WebSite","@id":"https:\/\/luchonoticias.com\/editor\/#website","url":"https:\/\/luchonoticias.com\/editor\/","name":"","description":"","publisher":{"@id":"https:\/\/luchonoticias.com\/editor\/#\/schema\/person\/7a7fd911f58561fd056dbac7b55af9cd"},"potentialAction":[{"@type":"SearchAction","target":{"@type":"EntryPoint","urlTemplate":"https:\/\/luchonoticias.com\/editor\/?s={search_term_string}"},"query-input":{"@type":"PropertyValueSpecification","valueRequired":true,"valueName":"search_term_string"}}],"inLanguage":"es"},{"@type":["Person","Organization"],"@id":"https:\/\/luchonoticias.com\/editor\/#\/schema\/person\/7a7fd911f58561fd056dbac7b55af9cd","name":"admin","image":{"@type":"ImageObject","inLanguage":"es","@id":"https:\/\/luchonoticias.com\/editor\/#\/schema\/person\/image\/","url":"https:\/\/luchonoticias.com\/editor\/wp-content\/uploads\/2024\/02\/cropped-cropped-logolu.webp","contentUrl":"https:\/\/luchonoticias.com\/editor\/wp-content\/uploads\/2024\/02\/cropped-cropped-logolu.webp","width":382,"height":170,"caption":"admin"},"logo":{"@id":"https:\/\/luchonoticias.com\/editor\/#\/schema\/person\/image\/"},"sameAs":["https:\/\/www.facebook.com\/luchonoticiasneiva"]},{"@type":"Person","@id":"https:\/\/luchonoticias.com\/editor\/#\/schema\/person\/29217990ddf6f14e35912b2866d591fb","name":"Editor General","image":{"@type":"ImageObject","inLanguage":"es","@id":"https:\/\/luchonoticias.com\/editor\/#\/schema\/person\/image\/","url":"https:\/\/luchonoticias.com\/editor\/wp-content\/uploads\/2024\/02\/cropped-cropped-logolu-150x150.webp","contentUrl":"https:\/\/luchonoticias.com\/editor\/wp-content\/uploads\/2024\/02\/cropped-cropped-logolu-150x150.webp","caption":"Editor General"},"sameAs":["https:\/\/luchonoticias.com\/"],"url":"https:\/\/luchonoticias.com\/editor\/author\/editor-general\/"}]}},"_links":{"self":[{"href":"https:\/\/luchonoticias.com\/editor\/wp-json\/wp\/v2\/posts\/75227","targetHints":{"allow":["GET"]}}],"collection":[{"href":"https:\/\/luchonoticias.com\/editor\/wp-json\/wp\/v2\/posts"}],"about":[{"href":"https:\/\/luchonoticias.com\/editor\/wp-json\/wp\/v2\/types\/post"}],"author":[{"embeddable":true,"href":"https:\/\/luchonoticias.com\/editor\/wp-json\/wp\/v2\/users\/2"}],"replies":[{"embeddable":true,"href":"https:\/\/luchonoticias.com\/editor\/wp-json\/wp\/v2\/comments?post=75227"}],"version-history":[{"count":2,"href":"https:\/\/luchonoticias.com\/editor\/wp-json\/wp\/v2\/posts\/75227\/revisions"}],"predecessor-version":[{"id":75230,"href":"https:\/\/luchonoticias.com\/editor\/wp-json\/wp\/v2\/posts\/75227\/revisions\/75230"}],"wp:featuredmedia":[{"embeddable":true,"href":"https:\/\/luchonoticias.com\/editor\/wp-json\/wp\/v2\/media\/75228"}],"wp:attachment":[{"href":"https:\/\/luchonoticias.com\/editor\/wp-json\/wp\/v2\/media?parent=75227"}],"wp:term":[{"taxonomy":"category","embeddable":true,"href":"https:\/\/luchonoticias.com\/editor\/wp-json\/wp\/v2\/categories?post=75227"},{"taxonomy":"post_tag","embeddable":true,"href":"https:\/\/luchonoticias.com\/editor\/wp-json\/wp\/v2\/tags?post=75227"}],"curies":[{"name":"wp","href":"https:\/\/api.w.org\/{rel}","templated":true}]}}