{"id":75231,"date":"2024-07-23T14:31:07","date_gmt":"2024-07-23T19:31:07","guid":{"rendered":"https:\/\/luchonoticias.com\/?p=75231"},"modified":"2024-07-23T14:31:07","modified_gmt":"2024-07-23T19:31:07","slug":"gobernacion-y-la-cam-unidos-por-la-proteccion-medioambiental-huilense","status":"publish","type":"post","link":"https:\/\/luchonoticias.com\/editor\/gobernacion-y-la-cam-unidos-por-la-proteccion-medioambiental-huilense\/","title":{"rendered":"Gobernaci\u00f3n y la CAM, unidos por la protecci\u00f3n medioambiental huilense"},"content":{"rendered":"<p>El gobernador del Huila Rodrigo Villalba Mosquera, y el director general de la CAM, Camilo Augusto Agudelo Perdomo, suscribieron en la ma\u00f1ana de este martes 23 de julio, una Alianza por la Sostenibilidad, que tiene como prop\u00f3sito aunar esfuerzos para avanzar en la descontaminaci\u00f3n de fuentes h\u00eddricas, conservaci\u00f3n de cuencas abastecedoras, gesti\u00f3n del riesgo, y educaci\u00f3n ambiental.<\/p>\n<p>Este importante acuerdo interinstitucional permitir\u00e1 desarrollar actividades enmarcadas en el plan de acci\u00f3n com\u00fan, como Sostenibilidad Ambiental y Cambio clim\u00e1tico, seguridad y soberan\u00eda ambiental, restauraci\u00f3n activa y pasiva forestal del Rio Las Ceibas y cuencas abastecedoras de acueductos municipales del departamento, construcci\u00f3n de hornillas ecoeficientes, estudios, dise\u00f1os y construcci\u00f3n de plantas de tratamiento de aguas residuales \u2013 PTAR, fortalecimiento de proyectos ciudadanos de educaci\u00f3n ambiental \u2013 PROCEDAS, compra de predios, estudios de amenaza, vulnerabilidad y riesgo \u2013 AVR, proyectos piloto de filtros verdes como estrategia de econom\u00eda circular mediante el manejo adecuado de las aguas residuales, generadas en el beneficio del caf\u00e9 en el departamento del Huila.<\/p>\n<p>Durante la firma de la alianza, el gobernador Rodrigo Villalba Mosquera, destac\u00f3 que este tipo de proyectos enmarcados dentro del Plan de Desarrollo \u201cPor un Huila Grande\u201d est\u00e1 direccionado no solo a la protecci\u00f3n de las fuentes h\u00eddricas abastecedoras del territorio, sino tambi\u00e9n a descontaminar el r\u00edo magdalena, teniendo en cuenta que el Huila es el primer departamento que atraviesa, por lo que nos ata\u00f1e una gran responsabilidad en su protecci\u00f3n.<\/p>\n<p>Esta ambiciosa alianza que estar\u00e1 vigente hasta el 30 de diciembre de 2027, contempla una inversi\u00f3n total por el orden de los $59.330 millones, de los cueles $49.500 millones est\u00e1n destinados a trabajar en la reducci\u00f3n de la contaminaci\u00f3n de fuentes h\u00eddricas por aguas residuales dom\u00e9sticas, donde la Gobernaci\u00f3n del Huila har\u00e1 un aporte de $23.000 millones, la CAM har\u00e1 lo propio con $20.000 millones, y otros aporreantes destinar\u00e1n una contrapartida de $6.500 millones.<\/p>\n<p>Estos recursos estar\u00e1n destinados a la construcci\u00f3n de la PTAR en el municipio de La Plata, construcci\u00f3n de la PTAR del municipio de Acevedo, construcci\u00f3n de la PTAR del municipio de Teruel, y apoyo para la terminaci\u00f3n de la planta de tratamiento de aguas residuales \u2013 PTAR del Municipio de Garz\u00f3n, en un trabajo articulado con Aguas del Huila y las administraciones municipales.<\/p>\n<p>Por otro lado, para el componente de protecci\u00f3n de cuencas, cambio clim\u00e1tico y educaci\u00f3n ambiental, fueron destinados $9.830 millones, de los cuales $5.334 millones son aportados por la Gobernaci\u00f3n del Huila, $3.845 por la CAM, y $651 millones por otros aportantes.<\/p>\n<p>Gracias a esta millonaria inversi\u00f3n se avanzar\u00e1 de manera conjunta en la construcci\u00f3n de filtros verdes para descontaminaci\u00f3n por vertimiento de aguas residuales producto del beneficio del caf\u00e9, conservaci\u00f3n de cuencas, construcci\u00f3n de hornillas ecoeficientes, y financiaci\u00f3n de proyectos ciudadanos de educci\u00f3n ambiental \u2013 PROCEDAS.<\/p>\n<p>Entre las fuentes h\u00eddricas que ser\u00e1n impactadas con procesos de descontaminaci\u00f3n se encuentran: el Rio Sombrerillos, Rio Guarapas, quebrada La Chorrera, R\u00edo Magdalena, R\u00edo Timan\u00e1, quebrada El H\u00edgado, R\u00edo Suaza, quebrada Garz\u00f3n, quebrada La Yaguilga, quebrada La Guandinosa, R\u00edo P\u00e1ez, R\u00edo Pedernal, R\u00edo Yaguar\u00e1, R\u00edo Neiva, R\u00edo Fr\u00edo, R\u00edo Bach\u00e9, R\u00edo Villavieja, Rio Guaroc\u00f3, y R\u00edo Ambic\u00e1.<\/p>\n<p>En cuanto a la construcci\u00f3n de filtros verdes para la reducci\u00f3n de carga contaminante por aguas residuales producto del beneficio del caf\u00e9, ser\u00e1n intervenidas las cuencas abastecedoras, Quebrada Garz\u00f3n, Quebrada Barbillas en La Plata, y Rio Guarapas, en Pitalito y Palestina, de la mano del Comit\u00e9 de Cafeteros del Huila.<\/p>\n<p>As\u00ed mismo en el componente de protecci\u00f3n de fuentes abastecedoras se contempla la siembra de 112.612 \u00e1rboles, 5.555 como parte de los procesos de restauraci\u00f3n activa, y 107.057 en restauraci\u00f3n pasiva, impactando los municipios de Neiva, Rivera, Villavieja en el norte del departamento, y Palestina, y Acevedo en el sur.<\/p>\n<p>En el componente de cambio clim\u00e1tico, ser\u00e1n construidas durante la vigencia 2024-2025, 1.537 hornillas ecoeficientes lo que permitir\u00e1 una reducci\u00f3n en la emisi\u00f3n de 600.000 toneladas de CO2 a la atmosfera, y la reducci\u00f3n en el consumo de 1.884,4 toneladas de le\u00f1a, contribuyendo a la reducci\u00f3n de la tala de \u00e1rboles, y una mejor calidad de vida para las mujeres rurales, de zonas alejadas no cubiertas con el servicio de gasificaci\u00f3n.<\/p>\n<p>En cuanto a los Proyectos Ciudadanos de Educaci\u00f3n Ambiental, se avanzar\u00e1 en tem\u00e1ticas como: protecci\u00f3n de fuentes h\u00eddricas, conservaci\u00f3n de \u00e1reas protegidas, monitoreo ambiental comunitario, manejo y transformaci\u00f3n de residuos s\u00f3lidos, producci\u00f3n m\u00e1s limpia (negocios verdes), biodiversidad, y cambio clim\u00e1tico, impactando 45 organizaciones.<\/p>\n<p>Todas estas acciones desarrolladas en articulaci\u00f3n entre la Gobernaci\u00f3n del Huila y la CAM, de la mano de aliados estrat\u00e9gicos, hacen parte de las pol\u00edticas trazadas por el gobierno departamental en el Plan de Desarrollo \u201cPor un Huila Grande\u201d, en su pilar 4 denominado Alianza para la Sostenibilidad, compuesto por 5 programas, 10 productos, y 10 indicadores, con el que se le apunta al fortalecimiento del desempe\u00f1o ambiental de los sectores productivos, conservaci\u00f3n de la biodiversidad y sus servicios ecosist\u00e9micos, gesti\u00f3n integral del recurso h\u00eddrico, ordenamiento ambiental territorial, y gesti\u00f3n del cambio clim\u00e1tico para un desarrollo bajo en carbono y resiliente al clima.<\/p>\n","protected":false},"excerpt":{"rendered":"<p>Este importante acuerdo permitir\u00e1 desarrollar proyectos por cerca de $60.000 millones, direccionados a reducir la contaminaci\u00f3n de fuentes h\u00eddricas por aguas residuales dom\u00e9sticas, protecci\u00f3n de cuencas, educaci\u00f3n ambiental, y preparaci\u00f3n frente al cambio clim\u00e1tico.<\/p>\n","protected":false},"author":2,"featured_media":75232,"comment_status":"closed","ping_status":"open","sticky":false,"template":"","format":"standard","meta":{"footnotes":""},"categories":[33],"tags":[],"class_list":["post-75231","post","type-post","status-publish","format-standard","has-post-thumbnail","hentry","category-huila"],"yoast_head":"<!-- This site is optimized with the Yoast SEO plugin v26.6 - https:\/\/yoast.com\/wordpress\/plugins\/seo\/ -->\n<title>Gobernaci\u00f3n y la CAM, unidos por la protecci\u00f3n medioambiental huilense -<\/title>\n<meta name=\"description\" content=\"Este importante acuerdo permitir\u00e1 desarrollar proyectos por cerca de $60.000 millones, direccionados a reducir la contaminaci\u00f3n de fuentes h\u00eddricas por aguas residuales dom\u00e9sticas, protecci\u00f3n de cuencas, educaci\u00f3n ambiental, y preparaci\u00f3n frente al cambio clim\u00e1tico.\" \/>\n<meta name=\"robots\" content=\"index, follow, max-snippet:-1, max-image-preview:large, max-video-preview:-1\" \/>\n<link rel=\"canonical\" href=\"https:\/\/luchonoticias.com\/editor\/gobernacion-y-la-cam-unidos-por-la-proteccion-medioambiental-huilense\/\" \/>\n<meta property=\"og:locale\" content=\"es_ES\" \/>\n<meta property=\"og:type\" content=\"article\" \/>\n<meta property=\"og:title\" content=\"Gobernaci\u00f3n y la CAM, unidos por la protecci\u00f3n medioambiental huilense -\" \/>\n<meta property=\"og:description\" content=\"Este importante acuerdo permitir\u00e1 desarrollar proyectos por cerca de $60.000 millones, direccionados a reducir la contaminaci\u00f3n de fuentes h\u00eddricas por aguas residuales dom\u00e9sticas, protecci\u00f3n de cuencas, educaci\u00f3n ambiental, y preparaci\u00f3n frente al cambio clim\u00e1tico.\" \/>\n<meta property=\"og:url\" content=\"https:\/\/luchonoticias.com\/editor\/gobernacion-y-la-cam-unidos-por-la-proteccion-medioambiental-huilense\/\" \/>\n<meta property=\"article:publisher\" content=\"https:\/\/www.facebook.com\/luchonoticiasneiva\" \/>\n<meta property=\"article:published_time\" content=\"2024-07-23T19:31:07+00:00\" \/>\n<meta property=\"og:image\" content=\"https:\/\/luchonoticias.com\/editor\/wp-content\/uploads\/2024\/07\/cam-gobernacion.jpg\" \/>\n\t<meta property=\"og:image:width\" content=\"700\" \/>\n\t<meta property=\"og:image:height\" content=\"400\" \/>\n\t<meta property=\"og:image:type\" content=\"image\/jpeg\" \/>\n<meta name=\"author\" content=\"Editor General\" \/>\n<meta name=\"twitter:card\" content=\"summary_large_image\" \/>\n<meta name=\"twitter:label1\" content=\"Escrito por\" \/>\n\t<meta name=\"twitter:data1\" content=\"Editor General\" \/>\n\t<meta name=\"twitter:label2\" content=\"Tiempo de lectura\" \/>\n\t<meta name=\"twitter:data2\" content=\"4 minutos\" \/>\n<script type=\"application\/ld+json\" class=\"yoast-schema-graph\">{\"@context\":\"https:\/\/schema.org\",\"@graph\":[{\"@type\":\"Article\",\"@id\":\"https:\/\/luchonoticias.com\/editor\/gobernacion-y-la-cam-unidos-por-la-proteccion-medioambiental-huilense\/#article\",\"isPartOf\":{\"@id\":\"https:\/\/luchonoticias.com\/editor\/gobernacion-y-la-cam-unidos-por-la-proteccion-medioambiental-huilense\/\"},\"author\":{\"name\":\"Editor General\",\"@id\":\"https:\/\/luchonoticias.com\/editor\/#\/schema\/person\/29217990ddf6f14e35912b2866d591fb\"},\"headline\":\"Gobernaci\u00f3n y la CAM, unidos por la protecci\u00f3n medioambiental huilense\",\"datePublished\":\"2024-07-23T19:31:07+00:00\",\"mainEntityOfPage\":{\"@id\":\"https:\/\/luchonoticias.com\/editor\/gobernacion-y-la-cam-unidos-por-la-proteccion-medioambiental-huilense\/\"},\"wordCount\":918,\"publisher\":{\"@id\":\"https:\/\/luchonoticias.com\/editor\/#\/schema\/person\/7a7fd911f58561fd056dbac7b55af9cd\"},\"image\":{\"@id\":\"https:\/\/luchonoticias.com\/editor\/gobernacion-y-la-cam-unidos-por-la-proteccion-medioambiental-huilense\/#primaryimage\"},\"thumbnailUrl\":\"https:\/\/luchonoticias.com\/editor\/wp-content\/uploads\/2024\/07\/cam-gobernacion.jpg\",\"articleSection\":[\"Huila\"],\"inLanguage\":\"es\"},{\"@type\":\"WebPage\",\"@id\":\"https:\/\/luchonoticias.com\/editor\/gobernacion-y-la-cam-unidos-por-la-proteccion-medioambiental-huilense\/\",\"url\":\"https:\/\/luchonoticias.com\/editor\/gobernacion-y-la-cam-unidos-por-la-proteccion-medioambiental-huilense\/\",\"name\":\"Gobernaci\u00f3n y la CAM, unidos por la protecci\u00f3n medioambiental huilense -\",\"isPartOf\":{\"@id\":\"https:\/\/luchonoticias.com\/editor\/#website\"},\"primaryImageOfPage\":{\"@id\":\"https:\/\/luchonoticias.com\/editor\/gobernacion-y-la-cam-unidos-por-la-proteccion-medioambiental-huilense\/#primaryimage\"},\"image\":{\"@id\":\"https:\/\/luchonoticias.com\/editor\/gobernacion-y-la-cam-unidos-por-la-proteccion-medioambiental-huilense\/#primaryimage\"},\"thumbnailUrl\":\"https:\/\/luchonoticias.com\/editor\/wp-content\/uploads\/2024\/07\/cam-gobernacion.jpg\",\"datePublished\":\"2024-07-23T19:31:07+00:00\",\"description\":\"Este importante acuerdo permitir\u00e1 desarrollar proyectos por cerca de $60.000 millones, direccionados a reducir la contaminaci\u00f3n de fuentes h\u00eddricas por aguas residuales dom\u00e9sticas, protecci\u00f3n de cuencas, educaci\u00f3n ambiental, y preparaci\u00f3n frente al cambio clim\u00e1tico.\",\"breadcrumb\":{\"@id\":\"https:\/\/luchonoticias.com\/editor\/gobernacion-y-la-cam-unidos-por-la-proteccion-medioambiental-huilense\/#breadcrumb\"},\"inLanguage\":\"es\",\"potentialAction\":[{\"@type\":\"ReadAction\",\"target\":[\"https:\/\/luchonoticias.com\/editor\/gobernacion-y-la-cam-unidos-por-la-proteccion-medioambiental-huilense\/\"]}]},{\"@type\":\"ImageObject\",\"inLanguage\":\"es\",\"@id\":\"https:\/\/luchonoticias.com\/editor\/gobernacion-y-la-cam-unidos-por-la-proteccion-medioambiental-huilense\/#primaryimage\",\"url\":\"https:\/\/luchonoticias.com\/editor\/wp-content\/uploads\/2024\/07\/cam-gobernacion.jpg\",\"contentUrl\":\"https:\/\/luchonoticias.com\/editor\/wp-content\/uploads\/2024\/07\/cam-gobernacion.jpg\",\"width\":700,\"height\":400},{\"@type\":\"BreadcrumbList\",\"@id\":\"https:\/\/luchonoticias.com\/editor\/gobernacion-y-la-cam-unidos-por-la-proteccion-medioambiental-huilense\/#breadcrumb\",\"itemListElement\":[{\"@type\":\"ListItem\",\"position\":1,\"name\":\"Portada\",\"item\":\"https:\/\/luchonoticias.com\/editor\/\"},{\"@type\":\"ListItem\",\"position\":2,\"name\":\"Gobernaci\u00f3n y la CAM, unidos por la protecci\u00f3n medioambiental huilense\"}]},{\"@type\":\"WebSite\",\"@id\":\"https:\/\/luchonoticias.com\/editor\/#website\",\"url\":\"https:\/\/luchonoticias.com\/editor\/\",\"name\":\"\",\"description\":\"\",\"publisher\":{\"@id\":\"https:\/\/luchonoticias.com\/editor\/#\/schema\/person\/7a7fd911f58561fd056dbac7b55af9cd\"},\"potentialAction\":[{\"@type\":\"SearchAction\",\"target\":{\"@type\":\"EntryPoint\",\"urlTemplate\":\"https:\/\/luchonoticias.com\/editor\/?s={search_term_string}\"},\"query-input\":{\"@type\":\"PropertyValueSpecification\",\"valueRequired\":true,\"valueName\":\"search_term_string\"}}],\"inLanguage\":\"es\"},{\"@type\":[\"Person\",\"Organization\"],\"@id\":\"https:\/\/luchonoticias.com\/editor\/#\/schema\/person\/7a7fd911f58561fd056dbac7b55af9cd\",\"name\":\"admin\",\"image\":{\"@type\":\"ImageObject\",\"inLanguage\":\"es\",\"@id\":\"https:\/\/luchonoticias.com\/editor\/#\/schema\/person\/image\/\",\"url\":\"https:\/\/luchonoticias.com\/editor\/wp-content\/uploads\/2024\/02\/cropped-cropped-logolu.webp\",\"contentUrl\":\"https:\/\/luchonoticias.com\/editor\/wp-content\/uploads\/2024\/02\/cropped-cropped-logolu.webp\",\"width\":382,\"height\":170,\"caption\":\"admin\"},\"logo\":{\"@id\":\"https:\/\/luchonoticias.com\/editor\/#\/schema\/person\/image\/\"},\"sameAs\":[\"https:\/\/www.facebook.com\/luchonoticiasneiva\"]},{\"@type\":\"Person\",\"@id\":\"https:\/\/luchonoticias.com\/editor\/#\/schema\/person\/29217990ddf6f14e35912b2866d591fb\",\"name\":\"Editor General\",\"image\":{\"@type\":\"ImageObject\",\"inLanguage\":\"es\",\"@id\":\"https:\/\/luchonoticias.com\/editor\/#\/schema\/person\/image\/\",\"url\":\"https:\/\/luchonoticias.com\/editor\/wp-content\/uploads\/2024\/02\/cropped-cropped-logolu-150x150.webp\",\"contentUrl\":\"https:\/\/luchonoticias.com\/editor\/wp-content\/uploads\/2024\/02\/cropped-cropped-logolu-150x150.webp\",\"caption\":\"Editor General\"},\"sameAs\":[\"https:\/\/luchonoticias.com\/\"],\"url\":\"https:\/\/luchonoticias.com\/editor\/author\/editor-general\/\"}]}<\/script>\n<!-- \/ Yoast SEO plugin. -->","yoast_head_json":{"title":"Gobernaci\u00f3n y la CAM, unidos por la protecci\u00f3n medioambiental huilense -","description":"Este importante acuerdo permitir\u00e1 desarrollar proyectos por cerca de $60.000 millones, direccionados a reducir la contaminaci\u00f3n de fuentes h\u00eddricas por aguas residuales dom\u00e9sticas, protecci\u00f3n de cuencas, educaci\u00f3n ambiental, y preparaci\u00f3n frente al cambio clim\u00e1tico.","robots":{"index":"index","follow":"follow","max-snippet":"max-snippet:-1","max-image-preview":"max-image-preview:large","max-video-preview":"max-video-preview:-1"},"canonical":"https:\/\/luchonoticias.com\/editor\/gobernacion-y-la-cam-unidos-por-la-proteccion-medioambiental-huilense\/","og_locale":"es_ES","og_type":"article","og_title":"Gobernaci\u00f3n y la CAM, unidos por la protecci\u00f3n medioambiental huilense -","og_description":"Este importante acuerdo permitir\u00e1 desarrollar proyectos por cerca de $60.000 millones, direccionados a reducir la contaminaci\u00f3n de fuentes h\u00eddricas por aguas residuales dom\u00e9sticas, protecci\u00f3n de cuencas, educaci\u00f3n ambiental, y preparaci\u00f3n frente al cambio clim\u00e1tico.","og_url":"https:\/\/luchonoticias.com\/editor\/gobernacion-y-la-cam-unidos-por-la-proteccion-medioambiental-huilense\/","article_publisher":"https:\/\/www.facebook.com\/luchonoticiasneiva","article_published_time":"2024-07-23T19:31:07+00:00","og_image":[{"width":700,"height":400,"url":"https:\/\/luchonoticias.com\/editor\/wp-content\/uploads\/2024\/07\/cam-gobernacion.jpg","type":"image\/jpeg"}],"author":"Editor General","twitter_card":"summary_large_image","twitter_misc":{"Escrito por":"Editor General","Tiempo de lectura":"4 minutos"},"schema":{"@context":"https:\/\/schema.org","@graph":[{"@type":"Article","@id":"https:\/\/luchonoticias.com\/editor\/gobernacion-y-la-cam-unidos-por-la-proteccion-medioambiental-huilense\/#article","isPartOf":{"@id":"https:\/\/luchonoticias.com\/editor\/gobernacion-y-la-cam-unidos-por-la-proteccion-medioambiental-huilense\/"},"author":{"name":"Editor General","@id":"https:\/\/luchonoticias.com\/editor\/#\/schema\/person\/29217990ddf6f14e35912b2866d591fb"},"headline":"Gobernaci\u00f3n y la CAM, unidos por la protecci\u00f3n medioambiental huilense","datePublished":"2024-07-23T19:31:07+00:00","mainEntityOfPage":{"@id":"https:\/\/luchonoticias.com\/editor\/gobernacion-y-la-cam-unidos-por-la-proteccion-medioambiental-huilense\/"},"wordCount":918,"publisher":{"@id":"https:\/\/luchonoticias.com\/editor\/#\/schema\/person\/7a7fd911f58561fd056dbac7b55af9cd"},"image":{"@id":"https:\/\/luchonoticias.com\/editor\/gobernacion-y-la-cam-unidos-por-la-proteccion-medioambiental-huilense\/#primaryimage"},"thumbnailUrl":"https:\/\/luchonoticias.com\/editor\/wp-content\/uploads\/2024\/07\/cam-gobernacion.jpg","articleSection":["Huila"],"inLanguage":"es"},{"@type":"WebPage","@id":"https:\/\/luchonoticias.com\/editor\/gobernacion-y-la-cam-unidos-por-la-proteccion-medioambiental-huilense\/","url":"https:\/\/luchonoticias.com\/editor\/gobernacion-y-la-cam-unidos-por-la-proteccion-medioambiental-huilense\/","name":"Gobernaci\u00f3n y la CAM, unidos por la protecci\u00f3n medioambiental huilense -","isPartOf":{"@id":"https:\/\/luchonoticias.com\/editor\/#website"},"primaryImageOfPage":{"@id":"https:\/\/luchonoticias.com\/editor\/gobernacion-y-la-cam-unidos-por-la-proteccion-medioambiental-huilense\/#primaryimage"},"image":{"@id":"https:\/\/luchonoticias.com\/editor\/gobernacion-y-la-cam-unidos-por-la-proteccion-medioambiental-huilense\/#primaryimage"},"thumbnailUrl":"https:\/\/luchonoticias.com\/editor\/wp-content\/uploads\/2024\/07\/cam-gobernacion.jpg","datePublished":"2024-07-23T19:31:07+00:00","description":"Este importante acuerdo permitir\u00e1 desarrollar proyectos por cerca de $60.000 millones, direccionados a reducir la contaminaci\u00f3n de fuentes h\u00eddricas por aguas residuales dom\u00e9sticas, protecci\u00f3n de cuencas, educaci\u00f3n ambiental, y preparaci\u00f3n frente al cambio clim\u00e1tico.","breadcrumb":{"@id":"https:\/\/luchonoticias.com\/editor\/gobernacion-y-la-cam-unidos-por-la-proteccion-medioambiental-huilense\/#breadcrumb"},"inLanguage":"es","potentialAction":[{"@type":"ReadAction","target":["https:\/\/luchonoticias.com\/editor\/gobernacion-y-la-cam-unidos-por-la-proteccion-medioambiental-huilense\/"]}]},{"@type":"ImageObject","inLanguage":"es","@id":"https:\/\/luchonoticias.com\/editor\/gobernacion-y-la-cam-unidos-por-la-proteccion-medioambiental-huilense\/#primaryimage","url":"https:\/\/luchonoticias.com\/editor\/wp-content\/uploads\/2024\/07\/cam-gobernacion.jpg","contentUrl":"https:\/\/luchonoticias.com\/editor\/wp-content\/uploads\/2024\/07\/cam-gobernacion.jpg","width":700,"height":400},{"@type":"BreadcrumbList","@id":"https:\/\/luchonoticias.com\/editor\/gobernacion-y-la-cam-unidos-por-la-proteccion-medioambiental-huilense\/#breadcrumb","itemListElement":[{"@type":"ListItem","position":1,"name":"Portada","item":"https:\/\/luchonoticias.com\/editor\/"},{"@type":"ListItem","position":2,"name":"Gobernaci\u00f3n y la CAM, unidos por la protecci\u00f3n medioambiental huilense"}]},{"@type":"WebSite","@id":"https:\/\/luchonoticias.com\/editor\/#website","url":"https:\/\/luchonoticias.com\/editor\/","name":"","description":"","publisher":{"@id":"https:\/\/luchonoticias.com\/editor\/#\/schema\/person\/7a7fd911f58561fd056dbac7b55af9cd"},"potentialAction":[{"@type":"SearchAction","target":{"@type":"EntryPoint","urlTemplate":"https:\/\/luchonoticias.com\/editor\/?s={search_term_string}"},"query-input":{"@type":"PropertyValueSpecification","valueRequired":true,"valueName":"search_term_string"}}],"inLanguage":"es"},{"@type":["Person","Organization"],"@id":"https:\/\/luchonoticias.com\/editor\/#\/schema\/person\/7a7fd911f58561fd056dbac7b55af9cd","name":"admin","image":{"@type":"ImageObject","inLanguage":"es","@id":"https:\/\/luchonoticias.com\/editor\/#\/schema\/person\/image\/","url":"https:\/\/luchonoticias.com\/editor\/wp-content\/uploads\/2024\/02\/cropped-cropped-logolu.webp","contentUrl":"https:\/\/luchonoticias.com\/editor\/wp-content\/uploads\/2024\/02\/cropped-cropped-logolu.webp","width":382,"height":170,"caption":"admin"},"logo":{"@id":"https:\/\/luchonoticias.com\/editor\/#\/schema\/person\/image\/"},"sameAs":["https:\/\/www.facebook.com\/luchonoticiasneiva"]},{"@type":"Person","@id":"https:\/\/luchonoticias.com\/editor\/#\/schema\/person\/29217990ddf6f14e35912b2866d591fb","name":"Editor General","image":{"@type":"ImageObject","inLanguage":"es","@id":"https:\/\/luchonoticias.com\/editor\/#\/schema\/person\/image\/","url":"https:\/\/luchonoticias.com\/editor\/wp-content\/uploads\/2024\/02\/cropped-cropped-logolu-150x150.webp","contentUrl":"https:\/\/luchonoticias.com\/editor\/wp-content\/uploads\/2024\/02\/cropped-cropped-logolu-150x150.webp","caption":"Editor General"},"sameAs":["https:\/\/luchonoticias.com\/"],"url":"https:\/\/luchonoticias.com\/editor\/author\/editor-general\/"}]}},"_links":{"self":[{"href":"https:\/\/luchonoticias.com\/editor\/wp-json\/wp\/v2\/posts\/75231","targetHints":{"allow":["GET"]}}],"collection":[{"href":"https:\/\/luchonoticias.com\/editor\/wp-json\/wp\/v2\/posts"}],"about":[{"href":"https:\/\/luchonoticias.com\/editor\/wp-json\/wp\/v2\/types\/post"}],"author":[{"embeddable":true,"href":"https:\/\/luchonoticias.com\/editor\/wp-json\/wp\/v2\/users\/2"}],"replies":[{"embeddable":true,"href":"https:\/\/luchonoticias.com\/editor\/wp-json\/wp\/v2\/comments?post=75231"}],"version-history":[{"count":1,"href":"https:\/\/luchonoticias.com\/editor\/wp-json\/wp\/v2\/posts\/75231\/revisions"}],"predecessor-version":[{"id":75233,"href":"https:\/\/luchonoticias.com\/editor\/wp-json\/wp\/v2\/posts\/75231\/revisions\/75233"}],"wp:featuredmedia":[{"embeddable":true,"href":"https:\/\/luchonoticias.com\/editor\/wp-json\/wp\/v2\/media\/75232"}],"wp:attachment":[{"href":"https:\/\/luchonoticias.com\/editor\/wp-json\/wp\/v2\/media?parent=75231"}],"wp:term":[{"taxonomy":"category","embeddable":true,"href":"https:\/\/luchonoticias.com\/editor\/wp-json\/wp\/v2\/categories?post=75231"},{"taxonomy":"post_tag","embeddable":true,"href":"https:\/\/luchonoticias.com\/editor\/wp-json\/wp\/v2\/tags?post=75231"}],"curies":[{"name":"wp","href":"https:\/\/api.w.org\/{rel}","templated":true}]}}