{"id":75234,"date":"2024-07-23T15:13:43","date_gmt":"2024-07-23T20:13:43","guid":{"rendered":"https:\/\/luchonoticias.com\/?p=75234"},"modified":"2024-07-23T15:13:43","modified_gmt":"2024-07-23T20:13:43","slug":"jovenes-huilenses-impulsan-la-transformacion-de-la-caficultura","status":"publish","type":"post","link":"https:\/\/luchonoticias.com\/editor\/jovenes-huilenses-impulsan-la-transformacion-de-la-caficultura\/","title":{"rendered":"J\u00f3venes huilenses impulsan la transformaci\u00f3n de la caficultura"},"content":{"rendered":"<p>Por Julio D\u00edaz S\u00e1nchez<\/p>\n<p>Bajo el liderazgo de empresa \u2018The Coffee Quest\u2019, con 12 a\u00f1os de trayectoria y con el apoyo del Sena y el Programa Agricultura Sostenible de USAID, desarroll\u00f3 por segunda vez el taller \u2018Huila Coffee Camp\u2019, un campamento donde 30 j\u00f3venes de cuatro regiones del pa\u00eds quienes aprendieron sobre caf\u00e9s especiales, producci\u00f3n org\u00e1nica, sostenibilidad, cambio clim\u00e1tico, cataci\u00f3n y barismo.<\/p>\n<p>\u201cEl relevo generacional es uno de los enfoques m\u00e1s importantes para The Coffee Quest, debido al cambio clim\u00e1tico, la falta de oportunidades en el campo y la migraci\u00f3n a las ciudades, la mayor\u00eda de los j\u00f3venes optan por abandonar su tradici\u00f3n cafetera. Como empresa, queremos ense\u00f1arles que s\u00ed existe un futuro en el campo, enfocado en el caf\u00e9 de especialidad y en la sostenibilidad\u201d, dijo Ronald De Hommel, gerente general.<\/p>\n<p>Seg\u00fan la investigaci\u00f3n \u201cProyecci\u00f3n de la Poblaci\u00f3n Cafetera al a\u00f1o 2050 en Colombia\u201d realizada por la Federaci\u00f3n Nacional de Cafeteros, la edad promedio de las personas que trabajan en caf\u00e9 en el pa\u00eds es de 42 a\u00f1os para los hombres y de 39 a\u00f1os para las mujeres.<\/p>\n<p>Es as\u00ed, que pocos j\u00f3venes se interesan por la cadena de producci\u00f3n del grano, por lo que a empresas dedicadas a esta actividad les interesa vincularlos, no solo a trav\u00e9s de la capacitaci\u00f3n sino para generar nuevas oportunidades de negocios como los caf\u00e9s especiales, el barismo y la cataci\u00f3n.<\/p>\n<p>El Programa Agricultura Sostenible de la Agencia de Estados Unidos para el Desarrollo Internacional, USAID, se une a estos esfuerzos y trabaja de la mano con aliados como el SENA y The Coffee Quest para capacitar a los j\u00f3venes en la producci\u00f3n de caf\u00e9s especiales, con pr\u00e1cticas sostenibles que les permiten acceder a mercados con precios diferenciales y proyectar sus fincas como empresas.<\/p>\n<p>\u201cPor eso, desde el Programa Agricultura Sostenible le apostamos al empoderamiento de l\u00edderes juveniles que son claves para impulsar la agricultura sostenible y rentable en el pa\u00eds.\u201d dijo Jeremiah Carew, Director (e) de USAID en Colombia.<\/p>\n","protected":false},"excerpt":{"rendered":"<p>Se trata de 30 j\u00f3venes del Huila y de otros departamentos del p\u00e1is que se capacitaron en caf\u00e9s especiales, cambio clim\u00e1tico, cataci\u00f3n y barismo. Tuvieron el apoyo de la empresa The Coffee Quest y la USAID de Estados Unidos<\/p>\n","protected":false},"author":2,"featured_media":75235,"comment_status":"closed","ping_status":"open","sticky":false,"template":"","format":"standard","meta":{"footnotes":""},"categories":[33],"tags":[],"class_list":["post-75234","post","type-post","status-publish","format-standard","has-post-thumbnail","hentry","category-huila"],"yoast_head":"<!-- This site is optimized with the Yoast SEO plugin v26.6 - https:\/\/yoast.com\/wordpress\/plugins\/seo\/ -->\n<title>J\u00f3venes huilenses impulsan la transformaci\u00f3n de la caficultura -<\/title>\n<meta name=\"description\" content=\"Se trata de 30 j\u00f3venes del Huila y de otros departamentos del p\u00e1is que se capacitaron en caf\u00e9s especiales, cambio clim\u00e1tico, cataci\u00f3n y barismo. Tuvieron el apoyo de la empresa The Coffee Quest y la USAID de Estados Unidos.\" \/>\n<meta name=\"robots\" content=\"index, follow, max-snippet:-1, max-image-preview:large, max-video-preview:-1\" \/>\n<link rel=\"canonical\" href=\"https:\/\/luchonoticias.com\/editor\/jovenes-huilenses-impulsan-la-transformacion-de-la-caficultura\/\" \/>\n<meta property=\"og:locale\" content=\"es_ES\" \/>\n<meta property=\"og:type\" content=\"article\" \/>\n<meta property=\"og:title\" content=\"J\u00f3venes huilenses impulsan la transformaci\u00f3n de la caficultura -\" \/>\n<meta property=\"og:description\" content=\"Se trata de 30 j\u00f3venes del Huila y de otros departamentos del p\u00e1is que se capacitaron en caf\u00e9s especiales, cambio clim\u00e1tico, cataci\u00f3n y barismo. Tuvieron el apoyo de la empresa The Coffee Quest y la USAID de Estados Unidos.\" \/>\n<meta property=\"og:url\" content=\"https:\/\/luchonoticias.com\/editor\/jovenes-huilenses-impulsan-la-transformacion-de-la-caficultura\/\" \/>\n<meta property=\"article:publisher\" content=\"https:\/\/www.facebook.com\/luchonoticiasneiva\" \/>\n<meta property=\"article:published_time\" content=\"2024-07-23T20:13:43+00:00\" \/>\n<meta property=\"og:image\" content=\"https:\/\/luchonoticias.com\/editor\/wp-content\/uploads\/2024\/07\/cafeteros.jpg\" \/>\n\t<meta property=\"og:image:width\" content=\"700\" \/>\n\t<meta property=\"og:image:height\" content=\"400\" \/>\n\t<meta property=\"og:image:type\" content=\"image\/jpeg\" \/>\n<meta name=\"author\" content=\"Editor General\" \/>\n<meta name=\"twitter:card\" content=\"summary_large_image\" \/>\n<meta name=\"twitter:label1\" content=\"Escrito por\" \/>\n\t<meta name=\"twitter:data1\" content=\"Editor General\" \/>\n\t<meta name=\"twitter:label2\" content=\"Tiempo de lectura\" \/>\n\t<meta name=\"twitter:data2\" content=\"2 minutos\" \/>\n<script type=\"application\/ld+json\" class=\"yoast-schema-graph\">{\"@context\":\"https:\/\/schema.org\",\"@graph\":[{\"@type\":\"Article\",\"@id\":\"https:\/\/luchonoticias.com\/editor\/jovenes-huilenses-impulsan-la-transformacion-de-la-caficultura\/#article\",\"isPartOf\":{\"@id\":\"https:\/\/luchonoticias.com\/editor\/jovenes-huilenses-impulsan-la-transformacion-de-la-caficultura\/\"},\"author\":{\"name\":\"Editor General\",\"@id\":\"https:\/\/luchonoticias.com\/editor\/#\/schema\/person\/29217990ddf6f14e35912b2866d591fb\"},\"headline\":\"J\u00f3venes huilenses impulsan la transformaci\u00f3n de la caficultura\",\"datePublished\":\"2024-07-23T20:13:43+00:00\",\"mainEntityOfPage\":{\"@id\":\"https:\/\/luchonoticias.com\/editor\/jovenes-huilenses-impulsan-la-transformacion-de-la-caficultura\/\"},\"wordCount\":370,\"publisher\":{\"@id\":\"https:\/\/luchonoticias.com\/editor\/#\/schema\/person\/7a7fd911f58561fd056dbac7b55af9cd\"},\"image\":{\"@id\":\"https:\/\/luchonoticias.com\/editor\/jovenes-huilenses-impulsan-la-transformacion-de-la-caficultura\/#primaryimage\"},\"thumbnailUrl\":\"https:\/\/luchonoticias.com\/editor\/wp-content\/uploads\/2024\/07\/cafeteros.jpg\",\"articleSection\":[\"Huila\"],\"inLanguage\":\"es\"},{\"@type\":\"WebPage\",\"@id\":\"https:\/\/luchonoticias.com\/editor\/jovenes-huilenses-impulsan-la-transformacion-de-la-caficultura\/\",\"url\":\"https:\/\/luchonoticias.com\/editor\/jovenes-huilenses-impulsan-la-transformacion-de-la-caficultura\/\",\"name\":\"J\u00f3venes huilenses impulsan la transformaci\u00f3n de la caficultura -\",\"isPartOf\":{\"@id\":\"https:\/\/luchonoticias.com\/editor\/#website\"},\"primaryImageOfPage\":{\"@id\":\"https:\/\/luchonoticias.com\/editor\/jovenes-huilenses-impulsan-la-transformacion-de-la-caficultura\/#primaryimage\"},\"image\":{\"@id\":\"https:\/\/luchonoticias.com\/editor\/jovenes-huilenses-impulsan-la-transformacion-de-la-caficultura\/#primaryimage\"},\"thumbnailUrl\":\"https:\/\/luchonoticias.com\/editor\/wp-content\/uploads\/2024\/07\/cafeteros.jpg\",\"datePublished\":\"2024-07-23T20:13:43+00:00\",\"description\":\"Se trata de 30 j\u00f3venes del Huila y de otros departamentos del p\u00e1is que se capacitaron en caf\u00e9s especiales, cambio clim\u00e1tico, cataci\u00f3n y barismo. Tuvieron el apoyo de la empresa The Coffee Quest y la USAID de Estados Unidos.\",\"breadcrumb\":{\"@id\":\"https:\/\/luchonoticias.com\/editor\/jovenes-huilenses-impulsan-la-transformacion-de-la-caficultura\/#breadcrumb\"},\"inLanguage\":\"es\",\"potentialAction\":[{\"@type\":\"ReadAction\",\"target\":[\"https:\/\/luchonoticias.com\/editor\/jovenes-huilenses-impulsan-la-transformacion-de-la-caficultura\/\"]}]},{\"@type\":\"ImageObject\",\"inLanguage\":\"es\",\"@id\":\"https:\/\/luchonoticias.com\/editor\/jovenes-huilenses-impulsan-la-transformacion-de-la-caficultura\/#primaryimage\",\"url\":\"https:\/\/luchonoticias.com\/editor\/wp-content\/uploads\/2024\/07\/cafeteros.jpg\",\"contentUrl\":\"https:\/\/luchonoticias.com\/editor\/wp-content\/uploads\/2024\/07\/cafeteros.jpg\",\"width\":700,\"height\":400},{\"@type\":\"BreadcrumbList\",\"@id\":\"https:\/\/luchonoticias.com\/editor\/jovenes-huilenses-impulsan-la-transformacion-de-la-caficultura\/#breadcrumb\",\"itemListElement\":[{\"@type\":\"ListItem\",\"position\":1,\"name\":\"Portada\",\"item\":\"https:\/\/luchonoticias.com\/editor\/\"},{\"@type\":\"ListItem\",\"position\":2,\"name\":\"J\u00f3venes huilenses impulsan la transformaci\u00f3n de la caficultura\"}]},{\"@type\":\"WebSite\",\"@id\":\"https:\/\/luchonoticias.com\/editor\/#website\",\"url\":\"https:\/\/luchonoticias.com\/editor\/\",\"name\":\"\",\"description\":\"\",\"publisher\":{\"@id\":\"https:\/\/luchonoticias.com\/editor\/#\/schema\/person\/7a7fd911f58561fd056dbac7b55af9cd\"},\"potentialAction\":[{\"@type\":\"SearchAction\",\"target\":{\"@type\":\"EntryPoint\",\"urlTemplate\":\"https:\/\/luchonoticias.com\/editor\/?s={search_term_string}\"},\"query-input\":{\"@type\":\"PropertyValueSpecification\",\"valueRequired\":true,\"valueName\":\"search_term_string\"}}],\"inLanguage\":\"es\"},{\"@type\":[\"Person\",\"Organization\"],\"@id\":\"https:\/\/luchonoticias.com\/editor\/#\/schema\/person\/7a7fd911f58561fd056dbac7b55af9cd\",\"name\":\"admin\",\"image\":{\"@type\":\"ImageObject\",\"inLanguage\":\"es\",\"@id\":\"https:\/\/luchonoticias.com\/editor\/#\/schema\/person\/image\/\",\"url\":\"https:\/\/luchonoticias.com\/editor\/wp-content\/uploads\/2024\/02\/cropped-cropped-logolu.webp\",\"contentUrl\":\"https:\/\/luchonoticias.com\/editor\/wp-content\/uploads\/2024\/02\/cropped-cropped-logolu.webp\",\"width\":382,\"height\":170,\"caption\":\"admin\"},\"logo\":{\"@id\":\"https:\/\/luchonoticias.com\/editor\/#\/schema\/person\/image\/\"},\"sameAs\":[\"https:\/\/www.facebook.com\/luchonoticiasneiva\"]},{\"@type\":\"Person\",\"@id\":\"https:\/\/luchonoticias.com\/editor\/#\/schema\/person\/29217990ddf6f14e35912b2866d591fb\",\"name\":\"Editor General\",\"image\":{\"@type\":\"ImageObject\",\"inLanguage\":\"es\",\"@id\":\"https:\/\/luchonoticias.com\/editor\/#\/schema\/person\/image\/\",\"url\":\"https:\/\/luchonoticias.com\/editor\/wp-content\/uploads\/2024\/02\/cropped-cropped-logolu-150x150.webp\",\"contentUrl\":\"https:\/\/luchonoticias.com\/editor\/wp-content\/uploads\/2024\/02\/cropped-cropped-logolu-150x150.webp\",\"caption\":\"Editor General\"},\"sameAs\":[\"https:\/\/luchonoticias.com\/\"],\"url\":\"https:\/\/luchonoticias.com\/editor\/author\/editor-general\/\"}]}<\/script>\n<!-- \/ Yoast SEO plugin. -->","yoast_head_json":{"title":"J\u00f3venes huilenses impulsan la transformaci\u00f3n de la caficultura -","description":"Se trata de 30 j\u00f3venes del Huila y de otros departamentos del p\u00e1is que se capacitaron en caf\u00e9s especiales, cambio clim\u00e1tico, cataci\u00f3n y barismo. Tuvieron el apoyo de la empresa The Coffee Quest y la USAID de Estados Unidos.","robots":{"index":"index","follow":"follow","max-snippet":"max-snippet:-1","max-image-preview":"max-image-preview:large","max-video-preview":"max-video-preview:-1"},"canonical":"https:\/\/luchonoticias.com\/editor\/jovenes-huilenses-impulsan-la-transformacion-de-la-caficultura\/","og_locale":"es_ES","og_type":"article","og_title":"J\u00f3venes huilenses impulsan la transformaci\u00f3n de la caficultura -","og_description":"Se trata de 30 j\u00f3venes del Huila y de otros departamentos del p\u00e1is que se capacitaron en caf\u00e9s especiales, cambio clim\u00e1tico, cataci\u00f3n y barismo. Tuvieron el apoyo de la empresa The Coffee Quest y la USAID de Estados Unidos.","og_url":"https:\/\/luchonoticias.com\/editor\/jovenes-huilenses-impulsan-la-transformacion-de-la-caficultura\/","article_publisher":"https:\/\/www.facebook.com\/luchonoticiasneiva","article_published_time":"2024-07-23T20:13:43+00:00","og_image":[{"width":700,"height":400,"url":"https:\/\/luchonoticias.com\/editor\/wp-content\/uploads\/2024\/07\/cafeteros.jpg","type":"image\/jpeg"}],"author":"Editor General","twitter_card":"summary_large_image","twitter_misc":{"Escrito por":"Editor General","Tiempo de lectura":"2 minutos"},"schema":{"@context":"https:\/\/schema.org","@graph":[{"@type":"Article","@id":"https:\/\/luchonoticias.com\/editor\/jovenes-huilenses-impulsan-la-transformacion-de-la-caficultura\/#article","isPartOf":{"@id":"https:\/\/luchonoticias.com\/editor\/jovenes-huilenses-impulsan-la-transformacion-de-la-caficultura\/"},"author":{"name":"Editor General","@id":"https:\/\/luchonoticias.com\/editor\/#\/schema\/person\/29217990ddf6f14e35912b2866d591fb"},"headline":"J\u00f3venes huilenses impulsan la transformaci\u00f3n de la caficultura","datePublished":"2024-07-23T20:13:43+00:00","mainEntityOfPage":{"@id":"https:\/\/luchonoticias.com\/editor\/jovenes-huilenses-impulsan-la-transformacion-de-la-caficultura\/"},"wordCount":370,"publisher":{"@id":"https:\/\/luchonoticias.com\/editor\/#\/schema\/person\/7a7fd911f58561fd056dbac7b55af9cd"},"image":{"@id":"https:\/\/luchonoticias.com\/editor\/jovenes-huilenses-impulsan-la-transformacion-de-la-caficultura\/#primaryimage"},"thumbnailUrl":"https:\/\/luchonoticias.com\/editor\/wp-content\/uploads\/2024\/07\/cafeteros.jpg","articleSection":["Huila"],"inLanguage":"es"},{"@type":"WebPage","@id":"https:\/\/luchonoticias.com\/editor\/jovenes-huilenses-impulsan-la-transformacion-de-la-caficultura\/","url":"https:\/\/luchonoticias.com\/editor\/jovenes-huilenses-impulsan-la-transformacion-de-la-caficultura\/","name":"J\u00f3venes huilenses impulsan la transformaci\u00f3n de la caficultura -","isPartOf":{"@id":"https:\/\/luchonoticias.com\/editor\/#website"},"primaryImageOfPage":{"@id":"https:\/\/luchonoticias.com\/editor\/jovenes-huilenses-impulsan-la-transformacion-de-la-caficultura\/#primaryimage"},"image":{"@id":"https:\/\/luchonoticias.com\/editor\/jovenes-huilenses-impulsan-la-transformacion-de-la-caficultura\/#primaryimage"},"thumbnailUrl":"https:\/\/luchonoticias.com\/editor\/wp-content\/uploads\/2024\/07\/cafeteros.jpg","datePublished":"2024-07-23T20:13:43+00:00","description":"Se trata de 30 j\u00f3venes del Huila y de otros departamentos del p\u00e1is que se capacitaron en caf\u00e9s especiales, cambio clim\u00e1tico, cataci\u00f3n y barismo. Tuvieron el apoyo de la empresa The Coffee Quest y la USAID de Estados Unidos.","breadcrumb":{"@id":"https:\/\/luchonoticias.com\/editor\/jovenes-huilenses-impulsan-la-transformacion-de-la-caficultura\/#breadcrumb"},"inLanguage":"es","potentialAction":[{"@type":"ReadAction","target":["https:\/\/luchonoticias.com\/editor\/jovenes-huilenses-impulsan-la-transformacion-de-la-caficultura\/"]}]},{"@type":"ImageObject","inLanguage":"es","@id":"https:\/\/luchonoticias.com\/editor\/jovenes-huilenses-impulsan-la-transformacion-de-la-caficultura\/#primaryimage","url":"https:\/\/luchonoticias.com\/editor\/wp-content\/uploads\/2024\/07\/cafeteros.jpg","contentUrl":"https:\/\/luchonoticias.com\/editor\/wp-content\/uploads\/2024\/07\/cafeteros.jpg","width":700,"height":400},{"@type":"BreadcrumbList","@id":"https:\/\/luchonoticias.com\/editor\/jovenes-huilenses-impulsan-la-transformacion-de-la-caficultura\/#breadcrumb","itemListElement":[{"@type":"ListItem","position":1,"name":"Portada","item":"https:\/\/luchonoticias.com\/editor\/"},{"@type":"ListItem","position":2,"name":"J\u00f3venes huilenses impulsan la transformaci\u00f3n de la caficultura"}]},{"@type":"WebSite","@id":"https:\/\/luchonoticias.com\/editor\/#website","url":"https:\/\/luchonoticias.com\/editor\/","name":"","description":"","publisher":{"@id":"https:\/\/luchonoticias.com\/editor\/#\/schema\/person\/7a7fd911f58561fd056dbac7b55af9cd"},"potentialAction":[{"@type":"SearchAction","target":{"@type":"EntryPoint","urlTemplate":"https:\/\/luchonoticias.com\/editor\/?s={search_term_string}"},"query-input":{"@type":"PropertyValueSpecification","valueRequired":true,"valueName":"search_term_string"}}],"inLanguage":"es"},{"@type":["Person","Organization"],"@id":"https:\/\/luchonoticias.com\/editor\/#\/schema\/person\/7a7fd911f58561fd056dbac7b55af9cd","name":"admin","image":{"@type":"ImageObject","inLanguage":"es","@id":"https:\/\/luchonoticias.com\/editor\/#\/schema\/person\/image\/","url":"https:\/\/luchonoticias.com\/editor\/wp-content\/uploads\/2024\/02\/cropped-cropped-logolu.webp","contentUrl":"https:\/\/luchonoticias.com\/editor\/wp-content\/uploads\/2024\/02\/cropped-cropped-logolu.webp","width":382,"height":170,"caption":"admin"},"logo":{"@id":"https:\/\/luchonoticias.com\/editor\/#\/schema\/person\/image\/"},"sameAs":["https:\/\/www.facebook.com\/luchonoticiasneiva"]},{"@type":"Person","@id":"https:\/\/luchonoticias.com\/editor\/#\/schema\/person\/29217990ddf6f14e35912b2866d591fb","name":"Editor General","image":{"@type":"ImageObject","inLanguage":"es","@id":"https:\/\/luchonoticias.com\/editor\/#\/schema\/person\/image\/","url":"https:\/\/luchonoticias.com\/editor\/wp-content\/uploads\/2024\/02\/cropped-cropped-logolu-150x150.webp","contentUrl":"https:\/\/luchonoticias.com\/editor\/wp-content\/uploads\/2024\/02\/cropped-cropped-logolu-150x150.webp","caption":"Editor General"},"sameAs":["https:\/\/luchonoticias.com\/"],"url":"https:\/\/luchonoticias.com\/editor\/author\/editor-general\/"}]}},"_links":{"self":[{"href":"https:\/\/luchonoticias.com\/editor\/wp-json\/wp\/v2\/posts\/75234","targetHints":{"allow":["GET"]}}],"collection":[{"href":"https:\/\/luchonoticias.com\/editor\/wp-json\/wp\/v2\/posts"}],"about":[{"href":"https:\/\/luchonoticias.com\/editor\/wp-json\/wp\/v2\/types\/post"}],"author":[{"embeddable":true,"href":"https:\/\/luchonoticias.com\/editor\/wp-json\/wp\/v2\/users\/2"}],"replies":[{"embeddable":true,"href":"https:\/\/luchonoticias.com\/editor\/wp-json\/wp\/v2\/comments?post=75234"}],"version-history":[{"count":1,"href":"https:\/\/luchonoticias.com\/editor\/wp-json\/wp\/v2\/posts\/75234\/revisions"}],"predecessor-version":[{"id":75236,"href":"https:\/\/luchonoticias.com\/editor\/wp-json\/wp\/v2\/posts\/75234\/revisions\/75236"}],"wp:featuredmedia":[{"embeddable":true,"href":"https:\/\/luchonoticias.com\/editor\/wp-json\/wp\/v2\/media\/75235"}],"wp:attachment":[{"href":"https:\/\/luchonoticias.com\/editor\/wp-json\/wp\/v2\/media?parent=75234"}],"wp:term":[{"taxonomy":"category","embeddable":true,"href":"https:\/\/luchonoticias.com\/editor\/wp-json\/wp\/v2\/categories?post=75234"},{"taxonomy":"post_tag","embeddable":true,"href":"https:\/\/luchonoticias.com\/editor\/wp-json\/wp\/v2\/tags?post=75234"}],"curies":[{"name":"wp","href":"https:\/\/api.w.org\/{rel}","templated":true}]}}